{"id":152980,"date":"2026-01-19T10:42:00","date_gmt":"2026-01-19T13:42:00","guid":{"rendered":"https:\/\/portaltela.pt\/noticias\/2026\/01\/19\/incendio-numa-empresa-em-porto-de-mos-mobiliza-50-operacionais\/"},"modified":"2026-01-19T10:42:00","modified_gmt":"2026-01-19T13:42:00","slug":"incendio-numa-empresa-em-porto-de-mos-mobiliza-50-operacionais","status":"publish","type":"post","link":"https:\/\/portaltela.pt\/noticias\/2026\/01\/19\/incendio-numa-empresa-em-porto-de-mos-mobiliza-50-operacionais\/","title":{"rendered":"Inc\u00eandio numa empresa em Porto de M\u00f3s mobiliza 50 operacionais"},"content":{"rendered":"<p>Um inc\u00eandio deflagrou esta segunda-feira numa empresa em Porto de M\u00f3s, no distrito de Leiria. O alerta foi registado \u00e0s 10h48 e, \u00e0s 12h00, o fogo continuava a ser combatido por cerca de 50 operacionais, apoiados por 14 viaturas. Cr\u00e9d.<\/p>\n<p>O socorro est\u00e1 a cargo dos Bombeiros Volunt\u00e1rios de Barcelinhos e da Viatura de Emerg\u00eancia e Reanima\u00e7\u00e3o de Barcelos. A interven\u00e7\u00e3o envolve meios terrestres para controlar o inc\u00eandio e evitar a propaga\u00e7\u00e3o.<\/p>\n<p>Segundo a Guarda Nacional Republicana, o fogo danificou pelo menos duas viaturas da empresa. O local encontra-se sob acompanhamento das autoridades para determinar as causas e a extens\u00e3o dos danos. Cr\u00e9d: PAULO CUNHA\/LUSA<\/p>\n","protected":false},"excerpt":{"rendered":"<ul>\n<li>Inc\u00eandio deflagrou numa empresa em Porto de M\u00f3s, no distrito de Leiria.<\/li>\n<li>Cerca de 50 operacionais estavam a combater o fogo \u00e0s 12h00, apoiados por 14 viaturas; o alerta foi \u00e0s 10h48, com 47 operacionais no local.<\/li>\n<li>O fogo danificou pelo menos duas viaturas da empresa.<\/li>\n<li>O socorro foi prestado pelos Bombeiros Volunt\u00e1rios de Barcelinhos e pela Viatura M\u00e9dica de Emerg\u00eancia e Reanima\u00e7\u00e3o de Barcelos.<\/li>\n<li>A informa\u00e7\u00e3o foi partilhada pela Prote\u00e7\u00e3o Civil (Autoridade Nacional de Emerg\u00eancia e Prote\u00e7\u00e3o Civil).<\/li>\n<\/ul>\n","protected":false},"author":2,"featured_media":152984,"comment_status":"closed","ping_status":"closed","sticky":false,"template":"","format":"standard","meta":{"footnotes":""},"categories":[1],"tags":[1028,1027,971,1398,1438,1385],"class_list":["post-152980","post","type-post","status-publish","format-standard","has-post-thumbnail","hentry","category-noticias","tag-barcelinhos","tag-barcelos","tag-bombeiros","tag-guarda-nacional-republicana","tag-incendio","tag-leiria"],"yoast_head":"<!-- This site is optimized with the Yoast SEO plugin v27.2 - https:\/\/yoast.com\/product\/yoast-seo-wordpress\/ -->\n<title>Inc\u00eandio numa empresa em Porto de M\u00f3s mobiliza 50 operacionais - Portal Tela Portugal<\/title>\n<meta name=\"robots\" content=\"index, follow, max-snippet:-1, max-image-preview:large, max-video-preview:-1\" \/>\n<meta property=\"og:locale\" content=\"pt_PT\" \/>\n<meta property=\"og:type\" content=\"article\" \/>\n<meta property=\"og:title\" content=\"Inc\u00eandio numa empresa em Porto de M\u00f3s mobiliza 50 operacionais - Portal Tela Portugal\" \/>\n<meta property=\"og:description\" content=\"Inc\u00eandio deflagrou numa empresa em Porto de M\u00f3s, no distrito de Leiria. Cerca de 50 operacionais estavam a combater o fogo \u00e0s 12h00, apoiados por 14 viaturas; o alerta foi \u00e0s 10h48, com 47 operacionais no local. O fogo danificou pelo menos duas viaturas da empresa. O socorro foi prestado pelos Bombeiros Volunt\u00e1rios de Barcelinhos e pela Viatura M\u00e9dica de Emerg\u00eancia e Reanima\u00e7\u00e3o de Barcelos. A informa\u00e7\u00e3o foi partilhada pela Prote\u00e7\u00e3o Civil (Autoridade Nacional de Emerg\u00eancia e Prote\u00e7\u00e3o Civil).\" \/>\n<meta property=\"og:url\" content=\"https:\/\/portaltela.pt\/noticias\/2026\/01\/19\/incendio-numa-empresa-em-porto-de-mos-mobiliza-50-operacionais\/\" \/>\n<meta property=\"og:site_name\" content=\"Portal Tela Portugal\" \/>\n<meta property=\"article:published_time\" content=\"2026-01-19T13:42:00+00:00\" \/>\n<meta name=\"author\" content=\"Telinha\" \/>\n<meta name=\"twitter:card\" content=\"summary_large_image\" \/>\n<meta name=\"twitter:label1\" content=\"Escrito por\" \/>\n\t<meta name=\"twitter:data1\" content=\"Telinha\" \/>\n\t<meta name=\"twitter:label2\" content=\"Tempo estimado de leitura\" \/>\n\t<meta name=\"twitter:data2\" content=\"1 minuto\" \/>\n<script type=\"application\/ld+json\" class=\"yoast-schema-graph\">{\"@context\":\"https:\/\/schema.org\",\"@graph\":[{\"@type\":\"Article\",\"@id\":\"https:\/\/portaltela.pt\/noticias\/2026\/01\/19\/incendio-numa-empresa-em-porto-de-mos-mobiliza-50-operacionais\/#article\",\"isPartOf\":{\"@id\":\"https:\/\/portaltela.pt\/noticias\/2026\/01\/19\/incendio-numa-empresa-em-porto-de-mos-mobiliza-50-operacionais\/\"},\"author\":{\"name\":\"Telinha\",\"@id\":\"https:\/\/portaltela.pt\/#\/schema\/person\/c4278d4a6028830caff9ee44b42d32ed\"},\"headline\":\"Inc\u00eandio numa empresa em Porto de M\u00f3s mobiliza 50 operacionais\",\"datePublished\":\"2026-01-19T13:42:00+00:00\",\"mainEntityOfPage\":{\"@id\":\"https:\/\/portaltela.pt\/noticias\/2026\/01\/19\/incendio-numa-empresa-em-porto-de-mos-mobiliza-50-operacionais\/\"},\"wordCount\":126,\"image\":{\"@id\":\"https:\/\/portaltela.pt\/noticias\/2026\/01\/19\/incendio-numa-empresa-em-porto-de-mos-mobiliza-50-operacionais\/#primaryimage\"},\"thumbnailUrl\":\"https:\/\/portaltela.pt\/s.01k8rhncp4jt1\/2026\/01\/41779425-1.jpg\",\"keywords\":[\"Barcelinhos\",\"Barcelos\",\"bombeiros\",\"Guarda Nacional Republicana\",\"inc\u00eandio\",\"Leiria\"],\"articleSection\":[\"Not\u00edcias\"],\"inLanguage\":\"pt-PT\"},{\"@type\":\"WebPage\",\"@id\":\"https:\/\/portaltela.pt\/noticias\/2026\/01\/19\/incendio-numa-empresa-em-porto-de-mos-mobiliza-50-operacionais\/\",\"url\":\"https:\/\/portaltela.pt\/noticias\/2026\/01\/19\/incendio-numa-empresa-em-porto-de-mos-mobiliza-50-operacionais\/\",\"name\":\"Inc\u00eandio numa empresa em Porto de M\u00f3s mobiliza 50 operacionais - Portal Tela Portugal\",\"isPartOf\":{\"@id\":\"https:\/\/portaltela.pt\/#website\"},\"primaryImageOfPage\":{\"@id\":\"https:\/\/portaltela.pt\/noticias\/2026\/01\/19\/incendio-numa-empresa-em-porto-de-mos-mobiliza-50-operacionais\/#primaryimage\"},\"image\":{\"@id\":\"https:\/\/portaltela.pt\/noticias\/2026\/01\/19\/incendio-numa-empresa-em-porto-de-mos-mobiliza-50-operacionais\/#primaryimage\"},\"thumbnailUrl\":\"https:\/\/portaltela.pt\/s.01k8rhncp4jt1\/2026\/01\/41779425-1.jpg\",\"datePublished\":\"2026-01-19T13:42:00+00:00\",\"author\":{\"@id\":\"https:\/\/portaltela.pt\/#\/schema\/person\/c4278d4a6028830caff9ee44b42d32ed\"},\"breadcrumb\":{\"@id\":\"https:\/\/portaltela.pt\/noticias\/2026\/01\/19\/incendio-numa-empresa-em-porto-de-mos-mobiliza-50-operacionais\/#breadcrumb\"},\"inLanguage\":\"pt-PT\",\"potentialAction\":[{\"@type\":\"ReadAction\",\"target\":[\"https:\/\/portaltela.pt\/noticias\/2026\/01\/19\/incendio-numa-empresa-em-porto-de-mos-mobiliza-50-operacionais\/\"]}]},{\"@type\":\"ImageObject\",\"inLanguage\":\"pt-PT\",\"@id\":\"https:\/\/portaltela.pt\/noticias\/2026\/01\/19\/incendio-numa-empresa-em-porto-de-mos-mobiliza-50-operacionais\/#primaryimage\",\"url\":\"https:\/\/portaltela.pt\/s.01k8rhncp4jt1\/2026\/01\/41779425-1.jpg\",\"contentUrl\":\"https:\/\/portaltela.pt\/s.01k8rhncp4jt1\/2026\/01\/41779425-1.jpg\",\"width\":796,\"height\":448,\"caption\":\"O socorro foi prestado pelos Bombeiros Volunt\u00e1rios de Barcelinhos e pela viatura m\u00e9dica de emerg\u00eancia e reanima\u00e7\u00e3o de Barcelos\"},{\"@type\":\"BreadcrumbList\",\"@id\":\"https:\/\/portaltela.pt\/noticias\/2026\/01\/19\/incendio-numa-empresa-em-porto-de-mos-mobiliza-50-operacionais\/#breadcrumb\",\"itemListElement\":[{\"@type\":\"ListItem\",\"position\":1,\"name\":\"In\u00edcio\",\"item\":\"https:\/\/portaltela.pt\/\"},{\"@type\":\"ListItem\",\"position\":2,\"name\":\"Inc\u00eandio numa empresa em Porto de M\u00f3s mobiliza 50 operacionais\"}]},{\"@type\":\"WebSite\",\"@id\":\"https:\/\/portaltela.pt\/#website\",\"url\":\"https:\/\/portaltela.pt\/\",\"name\":\"Portal Tela Portugal\",\"description\":\"\",\"potentialAction\":[{\"@type\":\"SearchAction\",\"target\":{\"@type\":\"EntryPoint\",\"urlTemplate\":\"https:\/\/portaltela.pt\/?s={search_term_string}\"},\"query-input\":{\"@type\":\"PropertyValueSpecification\",\"valueRequired\":true,\"valueName\":\"search_term_string\"}}],\"inLanguage\":\"pt-PT\"},{\"@type\":\"Person\",\"@id\":\"https:\/\/portaltela.pt\/#\/schema\/person\/c4278d4a6028830caff9ee44b42d32ed\",\"name\":\"Telinha\",\"image\":{\"@type\":\"ImageObject\",\"inLanguage\":\"pt-PT\",\"@id\":\"https:\/\/portaltela.pt\/s.01k8rhncp4jt1\/2025\/11\/talking-bot-125x125.png\",\"url\":\"https:\/\/portaltela.pt\/s.01k8rhncp4jt1\/2025\/11\/talking-bot-125x125.png\",\"contentUrl\":\"https:\/\/portaltela.pt\/s.01k8rhncp4jt1\/2025\/11\/talking-bot-125x125.png\",\"caption\":\"Telinha\"},\"sameAs\":[\"https:\/\/portaltela.pt\/\"],\"url\":\"https:\/\/portaltela.pt\/por\/367410592786\/\"}]}<\/script>\n<!-- \/ Yoast SEO plugin. -->","yoast_head_json":{"title":"Inc\u00eandio numa empresa em Porto de M\u00f3s mobiliza 50 operacionais - Portal Tela Portugal","robots":{"index":"index","follow":"follow","max-snippet":"max-snippet:-1","max-image-preview":"max-image-preview:large","max-video-preview":"max-video-preview:-1"},"og_locale":"pt_PT","og_type":"article","og_title":"Inc\u00eandio numa empresa em Porto de M\u00f3s mobiliza 50 operacionais - Portal Tela Portugal","og_description":"Inc\u00eandio deflagrou numa empresa em Porto de M\u00f3s, no distrito de Leiria. Cerca de 50 operacionais estavam a combater o fogo \u00e0s 12h00, apoiados por 14 viaturas; o alerta foi \u00e0s 10h48, com 47 operacionais no local. O fogo danificou pelo menos duas viaturas da empresa. O socorro foi prestado pelos Bombeiros Volunt\u00e1rios de Barcelinhos e pela Viatura M\u00e9dica de Emerg\u00eancia e Reanima\u00e7\u00e3o de Barcelos. A informa\u00e7\u00e3o foi partilhada pela Prote\u00e7\u00e3o Civil (Autoridade Nacional de Emerg\u00eancia e Prote\u00e7\u00e3o Civil).","og_url":"https:\/\/portaltela.pt\/noticias\/2026\/01\/19\/incendio-numa-empresa-em-porto-de-mos-mobiliza-50-operacionais\/","og_site_name":"Portal Tela Portugal","article_published_time":"2026-01-19T13:42:00+00:00","author":"Telinha","twitter_card":"summary_large_image","twitter_misc":{"Escrito por":"Telinha","Tempo estimado de leitura":"1 minuto"},"schema":{"@context":"https:\/\/schema.org","@graph":[{"@type":"Article","@id":"https:\/\/portaltela.pt\/noticias\/2026\/01\/19\/incendio-numa-empresa-em-porto-de-mos-mobiliza-50-operacionais\/#article","isPartOf":{"@id":"https:\/\/portaltela.pt\/noticias\/2026\/01\/19\/incendio-numa-empresa-em-porto-de-mos-mobiliza-50-operacionais\/"},"author":{"name":"Telinha","@id":"https:\/\/portaltela.pt\/#\/schema\/person\/c4278d4a6028830caff9ee44b42d32ed"},"headline":"Inc\u00eandio numa empresa em Porto de M\u00f3s mobiliza 50 operacionais","datePublished":"2026-01-19T13:42:00+00:00","mainEntityOfPage":{"@id":"https:\/\/portaltela.pt\/noticias\/2026\/01\/19\/incendio-numa-empresa-em-porto-de-mos-mobiliza-50-operacionais\/"},"wordCount":126,"image":{"@id":"https:\/\/portaltela.pt\/noticias\/2026\/01\/19\/incendio-numa-empresa-em-porto-de-mos-mobiliza-50-operacionais\/#primaryimage"},"thumbnailUrl":"https:\/\/portaltela.pt\/s.01k8rhncp4jt1\/2026\/01\/41779425-1.jpg","keywords":["Barcelinhos","Barcelos","bombeiros","Guarda Nacional Republicana","inc\u00eandio","Leiria"],"articleSection":["Not\u00edcias"],"inLanguage":"pt-PT"},{"@type":"WebPage","@id":"https:\/\/portaltela.pt\/noticias\/2026\/01\/19\/incendio-numa-empresa-em-porto-de-mos-mobiliza-50-operacionais\/","url":"https:\/\/portaltela.pt\/noticias\/2026\/01\/19\/incendio-numa-empresa-em-porto-de-mos-mobiliza-50-operacionais\/","name":"Inc\u00eandio numa empresa em Porto de M\u00f3s mobiliza 50 operacionais - Portal Tela Portugal","isPartOf":{"@id":"https:\/\/portaltela.pt\/#website"},"primaryImageOfPage":{"@id":"https:\/\/portaltela.pt\/noticias\/2026\/01\/19\/incendio-numa-empresa-em-porto-de-mos-mobiliza-50-operacionais\/#primaryimage"},"image":{"@id":"https:\/\/portaltela.pt\/noticias\/2026\/01\/19\/incendio-numa-empresa-em-porto-de-mos-mobiliza-50-operacionais\/#primaryimage"},"thumbnailUrl":"https:\/\/portaltela.pt\/s.01k8rhncp4jt1\/2026\/01\/41779425-1.jpg","datePublished":"2026-01-19T13:42:00+00:00","author":{"@id":"https:\/\/portaltela.pt\/#\/schema\/person\/c4278d4a6028830caff9ee44b42d32ed"},"breadcrumb":{"@id":"https:\/\/portaltela.pt\/noticias\/2026\/01\/19\/incendio-numa-empresa-em-porto-de-mos-mobiliza-50-operacionais\/#breadcrumb"},"inLanguage":"pt-PT","potentialAction":[{"@type":"ReadAction","target":["https:\/\/portaltela.pt\/noticias\/2026\/01\/19\/incendio-numa-empresa-em-porto-de-mos-mobiliza-50-operacionais\/"]}]},{"@type":"ImageObject","inLanguage":"pt-PT","@id":"https:\/\/portaltela.pt\/noticias\/2026\/01\/19\/incendio-numa-empresa-em-porto-de-mos-mobiliza-50-operacionais\/#primaryimage","url":"https:\/\/portaltela.pt\/s.01k8rhncp4jt1\/2026\/01\/41779425-1.jpg","contentUrl":"https:\/\/portaltela.pt\/s.01k8rhncp4jt1\/2026\/01\/41779425-1.jpg","width":796,"height":448,"caption":"O socorro foi prestado pelos Bombeiros Volunt\u00e1rios de Barcelinhos e pela viatura m\u00e9dica de emerg\u00eancia e reanima\u00e7\u00e3o de Barcelos"},{"@type":"BreadcrumbList","@id":"https:\/\/portaltela.pt\/noticias\/2026\/01\/19\/incendio-numa-empresa-em-porto-de-mos-mobiliza-50-operacionais\/#breadcrumb","itemListElement":[{"@type":"ListItem","position":1,"name":"In\u00edcio","item":"https:\/\/portaltela.pt\/"},{"@type":"ListItem","position":2,"name":"Inc\u00eandio numa empresa em Porto de M\u00f3s mobiliza 50 operacionais"}]},{"@type":"WebSite","@id":"https:\/\/portaltela.pt\/#website","url":"https:\/\/portaltela.pt\/","name":"Portal Tela Portugal","description":"","potentialAction":[{"@type":"SearchAction","target":{"@type":"EntryPoint","urlTemplate":"https:\/\/portaltela.pt\/?s={search_term_string}"},"query-input":{"@type":"PropertyValueSpecification","valueRequired":true,"valueName":"search_term_string"}}],"inLanguage":"pt-PT"},{"@type":"Person","@id":"https:\/\/portaltela.pt\/#\/schema\/person\/c4278d4a6028830caff9ee44b42d32ed","name":"Telinha","image":{"@type":"ImageObject","inLanguage":"pt-PT","@id":"https:\/\/portaltela.pt\/s.01k8rhncp4jt1\/2025\/11\/talking-bot-125x125.png","url":"https:\/\/portaltela.pt\/s.01k8rhncp4jt1\/2025\/11\/talking-bot-125x125.png","contentUrl":"https:\/\/portaltela.pt\/s.01k8rhncp4jt1\/2025\/11\/talking-bot-125x125.png","caption":"Telinha"},"sameAs":["https:\/\/portaltela.pt\/"],"url":"https:\/\/portaltela.pt\/por\/367410592786\/"}]}},"_links":{"self":[{"href":"https:\/\/portaltela.pt\/api\/wp\/v2\/posts\/152980","targetHints":{"allow":["GET"]}}],"collection":[{"href":"https:\/\/portaltela.pt\/api\/wp\/v2\/posts"}],"about":[{"href":"https:\/\/portaltela.pt\/api\/wp\/v2\/types\/post"}],"author":[{"embeddable":true,"href":"https:\/\/portaltela.pt\/api\/wp\/v2\/users\/2"}],"replies":[{"embeddable":true,"href":"https:\/\/portaltela.pt\/api\/wp\/v2\/comments?post=152980"}],"version-history":[{"count":0,"href":"https:\/\/portaltela.pt\/api\/wp\/v2\/posts\/152980\/revisions"}],"wp:featuredmedia":[{"embeddable":true,"href":"https:\/\/portaltela.pt\/api\/wp\/v2\/media\/152984"}],"wp:attachment":[{"href":"https:\/\/portaltela.pt\/api\/wp\/v2\/media?parent=152980"}],"wp:term":[{"taxonomy":"category","embeddable":true,"href":"https:\/\/portaltela.pt\/api\/wp\/v2\/categories?post=152980"},{"taxonomy":"post_tag","embeddable":true,"href":"https:\/\/portaltela.pt\/api\/wp\/v2\/tags?post=152980"}],"curies":[{"name":"wp","href":"https:\/\/api.w.org\/{rel}","templated":true}]}}