{"id":152946,"date":"2026-01-19T10:36:21","date_gmt":"2026-01-19T13:36:21","guid":{"rendered":"https:\/\/portaltela.pt\/noticias\/2026\/01\/19\/policia-judiciaria-detem-mulher-por-homicidio-em-aljustrel\/"},"modified":"2026-01-19T10:36:21","modified_gmt":"2026-01-19T13:36:21","slug":"policia-judiciaria-detem-mulher-por-homicidio-em-aljustrel","status":"publish","type":"post","link":"https:\/\/portaltela.pt\/noticias\/2026\/01\/19\/policia-judiciaria-detem-mulher-por-homicidio-em-aljustrel\/","title":{"rendered":"Pol\u00edcia Judici\u00e1ria det\u00e9m mulher por homic\u00eddio em Aljustrel"},"content":{"rendered":"<p>A Pol\u00edcia Judici\u00e1ria (PJ), atrav\u00e9s da Diretoria do Sul, deteve uma mulher de 39 anos por fortes ind\u00edcios de homic\u00eddio e profana\u00e7\u00e3o de cad\u00e1ver no concelho de Aljustrel, no dia 16 de janeiro. A investiga\u00e7\u00e3o aponta viol\u00eancia gratuita sobre a v\u00edtima, um homem de 88 anos.<\/p>\n<p>A agress\u00e3o ter\u00e1 ocorrido em conluio com o companheiro da detida, com a finalidade de obter os haveres do idoso. O corpo foi transportado para um local ermo perto de Ervidel e ocultado dentro de um po\u00e7o.<\/p>\n<p>Foram reunidos elementos de prova que sustentam a deten\u00e7\u00e3o fora de flagrante delito da mulher. A opera\u00e7\u00e3o decorreu ap\u00f3s dilig\u00eancias de investiga\u00e7\u00e3o realizadas pela PJ e da colabora\u00e7\u00e3o da Guarda Nacional Republicana, com o homem j\u00e1 detido em roubo.<\/p>\n<h3>Investiga\u00e7\u00e3o e deten\u00e7\u00e3o<\/h3>\n<p>A detida ser\u00e1 presente hoje \u00e0s autoridades judici\u00e1rias para interrogat\u00f3rio e aplica\u00e7\u00e3o de medidas de coa\u00e7\u00e3o. O inqu\u00e9rito est\u00e1 dirigido pela Procuradoria do Ju\u00edzo de Compet\u00eancia Gen\u00e9rica de Ourique.<\/p>\n","protected":false},"excerpt":{"rendered":"<ul>\n<li>A Pol\u00edcia Judici\u00e1ria deteve uma mulher de 39 anos por fortes ind\u00edcios de homic\u00eddio e profana\u00e7\u00e3o de cad\u00e1ver em Aljustrel, ocorrido no dia 16 de janeiro.<\/li>\n<li>A investiga\u00e7\u00e3o aponta que a agress\u00e3o foi praticada pela mulher, em conluio com o companheiro, contra um homem de 88 anos, com o objetivo de ficar com os haveres da v\u00edtima.<\/li>\n<li>Ap\u00f3s a morte provocada com um objeto contundente, o cad\u00e1ver foi transportado para um local ermo pr\u00f3ximo de Ervidel e ocultado num po\u00e7o.<\/li>\n<li>Foram emitidos mandados de deten\u00e7\u00e3o fora de flagrante delito, com base na prova recolhida que sustenta a autoria da mulher.<\/li>\n<li>O homem do casal j\u00e1 estava detido pela PJ desde a madrugada de 17 de janeiro por roubo; o interrogat\u00f3rio da detida est\u00e1 previsto junto das autoridades judici\u00e1rias, no \u00e2mbito de um inqu\u00e9rito dirigido pela Procuradoria de Ourique.<\/li>\n<\/ul>\n","protected":false},"author":2,"featured_media":152966,"comment_status":"closed","ping_status":"closed","sticky":false,"template":"","format":"standard","meta":{"footnotes":""},"categories":[1],"tags":[1325,3457,1345,215,1802,1096],"class_list":["post-152946","post","type-post","status-publish","format-standard","has-post-thumbnail","hentry","category-noticias","tag-aljustrel","tag-ervidel","tag-homicidio","tag-investigacao","tag-policia-judiciaria","tag-profanacao-de-cadaver"],"yoast_head":"<!-- This site is optimized with the Yoast SEO plugin v27.2 - https:\/\/yoast.com\/product\/yoast-seo-wordpress\/ -->\n<title>Pol\u00edcia Judici\u00e1ria det\u00e9m mulher por homic\u00eddio em Aljustrel - Portal Tela Portugal<\/title>\n<meta name=\"robots\" content=\"index, follow, max-snippet:-1, max-image-preview:large, max-video-preview:-1\" \/>\n<meta property=\"og:locale\" content=\"pt_PT\" \/>\n<meta property=\"og:type\" content=\"article\" \/>\n<meta property=\"og:title\" content=\"Pol\u00edcia Judici\u00e1ria det\u00e9m mulher por homic\u00eddio em Aljustrel - Portal Tela Portugal\" \/>\n<meta property=\"og:description\" content=\"A Pol\u00edcia Judici\u00e1ria deteve uma mulher de 39 anos por fortes ind\u00edcios de homic\u00eddio e profana\u00e7\u00e3o de cad\u00e1ver em Aljustrel, ocorrido no dia 16 de janeiro. A investiga\u00e7\u00e3o aponta que a agress\u00e3o foi praticada pela mulher, em conluio com o companheiro, contra um homem de 88 anos, com o objetivo de ficar com os haveres da v\u00edtima. Ap\u00f3s a morte provocada com um objeto contundente, o cad\u00e1ver foi transportado para um local ermo pr\u00f3ximo de Ervidel e ocultado num po\u00e7o. Foram emitidos mandados de deten\u00e7\u00e3o fora de flagrante delito, com base na prova recolhida que sustenta a autoria da mulher. O homem do casal j\u00e1 estava detido pela PJ desde a madrugada de 17 de janeiro por roubo; o interrogat\u00f3rio da detida est\u00e1 previsto junto das autoridades judici\u00e1rias, no \u00e2mbito de um inqu\u00e9rito dirigido pela Procuradoria de Ourique.\" \/>\n<meta property=\"og:url\" content=\"https:\/\/portaltela.pt\/noticias\/2026\/01\/19\/policia-judiciaria-detem-mulher-por-homicidio-em-aljustrel\/\" \/>\n<meta property=\"og:site_name\" content=\"Portal Tela Portugal\" \/>\n<meta property=\"article:published_time\" content=\"2026-01-19T13:36:21+00:00\" \/>\n<meta name=\"author\" content=\"Telinha\" \/>\n<meta name=\"twitter:card\" content=\"summary_large_image\" \/>\n<meta name=\"twitter:label1\" content=\"Escrito por\" \/>\n\t<meta name=\"twitter:data1\" content=\"Telinha\" \/>\n\t<meta name=\"twitter:label2\" content=\"Tempo estimado de leitura\" \/>\n\t<meta name=\"twitter:data2\" content=\"1 minuto\" \/>\n<script type=\"application\/ld+json\" class=\"yoast-schema-graph\">{\"@context\":\"https:\/\/schema.org\",\"@graph\":[{\"@type\":\"Article\",\"@id\":\"https:\/\/portaltela.pt\/noticias\/2026\/01\/19\/policia-judiciaria-detem-mulher-por-homicidio-em-aljustrel\/#article\",\"isPartOf\":{\"@id\":\"https:\/\/portaltela.pt\/noticias\/2026\/01\/19\/policia-judiciaria-detem-mulher-por-homicidio-em-aljustrel\/\"},\"author\":{\"name\":\"Telinha\",\"@id\":\"https:\/\/portaltela.pt\/#\/schema\/person\/c4278d4a6028830caff9ee44b42d32ed\"},\"headline\":\"Pol\u00edcia Judici\u00e1ria det\u00e9m mulher por homic\u00eddio em Aljustrel\",\"datePublished\":\"2026-01-19T13:36:21+00:00\",\"mainEntityOfPage\":{\"@id\":\"https:\/\/portaltela.pt\/noticias\/2026\/01\/19\/policia-judiciaria-detem-mulher-por-homicidio-em-aljustrel\/\"},\"wordCount\":191,\"image\":{\"@id\":\"https:\/\/portaltela.pt\/noticias\/2026\/01\/19\/policia-judiciaria-detem-mulher-por-homicidio-em-aljustrel\/#primaryimage\"},\"thumbnailUrl\":\"https:\/\/portaltela.pt\/s.01k8rhncp4jt1\/2026\/01\/arrested-girl-with-handcuffed-hands-back-view-2023-11-27-05-05-21-utc.jpg\",\"keywords\":[\"Aljustrel\",\"Ervidel\",\"homic\u00eddio\",\"investiga\u00e7\u00e3o\",\"Pol\u00edcia Judici\u00e1ria\",\"profana\u00e7\u00e3o de cad\u00e1ver\"],\"articleSection\":[\"Not\u00edcias\"],\"inLanguage\":\"pt-PT\"},{\"@type\":\"WebPage\",\"@id\":\"https:\/\/portaltela.pt\/noticias\/2026\/01\/19\/policia-judiciaria-detem-mulher-por-homicidio-em-aljustrel\/\",\"url\":\"https:\/\/portaltela.pt\/noticias\/2026\/01\/19\/policia-judiciaria-detem-mulher-por-homicidio-em-aljustrel\/\",\"name\":\"Pol\u00edcia Judici\u00e1ria det\u00e9m mulher por homic\u00eddio em Aljustrel - Portal Tela Portugal\",\"isPartOf\":{\"@id\":\"https:\/\/portaltela.pt\/#website\"},\"primaryImageOfPage\":{\"@id\":\"https:\/\/portaltela.pt\/noticias\/2026\/01\/19\/policia-judiciaria-detem-mulher-por-homicidio-em-aljustrel\/#primaryimage\"},\"image\":{\"@id\":\"https:\/\/portaltela.pt\/noticias\/2026\/01\/19\/policia-judiciaria-detem-mulher-por-homicidio-em-aljustrel\/#primaryimage\"},\"thumbnailUrl\":\"https:\/\/portaltela.pt\/s.01k8rhncp4jt1\/2026\/01\/arrested-girl-with-handcuffed-hands-back-view-2023-11-27-05-05-21-utc.jpg\",\"datePublished\":\"2026-01-19T13:36:21+00:00\",\"author\":{\"@id\":\"https:\/\/portaltela.pt\/#\/schema\/person\/c4278d4a6028830caff9ee44b42d32ed\"},\"breadcrumb\":{\"@id\":\"https:\/\/portaltela.pt\/noticias\/2026\/01\/19\/policia-judiciaria-detem-mulher-por-homicidio-em-aljustrel\/#breadcrumb\"},\"inLanguage\":\"pt-PT\",\"potentialAction\":[{\"@type\":\"ReadAction\",\"target\":[\"https:\/\/portaltela.pt\/noticias\/2026\/01\/19\/policia-judiciaria-detem-mulher-por-homicidio-em-aljustrel\/\"]}]},{\"@type\":\"ImageObject\",\"inLanguage\":\"pt-PT\",\"@id\":\"https:\/\/portaltela.pt\/noticias\/2026\/01\/19\/policia-judiciaria-detem-mulher-por-homicidio-em-aljustrel\/#primaryimage\",\"url\":\"https:\/\/portaltela.pt\/s.01k8rhncp4jt1\/2026\/01\/arrested-girl-with-handcuffed-hands-back-view-2023-11-27-05-05-21-utc.jpg\",\"contentUrl\":\"https:\/\/portaltela.pt\/s.01k8rhncp4jt1\/2026\/01\/arrested-girl-with-handcuffed-hands-back-view-2023-11-27-05-05-21-utc.jpg\",\"width\":796,\"height\":448,\"caption\":\"PJ det\u00e9m mulher por homic\u00eddio em Aljustrel\"},{\"@type\":\"BreadcrumbList\",\"@id\":\"https:\/\/portaltela.pt\/noticias\/2026\/01\/19\/policia-judiciaria-detem-mulher-por-homicidio-em-aljustrel\/#breadcrumb\",\"itemListElement\":[{\"@type\":\"ListItem\",\"position\":1,\"name\":\"In\u00edcio\",\"item\":\"https:\/\/portaltela.pt\/\"},{\"@type\":\"ListItem\",\"position\":2,\"name\":\"Pol\u00edcia Judici\u00e1ria det\u00e9m mulher por homic\u00eddio em Aljustrel\"}]},{\"@type\":\"WebSite\",\"@id\":\"https:\/\/portaltela.pt\/#website\",\"url\":\"https:\/\/portaltela.pt\/\",\"name\":\"Portal Tela Portugal\",\"description\":\"\",\"potentialAction\":[{\"@type\":\"SearchAction\",\"target\":{\"@type\":\"EntryPoint\",\"urlTemplate\":\"https:\/\/portaltela.pt\/?s={search_term_string}\"},\"query-input\":{\"@type\":\"PropertyValueSpecification\",\"valueRequired\":true,\"valueName\":\"search_term_string\"}}],\"inLanguage\":\"pt-PT\"},{\"@type\":\"Person\",\"@id\":\"https:\/\/portaltela.pt\/#\/schema\/person\/c4278d4a6028830caff9ee44b42d32ed\",\"name\":\"Telinha\",\"image\":{\"@type\":\"ImageObject\",\"inLanguage\":\"pt-PT\",\"@id\":\"https:\/\/portaltela.pt\/s.01k8rhncp4jt1\/2025\/11\/talking-bot-125x125.png\",\"url\":\"https:\/\/portaltela.pt\/s.01k8rhncp4jt1\/2025\/11\/talking-bot-125x125.png\",\"contentUrl\":\"https:\/\/portaltela.pt\/s.01k8rhncp4jt1\/2025\/11\/talking-bot-125x125.png\",\"caption\":\"Telinha\"},\"sameAs\":[\"https:\/\/portaltela.pt\/\"],\"url\":\"https:\/\/portaltela.pt\/por\/367410592786\/\"}]}<\/script>\n<!-- \/ Yoast SEO plugin. -->","yoast_head_json":{"title":"Pol\u00edcia Judici\u00e1ria det\u00e9m mulher por homic\u00eddio em Aljustrel - Portal Tela Portugal","robots":{"index":"index","follow":"follow","max-snippet":"max-snippet:-1","max-image-preview":"max-image-preview:large","max-video-preview":"max-video-preview:-1"},"og_locale":"pt_PT","og_type":"article","og_title":"Pol\u00edcia Judici\u00e1ria det\u00e9m mulher por homic\u00eddio em Aljustrel - Portal Tela Portugal","og_description":"A Pol\u00edcia Judici\u00e1ria deteve uma mulher de 39 anos por fortes ind\u00edcios de homic\u00eddio e profana\u00e7\u00e3o de cad\u00e1ver em Aljustrel, ocorrido no dia 16 de janeiro. A investiga\u00e7\u00e3o aponta que a agress\u00e3o foi praticada pela mulher, em conluio com o companheiro, contra um homem de 88 anos, com o objetivo de ficar com os haveres da v\u00edtima. Ap\u00f3s a morte provocada com um objeto contundente, o cad\u00e1ver foi transportado para um local ermo pr\u00f3ximo de Ervidel e ocultado num po\u00e7o. Foram emitidos mandados de deten\u00e7\u00e3o fora de flagrante delito, com base na prova recolhida que sustenta a autoria da mulher. O homem do casal j\u00e1 estava detido pela PJ desde a madrugada de 17 de janeiro por roubo; o interrogat\u00f3rio da detida est\u00e1 previsto junto das autoridades judici\u00e1rias, no \u00e2mbito de um inqu\u00e9rito dirigido pela Procuradoria de Ourique.","og_url":"https:\/\/portaltela.pt\/noticias\/2026\/01\/19\/policia-judiciaria-detem-mulher-por-homicidio-em-aljustrel\/","og_site_name":"Portal Tela Portugal","article_published_time":"2026-01-19T13:36:21+00:00","author":"Telinha","twitter_card":"summary_large_image","twitter_misc":{"Escrito por":"Telinha","Tempo estimado de leitura":"1 minuto"},"schema":{"@context":"https:\/\/schema.org","@graph":[{"@type":"Article","@id":"https:\/\/portaltela.pt\/noticias\/2026\/01\/19\/policia-judiciaria-detem-mulher-por-homicidio-em-aljustrel\/#article","isPartOf":{"@id":"https:\/\/portaltela.pt\/noticias\/2026\/01\/19\/policia-judiciaria-detem-mulher-por-homicidio-em-aljustrel\/"},"author":{"name":"Telinha","@id":"https:\/\/portaltela.pt\/#\/schema\/person\/c4278d4a6028830caff9ee44b42d32ed"},"headline":"Pol\u00edcia Judici\u00e1ria det\u00e9m mulher por homic\u00eddio em Aljustrel","datePublished":"2026-01-19T13:36:21+00:00","mainEntityOfPage":{"@id":"https:\/\/portaltela.pt\/noticias\/2026\/01\/19\/policia-judiciaria-detem-mulher-por-homicidio-em-aljustrel\/"},"wordCount":191,"image":{"@id":"https:\/\/portaltela.pt\/noticias\/2026\/01\/19\/policia-judiciaria-detem-mulher-por-homicidio-em-aljustrel\/#primaryimage"},"thumbnailUrl":"https:\/\/portaltela.pt\/s.01k8rhncp4jt1\/2026\/01\/arrested-girl-with-handcuffed-hands-back-view-2023-11-27-05-05-21-utc.jpg","keywords":["Aljustrel","Ervidel","homic\u00eddio","investiga\u00e7\u00e3o","Pol\u00edcia Judici\u00e1ria","profana\u00e7\u00e3o de cad\u00e1ver"],"articleSection":["Not\u00edcias"],"inLanguage":"pt-PT"},{"@type":"WebPage","@id":"https:\/\/portaltela.pt\/noticias\/2026\/01\/19\/policia-judiciaria-detem-mulher-por-homicidio-em-aljustrel\/","url":"https:\/\/portaltela.pt\/noticias\/2026\/01\/19\/policia-judiciaria-detem-mulher-por-homicidio-em-aljustrel\/","name":"Pol\u00edcia Judici\u00e1ria det\u00e9m mulher por homic\u00eddio em Aljustrel - Portal Tela Portugal","isPartOf":{"@id":"https:\/\/portaltela.pt\/#website"},"primaryImageOfPage":{"@id":"https:\/\/portaltela.pt\/noticias\/2026\/01\/19\/policia-judiciaria-detem-mulher-por-homicidio-em-aljustrel\/#primaryimage"},"image":{"@id":"https:\/\/portaltela.pt\/noticias\/2026\/01\/19\/policia-judiciaria-detem-mulher-por-homicidio-em-aljustrel\/#primaryimage"},"thumbnailUrl":"https:\/\/portaltela.pt\/s.01k8rhncp4jt1\/2026\/01\/arrested-girl-with-handcuffed-hands-back-view-2023-11-27-05-05-21-utc.jpg","datePublished":"2026-01-19T13:36:21+00:00","author":{"@id":"https:\/\/portaltela.pt\/#\/schema\/person\/c4278d4a6028830caff9ee44b42d32ed"},"breadcrumb":{"@id":"https:\/\/portaltela.pt\/noticias\/2026\/01\/19\/policia-judiciaria-detem-mulher-por-homicidio-em-aljustrel\/#breadcrumb"},"inLanguage":"pt-PT","potentialAction":[{"@type":"ReadAction","target":["https:\/\/portaltela.pt\/noticias\/2026\/01\/19\/policia-judiciaria-detem-mulher-por-homicidio-em-aljustrel\/"]}]},{"@type":"ImageObject","inLanguage":"pt-PT","@id":"https:\/\/portaltela.pt\/noticias\/2026\/01\/19\/policia-judiciaria-detem-mulher-por-homicidio-em-aljustrel\/#primaryimage","url":"https:\/\/portaltela.pt\/s.01k8rhncp4jt1\/2026\/01\/arrested-girl-with-handcuffed-hands-back-view-2023-11-27-05-05-21-utc.jpg","contentUrl":"https:\/\/portaltela.pt\/s.01k8rhncp4jt1\/2026\/01\/arrested-girl-with-handcuffed-hands-back-view-2023-11-27-05-05-21-utc.jpg","width":796,"height":448,"caption":"PJ det\u00e9m mulher por homic\u00eddio em Aljustrel"},{"@type":"BreadcrumbList","@id":"https:\/\/portaltela.pt\/noticias\/2026\/01\/19\/policia-judiciaria-detem-mulher-por-homicidio-em-aljustrel\/#breadcrumb","itemListElement":[{"@type":"ListItem","position":1,"name":"In\u00edcio","item":"https:\/\/portaltela.pt\/"},{"@type":"ListItem","position":2,"name":"Pol\u00edcia Judici\u00e1ria det\u00e9m mulher por homic\u00eddio em Aljustrel"}]},{"@type":"WebSite","@id":"https:\/\/portaltela.pt\/#website","url":"https:\/\/portaltela.pt\/","name":"Portal Tela Portugal","description":"","potentialAction":[{"@type":"SearchAction","target":{"@type":"EntryPoint","urlTemplate":"https:\/\/portaltela.pt\/?s={search_term_string}"},"query-input":{"@type":"PropertyValueSpecification","valueRequired":true,"valueName":"search_term_string"}}],"inLanguage":"pt-PT"},{"@type":"Person","@id":"https:\/\/portaltela.pt\/#\/schema\/person\/c4278d4a6028830caff9ee44b42d32ed","name":"Telinha","image":{"@type":"ImageObject","inLanguage":"pt-PT","@id":"https:\/\/portaltela.pt\/s.01k8rhncp4jt1\/2025\/11\/talking-bot-125x125.png","url":"https:\/\/portaltela.pt\/s.01k8rhncp4jt1\/2025\/11\/talking-bot-125x125.png","contentUrl":"https:\/\/portaltela.pt\/s.01k8rhncp4jt1\/2025\/11\/talking-bot-125x125.png","caption":"Telinha"},"sameAs":["https:\/\/portaltela.pt\/"],"url":"https:\/\/portaltela.pt\/por\/367410592786\/"}]}},"_links":{"self":[{"href":"https:\/\/portaltela.pt\/api\/wp\/v2\/posts\/152946","targetHints":{"allow":["GET"]}}],"collection":[{"href":"https:\/\/portaltela.pt\/api\/wp\/v2\/posts"}],"about":[{"href":"https:\/\/portaltela.pt\/api\/wp\/v2\/types\/post"}],"author":[{"embeddable":true,"href":"https:\/\/portaltela.pt\/api\/wp\/v2\/users\/2"}],"replies":[{"embeddable":true,"href":"https:\/\/portaltela.pt\/api\/wp\/v2\/comments?post=152946"}],"version-history":[{"count":0,"href":"https:\/\/portaltela.pt\/api\/wp\/v2\/posts\/152946\/revisions"}],"wp:featuredmedia":[{"embeddable":true,"href":"https:\/\/portaltela.pt\/api\/wp\/v2\/media\/152966"}],"wp:attachment":[{"href":"https:\/\/portaltela.pt\/api\/wp\/v2\/media?parent=152946"}],"wp:term":[{"taxonomy":"category","embeddable":true,"href":"https:\/\/portaltela.pt\/api\/wp\/v2\/categories?post=152946"},{"taxonomy":"post_tag","embeddable":true,"href":"https:\/\/portaltela.pt\/api\/wp\/v2\/tags?post=152946"}],"curies":[{"name":"wp","href":"https:\/\/api.w.org\/{rel}","templated":true}]}}