{"id":152942,"date":"2026-01-19T10:28:56","date_gmt":"2026-01-19T13:28:56","guid":{"rendered":"https:\/\/portaltela.pt\/noticias\/2026\/01\/19\/af-guarda-presente-em-competicoes-distritais-e-nacionais\/"},"modified":"2026-01-19T10:28:56","modified_gmt":"2026-01-19T13:28:56","slug":"af-guarda-presente-em-competicoes-distritais-e-nacionais","status":"publish","type":"post","link":"https:\/\/portaltela.pt\/desporto\/futebol\/2026\/01\/19\/af-guarda-presente-em-competicoes-distritais-e-nacionais\/","title":{"rendered":"AF Guarda presente em Competi\u00e7\u00f5es Distritais e Nacionais"},"content":{"rendered":"<p>A Associa\u00e7\u00e3o de Futebol da Guarda acompanhou de perto as provas distritais e nacionais, servindo de suporte aos seus filiados durante os jogos. Este olhar cont\u00ednuo visa acompanhar o desempenho e o calend\u00e1rio das equipas associadas. Em alguns casos, a AF Guarda tamb\u00e9m prestou apoio log\u00edstico aos clubes.<\/p>\n<p>Nos Distritais, a afixa\u00e7\u00e3o de programa\u00e7\u00e3o mostra encontros em v\u00e1rias ligas da regi\u00e3o, envolvendo clubes da Guarda e concelhias vizinhas. As partidas cobrem categorias desde a 1.\u00aa Liga CIMATAVFER at\u00e9 ao futsal s\u00e9nior, passando pela Liga Sub-19 e pela Liga de Futsal S\u00e9nior.<\/p>\n<h3>Competi\u00e7\u00f5es Distritais<\/h3>\n<ul>\n<li>1\u00aa Liga Futebol CIMATAVFER: ADRC Aguiar da Beira x SC Vilar Formoso; ACD Vila Franca Naves x AD Fornos de Algodres; Guarda FC Sad x SC Celoricense; SC M\u00eada x GD Trancoso; GD Vila Nova de C\u00f4a x CCDR Vila Cortez Mondego; CF &#8220;Os Vilanovenses&#8221; x SC Sabugal; AD S. Rom\u00e3o x GC Figueirense.<\/li>\n<li>2\u00aa Liga Futebol Zero Graus Produ\u00e7\u00f5es: AD Manteigas x SCSIR Pa\u00e7os da Serra; Seia Fc x ACDR Freixo Num\u00e3o.<\/li>\n<li>Liga Futebol Sub-19 FDM: CCDR V. Cortez do Mondego &#8220;A&#8221; x AD Fornos de Algodres; Guarda FC x ADRC Aguiar da Beira; CF &#8220;Os Vilanovenses&#8221; x AD S. Rom\u00e3o.<\/li>\n<li>Liga Futsal Senior Masculino Dappin: CRC Lageosa do Mondego &#8211; A x ACD Estrela de Almeida; SC Sabugal x GD Sameiro.<\/li>\n<li>Liga Futsal Senior Feminino Juvan: CRC Lageosa do Mondego &#8211; A x NDS Guarda\/Comunilog.<\/li>\n<li>Liga Futsal Sub-17 Qta Monte Bravo &#8211; Vinhos: GDR Lameirinhas x SC Sabugal.<\/li>\n<li>Liga Futsal Sub-15 Via R\u00e1pida: GDR Lameirinhas x SC M\u00eada; SC Sabugal &#8220;B&#8221; x AD Paranhos da Beira.<\/li>\n<\/ul>\n<h3>Competi\u00e7\u00f5es Nacionais<\/h3>\n<ul>\n<li>Ta\u00e7a de Portugal Feminina de Futsal Placard: SL Benfica x UD &#8220;Os Pinhelenses&#8221;.<\/li>\n<li>Liga Portugal Betclic: Gil Vicente FC x GD Nacional.<\/li>\n<\/ul>\n<p>Fonte\/Foto: AF Guarda<\/p>\n","protected":false},"excerpt":{"rendered":"<ul>\n<li>A AF Guarda marcou presen\u00e7a, acompanhando e apoiando os seus filiados em jogos das Competi\u00e7\u00f5es Distritais e Nacionais.<\/li>\n<li>No Distrital, participaram v\u00e1rias ligas, incluindo a 1\u00aa Liga CIMATAVFER (exemplo: ADRC Aguiar da Beira vs SC Vilar Formoso; Guarda FC Sad vs SC Celoricense).<\/li>\n<li>Houve ainda jogos na 2\u00aa Liga Zero Graus Produ\u00e7\u00f5es, na Liga Sub-19 FDM, na Liga Futsal S\u00e9nior Masculino Dappin, e nas Ligas de Futsal S\u00e9nior Feminino Juvan, Sub-17 Qta Monte Bravo e Sub-15 Via R\u00e1pida.<\/li>\n<li>Em competi\u00e7\u00f5es nacionais, realizaram-se a Ta\u00e7a de Portugal Feminina de Futsal Placard (Benfica vs UD Os Pinhelenses) e a Liga Portugal Betclic (Gil Vicente FC vs GD Nacional).<\/li>\n<li>Fonte\/Foto: AF Guarda.<\/li>\n<\/ul>\n","protected":false},"author":2,"featured_media":152962,"comment_status":"closed","ping_status":"closed","sticky":false,"template":"","format":"standard","meta":{"footnotes":""},"categories":[21,24],"tags":[1954,32,161,1113,457,1266],"class_list":["post-152942","post","type-post","status-publish","format-standard","has-post-thumbnail","hentry","category-desporto","category-futebol","tag-af-guarda","tag-futebol","tag-futsal","tag-guarda","tag-liga-portugal","tag-taca-de-portugal"],"yoast_head":"<!-- This site is optimized with the Yoast SEO plugin v27.2 - https:\/\/yoast.com\/product\/yoast-seo-wordpress\/ -->\n<title>AF Guarda presente em Competi\u00e7\u00f5es Distritais e Nacionais - Portal Tela Portugal<\/title>\n<meta name=\"robots\" content=\"index, follow, max-snippet:-1, max-image-preview:large, max-video-preview:-1\" \/>\n<meta property=\"og:locale\" content=\"pt_PT\" \/>\n<meta property=\"og:type\" content=\"article\" \/>\n<meta property=\"og:title\" content=\"AF Guarda presente em Competi\u00e7\u00f5es Distritais e Nacionais - Portal Tela Portugal\" \/>\n<meta property=\"og:description\" content=\"A AF Guarda marcou presen\u00e7a, acompanhando e apoiando os seus filiados em jogos das Competi\u00e7\u00f5es Distritais e Nacionais. No Distrital, participaram v\u00e1rias ligas, incluindo a 1\u00aa Liga CIMATAVFER (exemplo: ADRC Aguiar da Beira vs SC Vilar Formoso; Guarda FC Sad vs SC Celoricense). Houve ainda jogos na 2\u00aa Liga Zero Graus Produ\u00e7\u00f5es, na Liga Sub-19 FDM, na Liga Futsal S\u00e9nior Masculino Dappin, e nas Ligas de Futsal S\u00e9nior Feminino Juvan, Sub-17 Qta Monte Bravo e Sub-15 Via R\u00e1pida. Em competi\u00e7\u00f5es nacionais, realizaram-se a Ta\u00e7a de Portugal Feminina de Futsal Placard (Benfica vs UD Os Pinhelenses) e a Liga Portugal Betclic (Gil Vicente FC vs GD Nacional). Fonte\/Foto: AF Guarda.\" \/>\n<meta property=\"og:url\" content=\"https:\/\/portaltela.pt\/noticias\/2026\/01\/19\/af-guarda-presente-em-competicoes-distritais-e-nacionais\/\" \/>\n<meta property=\"og:site_name\" content=\"Portal Tela Portugal\" \/>\n<meta property=\"article:published_time\" content=\"2026-01-19T13:28:56+00:00\" \/>\n<meta name=\"author\" content=\"Telinha\" \/>\n<meta name=\"twitter:card\" content=\"summary_large_image\" \/>\n<meta name=\"twitter:label1\" content=\"Escrito por\" \/>\n\t<meta name=\"twitter:data1\" content=\"Telinha\" \/>\n\t<meta name=\"twitter:label2\" content=\"Tempo estimado de leitura\" \/>\n\t<meta name=\"twitter:data2\" content=\"2 minutos\" \/>\n<script type=\"application\/ld+json\" class=\"yoast-schema-graph\">{\"@context\":\"https:\/\/schema.org\",\"@graph\":[{\"@type\":\"Article\",\"@id\":\"https:\/\/portaltela.pt\/noticias\/2026\/01\/19\/af-guarda-presente-em-competicoes-distritais-e-nacionais\/#article\",\"isPartOf\":{\"@id\":\"https:\/\/portaltela.pt\/noticias\/2026\/01\/19\/af-guarda-presente-em-competicoes-distritais-e-nacionais\/\"},\"author\":{\"name\":\"Telinha\",\"@id\":\"https:\/\/portaltela.pt\/#\/schema\/person\/c4278d4a6028830caff9ee44b42d32ed\"},\"headline\":\"AF Guarda presente em Competi\u00e7\u00f5es Distritais e Nacionais\",\"datePublished\":\"2026-01-19T13:28:56+00:00\",\"mainEntityOfPage\":{\"@id\":\"https:\/\/portaltela.pt\/noticias\/2026\/01\/19\/af-guarda-presente-em-competicoes-distritais-e-nacionais\/\"},\"wordCount\":319,\"image\":{\"@id\":\"https:\/\/portaltela.pt\/noticias\/2026\/01\/19\/af-guarda-presente-em-competicoes-distritais-e-nacionais\/#primaryimage\"},\"thumbnailUrl\":\"https:\/\/portaltela.pt\/s.01k8rhncp4jt1\/2026\/01\/unnamed-file-3853.jpg\",\"keywords\":[\"AF Guarda\",\"futebol\",\"futsal\",\"Guarda\",\"Liga Portugal\",\"Ta\u00e7a de Portugal\"],\"articleSection\":[\"Desporto\",\"Futebol\"],\"inLanguage\":\"pt-PT\"},{\"@type\":\"WebPage\",\"@id\":\"https:\/\/portaltela.pt\/noticias\/2026\/01\/19\/af-guarda-presente-em-competicoes-distritais-e-nacionais\/\",\"url\":\"https:\/\/portaltela.pt\/noticias\/2026\/01\/19\/af-guarda-presente-em-competicoes-distritais-e-nacionais\/\",\"name\":\"AF Guarda presente em Competi\u00e7\u00f5es Distritais e Nacionais - Portal Tela Portugal\",\"isPartOf\":{\"@id\":\"https:\/\/portaltela.pt\/#website\"},\"primaryImageOfPage\":{\"@id\":\"https:\/\/portaltela.pt\/noticias\/2026\/01\/19\/af-guarda-presente-em-competicoes-distritais-e-nacionais\/#primaryimage\"},\"image\":{\"@id\":\"https:\/\/portaltela.pt\/noticias\/2026\/01\/19\/af-guarda-presente-em-competicoes-distritais-e-nacionais\/#primaryimage\"},\"thumbnailUrl\":\"https:\/\/portaltela.pt\/s.01k8rhncp4jt1\/2026\/01\/unnamed-file-3853.jpg\",\"datePublished\":\"2026-01-19T13:28:56+00:00\",\"author\":{\"@id\":\"https:\/\/portaltela.pt\/#\/schema\/person\/c4278d4a6028830caff9ee44b42d32ed\"},\"breadcrumb\":{\"@id\":\"https:\/\/portaltela.pt\/noticias\/2026\/01\/19\/af-guarda-presente-em-competicoes-distritais-e-nacionais\/#breadcrumb\"},\"inLanguage\":\"pt-PT\",\"potentialAction\":[{\"@type\":\"ReadAction\",\"target\":[\"https:\/\/portaltela.pt\/noticias\/2026\/01\/19\/af-guarda-presente-em-competicoes-distritais-e-nacionais\/\"]}]},{\"@type\":\"ImageObject\",\"inLanguage\":\"pt-PT\",\"@id\":\"https:\/\/portaltela.pt\/noticias\/2026\/01\/19\/af-guarda-presente-em-competicoes-distritais-e-nacionais\/#primaryimage\",\"url\":\"https:\/\/portaltela.pt\/s.01k8rhncp4jt1\/2026\/01\/unnamed-file-3853.jpg\",\"contentUrl\":\"https:\/\/portaltela.pt\/s.01k8rhncp4jt1\/2026\/01\/unnamed-file-3853.jpg\",\"width\":796,\"height\":448,\"caption\":\"AF Guarda presente nas Competi\u00e7\u00f5es Distritais e Nacionais\"},{\"@type\":\"BreadcrumbList\",\"@id\":\"https:\/\/portaltela.pt\/noticias\/2026\/01\/19\/af-guarda-presente-em-competicoes-distritais-e-nacionais\/#breadcrumb\",\"itemListElement\":[{\"@type\":\"ListItem\",\"position\":1,\"name\":\"In\u00edcio\",\"item\":\"https:\/\/portaltela.pt\/\"},{\"@type\":\"ListItem\",\"position\":2,\"name\":\"AF Guarda presente em Competi\u00e7\u00f5es Distritais e Nacionais\"}]},{\"@type\":\"WebSite\",\"@id\":\"https:\/\/portaltela.pt\/#website\",\"url\":\"https:\/\/portaltela.pt\/\",\"name\":\"Portal Tela Portugal\",\"description\":\"\",\"potentialAction\":[{\"@type\":\"SearchAction\",\"target\":{\"@type\":\"EntryPoint\",\"urlTemplate\":\"https:\/\/portaltela.pt\/?s={search_term_string}\"},\"query-input\":{\"@type\":\"PropertyValueSpecification\",\"valueRequired\":true,\"valueName\":\"search_term_string\"}}],\"inLanguage\":\"pt-PT\"},{\"@type\":\"Person\",\"@id\":\"https:\/\/portaltela.pt\/#\/schema\/person\/c4278d4a6028830caff9ee44b42d32ed\",\"name\":\"Telinha\",\"image\":{\"@type\":\"ImageObject\",\"inLanguage\":\"pt-PT\",\"@id\":\"https:\/\/portaltela.pt\/s.01k8rhncp4jt1\/2025\/11\/talking-bot-125x125.png\",\"url\":\"https:\/\/portaltela.pt\/s.01k8rhncp4jt1\/2025\/11\/talking-bot-125x125.png\",\"contentUrl\":\"https:\/\/portaltela.pt\/s.01k8rhncp4jt1\/2025\/11\/talking-bot-125x125.png\",\"caption\":\"Telinha\"},\"sameAs\":[\"https:\/\/portaltela.pt\/\"],\"url\":\"https:\/\/portaltela.pt\/por\/367410592786\/\"}]}<\/script>\n<!-- \/ Yoast SEO plugin. -->","yoast_head_json":{"title":"AF Guarda presente em Competi\u00e7\u00f5es Distritais e Nacionais - Portal Tela Portugal","robots":{"index":"index","follow":"follow","max-snippet":"max-snippet:-1","max-image-preview":"max-image-preview:large","max-video-preview":"max-video-preview:-1"},"og_locale":"pt_PT","og_type":"article","og_title":"AF Guarda presente em Competi\u00e7\u00f5es Distritais e Nacionais - Portal Tela Portugal","og_description":"A AF Guarda marcou presen\u00e7a, acompanhando e apoiando os seus filiados em jogos das Competi\u00e7\u00f5es Distritais e Nacionais. No Distrital, participaram v\u00e1rias ligas, incluindo a 1\u00aa Liga CIMATAVFER (exemplo: ADRC Aguiar da Beira vs SC Vilar Formoso; Guarda FC Sad vs SC Celoricense). Houve ainda jogos na 2\u00aa Liga Zero Graus Produ\u00e7\u00f5es, na Liga Sub-19 FDM, na Liga Futsal S\u00e9nior Masculino Dappin, e nas Ligas de Futsal S\u00e9nior Feminino Juvan, Sub-17 Qta Monte Bravo e Sub-15 Via R\u00e1pida. Em competi\u00e7\u00f5es nacionais, realizaram-se a Ta\u00e7a de Portugal Feminina de Futsal Placard (Benfica vs UD Os Pinhelenses) e a Liga Portugal Betclic (Gil Vicente FC vs GD Nacional). Fonte\/Foto: AF Guarda.","og_url":"https:\/\/portaltela.pt\/noticias\/2026\/01\/19\/af-guarda-presente-em-competicoes-distritais-e-nacionais\/","og_site_name":"Portal Tela Portugal","article_published_time":"2026-01-19T13:28:56+00:00","author":"Telinha","twitter_card":"summary_large_image","twitter_misc":{"Escrito por":"Telinha","Tempo estimado de leitura":"2 minutos"},"schema":{"@context":"https:\/\/schema.org","@graph":[{"@type":"Article","@id":"https:\/\/portaltela.pt\/noticias\/2026\/01\/19\/af-guarda-presente-em-competicoes-distritais-e-nacionais\/#article","isPartOf":{"@id":"https:\/\/portaltela.pt\/noticias\/2026\/01\/19\/af-guarda-presente-em-competicoes-distritais-e-nacionais\/"},"author":{"name":"Telinha","@id":"https:\/\/portaltela.pt\/#\/schema\/person\/c4278d4a6028830caff9ee44b42d32ed"},"headline":"AF Guarda presente em Competi\u00e7\u00f5es Distritais e Nacionais","datePublished":"2026-01-19T13:28:56+00:00","mainEntityOfPage":{"@id":"https:\/\/portaltela.pt\/noticias\/2026\/01\/19\/af-guarda-presente-em-competicoes-distritais-e-nacionais\/"},"wordCount":319,"image":{"@id":"https:\/\/portaltela.pt\/noticias\/2026\/01\/19\/af-guarda-presente-em-competicoes-distritais-e-nacionais\/#primaryimage"},"thumbnailUrl":"https:\/\/portaltela.pt\/s.01k8rhncp4jt1\/2026\/01\/unnamed-file-3853.jpg","keywords":["AF Guarda","futebol","futsal","Guarda","Liga Portugal","Ta\u00e7a de Portugal"],"articleSection":["Desporto","Futebol"],"inLanguage":"pt-PT"},{"@type":"WebPage","@id":"https:\/\/portaltela.pt\/noticias\/2026\/01\/19\/af-guarda-presente-em-competicoes-distritais-e-nacionais\/","url":"https:\/\/portaltela.pt\/noticias\/2026\/01\/19\/af-guarda-presente-em-competicoes-distritais-e-nacionais\/","name":"AF Guarda presente em Competi\u00e7\u00f5es Distritais e Nacionais - Portal Tela Portugal","isPartOf":{"@id":"https:\/\/portaltela.pt\/#website"},"primaryImageOfPage":{"@id":"https:\/\/portaltela.pt\/noticias\/2026\/01\/19\/af-guarda-presente-em-competicoes-distritais-e-nacionais\/#primaryimage"},"image":{"@id":"https:\/\/portaltela.pt\/noticias\/2026\/01\/19\/af-guarda-presente-em-competicoes-distritais-e-nacionais\/#primaryimage"},"thumbnailUrl":"https:\/\/portaltela.pt\/s.01k8rhncp4jt1\/2026\/01\/unnamed-file-3853.jpg","datePublished":"2026-01-19T13:28:56+00:00","author":{"@id":"https:\/\/portaltela.pt\/#\/schema\/person\/c4278d4a6028830caff9ee44b42d32ed"},"breadcrumb":{"@id":"https:\/\/portaltela.pt\/noticias\/2026\/01\/19\/af-guarda-presente-em-competicoes-distritais-e-nacionais\/#breadcrumb"},"inLanguage":"pt-PT","potentialAction":[{"@type":"ReadAction","target":["https:\/\/portaltela.pt\/noticias\/2026\/01\/19\/af-guarda-presente-em-competicoes-distritais-e-nacionais\/"]}]},{"@type":"ImageObject","inLanguage":"pt-PT","@id":"https:\/\/portaltela.pt\/noticias\/2026\/01\/19\/af-guarda-presente-em-competicoes-distritais-e-nacionais\/#primaryimage","url":"https:\/\/portaltela.pt\/s.01k8rhncp4jt1\/2026\/01\/unnamed-file-3853.jpg","contentUrl":"https:\/\/portaltela.pt\/s.01k8rhncp4jt1\/2026\/01\/unnamed-file-3853.jpg","width":796,"height":448,"caption":"AF Guarda presente nas Competi\u00e7\u00f5es Distritais e Nacionais"},{"@type":"BreadcrumbList","@id":"https:\/\/portaltela.pt\/noticias\/2026\/01\/19\/af-guarda-presente-em-competicoes-distritais-e-nacionais\/#breadcrumb","itemListElement":[{"@type":"ListItem","position":1,"name":"In\u00edcio","item":"https:\/\/portaltela.pt\/"},{"@type":"ListItem","position":2,"name":"AF Guarda presente em Competi\u00e7\u00f5es Distritais e Nacionais"}]},{"@type":"WebSite","@id":"https:\/\/portaltela.pt\/#website","url":"https:\/\/portaltela.pt\/","name":"Portal Tela Portugal","description":"","potentialAction":[{"@type":"SearchAction","target":{"@type":"EntryPoint","urlTemplate":"https:\/\/portaltela.pt\/?s={search_term_string}"},"query-input":{"@type":"PropertyValueSpecification","valueRequired":true,"valueName":"search_term_string"}}],"inLanguage":"pt-PT"},{"@type":"Person","@id":"https:\/\/portaltela.pt\/#\/schema\/person\/c4278d4a6028830caff9ee44b42d32ed","name":"Telinha","image":{"@type":"ImageObject","inLanguage":"pt-PT","@id":"https:\/\/portaltela.pt\/s.01k8rhncp4jt1\/2025\/11\/talking-bot-125x125.png","url":"https:\/\/portaltela.pt\/s.01k8rhncp4jt1\/2025\/11\/talking-bot-125x125.png","contentUrl":"https:\/\/portaltela.pt\/s.01k8rhncp4jt1\/2025\/11\/talking-bot-125x125.png","caption":"Telinha"},"sameAs":["https:\/\/portaltela.pt\/"],"url":"https:\/\/portaltela.pt\/por\/367410592786\/"}]}},"_links":{"self":[{"href":"https:\/\/portaltela.pt\/api\/wp\/v2\/posts\/152942","targetHints":{"allow":["GET"]}}],"collection":[{"href":"https:\/\/portaltela.pt\/api\/wp\/v2\/posts"}],"about":[{"href":"https:\/\/portaltela.pt\/api\/wp\/v2\/types\/post"}],"author":[{"embeddable":true,"href":"https:\/\/portaltela.pt\/api\/wp\/v2\/users\/2"}],"replies":[{"embeddable":true,"href":"https:\/\/portaltela.pt\/api\/wp\/v2\/comments?post=152942"}],"version-history":[{"count":0,"href":"https:\/\/portaltela.pt\/api\/wp\/v2\/posts\/152942\/revisions"}],"wp:featuredmedia":[{"embeddable":true,"href":"https:\/\/portaltela.pt\/api\/wp\/v2\/media\/152962"}],"wp:attachment":[{"href":"https:\/\/portaltela.pt\/api\/wp\/v2\/media?parent=152942"}],"wp:term":[{"taxonomy":"category","embeddable":true,"href":"https:\/\/portaltela.pt\/api\/wp\/v2\/categories?post=152942"},{"taxonomy":"post_tag","embeddable":true,"href":"https:\/\/portaltela.pt\/api\/wp\/v2\/tags?post=152942"}],"curies":[{"name":"wp","href":"https:\/\/api.w.org\/{rel}","templated":true}]}}