{"id":152880,"date":"2026-01-19T10:03:47","date_gmt":"2026-01-19T13:03:47","guid":{"rendered":"https:\/\/portaltela.pt\/noticias\/2026\/01\/19\/autarca-de-mangualde-inicia-visitas-as-freguesias-em-quintela-de-azurara\/"},"modified":"2026-01-19T10:03:47","modified_gmt":"2026-01-19T13:03:47","slug":"autarca-de-mangualde-inicia-visitas-as-freguesias-em-quintela-de-azurara","status":"publish","type":"post","link":"https:\/\/portaltela.pt\/noticias\/2026\/01\/19\/autarca-de-mangualde-inicia-visitas-as-freguesias-em-quintela-de-azurara\/","title":{"rendered":"Autarca de Mangualde inicia visitas \u00e0s freguesias em Quintela de Azurara"},"content":{"rendered":"<p>O presidente da C\u00e2mara Municipal de Mangualde, Marco Almeida, iniciou um ciclo de visitas \u00e0s freguesias, com a desloca\u00e7\u00e3o a Quintela de Azurara no passado s\u00e1bado. A caminhada pelo territ\u00f3rio faz parte da estrat\u00e9gia de governa\u00e7\u00e3o de proximidade.<\/p>\n<p>Em Quintela de Azurara, a visita incidiu sobre duas antigas escolas prim\u00e1rias j\u00e1 recuperadas, com o espa\u00e7o envolvente incluindo um parque infantil. A interven\u00e7\u00e3o resulta de uma parceria entre a Junta de Freguesia, a C\u00e2mara Municipal e o Plano de Desenvolvimento Regional, totalizando perto de 300 mil euros.<\/p>\n<p>Tamb\u00e9m foi analisada a interven\u00e7\u00e3o na Rua de Nossa Senhora da Esperan\u00e7a, uma obra de requalifica\u00e7\u00e3o com investimento superior a 55 mil euros para melhorar mobilidade e seguran\u00e7a. Marco Almeida destacou sinais de crescimento e o interesse pela valoriza\u00e7\u00e3o de eventos locais, como o Entrudo de Quintela de Azurara, de Fevereiro.<\/p>\n<h3>Investimento e eventual impacto<\/h3>\n<p>O autarca sublinhou que o conjunto de obras pretende ficar ao servi\u00e7o da comunidade nas \u00e1reas social, cultural e educativa, refor\u00e7ando a din\u00e2mica da freguesia. O ciclo de visitas acontece num contexto de or\u00e7amento municipal de 43,5 milh\u00f5es de euros, com protocolos que asseguram a transfer\u00eancia de cerca de um milh\u00e3o de euros para as doze freguesias.<\/p>\n<h3>Objetivos da governa\u00e7\u00e3o de proximidade<\/h3>\n<p>Segundo Marco Almeida, o foco \u00e9 garantir que as verbas cheguem \u00e0s obras priorit\u00e1rias de cada freguesia. A ronda pretendem acompanhar no terreno o desenvolvimento de cada localidade e a proje\u00e7\u00e3o de novas obras, mantendo o di\u00e1logo com a popula\u00e7\u00e3o. As visitas dever\u00e3o prosseguir ao longo do ano.<\/p>\n","protected":false},"excerpt":{"rendered":"<ul>\n<li>O presidente da C\u00e2mara Municipal de Mangualde, Marco Almeida, iniciou o ciclo de visitas \u00e0s freguesias com Quintela de Azurara, integrada na rede Aldeias de Portugal.<\/li>\n<li>Em Quintela de Azurara, visitou as antigas escolas prim\u00e1rias j\u00e1 recuperadas, o espa\u00e7o envolvente e um parque infantil, resultado de um investimento conjunto entre a Junta de Freguesia, a C\u00e2mara e o Plano de Desenvolvimento Regional.<\/li>\n<li>O investimento nesta interven\u00e7\u00e3o ascende a cerca de 300 mil euros, para criar um espa\u00e7o ao servi\u00e7o da comunidade nas \u00e1reas Social, Cultural e Educativa; na Rua de Nossa Senhora da Esperan\u00e7a houve obras de requalifica\u00e7\u00e3o com mais de 55 mil euros.<\/li>\n<li>Almeida destacou sinais de crescimento na freguesia e mencionou o Entrudo de Quintela de Azurara, marcado para 15 a 17 de fevereiro, como um evento cultural a valorizar.<\/li>\n<li>No \u00e2mbito de um or\u00e7amento municipal de 43,5 milh\u00f5es de euros, foram assinados protocolos com as doze freguesias, assegurando a transfer\u00eancia global de cerca de um milh\u00e3o de euros para obras priorit\u00e1rias.<\/li>\n<\/ul>\n","protected":false},"author":2,"featured_media":152902,"comment_status":"closed","ping_status":"closed","sticky":false,"template":"","format":"standard","meta":{"footnotes":""},"categories":[1],"tags":[1409,3424,2497,316,1302,1769],"class_list":["post-152880","post","type-post","status-publish","format-standard","has-post-thumbnail","hentry","category-noticias","tag-desenvolvimento-regional","tag-freguesias","tag-governacao","tag-investimento","tag-mangualde","tag-orcamento-territorio"],"yoast_head":"<!-- This site is optimized with the Yoast SEO plugin v27.2 - https:\/\/yoast.com\/product\/yoast-seo-wordpress\/ -->\n<title>Autarca de Mangualde inicia visitas \u00e0s freguesias em Quintela de Azurara - Portal Tela Portugal<\/title>\n<meta name=\"robots\" content=\"index, follow, max-snippet:-1, max-image-preview:large, max-video-preview:-1\" \/>\n<meta property=\"og:locale\" content=\"pt_PT\" \/>\n<meta property=\"og:type\" content=\"article\" \/>\n<meta property=\"og:title\" content=\"Autarca de Mangualde inicia visitas \u00e0s freguesias em Quintela de Azurara - Portal Tela Portugal\" \/>\n<meta property=\"og:description\" content=\"O presidente da C\u00e2mara Municipal de Mangualde, Marco Almeida, iniciou o ciclo de visitas \u00e0s freguesias com Quintela de Azurara, integrada na rede Aldeias de Portugal. Em Quintela de Azurara, visitou as antigas escolas prim\u00e1rias j\u00e1 recuperadas, o espa\u00e7o envolvente e um parque infantil, resultado de um investimento conjunto entre a Junta de Freguesia, a C\u00e2mara e o Plano de Desenvolvimento Regional. O investimento nesta interven\u00e7\u00e3o ascende a cerca de 300 mil euros, para criar um espa\u00e7o ao servi\u00e7o da comunidade nas \u00e1reas Social, Cultural e Educativa; na Rua de Nossa Senhora da Esperan\u00e7a houve obras de requalifica\u00e7\u00e3o com mais de 55 mil euros. Almeida destacou sinais de crescimento na freguesia e mencionou o Entrudo de Quintela de Azurara, marcado para 15 a 17 de fevereiro, como um evento cultural a valorizar. No \u00e2mbito de um or\u00e7amento municipal de 43,5 milh\u00f5es de euros, foram assinados protocolos com as doze freguesias, assegurando a transfer\u00eancia global de cerca de um milh\u00e3o de euros para obras priorit\u00e1rias.\" \/>\n<meta property=\"og:url\" content=\"https:\/\/portaltela.pt\/noticias\/2026\/01\/19\/autarca-de-mangualde-inicia-visitas-as-freguesias-em-quintela-de-azurara\/\" \/>\n<meta property=\"og:site_name\" content=\"Portal Tela Portugal\" \/>\n<meta property=\"article:published_time\" content=\"2026-01-19T13:03:47+00:00\" \/>\n<meta name=\"author\" content=\"Telinha\" \/>\n<meta name=\"twitter:card\" content=\"summary_large_image\" \/>\n<meta name=\"twitter:label1\" content=\"Escrito por\" \/>\n\t<meta name=\"twitter:data1\" content=\"Telinha\" \/>\n\t<meta name=\"twitter:label2\" content=\"Tempo estimado de leitura\" \/>\n\t<meta name=\"twitter:data2\" content=\"1 minuto\" \/>\n<script type=\"application\/ld+json\" class=\"yoast-schema-graph\">{\"@context\":\"https:\/\/schema.org\",\"@graph\":[{\"@type\":\"Article\",\"@id\":\"https:\/\/portaltela.pt\/noticias\/2026\/01\/19\/autarca-de-mangualde-inicia-visitas-as-freguesias-em-quintela-de-azurara\/#article\",\"isPartOf\":{\"@id\":\"https:\/\/portaltela.pt\/noticias\/2026\/01\/19\/autarca-de-mangualde-inicia-visitas-as-freguesias-em-quintela-de-azurara\/\"},\"author\":{\"name\":\"Telinha\",\"@id\":\"https:\/\/portaltela.pt\/#\/schema\/person\/c4278d4a6028830caff9ee44b42d32ed\"},\"headline\":\"Autarca de Mangualde inicia visitas \u00e0s freguesias em Quintela de Azurara\",\"datePublished\":\"2026-01-19T13:03:47+00:00\",\"mainEntityOfPage\":{\"@id\":\"https:\/\/portaltela.pt\/noticias\/2026\/01\/19\/autarca-de-mangualde-inicia-visitas-as-freguesias-em-quintela-de-azurara\/\"},\"wordCount\":287,\"image\":{\"@id\":\"https:\/\/portaltela.pt\/noticias\/2026\/01\/19\/autarca-de-mangualde-inicia-visitas-as-freguesias-em-quintela-de-azurara\/#primaryimage\"},\"thumbnailUrl\":\"https:\/\/portaltela.pt\/s.01k8rhncp4jt1\/2026\/01\/unnamed-file-3852.jpg\",\"keywords\":[\"desenvolvimento regional\",\"freguesias\",\"governa\u00e7\u00e3o\",\"investimento\",\"Mangualde\",\"Or\u00e7amento\/Territ\u00f3rio\"],\"articleSection\":[\"Not\u00edcias\"],\"inLanguage\":\"pt-PT\"},{\"@type\":\"WebPage\",\"@id\":\"https:\/\/portaltela.pt\/noticias\/2026\/01\/19\/autarca-de-mangualde-inicia-visitas-as-freguesias-em-quintela-de-azurara\/\",\"url\":\"https:\/\/portaltela.pt\/noticias\/2026\/01\/19\/autarca-de-mangualde-inicia-visitas-as-freguesias-em-quintela-de-azurara\/\",\"name\":\"Autarca de Mangualde inicia visitas \u00e0s freguesias em Quintela de Azurara - Portal Tela Portugal\",\"isPartOf\":{\"@id\":\"https:\/\/portaltela.pt\/#website\"},\"primaryImageOfPage\":{\"@id\":\"https:\/\/portaltela.pt\/noticias\/2026\/01\/19\/autarca-de-mangualde-inicia-visitas-as-freguesias-em-quintela-de-azurara\/#primaryimage\"},\"image\":{\"@id\":\"https:\/\/portaltela.pt\/noticias\/2026\/01\/19\/autarca-de-mangualde-inicia-visitas-as-freguesias-em-quintela-de-azurara\/#primaryimage\"},\"thumbnailUrl\":\"https:\/\/portaltela.pt\/s.01k8rhncp4jt1\/2026\/01\/unnamed-file-3852.jpg\",\"datePublished\":\"2026-01-19T13:03:47+00:00\",\"author\":{\"@id\":\"https:\/\/portaltela.pt\/#\/schema\/person\/c4278d4a6028830caff9ee44b42d32ed\"},\"breadcrumb\":{\"@id\":\"https:\/\/portaltela.pt\/noticias\/2026\/01\/19\/autarca-de-mangualde-inicia-visitas-as-freguesias-em-quintela-de-azurara\/#breadcrumb\"},\"inLanguage\":\"pt-PT\",\"potentialAction\":[{\"@type\":\"ReadAction\",\"target\":[\"https:\/\/portaltela.pt\/noticias\/2026\/01\/19\/autarca-de-mangualde-inicia-visitas-as-freguesias-em-quintela-de-azurara\/\"]}]},{\"@type\":\"ImageObject\",\"inLanguage\":\"pt-PT\",\"@id\":\"https:\/\/portaltela.pt\/noticias\/2026\/01\/19\/autarca-de-mangualde-inicia-visitas-as-freguesias-em-quintela-de-azurara\/#primaryimage\",\"url\":\"https:\/\/portaltela.pt\/s.01k8rhncp4jt1\/2026\/01\/unnamed-file-3852.jpg\",\"contentUrl\":\"https:\/\/portaltela.pt\/s.01k8rhncp4jt1\/2026\/01\/unnamed-file-3852.jpg\",\"width\":796,\"height\":448,\"caption\":\"Autarca de Mangualde inicia ciclo de visitas \u00e0s freguesias em Quintela de Azurara\"},{\"@type\":\"BreadcrumbList\",\"@id\":\"https:\/\/portaltela.pt\/noticias\/2026\/01\/19\/autarca-de-mangualde-inicia-visitas-as-freguesias-em-quintela-de-azurara\/#breadcrumb\",\"itemListElement\":[{\"@type\":\"ListItem\",\"position\":1,\"name\":\"In\u00edcio\",\"item\":\"https:\/\/portaltela.pt\/\"},{\"@type\":\"ListItem\",\"position\":2,\"name\":\"Autarca de Mangualde inicia visitas \u00e0s freguesias em Quintela de Azurara\"}]},{\"@type\":\"WebSite\",\"@id\":\"https:\/\/portaltela.pt\/#website\",\"url\":\"https:\/\/portaltela.pt\/\",\"name\":\"Portal Tela Portugal\",\"description\":\"\",\"potentialAction\":[{\"@type\":\"SearchAction\",\"target\":{\"@type\":\"EntryPoint\",\"urlTemplate\":\"https:\/\/portaltela.pt\/?s={search_term_string}\"},\"query-input\":{\"@type\":\"PropertyValueSpecification\",\"valueRequired\":true,\"valueName\":\"search_term_string\"}}],\"inLanguage\":\"pt-PT\"},{\"@type\":\"Person\",\"@id\":\"https:\/\/portaltela.pt\/#\/schema\/person\/c4278d4a6028830caff9ee44b42d32ed\",\"name\":\"Telinha\",\"image\":{\"@type\":\"ImageObject\",\"inLanguage\":\"pt-PT\",\"@id\":\"https:\/\/portaltela.pt\/s.01k8rhncp4jt1\/2025\/11\/talking-bot-125x125.png\",\"url\":\"https:\/\/portaltela.pt\/s.01k8rhncp4jt1\/2025\/11\/talking-bot-125x125.png\",\"contentUrl\":\"https:\/\/portaltela.pt\/s.01k8rhncp4jt1\/2025\/11\/talking-bot-125x125.png\",\"caption\":\"Telinha\"},\"sameAs\":[\"https:\/\/portaltela.pt\/\"],\"url\":\"https:\/\/portaltela.pt\/por\/367410592786\/\"}]}<\/script>\n<!-- \/ Yoast SEO plugin. -->","yoast_head_json":{"title":"Autarca de Mangualde inicia visitas \u00e0s freguesias em Quintela de Azurara - Portal Tela Portugal","robots":{"index":"index","follow":"follow","max-snippet":"max-snippet:-1","max-image-preview":"max-image-preview:large","max-video-preview":"max-video-preview:-1"},"og_locale":"pt_PT","og_type":"article","og_title":"Autarca de Mangualde inicia visitas \u00e0s freguesias em Quintela de Azurara - Portal Tela Portugal","og_description":"O presidente da C\u00e2mara Municipal de Mangualde, Marco Almeida, iniciou o ciclo de visitas \u00e0s freguesias com Quintela de Azurara, integrada na rede Aldeias de Portugal. Em Quintela de Azurara, visitou as antigas escolas prim\u00e1rias j\u00e1 recuperadas, o espa\u00e7o envolvente e um parque infantil, resultado de um investimento conjunto entre a Junta de Freguesia, a C\u00e2mara e o Plano de Desenvolvimento Regional. O investimento nesta interven\u00e7\u00e3o ascende a cerca de 300 mil euros, para criar um espa\u00e7o ao servi\u00e7o da comunidade nas \u00e1reas Social, Cultural e Educativa; na Rua de Nossa Senhora da Esperan\u00e7a houve obras de requalifica\u00e7\u00e3o com mais de 55 mil euros. Almeida destacou sinais de crescimento na freguesia e mencionou o Entrudo de Quintela de Azurara, marcado para 15 a 17 de fevereiro, como um evento cultural a valorizar. No \u00e2mbito de um or\u00e7amento municipal de 43,5 milh\u00f5es de euros, foram assinados protocolos com as doze freguesias, assegurando a transfer\u00eancia global de cerca de um milh\u00e3o de euros para obras priorit\u00e1rias.","og_url":"https:\/\/portaltela.pt\/noticias\/2026\/01\/19\/autarca-de-mangualde-inicia-visitas-as-freguesias-em-quintela-de-azurara\/","og_site_name":"Portal Tela Portugal","article_published_time":"2026-01-19T13:03:47+00:00","author":"Telinha","twitter_card":"summary_large_image","twitter_misc":{"Escrito por":"Telinha","Tempo estimado de leitura":"1 minuto"},"schema":{"@context":"https:\/\/schema.org","@graph":[{"@type":"Article","@id":"https:\/\/portaltela.pt\/noticias\/2026\/01\/19\/autarca-de-mangualde-inicia-visitas-as-freguesias-em-quintela-de-azurara\/#article","isPartOf":{"@id":"https:\/\/portaltela.pt\/noticias\/2026\/01\/19\/autarca-de-mangualde-inicia-visitas-as-freguesias-em-quintela-de-azurara\/"},"author":{"name":"Telinha","@id":"https:\/\/portaltela.pt\/#\/schema\/person\/c4278d4a6028830caff9ee44b42d32ed"},"headline":"Autarca de Mangualde inicia visitas \u00e0s freguesias em Quintela de Azurara","datePublished":"2026-01-19T13:03:47+00:00","mainEntityOfPage":{"@id":"https:\/\/portaltela.pt\/noticias\/2026\/01\/19\/autarca-de-mangualde-inicia-visitas-as-freguesias-em-quintela-de-azurara\/"},"wordCount":287,"image":{"@id":"https:\/\/portaltela.pt\/noticias\/2026\/01\/19\/autarca-de-mangualde-inicia-visitas-as-freguesias-em-quintela-de-azurara\/#primaryimage"},"thumbnailUrl":"https:\/\/portaltela.pt\/s.01k8rhncp4jt1\/2026\/01\/unnamed-file-3852.jpg","keywords":["desenvolvimento regional","freguesias","governa\u00e7\u00e3o","investimento","Mangualde","Or\u00e7amento\/Territ\u00f3rio"],"articleSection":["Not\u00edcias"],"inLanguage":"pt-PT"},{"@type":"WebPage","@id":"https:\/\/portaltela.pt\/noticias\/2026\/01\/19\/autarca-de-mangualde-inicia-visitas-as-freguesias-em-quintela-de-azurara\/","url":"https:\/\/portaltela.pt\/noticias\/2026\/01\/19\/autarca-de-mangualde-inicia-visitas-as-freguesias-em-quintela-de-azurara\/","name":"Autarca de Mangualde inicia visitas \u00e0s freguesias em Quintela de Azurara - Portal Tela Portugal","isPartOf":{"@id":"https:\/\/portaltela.pt\/#website"},"primaryImageOfPage":{"@id":"https:\/\/portaltela.pt\/noticias\/2026\/01\/19\/autarca-de-mangualde-inicia-visitas-as-freguesias-em-quintela-de-azurara\/#primaryimage"},"image":{"@id":"https:\/\/portaltela.pt\/noticias\/2026\/01\/19\/autarca-de-mangualde-inicia-visitas-as-freguesias-em-quintela-de-azurara\/#primaryimage"},"thumbnailUrl":"https:\/\/portaltela.pt\/s.01k8rhncp4jt1\/2026\/01\/unnamed-file-3852.jpg","datePublished":"2026-01-19T13:03:47+00:00","author":{"@id":"https:\/\/portaltela.pt\/#\/schema\/person\/c4278d4a6028830caff9ee44b42d32ed"},"breadcrumb":{"@id":"https:\/\/portaltela.pt\/noticias\/2026\/01\/19\/autarca-de-mangualde-inicia-visitas-as-freguesias-em-quintela-de-azurara\/#breadcrumb"},"inLanguage":"pt-PT","potentialAction":[{"@type":"ReadAction","target":["https:\/\/portaltela.pt\/noticias\/2026\/01\/19\/autarca-de-mangualde-inicia-visitas-as-freguesias-em-quintela-de-azurara\/"]}]},{"@type":"ImageObject","inLanguage":"pt-PT","@id":"https:\/\/portaltela.pt\/noticias\/2026\/01\/19\/autarca-de-mangualde-inicia-visitas-as-freguesias-em-quintela-de-azurara\/#primaryimage","url":"https:\/\/portaltela.pt\/s.01k8rhncp4jt1\/2026\/01\/unnamed-file-3852.jpg","contentUrl":"https:\/\/portaltela.pt\/s.01k8rhncp4jt1\/2026\/01\/unnamed-file-3852.jpg","width":796,"height":448,"caption":"Autarca de Mangualde inicia ciclo de visitas \u00e0s freguesias em Quintela de Azurara"},{"@type":"BreadcrumbList","@id":"https:\/\/portaltela.pt\/noticias\/2026\/01\/19\/autarca-de-mangualde-inicia-visitas-as-freguesias-em-quintela-de-azurara\/#breadcrumb","itemListElement":[{"@type":"ListItem","position":1,"name":"In\u00edcio","item":"https:\/\/portaltela.pt\/"},{"@type":"ListItem","position":2,"name":"Autarca de Mangualde inicia visitas \u00e0s freguesias em Quintela de Azurara"}]},{"@type":"WebSite","@id":"https:\/\/portaltela.pt\/#website","url":"https:\/\/portaltela.pt\/","name":"Portal Tela Portugal","description":"","potentialAction":[{"@type":"SearchAction","target":{"@type":"EntryPoint","urlTemplate":"https:\/\/portaltela.pt\/?s={search_term_string}"},"query-input":{"@type":"PropertyValueSpecification","valueRequired":true,"valueName":"search_term_string"}}],"inLanguage":"pt-PT"},{"@type":"Person","@id":"https:\/\/portaltela.pt\/#\/schema\/person\/c4278d4a6028830caff9ee44b42d32ed","name":"Telinha","image":{"@type":"ImageObject","inLanguage":"pt-PT","@id":"https:\/\/portaltela.pt\/s.01k8rhncp4jt1\/2025\/11\/talking-bot-125x125.png","url":"https:\/\/portaltela.pt\/s.01k8rhncp4jt1\/2025\/11\/talking-bot-125x125.png","contentUrl":"https:\/\/portaltela.pt\/s.01k8rhncp4jt1\/2025\/11\/talking-bot-125x125.png","caption":"Telinha"},"sameAs":["https:\/\/portaltela.pt\/"],"url":"https:\/\/portaltela.pt\/por\/367410592786\/"}]}},"_links":{"self":[{"href":"https:\/\/portaltela.pt\/api\/wp\/v2\/posts\/152880","targetHints":{"allow":["GET"]}}],"collection":[{"href":"https:\/\/portaltela.pt\/api\/wp\/v2\/posts"}],"about":[{"href":"https:\/\/portaltela.pt\/api\/wp\/v2\/types\/post"}],"author":[{"embeddable":true,"href":"https:\/\/portaltela.pt\/api\/wp\/v2\/users\/2"}],"replies":[{"embeddable":true,"href":"https:\/\/portaltela.pt\/api\/wp\/v2\/comments?post=152880"}],"version-history":[{"count":0,"href":"https:\/\/portaltela.pt\/api\/wp\/v2\/posts\/152880\/revisions"}],"wp:featuredmedia":[{"embeddable":true,"href":"https:\/\/portaltela.pt\/api\/wp\/v2\/media\/152902"}],"wp:attachment":[{"href":"https:\/\/portaltela.pt\/api\/wp\/v2\/media?parent=152880"}],"wp:term":[{"taxonomy":"category","embeddable":true,"href":"https:\/\/portaltela.pt\/api\/wp\/v2\/categories?post=152880"},{"taxonomy":"post_tag","embeddable":true,"href":"https:\/\/portaltela.pt\/api\/wp\/v2\/tags?post=152880"}],"curies":[{"name":"wp","href":"https:\/\/api.w.org\/{rel}","templated":true}]}}