{"id":152873,"date":"2026-01-19T09:07:48","date_gmt":"2026-01-19T12:07:48","guid":{"rendered":"https:\/\/portaltela.pt\/noticias\/2026\/01\/19\/aldeias-do-xisto-de-gois-representa-portugal-no-maior-festival-de-mascaras\/"},"modified":"2026-01-19T09:07:48","modified_gmt":"2026-01-19T12:07:48","slug":"aldeias-do-xisto-de-gois-representa-portugal-no-maior-festival-de-mascaras","status":"publish","type":"post","link":"https:\/\/portaltela.pt\/noticias\/2026\/01\/19\/aldeias-do-xisto-de-gois-representa-portugal-no-maior-festival-de-mascaras\/","title":{"rendered":"Aldeias do Xisto de G\u00f3is representa Portugal no maior festival de m\u00e1scaras"},"content":{"rendered":"<p>A Corrida do Entrudo das Aldeias do Xisto de G\u00f3is participou no Festival de M\u00e1scaras de Surva, em Pernik, Bulg\u00e1ria, entre 16 e 18 de janeiro. O evento reuniu tradi\u00e7\u00f5es de m\u00e1scara de v\u00e1rios pa\u00edses, num dos maiores festivais europeus do g\u00e9nero.<\/p>\n<p>A participa\u00e7\u00e3o foi promovida pelo Munic\u00edpio de G\u00f3is, em parceria com a Lousit\u00e2nea, a convite do Festival Internacional da M\u00e1scara Ib\u00e9rica. G\u00f3is levou at\u00e9 \u00e0 Bulg\u00e1ria a m\u00e1scara de corti\u00e7a, com a presen\u00e7a da Vereadora Paula Matos.<\/p>\n<p>O festival \u00e9 considerado o maior e mais relevante da Europa dedicado \u00e0s m\u00e1scaras e tradi\u00e7\u00f5es associadas. Regressa ao concelho no dia 15 de fevereiro, domingo de Carnaval, entre as 09h00 e as 18h00, na Aldeia do Xisto de Aigra Nova.<\/p>\n<p>A corrida de Entrudo regressa ap\u00f3s a participa\u00e7\u00e3o internacional e mant\u00e9m-se como evento cultural de refer\u00eancia na regi\u00e3o. A organiza\u00e7\u00e3o indica que o programa mant\u00e9m-se id\u00eantico e aberto ao p\u00fablico.<\/p>\n","protected":false},"excerpt":{"rendered":"<ul>\n<li>Entre 16 e 18 de janeiro, a Corrida do Entrudo das Aldeias do Xisto de G\u00f3is esteve no Festival de M\u00e1scaras de Surva, em Pernik, Bulg\u00e1ria.<\/li>\n<li>O Munic\u00edpio de G\u00f3is, em parceria com a Lousit\u00e2nea, representou Portugal a convite do Festival Internacional da M\u00e1scara Ib\u00e9rica.<\/li>\n<li>G\u00f3is levou \u00e0 Bulg\u00e1ria a m\u00e1scara de corti\u00e7a e contou com a presen\u00e7a da vereadora Paula Matos.<\/li>\n<li>O festival \u00e9 considerado o maior e mais relevante evento europeu dedicado \u00e0s m\u00e1scaras, reunindo tradi\u00e7\u00f5es de v\u00e1rios pa\u00edses.<\/li>\n<li>A Corrida do Entrudo regressa no dia 15 de fevereiro, domingo de Carnaval, entre as 09h00 e as 18h00, na Aldeia do Xisto de Aigra Nova.<\/li>\n<\/ul>\n","protected":false},"author":2,"featured_media":152898,"comment_status":"closed","ping_status":"closed","sticky":false,"template":"","format":"standard","meta":{"footnotes":""},"categories":[1],"tags":[145,2958,107,2019,1014,169],"class_list":["post-152873","post","type-post","status-publish","format-standard","has-post-thumbnail","hentry","category-noticias","tag-cultura","tag-eventos-internacionais","tag-festivais","tag-gois","tag-portugal","tag-turismo"],"yoast_head":"<!-- This site is optimized with the Yoast SEO plugin v27.2 - https:\/\/yoast.com\/product\/yoast-seo-wordpress\/ -->\n<title>Aldeias do Xisto de G\u00f3is representa Portugal no maior festival de m\u00e1scaras - Portal Tela Portugal<\/title>\n<meta name=\"robots\" content=\"index, follow, max-snippet:-1, max-image-preview:large, max-video-preview:-1\" \/>\n<meta property=\"og:locale\" content=\"pt_PT\" \/>\n<meta property=\"og:type\" content=\"article\" \/>\n<meta property=\"og:title\" content=\"Aldeias do Xisto de G\u00f3is representa Portugal no maior festival de m\u00e1scaras - Portal Tela Portugal\" \/>\n<meta property=\"og:description\" content=\"Entre 16 e 18 de janeiro, a Corrida do Entrudo das Aldeias do Xisto de G\u00f3is esteve no Festival de M\u00e1scaras de Surva, em Pernik, Bulg\u00e1ria. O Munic\u00edpio de G\u00f3is, em parceria com a Lousit\u00e2nea, representou Portugal a convite do Festival Internacional da M\u00e1scara Ib\u00e9rica. G\u00f3is levou \u00e0 Bulg\u00e1ria a m\u00e1scara de corti\u00e7a e contou com a presen\u00e7a da vereadora Paula Matos. O festival \u00e9 considerado o maior e mais relevante evento europeu dedicado \u00e0s m\u00e1scaras, reunindo tradi\u00e7\u00f5es de v\u00e1rios pa\u00edses. A Corrida do Entrudo regressa no dia 15 de fevereiro, domingo de Carnaval, entre as 09h00 e as 18h00, na Aldeia do Xisto de Aigra Nova.\" \/>\n<meta property=\"og:url\" content=\"https:\/\/portaltela.pt\/noticias\/2026\/01\/19\/aldeias-do-xisto-de-gois-representa-portugal-no-maior-festival-de-mascaras\/\" \/>\n<meta property=\"og:site_name\" content=\"Portal Tela Portugal\" \/>\n<meta property=\"article:published_time\" content=\"2026-01-19T12:07:48+00:00\" \/>\n<meta name=\"author\" content=\"Telinha\" \/>\n<meta name=\"twitter:card\" content=\"summary_large_image\" \/>\n<meta name=\"twitter:label1\" content=\"Escrito por\" \/>\n\t<meta name=\"twitter:data1\" content=\"Telinha\" \/>\n\t<meta name=\"twitter:label2\" content=\"Tempo estimado de leitura\" \/>\n\t<meta name=\"twitter:data2\" content=\"1 minuto\" \/>\n<script type=\"application\/ld+json\" class=\"yoast-schema-graph\">{\"@context\":\"https:\/\/schema.org\",\"@graph\":[{\"@type\":\"Article\",\"@id\":\"https:\/\/portaltela.pt\/noticias\/2026\/01\/19\/aldeias-do-xisto-de-gois-representa-portugal-no-maior-festival-de-mascaras\/#article\",\"isPartOf\":{\"@id\":\"https:\/\/portaltela.pt\/noticias\/2026\/01\/19\/aldeias-do-xisto-de-gois-representa-portugal-no-maior-festival-de-mascaras\/\"},\"author\":{\"name\":\"Telinha\",\"@id\":\"https:\/\/portaltela.pt\/#\/schema\/person\/c4278d4a6028830caff9ee44b42d32ed\"},\"headline\":\"Aldeias do Xisto de G\u00f3is representa Portugal no maior festival de m\u00e1scaras\",\"datePublished\":\"2026-01-19T12:07:48+00:00\",\"mainEntityOfPage\":{\"@id\":\"https:\/\/portaltela.pt\/noticias\/2026\/01\/19\/aldeias-do-xisto-de-gois-representa-portugal-no-maior-festival-de-mascaras\/\"},\"wordCount\":189,\"image\":{\"@id\":\"https:\/\/portaltela.pt\/noticias\/2026\/01\/19\/aldeias-do-xisto-de-gois-representa-portugal-no-maior-festival-de-mascaras\/#primaryimage\"},\"thumbnailUrl\":\"https:\/\/portaltela.pt\/s.01k8rhncp4jt1\/2026\/01\/unnamed-file-3850.jpg\",\"keywords\":[\"cultura\",\"eventos internacionais\",\"festivais\",\"G\u00f3is\",\"Portugal\",\"turismo\"],\"articleSection\":[\"Not\u00edcias\"],\"inLanguage\":\"pt-PT\"},{\"@type\":\"WebPage\",\"@id\":\"https:\/\/portaltela.pt\/noticias\/2026\/01\/19\/aldeias-do-xisto-de-gois-representa-portugal-no-maior-festival-de-mascaras\/\",\"url\":\"https:\/\/portaltela.pt\/noticias\/2026\/01\/19\/aldeias-do-xisto-de-gois-representa-portugal-no-maior-festival-de-mascaras\/\",\"name\":\"Aldeias do Xisto de G\u00f3is representa Portugal no maior festival de m\u00e1scaras - Portal Tela Portugal\",\"isPartOf\":{\"@id\":\"https:\/\/portaltela.pt\/#website\"},\"primaryImageOfPage\":{\"@id\":\"https:\/\/portaltela.pt\/noticias\/2026\/01\/19\/aldeias-do-xisto-de-gois-representa-portugal-no-maior-festival-de-mascaras\/#primaryimage\"},\"image\":{\"@id\":\"https:\/\/portaltela.pt\/noticias\/2026\/01\/19\/aldeias-do-xisto-de-gois-representa-portugal-no-maior-festival-de-mascaras\/#primaryimage\"},\"thumbnailUrl\":\"https:\/\/portaltela.pt\/s.01k8rhncp4jt1\/2026\/01\/unnamed-file-3850.jpg\",\"datePublished\":\"2026-01-19T12:07:48+00:00\",\"author\":{\"@id\":\"https:\/\/portaltela.pt\/#\/schema\/person\/c4278d4a6028830caff9ee44b42d32ed\"},\"breadcrumb\":{\"@id\":\"https:\/\/portaltela.pt\/noticias\/2026\/01\/19\/aldeias-do-xisto-de-gois-representa-portugal-no-maior-festival-de-mascaras\/#breadcrumb\"},\"inLanguage\":\"pt-PT\",\"potentialAction\":[{\"@type\":\"ReadAction\",\"target\":[\"https:\/\/portaltela.pt\/noticias\/2026\/01\/19\/aldeias-do-xisto-de-gois-representa-portugal-no-maior-festival-de-mascaras\/\"]}]},{\"@type\":\"ImageObject\",\"inLanguage\":\"pt-PT\",\"@id\":\"https:\/\/portaltela.pt\/noticias\/2026\/01\/19\/aldeias-do-xisto-de-gois-representa-portugal-no-maior-festival-de-mascaras\/#primaryimage\",\"url\":\"https:\/\/portaltela.pt\/s.01k8rhncp4jt1\/2026\/01\/unnamed-file-3850.jpg\",\"contentUrl\":\"https:\/\/portaltela.pt\/s.01k8rhncp4jt1\/2026\/01\/unnamed-file-3850.jpg\",\"width\":796,\"height\":448,\"caption\":\"Corrida do Entrudo das Aldeias do Xisto de G\u00f3is representou Portugal no maior Festival de M\u00e1scaras da Europa Caixa de entrada\"},{\"@type\":\"BreadcrumbList\",\"@id\":\"https:\/\/portaltela.pt\/noticias\/2026\/01\/19\/aldeias-do-xisto-de-gois-representa-portugal-no-maior-festival-de-mascaras\/#breadcrumb\",\"itemListElement\":[{\"@type\":\"ListItem\",\"position\":1,\"name\":\"In\u00edcio\",\"item\":\"https:\/\/portaltela.pt\/\"},{\"@type\":\"ListItem\",\"position\":2,\"name\":\"Aldeias do Xisto de G\u00f3is representa Portugal no maior festival de m\u00e1scaras\"}]},{\"@type\":\"WebSite\",\"@id\":\"https:\/\/portaltela.pt\/#website\",\"url\":\"https:\/\/portaltela.pt\/\",\"name\":\"Portal Tela Portugal\",\"description\":\"\",\"potentialAction\":[{\"@type\":\"SearchAction\",\"target\":{\"@type\":\"EntryPoint\",\"urlTemplate\":\"https:\/\/portaltela.pt\/?s={search_term_string}\"},\"query-input\":{\"@type\":\"PropertyValueSpecification\",\"valueRequired\":true,\"valueName\":\"search_term_string\"}}],\"inLanguage\":\"pt-PT\"},{\"@type\":\"Person\",\"@id\":\"https:\/\/portaltela.pt\/#\/schema\/person\/c4278d4a6028830caff9ee44b42d32ed\",\"name\":\"Telinha\",\"image\":{\"@type\":\"ImageObject\",\"inLanguage\":\"pt-PT\",\"@id\":\"https:\/\/portaltela.pt\/s.01k8rhncp4jt1\/2025\/11\/talking-bot-125x125.png\",\"url\":\"https:\/\/portaltela.pt\/s.01k8rhncp4jt1\/2025\/11\/talking-bot-125x125.png\",\"contentUrl\":\"https:\/\/portaltela.pt\/s.01k8rhncp4jt1\/2025\/11\/talking-bot-125x125.png\",\"caption\":\"Telinha\"},\"sameAs\":[\"https:\/\/portaltela.pt\/\"],\"url\":\"https:\/\/portaltela.pt\/por\/367410592786\/\"}]}<\/script>\n<!-- \/ Yoast SEO plugin. -->","yoast_head_json":{"title":"Aldeias do Xisto de G\u00f3is representa Portugal no maior festival de m\u00e1scaras - Portal Tela Portugal","robots":{"index":"index","follow":"follow","max-snippet":"max-snippet:-1","max-image-preview":"max-image-preview:large","max-video-preview":"max-video-preview:-1"},"og_locale":"pt_PT","og_type":"article","og_title":"Aldeias do Xisto de G\u00f3is representa Portugal no maior festival de m\u00e1scaras - Portal Tela Portugal","og_description":"Entre 16 e 18 de janeiro, a Corrida do Entrudo das Aldeias do Xisto de G\u00f3is esteve no Festival de M\u00e1scaras de Surva, em Pernik, Bulg\u00e1ria. O Munic\u00edpio de G\u00f3is, em parceria com a Lousit\u00e2nea, representou Portugal a convite do Festival Internacional da M\u00e1scara Ib\u00e9rica. G\u00f3is levou \u00e0 Bulg\u00e1ria a m\u00e1scara de corti\u00e7a e contou com a presen\u00e7a da vereadora Paula Matos. O festival \u00e9 considerado o maior e mais relevante evento europeu dedicado \u00e0s m\u00e1scaras, reunindo tradi\u00e7\u00f5es de v\u00e1rios pa\u00edses. A Corrida do Entrudo regressa no dia 15 de fevereiro, domingo de Carnaval, entre as 09h00 e as 18h00, na Aldeia do Xisto de Aigra Nova.","og_url":"https:\/\/portaltela.pt\/noticias\/2026\/01\/19\/aldeias-do-xisto-de-gois-representa-portugal-no-maior-festival-de-mascaras\/","og_site_name":"Portal Tela Portugal","article_published_time":"2026-01-19T12:07:48+00:00","author":"Telinha","twitter_card":"summary_large_image","twitter_misc":{"Escrito por":"Telinha","Tempo estimado de leitura":"1 minuto"},"schema":{"@context":"https:\/\/schema.org","@graph":[{"@type":"Article","@id":"https:\/\/portaltela.pt\/noticias\/2026\/01\/19\/aldeias-do-xisto-de-gois-representa-portugal-no-maior-festival-de-mascaras\/#article","isPartOf":{"@id":"https:\/\/portaltela.pt\/noticias\/2026\/01\/19\/aldeias-do-xisto-de-gois-representa-portugal-no-maior-festival-de-mascaras\/"},"author":{"name":"Telinha","@id":"https:\/\/portaltela.pt\/#\/schema\/person\/c4278d4a6028830caff9ee44b42d32ed"},"headline":"Aldeias do Xisto de G\u00f3is representa Portugal no maior festival de m\u00e1scaras","datePublished":"2026-01-19T12:07:48+00:00","mainEntityOfPage":{"@id":"https:\/\/portaltela.pt\/noticias\/2026\/01\/19\/aldeias-do-xisto-de-gois-representa-portugal-no-maior-festival-de-mascaras\/"},"wordCount":189,"image":{"@id":"https:\/\/portaltela.pt\/noticias\/2026\/01\/19\/aldeias-do-xisto-de-gois-representa-portugal-no-maior-festival-de-mascaras\/#primaryimage"},"thumbnailUrl":"https:\/\/portaltela.pt\/s.01k8rhncp4jt1\/2026\/01\/unnamed-file-3850.jpg","keywords":["cultura","eventos internacionais","festivais","G\u00f3is","Portugal","turismo"],"articleSection":["Not\u00edcias"],"inLanguage":"pt-PT"},{"@type":"WebPage","@id":"https:\/\/portaltela.pt\/noticias\/2026\/01\/19\/aldeias-do-xisto-de-gois-representa-portugal-no-maior-festival-de-mascaras\/","url":"https:\/\/portaltela.pt\/noticias\/2026\/01\/19\/aldeias-do-xisto-de-gois-representa-portugal-no-maior-festival-de-mascaras\/","name":"Aldeias do Xisto de G\u00f3is representa Portugal no maior festival de m\u00e1scaras - Portal Tela Portugal","isPartOf":{"@id":"https:\/\/portaltela.pt\/#website"},"primaryImageOfPage":{"@id":"https:\/\/portaltela.pt\/noticias\/2026\/01\/19\/aldeias-do-xisto-de-gois-representa-portugal-no-maior-festival-de-mascaras\/#primaryimage"},"image":{"@id":"https:\/\/portaltela.pt\/noticias\/2026\/01\/19\/aldeias-do-xisto-de-gois-representa-portugal-no-maior-festival-de-mascaras\/#primaryimage"},"thumbnailUrl":"https:\/\/portaltela.pt\/s.01k8rhncp4jt1\/2026\/01\/unnamed-file-3850.jpg","datePublished":"2026-01-19T12:07:48+00:00","author":{"@id":"https:\/\/portaltela.pt\/#\/schema\/person\/c4278d4a6028830caff9ee44b42d32ed"},"breadcrumb":{"@id":"https:\/\/portaltela.pt\/noticias\/2026\/01\/19\/aldeias-do-xisto-de-gois-representa-portugal-no-maior-festival-de-mascaras\/#breadcrumb"},"inLanguage":"pt-PT","potentialAction":[{"@type":"ReadAction","target":["https:\/\/portaltela.pt\/noticias\/2026\/01\/19\/aldeias-do-xisto-de-gois-representa-portugal-no-maior-festival-de-mascaras\/"]}]},{"@type":"ImageObject","inLanguage":"pt-PT","@id":"https:\/\/portaltela.pt\/noticias\/2026\/01\/19\/aldeias-do-xisto-de-gois-representa-portugal-no-maior-festival-de-mascaras\/#primaryimage","url":"https:\/\/portaltela.pt\/s.01k8rhncp4jt1\/2026\/01\/unnamed-file-3850.jpg","contentUrl":"https:\/\/portaltela.pt\/s.01k8rhncp4jt1\/2026\/01\/unnamed-file-3850.jpg","width":796,"height":448,"caption":"Corrida do Entrudo das Aldeias do Xisto de G\u00f3is representou Portugal no maior Festival de M\u00e1scaras da Europa Caixa de entrada"},{"@type":"BreadcrumbList","@id":"https:\/\/portaltela.pt\/noticias\/2026\/01\/19\/aldeias-do-xisto-de-gois-representa-portugal-no-maior-festival-de-mascaras\/#breadcrumb","itemListElement":[{"@type":"ListItem","position":1,"name":"In\u00edcio","item":"https:\/\/portaltela.pt\/"},{"@type":"ListItem","position":2,"name":"Aldeias do Xisto de G\u00f3is representa Portugal no maior festival de m\u00e1scaras"}]},{"@type":"WebSite","@id":"https:\/\/portaltela.pt\/#website","url":"https:\/\/portaltela.pt\/","name":"Portal Tela Portugal","description":"","potentialAction":[{"@type":"SearchAction","target":{"@type":"EntryPoint","urlTemplate":"https:\/\/portaltela.pt\/?s={search_term_string}"},"query-input":{"@type":"PropertyValueSpecification","valueRequired":true,"valueName":"search_term_string"}}],"inLanguage":"pt-PT"},{"@type":"Person","@id":"https:\/\/portaltela.pt\/#\/schema\/person\/c4278d4a6028830caff9ee44b42d32ed","name":"Telinha","image":{"@type":"ImageObject","inLanguage":"pt-PT","@id":"https:\/\/portaltela.pt\/s.01k8rhncp4jt1\/2025\/11\/talking-bot-125x125.png","url":"https:\/\/portaltela.pt\/s.01k8rhncp4jt1\/2025\/11\/talking-bot-125x125.png","contentUrl":"https:\/\/portaltela.pt\/s.01k8rhncp4jt1\/2025\/11\/talking-bot-125x125.png","caption":"Telinha"},"sameAs":["https:\/\/portaltela.pt\/"],"url":"https:\/\/portaltela.pt\/por\/367410592786\/"}]}},"_links":{"self":[{"href":"https:\/\/portaltela.pt\/api\/wp\/v2\/posts\/152873","targetHints":{"allow":["GET"]}}],"collection":[{"href":"https:\/\/portaltela.pt\/api\/wp\/v2\/posts"}],"about":[{"href":"https:\/\/portaltela.pt\/api\/wp\/v2\/types\/post"}],"author":[{"embeddable":true,"href":"https:\/\/portaltela.pt\/api\/wp\/v2\/users\/2"}],"replies":[{"embeddable":true,"href":"https:\/\/portaltela.pt\/api\/wp\/v2\/comments?post=152873"}],"version-history":[{"count":0,"href":"https:\/\/portaltela.pt\/api\/wp\/v2\/posts\/152873\/revisions"}],"wp:featuredmedia":[{"embeddable":true,"href":"https:\/\/portaltela.pt\/api\/wp\/v2\/media\/152898"}],"wp:attachment":[{"href":"https:\/\/portaltela.pt\/api\/wp\/v2\/media?parent=152873"}],"wp:term":[{"taxonomy":"category","embeddable":true,"href":"https:\/\/portaltela.pt\/api\/wp\/v2\/categories?post=152873"},{"taxonomy":"post_tag","embeddable":true,"href":"https:\/\/portaltela.pt\/api\/wp\/v2\/tags?post=152873"}],"curies":[{"name":"wp","href":"https:\/\/api.w.org\/{rel}","templated":true}]}}