{"id":152866,"date":"2026-01-18T20:54:37","date_gmt":"2026-01-18T23:54:37","guid":{"rendered":"https:\/\/portaltela.pt\/noticias\/2026\/01\/18\/pedro-santana-lopes-diz-que-estamos-em-choque-e-teremos-de-digerir-a-situacao\/"},"modified":"2026-01-18T20:54:37","modified_gmt":"2026-01-18T23:54:37","slug":"pedro-santana-lopes-diz-que-estamos-em-choque-e-teremos-de-digerir-a-situacao","status":"publish","type":"post","link":"https:\/\/portaltela.pt\/noticias\/politica\/2026\/01\/18\/pedro-santana-lopes-diz-que-estamos-em-choque-e-teremos-de-digerir-a-situacao\/","title":{"rendered":"Pedro Santana Lopes diz que estamos em choque e teremos de digerir a situa\u00e7\u00e3o"},"content":{"rendered":"<p>Pedro Santana Lopes comentou, ao NOW, os resultados da primeira volta das elei\u00e7\u00f5es presidenciais, afirmando que o pa\u00eds est\u00e1 em estado de choque. O ex-primeiro-ministro destacou a necessidade de digerir o sucedido e refletir sobre o futuro pol\u00edtico de Portugal.<\/p>\n<p>Segundo o antigo chefe de governo, \u00e9 essencial manter a calma e procurar solu\u00e7\u00f5es para os desafios que se colocam \u00e0 democracia do pa\u00eds. O objetivo passa por entender o que ocorreu nas urnas e orientar pr\u00f3ximos passos institucionais.<\/p>\n<p>As declara\u00e7\u00f5es surgem numa altura em que se perspetivam medidas pol\u00edticas e sociais para enfrentar a atual conjuntura eleitoral. O foco, para Santana Lopes, \u00e9 preservar a estabilidade e promover um debate c\u00edvico informado.<\/p>\n<p>A an\u00e1lise p\u00fablica do resultado da primeira volta tem sido tema de debate entre advers\u00e1rios, comentaristas e cidad\u00e3os, com v\u00e1rias leituras sobre o impacto nas entidades pol\u00edticas e no processo eleitoral.<\/p>\n","protected":false},"excerpt":{"rendered":"<ul>\n<li>Pedro Santana Lopes disse que o pa\u00eds est\u00e1 em estado de choque ap\u00f3s os resultados da primeira volta das presidenciais.<\/li>\n<li>O ex-primeiro-ministro afirmou que \u00e9 preciso digerir o que aconteceu e refletir sobre o futuro pol\u00edtico de Portugal.<\/li>\n<li>Em declara\u00e7\u00f5es ao NOW, refor\u00e7ou a import\u00e2ncia de manter a calma e procurar solu\u00e7\u00f5es para os desafios da democracia.<\/li>\n<li>A entrevista foi veiculada pelo NOW, com o coment\u00e1rio de Santana Lopes sobre o momento pol\u00edtico.<\/li>\n<\/ul>\n","protected":false},"author":2,"featured_media":152891,"comment_status":"closed","ping_status":"closed","sticky":false,"template":"","format":"standard","meta":{"footnotes":""},"categories":[1,5],"tags":[2795,68,2832,1014,3001,2759],"class_list":["post-152866","post","type-post","status-publish","format-standard","has-post-thumbnail","hentry","category-noticias","category-politica","tag-democracia","tag-eleicoes","tag-politica","tag-portugal","tag-presidenciais","tag-santana-lopes"],"yoast_head":"<!-- This site is optimized with the Yoast SEO plugin v27.2 - https:\/\/yoast.com\/product\/yoast-seo-wordpress\/ -->\n<title>Pedro Santana Lopes diz que estamos em choque e teremos de digerir a situa\u00e7\u00e3o - Portal Tela Portugal<\/title>\n<meta name=\"robots\" content=\"index, follow, max-snippet:-1, max-image-preview:large, max-video-preview:-1\" \/>\n<meta property=\"og:locale\" content=\"pt_PT\" \/>\n<meta property=\"og:type\" content=\"article\" \/>\n<meta property=\"og:title\" content=\"Pedro Santana Lopes diz que estamos em choque e teremos de digerir a situa\u00e7\u00e3o - Portal Tela Portugal\" \/>\n<meta property=\"og:description\" content=\"Pedro Santana Lopes disse que o pa\u00eds est\u00e1 em estado de choque ap\u00f3s os resultados da primeira volta das presidenciais. O ex-primeiro-ministro afirmou que \u00e9 preciso digerir o que aconteceu e refletir sobre o futuro pol\u00edtico de Portugal. Em declara\u00e7\u00f5es ao NOW, refor\u00e7ou a import\u00e2ncia de manter a calma e procurar solu\u00e7\u00f5es para os desafios da democracia. A entrevista foi veiculada pelo NOW, com o coment\u00e1rio de Santana Lopes sobre o momento pol\u00edtico.\" \/>\n<meta property=\"og:url\" content=\"https:\/\/portaltela.pt\/noticias\/2026\/01\/18\/pedro-santana-lopes-diz-que-estamos-em-choque-e-teremos-de-digerir-a-situacao\/\" \/>\n<meta property=\"og:site_name\" content=\"Portal Tela Portugal\" \/>\n<meta property=\"article:published_time\" content=\"2026-01-18T23:54:37+00:00\" \/>\n<meta name=\"author\" content=\"Telinha\" \/>\n<meta name=\"twitter:card\" content=\"summary_large_image\" \/>\n<meta name=\"twitter:label1\" content=\"Escrito por\" \/>\n\t<meta name=\"twitter:data1\" content=\"Telinha\" \/>\n\t<meta name=\"twitter:label2\" content=\"Tempo estimado de leitura\" \/>\n\t<meta name=\"twitter:data2\" content=\"1 minuto\" \/>\n<script type=\"application\/ld+json\" class=\"yoast-schema-graph\">{\"@context\":\"https:\/\/schema.org\",\"@graph\":[{\"@type\":\"Article\",\"@id\":\"https:\/\/portaltela.pt\/noticias\/2026\/01\/18\/pedro-santana-lopes-diz-que-estamos-em-choque-e-teremos-de-digerir-a-situacao\/#article\",\"isPartOf\":{\"@id\":\"https:\/\/portaltela.pt\/noticias\/2026\/01\/18\/pedro-santana-lopes-diz-que-estamos-em-choque-e-teremos-de-digerir-a-situacao\/\"},\"author\":{\"name\":\"Telinha\",\"@id\":\"https:\/\/portaltela.pt\/#\/schema\/person\/c4278d4a6028830caff9ee44b42d32ed\"},\"headline\":\"Pedro Santana Lopes diz que estamos em choque e teremos de digerir a situa\u00e7\u00e3o\",\"datePublished\":\"2026-01-18T23:54:37+00:00\",\"mainEntityOfPage\":{\"@id\":\"https:\/\/portaltela.pt\/noticias\/2026\/01\/18\/pedro-santana-lopes-diz-que-estamos-em-choque-e-teremos-de-digerir-a-situacao\/\"},\"wordCount\":171,\"image\":{\"@id\":\"https:\/\/portaltela.pt\/noticias\/2026\/01\/18\/pedro-santana-lopes-diz-que-estamos-em-choque-e-teremos-de-digerir-a-situacao\/#primaryimage\"},\"thumbnailUrl\":\"https:\/\/portaltela.pt\/s.01k8rhncp4jt1\/2026\/01\/img_293x165uu2026-01-18-23-54-00-2415687-2.jpg\",\"keywords\":[\"democracia\",\"elei\u00e7\u00f5es\",\"pol\u00edtica\",\"Portugal\",\"Presidenciais\",\"Santana Lopes\"],\"articleSection\":[\"Not\u00edcias\",\"Pol\u00edtica\"],\"inLanguage\":\"pt-PT\"},{\"@type\":\"WebPage\",\"@id\":\"https:\/\/portaltela.pt\/noticias\/2026\/01\/18\/pedro-santana-lopes-diz-que-estamos-em-choque-e-teremos-de-digerir-a-situacao\/\",\"url\":\"https:\/\/portaltela.pt\/noticias\/2026\/01\/18\/pedro-santana-lopes-diz-que-estamos-em-choque-e-teremos-de-digerir-a-situacao\/\",\"name\":\"Pedro Santana Lopes diz que estamos em choque e teremos de digerir a situa\u00e7\u00e3o - Portal Tela Portugal\",\"isPartOf\":{\"@id\":\"https:\/\/portaltela.pt\/#website\"},\"primaryImageOfPage\":{\"@id\":\"https:\/\/portaltela.pt\/noticias\/2026\/01\/18\/pedro-santana-lopes-diz-que-estamos-em-choque-e-teremos-de-digerir-a-situacao\/#primaryimage\"},\"image\":{\"@id\":\"https:\/\/portaltela.pt\/noticias\/2026\/01\/18\/pedro-santana-lopes-diz-que-estamos-em-choque-e-teremos-de-digerir-a-situacao\/#primaryimage\"},\"thumbnailUrl\":\"https:\/\/portaltela.pt\/s.01k8rhncp4jt1\/2026\/01\/img_293x165uu2026-01-18-23-54-00-2415687-2.jpg\",\"datePublished\":\"2026-01-18T23:54:37+00:00\",\"author\":{\"@id\":\"https:\/\/portaltela.pt\/#\/schema\/person\/c4278d4a6028830caff9ee44b42d32ed\"},\"breadcrumb\":{\"@id\":\"https:\/\/portaltela.pt\/noticias\/2026\/01\/18\/pedro-santana-lopes-diz-que-estamos-em-choque-e-teremos-de-digerir-a-situacao\/#breadcrumb\"},\"inLanguage\":\"pt-PT\",\"potentialAction\":[{\"@type\":\"ReadAction\",\"target\":[\"https:\/\/portaltela.pt\/noticias\/2026\/01\/18\/pedro-santana-lopes-diz-que-estamos-em-choque-e-teremos-de-digerir-a-situacao\/\"]}]},{\"@type\":\"ImageObject\",\"inLanguage\":\"pt-PT\",\"@id\":\"https:\/\/portaltela.pt\/noticias\/2026\/01\/18\/pedro-santana-lopes-diz-que-estamos-em-choque-e-teremos-de-digerir-a-situacao\/#primaryimage\",\"url\":\"https:\/\/portaltela.pt\/s.01k8rhncp4jt1\/2026\/01\/img_293x165uu2026-01-18-23-54-00-2415687-2.jpg\",\"contentUrl\":\"https:\/\/portaltela.pt\/s.01k8rhncp4jt1\/2026\/01\/img_293x165uu2026-01-18-23-54-00-2415687-2.jpg\",\"width\":796,\"height\":448,\"caption\":\"Pedro Santana Lopes: \u00abEstamos todos em estado de choque e vamos ter que digerir isto\u00bb\"},{\"@type\":\"BreadcrumbList\",\"@id\":\"https:\/\/portaltela.pt\/noticias\/2026\/01\/18\/pedro-santana-lopes-diz-que-estamos-em-choque-e-teremos-de-digerir-a-situacao\/#breadcrumb\",\"itemListElement\":[{\"@type\":\"ListItem\",\"position\":1,\"name\":\"In\u00edcio\",\"item\":\"https:\/\/portaltela.pt\/\"},{\"@type\":\"ListItem\",\"position\":2,\"name\":\"Pedro Santana Lopes diz que estamos em choque e teremos de digerir a situa\u00e7\u00e3o\"}]},{\"@type\":\"WebSite\",\"@id\":\"https:\/\/portaltela.pt\/#website\",\"url\":\"https:\/\/portaltela.pt\/\",\"name\":\"Portal Tela Portugal\",\"description\":\"\",\"potentialAction\":[{\"@type\":\"SearchAction\",\"target\":{\"@type\":\"EntryPoint\",\"urlTemplate\":\"https:\/\/portaltela.pt\/?s={search_term_string}\"},\"query-input\":{\"@type\":\"PropertyValueSpecification\",\"valueRequired\":true,\"valueName\":\"search_term_string\"}}],\"inLanguage\":\"pt-PT\"},{\"@type\":\"Person\",\"@id\":\"https:\/\/portaltela.pt\/#\/schema\/person\/c4278d4a6028830caff9ee44b42d32ed\",\"name\":\"Telinha\",\"image\":{\"@type\":\"ImageObject\",\"inLanguage\":\"pt-PT\",\"@id\":\"https:\/\/portaltela.pt\/s.01k8rhncp4jt1\/2025\/11\/talking-bot-125x125.png\",\"url\":\"https:\/\/portaltela.pt\/s.01k8rhncp4jt1\/2025\/11\/talking-bot-125x125.png\",\"contentUrl\":\"https:\/\/portaltela.pt\/s.01k8rhncp4jt1\/2025\/11\/talking-bot-125x125.png\",\"caption\":\"Telinha\"},\"sameAs\":[\"https:\/\/portaltela.pt\/\"],\"url\":\"https:\/\/portaltela.pt\/por\/367410592786\/\"}]}<\/script>\n<!-- \/ Yoast SEO plugin. -->","yoast_head_json":{"title":"Pedro Santana Lopes diz que estamos em choque e teremos de digerir a situa\u00e7\u00e3o - Portal Tela Portugal","robots":{"index":"index","follow":"follow","max-snippet":"max-snippet:-1","max-image-preview":"max-image-preview:large","max-video-preview":"max-video-preview:-1"},"og_locale":"pt_PT","og_type":"article","og_title":"Pedro Santana Lopes diz que estamos em choque e teremos de digerir a situa\u00e7\u00e3o - Portal Tela Portugal","og_description":"Pedro Santana Lopes disse que o pa\u00eds est\u00e1 em estado de choque ap\u00f3s os resultados da primeira volta das presidenciais. O ex-primeiro-ministro afirmou que \u00e9 preciso digerir o que aconteceu e refletir sobre o futuro pol\u00edtico de Portugal. Em declara\u00e7\u00f5es ao NOW, refor\u00e7ou a import\u00e2ncia de manter a calma e procurar solu\u00e7\u00f5es para os desafios da democracia. A entrevista foi veiculada pelo NOW, com o coment\u00e1rio de Santana Lopes sobre o momento pol\u00edtico.","og_url":"https:\/\/portaltela.pt\/noticias\/2026\/01\/18\/pedro-santana-lopes-diz-que-estamos-em-choque-e-teremos-de-digerir-a-situacao\/","og_site_name":"Portal Tela Portugal","article_published_time":"2026-01-18T23:54:37+00:00","author":"Telinha","twitter_card":"summary_large_image","twitter_misc":{"Escrito por":"Telinha","Tempo estimado de leitura":"1 minuto"},"schema":{"@context":"https:\/\/schema.org","@graph":[{"@type":"Article","@id":"https:\/\/portaltela.pt\/noticias\/2026\/01\/18\/pedro-santana-lopes-diz-que-estamos-em-choque-e-teremos-de-digerir-a-situacao\/#article","isPartOf":{"@id":"https:\/\/portaltela.pt\/noticias\/2026\/01\/18\/pedro-santana-lopes-diz-que-estamos-em-choque-e-teremos-de-digerir-a-situacao\/"},"author":{"name":"Telinha","@id":"https:\/\/portaltela.pt\/#\/schema\/person\/c4278d4a6028830caff9ee44b42d32ed"},"headline":"Pedro Santana Lopes diz que estamos em choque e teremos de digerir a situa\u00e7\u00e3o","datePublished":"2026-01-18T23:54:37+00:00","mainEntityOfPage":{"@id":"https:\/\/portaltela.pt\/noticias\/2026\/01\/18\/pedro-santana-lopes-diz-que-estamos-em-choque-e-teremos-de-digerir-a-situacao\/"},"wordCount":171,"image":{"@id":"https:\/\/portaltela.pt\/noticias\/2026\/01\/18\/pedro-santana-lopes-diz-que-estamos-em-choque-e-teremos-de-digerir-a-situacao\/#primaryimage"},"thumbnailUrl":"https:\/\/portaltela.pt\/s.01k8rhncp4jt1\/2026\/01\/img_293x165uu2026-01-18-23-54-00-2415687-2.jpg","keywords":["democracia","elei\u00e7\u00f5es","pol\u00edtica","Portugal","Presidenciais","Santana Lopes"],"articleSection":["Not\u00edcias","Pol\u00edtica"],"inLanguage":"pt-PT"},{"@type":"WebPage","@id":"https:\/\/portaltela.pt\/noticias\/2026\/01\/18\/pedro-santana-lopes-diz-que-estamos-em-choque-e-teremos-de-digerir-a-situacao\/","url":"https:\/\/portaltela.pt\/noticias\/2026\/01\/18\/pedro-santana-lopes-diz-que-estamos-em-choque-e-teremos-de-digerir-a-situacao\/","name":"Pedro Santana Lopes diz que estamos em choque e teremos de digerir a situa\u00e7\u00e3o - Portal Tela Portugal","isPartOf":{"@id":"https:\/\/portaltela.pt\/#website"},"primaryImageOfPage":{"@id":"https:\/\/portaltela.pt\/noticias\/2026\/01\/18\/pedro-santana-lopes-diz-que-estamos-em-choque-e-teremos-de-digerir-a-situacao\/#primaryimage"},"image":{"@id":"https:\/\/portaltela.pt\/noticias\/2026\/01\/18\/pedro-santana-lopes-diz-que-estamos-em-choque-e-teremos-de-digerir-a-situacao\/#primaryimage"},"thumbnailUrl":"https:\/\/portaltela.pt\/s.01k8rhncp4jt1\/2026\/01\/img_293x165uu2026-01-18-23-54-00-2415687-2.jpg","datePublished":"2026-01-18T23:54:37+00:00","author":{"@id":"https:\/\/portaltela.pt\/#\/schema\/person\/c4278d4a6028830caff9ee44b42d32ed"},"breadcrumb":{"@id":"https:\/\/portaltela.pt\/noticias\/2026\/01\/18\/pedro-santana-lopes-diz-que-estamos-em-choque-e-teremos-de-digerir-a-situacao\/#breadcrumb"},"inLanguage":"pt-PT","potentialAction":[{"@type":"ReadAction","target":["https:\/\/portaltela.pt\/noticias\/2026\/01\/18\/pedro-santana-lopes-diz-que-estamos-em-choque-e-teremos-de-digerir-a-situacao\/"]}]},{"@type":"ImageObject","inLanguage":"pt-PT","@id":"https:\/\/portaltela.pt\/noticias\/2026\/01\/18\/pedro-santana-lopes-diz-que-estamos-em-choque-e-teremos-de-digerir-a-situacao\/#primaryimage","url":"https:\/\/portaltela.pt\/s.01k8rhncp4jt1\/2026\/01\/img_293x165uu2026-01-18-23-54-00-2415687-2.jpg","contentUrl":"https:\/\/portaltela.pt\/s.01k8rhncp4jt1\/2026\/01\/img_293x165uu2026-01-18-23-54-00-2415687-2.jpg","width":796,"height":448,"caption":"Pedro Santana Lopes: \u00abEstamos todos em estado de choque e vamos ter que digerir isto\u00bb"},{"@type":"BreadcrumbList","@id":"https:\/\/portaltela.pt\/noticias\/2026\/01\/18\/pedro-santana-lopes-diz-que-estamos-em-choque-e-teremos-de-digerir-a-situacao\/#breadcrumb","itemListElement":[{"@type":"ListItem","position":1,"name":"In\u00edcio","item":"https:\/\/portaltela.pt\/"},{"@type":"ListItem","position":2,"name":"Pedro Santana Lopes diz que estamos em choque e teremos de digerir a situa\u00e7\u00e3o"}]},{"@type":"WebSite","@id":"https:\/\/portaltela.pt\/#website","url":"https:\/\/portaltela.pt\/","name":"Portal Tela Portugal","description":"","potentialAction":[{"@type":"SearchAction","target":{"@type":"EntryPoint","urlTemplate":"https:\/\/portaltela.pt\/?s={search_term_string}"},"query-input":{"@type":"PropertyValueSpecification","valueRequired":true,"valueName":"search_term_string"}}],"inLanguage":"pt-PT"},{"@type":"Person","@id":"https:\/\/portaltela.pt\/#\/schema\/person\/c4278d4a6028830caff9ee44b42d32ed","name":"Telinha","image":{"@type":"ImageObject","inLanguage":"pt-PT","@id":"https:\/\/portaltela.pt\/s.01k8rhncp4jt1\/2025\/11\/talking-bot-125x125.png","url":"https:\/\/portaltela.pt\/s.01k8rhncp4jt1\/2025\/11\/talking-bot-125x125.png","contentUrl":"https:\/\/portaltela.pt\/s.01k8rhncp4jt1\/2025\/11\/talking-bot-125x125.png","caption":"Telinha"},"sameAs":["https:\/\/portaltela.pt\/"],"url":"https:\/\/portaltela.pt\/por\/367410592786\/"}]}},"_links":{"self":[{"href":"https:\/\/portaltela.pt\/api\/wp\/v2\/posts\/152866","targetHints":{"allow":["GET"]}}],"collection":[{"href":"https:\/\/portaltela.pt\/api\/wp\/v2\/posts"}],"about":[{"href":"https:\/\/portaltela.pt\/api\/wp\/v2\/types\/post"}],"author":[{"embeddable":true,"href":"https:\/\/portaltela.pt\/api\/wp\/v2\/users\/2"}],"replies":[{"embeddable":true,"href":"https:\/\/portaltela.pt\/api\/wp\/v2\/comments?post=152866"}],"version-history":[{"count":0,"href":"https:\/\/portaltela.pt\/api\/wp\/v2\/posts\/152866\/revisions"}],"wp:featuredmedia":[{"embeddable":true,"href":"https:\/\/portaltela.pt\/api\/wp\/v2\/media\/152891"}],"wp:attachment":[{"href":"https:\/\/portaltela.pt\/api\/wp\/v2\/media?parent=152866"}],"wp:term":[{"taxonomy":"category","embeddable":true,"href":"https:\/\/portaltela.pt\/api\/wp\/v2\/categories?post=152866"},{"taxonomy":"post_tag","embeddable":true,"href":"https:\/\/portaltela.pt\/api\/wp\/v2\/tags?post=152866"}],"curies":[{"name":"wp","href":"https:\/\/api.w.org\/{rel}","templated":true}]}}