{"id":152865,"date":"2026-01-19T10:07:00","date_gmt":"2026-01-19T13:07:00","guid":{"rendered":"https:\/\/portaltela.pt\/noticias\/2026\/01\/19\/surto-de-colera-soma-2-343-casos-em-quatro-meses\/"},"modified":"2026-01-19T10:07:00","modified_gmt":"2026-01-19T13:07:00","slug":"surto-de-colera-soma-2-343-casos-em-quatro-meses","status":"publish","type":"post","link":"https:\/\/portaltela.pt\/noticias\/2026\/01\/19\/surto-de-colera-soma-2-343-casos-em-quatro-meses\/","title":{"rendered":"Surto de c\u00f3lera soma 2.343 casos em quatro meses"},"content":{"rendered":"<p>O surto de c\u00f3lera em Mo\u00e7ambique j\u00e1 soma <strong>2.343<\/strong> casos nos \u00faltimos quatro meses, com <strong>28<\/strong> \u00f3bitos. O an\u00fancio baseia-se no mais recente boletim di\u00e1rio da Dire\u00e7\u00e3o Nacional de Sa\u00fade P\u00fablica.<\/p>\n<p>Nos \u00faltimos 7 dias, quase 600 casos e dois \u00f3bitos foram registados, enquanto 64 novos casos ocorreram nas 24 horas anteriores ao fecho do boletim. A taxa de letalidade caiu de 1,5% para 1,2%.<\/p>\n<p>Entre as prov\u00edncias, <strong>Nampula<\/strong> registou <strong>1.079<\/strong> casos e 13 mortes, <strong>Tete<\/strong> tem <strong>885<\/strong> casos com 13 \u00f3bitos, e <strong>Cabo Delgado<\/strong> soma <strong>379<\/strong> casos com duas mortes. A distribui\u00e7\u00e3o reflete prioridades de resposta.<\/p>\n<h3>Resposta e medidas<\/h3>\n<p>O Ministro da Sa\u00fade, Ussene Isse, sublinhou que a c\u00f3lera \u00e9 um problema de sa\u00fade p\u00fablica e apelou ao cumprimento de medidas de higiene para controlar a doen\u00e7a.<\/p>\n<p>Foram recebidas cerca de <strong>3,5 milh\u00f5es de doses<\/strong> de vacinas para tratar e prevenir a c\u00f3lera, com foco na educa\u00e7\u00e3o das comunidades, j\u00e1 que ~70% das mortes ocorreram no meio comunit\u00e1rio.<\/p>\n<p>O Governo define como objetivo eliminar a c\u00f3lera como problema de sa\u00fade p\u00fablica at\u00e9 2030, investindo em \u00e1gua segura, saneamento e cuidados de sa\u00fade de qualidade, com a\u00e7\u00f5es multissetoriais baseadas em evid\u00eancias.<\/p>\n","protected":false},"excerpt":{"rendered":"<ul>\n<li>Mo\u00e7ambique regista 2.343 casos de c\u00f3lera e 28 \u00f3bitos no \u00faltimo quadrimestre, com quase 600 casos e dois mortos na \u00faltima semana.<\/li>\n<li>Distribui\u00e7\u00e3o por prov\u00edncias: Nampula (1.079 casos; 13 mortes), Tete (885; 13 mortes) e Cabo Delgado (379; 2 mortes).<\/li>\n<li>Nas \u00faltimas 24 horas, foram registados 64 novos casos e 44 pessoas internadas; a letalidade subiu para 1,2%.<\/li>\n<li>O Governo pretende eliminar a c\u00f3lera como problema de sa\u00fade p\u00fablica at\u00e9 2030, com um plano aprovado em 16 de setembro e um or\u00e7amento de 31 mil milh\u00f5es de meticais.<\/li>\n<li>O ministro da Sa\u00fade, Ussene Isse, destacou que cerca de 70% dos \u00f3bitos ocorreram na comunidade, e sublinhou a necessidade de respeito pelas medidas de higiene; h\u00e1 3,5 milh\u00f5es de doses de vacinas dispon\u00edveis.<\/li>\n<\/ul>\n","protected":false},"author":2,"featured_media":152900,"comment_status":"closed","ping_status":"closed","sticky":false,"template":"","format":"standard","meta":{"footnotes":""},"categories":[1],"tags":[1503,2049,1948,1123,271,3440],"class_list":["post-152865","post","type-post","status-publish","format-standard","has-post-thumbnail","hentry","category-noticias","tag-abastecimento-de-agua","tag-cabo-delgado","tag-nampula","tag-saneamento","tag-saude-publica","tag-tete"],"yoast_head":"<!-- This site is optimized with the Yoast SEO plugin v27.2 - https:\/\/yoast.com\/product\/yoast-seo-wordpress\/ -->\n<title>Surto de c\u00f3lera soma 2.343 casos em quatro meses - Portal Tela Portugal<\/title>\n<meta name=\"robots\" content=\"index, follow, max-snippet:-1, max-image-preview:large, max-video-preview:-1\" \/>\n<meta property=\"og:locale\" content=\"pt_PT\" \/>\n<meta property=\"og:type\" content=\"article\" \/>\n<meta property=\"og:title\" content=\"Surto de c\u00f3lera soma 2.343 casos em quatro meses - Portal Tela Portugal\" \/>\n<meta property=\"og:description\" content=\"Mo\u00e7ambique regista 2.343 casos de c\u00f3lera e 28 \u00f3bitos no \u00faltimo quadrimestre, com quase 600 casos e dois mortos na \u00faltima semana. Distribui\u00e7\u00e3o por prov\u00edncias: Nampula (1.079 casos; 13 mortes), Tete (885; 13 mortes) e Cabo Delgado (379; 2 mortes). Nas \u00faltimas 24 horas, foram registados 64 novos casos e 44 pessoas internadas; a letalidade subiu para 1,2%. O Governo pretende eliminar a c\u00f3lera como problema de sa\u00fade p\u00fablica at\u00e9 2030, com um plano aprovado em 16 de setembro e um or\u00e7amento de 31 mil milh\u00f5es de meticais. O ministro da Sa\u00fade, Ussene Isse, destacou que cerca de 70% dos \u00f3bitos ocorreram na comunidade, e sublinhou a necessidade de respeito pelas medidas de higiene; h\u00e1 3,5 milh\u00f5es de doses de vacinas dispon\u00edveis.\" \/>\n<meta property=\"og:url\" content=\"https:\/\/portaltela.pt\/noticias\/2026\/01\/19\/surto-de-colera-soma-2-343-casos-em-quatro-meses\/\" \/>\n<meta property=\"og:site_name\" content=\"Portal Tela Portugal\" \/>\n<meta property=\"article:published_time\" content=\"2026-01-19T13:07:00+00:00\" \/>\n<meta name=\"author\" content=\"Telinha\" \/>\n<meta name=\"twitter:card\" content=\"summary_large_image\" \/>\n<meta name=\"twitter:label1\" content=\"Escrito por\" \/>\n\t<meta name=\"twitter:data1\" content=\"Telinha\" \/>\n\t<meta name=\"twitter:label2\" content=\"Tempo estimado de leitura\" \/>\n\t<meta name=\"twitter:data2\" content=\"1 minuto\" \/>\n<script type=\"application\/ld+json\" class=\"yoast-schema-graph\">{\"@context\":\"https:\/\/schema.org\",\"@graph\":[{\"@type\":\"Article\",\"@id\":\"https:\/\/portaltela.pt\/noticias\/2026\/01\/19\/surto-de-colera-soma-2-343-casos-em-quatro-meses\/#article\",\"isPartOf\":{\"@id\":\"https:\/\/portaltela.pt\/noticias\/2026\/01\/19\/surto-de-colera-soma-2-343-casos-em-quatro-meses\/\"},\"author\":{\"name\":\"Telinha\",\"@id\":\"https:\/\/portaltela.pt\/#\/schema\/person\/c4278d4a6028830caff9ee44b42d32ed\"},\"headline\":\"Surto de c\u00f3lera soma 2.343 casos em quatro meses\",\"datePublished\":\"2026-01-19T13:07:00+00:00\",\"mainEntityOfPage\":{\"@id\":\"https:\/\/portaltela.pt\/noticias\/2026\/01\/19\/surto-de-colera-soma-2-343-casos-em-quatro-meses\/\"},\"wordCount\":207,\"image\":{\"@id\":\"https:\/\/portaltela.pt\/noticias\/2026\/01\/19\/surto-de-colera-soma-2-343-casos-em-quatro-meses\/#primaryimage\"},\"thumbnailUrl\":\"https:\/\/portaltela.pt\/s.01k8rhncp4jt1\/2026\/01\/unnamed-file-3851.jpg\",\"keywords\":[\"abastecimento de \u00e1gua\",\"Cabo Delgado\",\"Nampula\",\"saneamento\",\"sa\u00fade p\u00fablica\",\"Tete\"],\"articleSection\":[\"Not\u00edcias\"],\"inLanguage\":\"pt-PT\"},{\"@type\":\"WebPage\",\"@id\":\"https:\/\/portaltela.pt\/noticias\/2026\/01\/19\/surto-de-colera-soma-2-343-casos-em-quatro-meses\/\",\"url\":\"https:\/\/portaltela.pt\/noticias\/2026\/01\/19\/surto-de-colera-soma-2-343-casos-em-quatro-meses\/\",\"name\":\"Surto de c\u00f3lera soma 2.343 casos em quatro meses - Portal Tela Portugal\",\"isPartOf\":{\"@id\":\"https:\/\/portaltela.pt\/#website\"},\"primaryImageOfPage\":{\"@id\":\"https:\/\/portaltela.pt\/noticias\/2026\/01\/19\/surto-de-colera-soma-2-343-casos-em-quatro-meses\/#primaryimage\"},\"image\":{\"@id\":\"https:\/\/portaltela.pt\/noticias\/2026\/01\/19\/surto-de-colera-soma-2-343-casos-em-quatro-meses\/#primaryimage\"},\"thumbnailUrl\":\"https:\/\/portaltela.pt\/s.01k8rhncp4jt1\/2026\/01\/unnamed-file-3851.jpg\",\"datePublished\":\"2026-01-19T13:07:00+00:00\",\"author\":{\"@id\":\"https:\/\/portaltela.pt\/#\/schema\/person\/c4278d4a6028830caff9ee44b42d32ed\"},\"breadcrumb\":{\"@id\":\"https:\/\/portaltela.pt\/noticias\/2026\/01\/19\/surto-de-colera-soma-2-343-casos-em-quatro-meses\/#breadcrumb\"},\"inLanguage\":\"pt-PT\",\"potentialAction\":[{\"@type\":\"ReadAction\",\"target\":[\"https:\/\/portaltela.pt\/noticias\/2026\/01\/19\/surto-de-colera-soma-2-343-casos-em-quatro-meses\/\"]}]},{\"@type\":\"ImageObject\",\"inLanguage\":\"pt-PT\",\"@id\":\"https:\/\/portaltela.pt\/noticias\/2026\/01\/19\/surto-de-colera-soma-2-343-casos-em-quatro-meses\/#primaryimage\",\"url\":\"https:\/\/portaltela.pt\/s.01k8rhncp4jt1\/2026\/01\/unnamed-file-3851.jpg\",\"contentUrl\":\"https:\/\/portaltela.pt\/s.01k8rhncp4jt1\/2026\/01\/unnamed-file-3851.jpg\",\"width\":796,\"height\":448,\"caption\":\"Pelo menos 169 pessoas morreram em 2025 em Mo\u00e7ambique devido \u00e0 c\u00f3lera\"},{\"@type\":\"BreadcrumbList\",\"@id\":\"https:\/\/portaltela.pt\/noticias\/2026\/01\/19\/surto-de-colera-soma-2-343-casos-em-quatro-meses\/#breadcrumb\",\"itemListElement\":[{\"@type\":\"ListItem\",\"position\":1,\"name\":\"In\u00edcio\",\"item\":\"https:\/\/portaltela.pt\/\"},{\"@type\":\"ListItem\",\"position\":2,\"name\":\"Surto de c\u00f3lera soma 2.343 casos em quatro meses\"}]},{\"@type\":\"WebSite\",\"@id\":\"https:\/\/portaltela.pt\/#website\",\"url\":\"https:\/\/portaltela.pt\/\",\"name\":\"Portal Tela Portugal\",\"description\":\"\",\"potentialAction\":[{\"@type\":\"SearchAction\",\"target\":{\"@type\":\"EntryPoint\",\"urlTemplate\":\"https:\/\/portaltela.pt\/?s={search_term_string}\"},\"query-input\":{\"@type\":\"PropertyValueSpecification\",\"valueRequired\":true,\"valueName\":\"search_term_string\"}}],\"inLanguage\":\"pt-PT\"},{\"@type\":\"Person\",\"@id\":\"https:\/\/portaltela.pt\/#\/schema\/person\/c4278d4a6028830caff9ee44b42d32ed\",\"name\":\"Telinha\",\"image\":{\"@type\":\"ImageObject\",\"inLanguage\":\"pt-PT\",\"@id\":\"https:\/\/portaltela.pt\/s.01k8rhncp4jt1\/2025\/11\/talking-bot-125x125.png\",\"url\":\"https:\/\/portaltela.pt\/s.01k8rhncp4jt1\/2025\/11\/talking-bot-125x125.png\",\"contentUrl\":\"https:\/\/portaltela.pt\/s.01k8rhncp4jt1\/2025\/11\/talking-bot-125x125.png\",\"caption\":\"Telinha\"},\"sameAs\":[\"https:\/\/portaltela.pt\/\"],\"url\":\"https:\/\/portaltela.pt\/por\/367410592786\/\"}]}<\/script>\n<!-- \/ Yoast SEO plugin. -->","yoast_head_json":{"title":"Surto de c\u00f3lera soma 2.343 casos em quatro meses - Portal Tela Portugal","robots":{"index":"index","follow":"follow","max-snippet":"max-snippet:-1","max-image-preview":"max-image-preview:large","max-video-preview":"max-video-preview:-1"},"og_locale":"pt_PT","og_type":"article","og_title":"Surto de c\u00f3lera soma 2.343 casos em quatro meses - Portal Tela Portugal","og_description":"Mo\u00e7ambique regista 2.343 casos de c\u00f3lera e 28 \u00f3bitos no \u00faltimo quadrimestre, com quase 600 casos e dois mortos na \u00faltima semana. Distribui\u00e7\u00e3o por prov\u00edncias: Nampula (1.079 casos; 13 mortes), Tete (885; 13 mortes) e Cabo Delgado (379; 2 mortes). Nas \u00faltimas 24 horas, foram registados 64 novos casos e 44 pessoas internadas; a letalidade subiu para 1,2%. O Governo pretende eliminar a c\u00f3lera como problema de sa\u00fade p\u00fablica at\u00e9 2030, com um plano aprovado em 16 de setembro e um or\u00e7amento de 31 mil milh\u00f5es de meticais. O ministro da Sa\u00fade, Ussene Isse, destacou que cerca de 70% dos \u00f3bitos ocorreram na comunidade, e sublinhou a necessidade de respeito pelas medidas de higiene; h\u00e1 3,5 milh\u00f5es de doses de vacinas dispon\u00edveis.","og_url":"https:\/\/portaltela.pt\/noticias\/2026\/01\/19\/surto-de-colera-soma-2-343-casos-em-quatro-meses\/","og_site_name":"Portal Tela Portugal","article_published_time":"2026-01-19T13:07:00+00:00","author":"Telinha","twitter_card":"summary_large_image","twitter_misc":{"Escrito por":"Telinha","Tempo estimado de leitura":"1 minuto"},"schema":{"@context":"https:\/\/schema.org","@graph":[{"@type":"Article","@id":"https:\/\/portaltela.pt\/noticias\/2026\/01\/19\/surto-de-colera-soma-2-343-casos-em-quatro-meses\/#article","isPartOf":{"@id":"https:\/\/portaltela.pt\/noticias\/2026\/01\/19\/surto-de-colera-soma-2-343-casos-em-quatro-meses\/"},"author":{"name":"Telinha","@id":"https:\/\/portaltela.pt\/#\/schema\/person\/c4278d4a6028830caff9ee44b42d32ed"},"headline":"Surto de c\u00f3lera soma 2.343 casos em quatro meses","datePublished":"2026-01-19T13:07:00+00:00","mainEntityOfPage":{"@id":"https:\/\/portaltela.pt\/noticias\/2026\/01\/19\/surto-de-colera-soma-2-343-casos-em-quatro-meses\/"},"wordCount":207,"image":{"@id":"https:\/\/portaltela.pt\/noticias\/2026\/01\/19\/surto-de-colera-soma-2-343-casos-em-quatro-meses\/#primaryimage"},"thumbnailUrl":"https:\/\/portaltela.pt\/s.01k8rhncp4jt1\/2026\/01\/unnamed-file-3851.jpg","keywords":["abastecimento de \u00e1gua","Cabo Delgado","Nampula","saneamento","sa\u00fade p\u00fablica","Tete"],"articleSection":["Not\u00edcias"],"inLanguage":"pt-PT"},{"@type":"WebPage","@id":"https:\/\/portaltela.pt\/noticias\/2026\/01\/19\/surto-de-colera-soma-2-343-casos-em-quatro-meses\/","url":"https:\/\/portaltela.pt\/noticias\/2026\/01\/19\/surto-de-colera-soma-2-343-casos-em-quatro-meses\/","name":"Surto de c\u00f3lera soma 2.343 casos em quatro meses - Portal Tela Portugal","isPartOf":{"@id":"https:\/\/portaltela.pt\/#website"},"primaryImageOfPage":{"@id":"https:\/\/portaltela.pt\/noticias\/2026\/01\/19\/surto-de-colera-soma-2-343-casos-em-quatro-meses\/#primaryimage"},"image":{"@id":"https:\/\/portaltela.pt\/noticias\/2026\/01\/19\/surto-de-colera-soma-2-343-casos-em-quatro-meses\/#primaryimage"},"thumbnailUrl":"https:\/\/portaltela.pt\/s.01k8rhncp4jt1\/2026\/01\/unnamed-file-3851.jpg","datePublished":"2026-01-19T13:07:00+00:00","author":{"@id":"https:\/\/portaltela.pt\/#\/schema\/person\/c4278d4a6028830caff9ee44b42d32ed"},"breadcrumb":{"@id":"https:\/\/portaltela.pt\/noticias\/2026\/01\/19\/surto-de-colera-soma-2-343-casos-em-quatro-meses\/#breadcrumb"},"inLanguage":"pt-PT","potentialAction":[{"@type":"ReadAction","target":["https:\/\/portaltela.pt\/noticias\/2026\/01\/19\/surto-de-colera-soma-2-343-casos-em-quatro-meses\/"]}]},{"@type":"ImageObject","inLanguage":"pt-PT","@id":"https:\/\/portaltela.pt\/noticias\/2026\/01\/19\/surto-de-colera-soma-2-343-casos-em-quatro-meses\/#primaryimage","url":"https:\/\/portaltela.pt\/s.01k8rhncp4jt1\/2026\/01\/unnamed-file-3851.jpg","contentUrl":"https:\/\/portaltela.pt\/s.01k8rhncp4jt1\/2026\/01\/unnamed-file-3851.jpg","width":796,"height":448,"caption":"Pelo menos 169 pessoas morreram em 2025 em Mo\u00e7ambique devido \u00e0 c\u00f3lera"},{"@type":"BreadcrumbList","@id":"https:\/\/portaltela.pt\/noticias\/2026\/01\/19\/surto-de-colera-soma-2-343-casos-em-quatro-meses\/#breadcrumb","itemListElement":[{"@type":"ListItem","position":1,"name":"In\u00edcio","item":"https:\/\/portaltela.pt\/"},{"@type":"ListItem","position":2,"name":"Surto de c\u00f3lera soma 2.343 casos em quatro meses"}]},{"@type":"WebSite","@id":"https:\/\/portaltela.pt\/#website","url":"https:\/\/portaltela.pt\/","name":"Portal Tela Portugal","description":"","potentialAction":[{"@type":"SearchAction","target":{"@type":"EntryPoint","urlTemplate":"https:\/\/portaltela.pt\/?s={search_term_string}"},"query-input":{"@type":"PropertyValueSpecification","valueRequired":true,"valueName":"search_term_string"}}],"inLanguage":"pt-PT"},{"@type":"Person","@id":"https:\/\/portaltela.pt\/#\/schema\/person\/c4278d4a6028830caff9ee44b42d32ed","name":"Telinha","image":{"@type":"ImageObject","inLanguage":"pt-PT","@id":"https:\/\/portaltela.pt\/s.01k8rhncp4jt1\/2025\/11\/talking-bot-125x125.png","url":"https:\/\/portaltela.pt\/s.01k8rhncp4jt1\/2025\/11\/talking-bot-125x125.png","contentUrl":"https:\/\/portaltela.pt\/s.01k8rhncp4jt1\/2025\/11\/talking-bot-125x125.png","caption":"Telinha"},"sameAs":["https:\/\/portaltela.pt\/"],"url":"https:\/\/portaltela.pt\/por\/367410592786\/"}]}},"_links":{"self":[{"href":"https:\/\/portaltela.pt\/api\/wp\/v2\/posts\/152865","targetHints":{"allow":["GET"]}}],"collection":[{"href":"https:\/\/portaltela.pt\/api\/wp\/v2\/posts"}],"about":[{"href":"https:\/\/portaltela.pt\/api\/wp\/v2\/types\/post"}],"author":[{"embeddable":true,"href":"https:\/\/portaltela.pt\/api\/wp\/v2\/users\/2"}],"replies":[{"embeddable":true,"href":"https:\/\/portaltela.pt\/api\/wp\/v2\/comments?post=152865"}],"version-history":[{"count":0,"href":"https:\/\/portaltela.pt\/api\/wp\/v2\/posts\/152865\/revisions"}],"wp:featuredmedia":[{"embeddable":true,"href":"https:\/\/portaltela.pt\/api\/wp\/v2\/media\/152900"}],"wp:attachment":[{"href":"https:\/\/portaltela.pt\/api\/wp\/v2\/media?parent=152865"}],"wp:term":[{"taxonomy":"category","embeddable":true,"href":"https:\/\/portaltela.pt\/api\/wp\/v2\/categories?post=152865"},{"taxonomy":"post_tag","embeddable":true,"href":"https:\/\/portaltela.pt\/api\/wp\/v2\/tags?post=152865"}],"curies":[{"name":"wp","href":"https:\/\/api.w.org\/{rel}","templated":true}]}}