{"id":152847,"date":"2026-01-18T21:00:00","date_gmt":"2026-01-19T00:00:00","guid":{"rendered":"https:\/\/portaltela.pt\/noticias\/2026\/01\/18\/as-noticias-das-13h-destaques-do-meio-dia\/"},"modified":"2026-01-18T21:00:00","modified_gmt":"2026-01-19T00:00:00","slug":"as-noticias-das-13h-destaques-do-meio-dia","status":"publish","type":"post","link":"https:\/\/portaltela.pt\/noticias\/politica\/2026\/01\/18\/as-noticias-das-13h-destaques-do-meio-dia\/","title":{"rendered":"As not\u00edcias das 13h: destaques do meio-dia"},"content":{"rendered":"<p>As not\u00edcias da R\u00e1dio Observador acompanham a corrida \u00e0 segunda volta da presidenciais, com foco em alian\u00e7as, apoios e avalia\u00e7\u00f5es do terreno pol\u00edtico. O feed de hoje traz v\u00e1rias perspetivas e previs\u00f5es para o escrut\u00ednio seguinte.<\/p>\n<p>Nesta edi\u00e7\u00e3o, <strong>Andr\u00e9 Ventura<\/strong> apela \u00e0 uni\u00e3o da direita na segunda volta e a defini\u00e7\u00e3o de votos \u00fateis, procurando atrair eleitores do centro-direita. O objetivo \u00e9 simples: consolidar o apoio ao seu projeto.<\/p>\n<p>A outra frente envolve <strong>Cotrim<\/strong> e cr\u00edticas ao PSD, apontando para um poss\u00edvel erro estrat\u00e9gico na leitura do voto \u00fatil. A an\u00e1lise sugere tens\u00f5es entre l\u00edderes do centro-direita frente ao desfecho eleitoral.<\/p>\n<p>Entre os apoios emergentes, <strong>Seguro<\/strong> procede \u00e0 mobiliza\u00e7\u00e3o de apoios e <strong>Ventura<\/strong> desafia o PSD e o IL, com mensagens dirigidas a votantes conservadores. A ideia \u00e9 manter o eleitorado fiel ao bloco de direita.<\/p>\n<p>Paralelamente, <strong>Seguro e Ventura<\/strong> pedem concentra\u00e7\u00e3o de votos, tentando evitar dispers\u00e3o de apoios que possa favorecer o candidato do bloco de esquerda. O tom \u00e9 de alerta estrat\u00e9gico.<\/p>\n<p>Outros agentes pol\u00edticos, como <strong>Marques Mendes<\/strong> e o PSD, indicam recusa em apoiar candidatos na segunda volta, sinalizando neutralidade oficial. A postura complica o alinhamento de apoios.<\/p>\n<h3>Candidatos e apoios<\/h3>\n<p>Parcerias e recortes de alian\u00e7as aparecem com frequ\u00eancia, incluindo solicita\u00e7\u00f5es de voto em <strong>Seguro<\/strong> por parte de figuras como Catarina Martins e Ant\u00f3nio Filipe. O objetivo \u00e9 influenciar o eleitorado de esquerda n\u00e3o aderente.<\/p>\n<h3>An\u00e1lise e perspetivas<\/h3>\n<p>Analistas destacam que a segunda volta pode redefinir cen\u00e1rios, com debates e mensagens distintas entre os candidatos. O tempo reserva mais declara\u00e7\u00f5es p\u00fablicas e sondagens para clarificar inten\u00e7\u00f5es de voto.<\/p>\n","protected":false},"excerpt":{"rendered":"<ul>\n<li>Andr\u00e9 Ventura apela \u00e0 uni\u00e3o da direita na segunda volta.<\/li>\n<li>Cotrim antev\u00ea &#8220;p\u00e9ssima escolha&#8221; na segunda volta.<\/li>\n<li>Seguro come\u00e7a a reunir apoios, Ventura desafia PSD e IL.<\/li>\n<li>Marques Mendes recusa dar apoio na 2\u00aa volta.<\/li>\n<li>PSD n\u00e3o vai apoiar nenhum candidato na segunda volta.<\/li>\n<\/ul>\n","protected":false},"author":2,"featured_media":152849,"comment_status":"closed","ping_status":"closed","sticky":false,"template":"","format":"standard","meta":{"footnotes":""},"categories":[1,5],"tags":[1849,2453,2903,68,2450,3416],"class_list":["post-152847","post","type-post","status-publish","format-standard","has-post-thumbnail","hentry","category-noticias","category-politica","tag-aliancas","tag-andre-ventura","tag-cotrim","tag-eleicoes","tag-marques-mendes","tag-seguro"],"yoast_head":"<!-- This site is optimized with the Yoast SEO plugin v27.2 - https:\/\/yoast.com\/product\/yoast-seo-wordpress\/ -->\n<title>As not\u00edcias das 13h: destaques do meio-dia - Portal Tela Portugal<\/title>\n<meta name=\"robots\" content=\"index, follow, max-snippet:-1, max-image-preview:large, max-video-preview:-1\" \/>\n<meta property=\"og:locale\" content=\"pt_PT\" \/>\n<meta property=\"og:type\" content=\"article\" \/>\n<meta property=\"og:title\" content=\"As not\u00edcias das 13h: destaques do meio-dia - Portal Tela Portugal\" \/>\n<meta property=\"og:description\" content=\"Andr\u00e9 Ventura apela \u00e0 uni\u00e3o da direita na segunda volta. Cotrim antev\u00ea &quot;p\u00e9ssima escolha&quot; na segunda volta. Seguro come\u00e7a a reunir apoios, Ventura desafia PSD e IL. Marques Mendes recusa dar apoio na 2\u00aa volta. PSD n\u00e3o vai apoiar nenhum candidato na segunda volta.\" \/>\n<meta property=\"og:url\" content=\"https:\/\/portaltela.pt\/noticias\/2026\/01\/18\/as-noticias-das-13h-destaques-do-meio-dia\/\" \/>\n<meta property=\"og:site_name\" content=\"Portal Tela Portugal\" \/>\n<meta property=\"article:published_time\" content=\"2026-01-19T00:00:00+00:00\" \/>\n<meta name=\"author\" content=\"Telinha\" \/>\n<meta name=\"twitter:card\" content=\"summary_large_image\" \/>\n<meta name=\"twitter:label1\" content=\"Escrito por\" \/>\n\t<meta name=\"twitter:data1\" content=\"Telinha\" \/>\n\t<meta name=\"twitter:label2\" content=\"Tempo estimado de leitura\" \/>\n\t<meta name=\"twitter:data2\" content=\"1 minuto\" \/>\n<script type=\"application\/ld+json\" class=\"yoast-schema-graph\">{\"@context\":\"https:\/\/schema.org\",\"@graph\":[{\"@type\":\"Article\",\"@id\":\"https:\/\/portaltela.pt\/noticias\/2026\/01\/18\/as-noticias-das-13h-destaques-do-meio-dia\/#article\",\"isPartOf\":{\"@id\":\"https:\/\/portaltela.pt\/noticias\/2026\/01\/18\/as-noticias-das-13h-destaques-do-meio-dia\/\"},\"author\":{\"name\":\"Telinha\",\"@id\":\"https:\/\/portaltela.pt\/#\/schema\/person\/c4278d4a6028830caff9ee44b42d32ed\"},\"headline\":\"As not\u00edcias das 13h: destaques do meio-dia\",\"datePublished\":\"2026-01-19T00:00:00+00:00\",\"mainEntityOfPage\":{\"@id\":\"https:\/\/portaltela.pt\/noticias\/2026\/01\/18\/as-noticias-das-13h-destaques-do-meio-dia\/\"},\"wordCount\":294,\"image\":{\"@id\":\"https:\/\/portaltela.pt\/noticias\/2026\/01\/18\/as-noticias-das-13h-destaques-do-meio-dia\/#primaryimage\"},\"thumbnailUrl\":\"https:\/\/portaltela.pt\/s.01k8rhncp4jt1\/2026\/01\/770-podcast-noticiario-274.jpg\",\"keywords\":[\"alian\u00e7as\",\"Andr\u00e9 Ventura\",\"Cotrim\",\"elei\u00e7\u00f5es\",\"Marques Mendes\",\"Seguro\"],\"articleSection\":[\"Not\u00edcias\",\"Pol\u00edtica\"],\"inLanguage\":\"pt-PT\"},{\"@type\":\"WebPage\",\"@id\":\"https:\/\/portaltela.pt\/noticias\/2026\/01\/18\/as-noticias-das-13h-destaques-do-meio-dia\/\",\"url\":\"https:\/\/portaltela.pt\/noticias\/2026\/01\/18\/as-noticias-das-13h-destaques-do-meio-dia\/\",\"name\":\"As not\u00edcias das 13h: destaques do meio-dia - Portal Tela Portugal\",\"isPartOf\":{\"@id\":\"https:\/\/portaltela.pt\/#website\"},\"primaryImageOfPage\":{\"@id\":\"https:\/\/portaltela.pt\/noticias\/2026\/01\/18\/as-noticias-das-13h-destaques-do-meio-dia\/#primaryimage\"},\"image\":{\"@id\":\"https:\/\/portaltela.pt\/noticias\/2026\/01\/18\/as-noticias-das-13h-destaques-do-meio-dia\/#primaryimage\"},\"thumbnailUrl\":\"https:\/\/portaltela.pt\/s.01k8rhncp4jt1\/2026\/01\/770-podcast-noticiario-274.jpg\",\"datePublished\":\"2026-01-19T00:00:00+00:00\",\"author\":{\"@id\":\"https:\/\/portaltela.pt\/#\/schema\/person\/c4278d4a6028830caff9ee44b42d32ed\"},\"breadcrumb\":{\"@id\":\"https:\/\/portaltela.pt\/noticias\/2026\/01\/18\/as-noticias-das-13h-destaques-do-meio-dia\/#breadcrumb\"},\"inLanguage\":\"pt-PT\",\"potentialAction\":[{\"@type\":\"ReadAction\",\"target\":[\"https:\/\/portaltela.pt\/noticias\/2026\/01\/18\/as-noticias-das-13h-destaques-do-meio-dia\/\"]}]},{\"@type\":\"ImageObject\",\"inLanguage\":\"pt-PT\",\"@id\":\"https:\/\/portaltela.pt\/noticias\/2026\/01\/18\/as-noticias-das-13h-destaques-do-meio-dia\/#primaryimage\",\"url\":\"https:\/\/portaltela.pt\/s.01k8rhncp4jt1\/2026\/01\/770-podcast-noticiario-274.jpg\",\"contentUrl\":\"https:\/\/portaltela.pt\/s.01k8rhncp4jt1\/2026\/01\/770-podcast-noticiario-274.jpg\",\"width\":796,\"height\":448,\"caption\":\"Capa do programa\"},{\"@type\":\"BreadcrumbList\",\"@id\":\"https:\/\/portaltela.pt\/noticias\/2026\/01\/18\/as-noticias-das-13h-destaques-do-meio-dia\/#breadcrumb\",\"itemListElement\":[{\"@type\":\"ListItem\",\"position\":1,\"name\":\"In\u00edcio\",\"item\":\"https:\/\/portaltela.pt\/\"},{\"@type\":\"ListItem\",\"position\":2,\"name\":\"As not\u00edcias das 13h: destaques do meio-dia\"}]},{\"@type\":\"WebSite\",\"@id\":\"https:\/\/portaltela.pt\/#website\",\"url\":\"https:\/\/portaltela.pt\/\",\"name\":\"Portal Tela Portugal\",\"description\":\"\",\"potentialAction\":[{\"@type\":\"SearchAction\",\"target\":{\"@type\":\"EntryPoint\",\"urlTemplate\":\"https:\/\/portaltela.pt\/?s={search_term_string}\"},\"query-input\":{\"@type\":\"PropertyValueSpecification\",\"valueRequired\":true,\"valueName\":\"search_term_string\"}}],\"inLanguage\":\"pt-PT\"},{\"@type\":\"Person\",\"@id\":\"https:\/\/portaltela.pt\/#\/schema\/person\/c4278d4a6028830caff9ee44b42d32ed\",\"name\":\"Telinha\",\"image\":{\"@type\":\"ImageObject\",\"inLanguage\":\"pt-PT\",\"@id\":\"https:\/\/portaltela.pt\/s.01k8rhncp4jt1\/2025\/11\/talking-bot-125x125.png\",\"url\":\"https:\/\/portaltela.pt\/s.01k8rhncp4jt1\/2025\/11\/talking-bot-125x125.png\",\"contentUrl\":\"https:\/\/portaltela.pt\/s.01k8rhncp4jt1\/2025\/11\/talking-bot-125x125.png\",\"caption\":\"Telinha\"},\"sameAs\":[\"https:\/\/portaltela.pt\/\"],\"url\":\"https:\/\/portaltela.pt\/por\/367410592786\/\"}]}<\/script>\n<!-- \/ Yoast SEO plugin. -->","yoast_head_json":{"title":"As not\u00edcias das 13h: destaques do meio-dia - Portal Tela Portugal","robots":{"index":"index","follow":"follow","max-snippet":"max-snippet:-1","max-image-preview":"max-image-preview:large","max-video-preview":"max-video-preview:-1"},"og_locale":"pt_PT","og_type":"article","og_title":"As not\u00edcias das 13h: destaques do meio-dia - Portal Tela Portugal","og_description":"Andr\u00e9 Ventura apela \u00e0 uni\u00e3o da direita na segunda volta. Cotrim antev\u00ea \"p\u00e9ssima escolha\" na segunda volta. Seguro come\u00e7a a reunir apoios, Ventura desafia PSD e IL. Marques Mendes recusa dar apoio na 2\u00aa volta. PSD n\u00e3o vai apoiar nenhum candidato na segunda volta.","og_url":"https:\/\/portaltela.pt\/noticias\/2026\/01\/18\/as-noticias-das-13h-destaques-do-meio-dia\/","og_site_name":"Portal Tela Portugal","article_published_time":"2026-01-19T00:00:00+00:00","author":"Telinha","twitter_card":"summary_large_image","twitter_misc":{"Escrito por":"Telinha","Tempo estimado de leitura":"1 minuto"},"schema":{"@context":"https:\/\/schema.org","@graph":[{"@type":"Article","@id":"https:\/\/portaltela.pt\/noticias\/2026\/01\/18\/as-noticias-das-13h-destaques-do-meio-dia\/#article","isPartOf":{"@id":"https:\/\/portaltela.pt\/noticias\/2026\/01\/18\/as-noticias-das-13h-destaques-do-meio-dia\/"},"author":{"name":"Telinha","@id":"https:\/\/portaltela.pt\/#\/schema\/person\/c4278d4a6028830caff9ee44b42d32ed"},"headline":"As not\u00edcias das 13h: destaques do meio-dia","datePublished":"2026-01-19T00:00:00+00:00","mainEntityOfPage":{"@id":"https:\/\/portaltela.pt\/noticias\/2026\/01\/18\/as-noticias-das-13h-destaques-do-meio-dia\/"},"wordCount":294,"image":{"@id":"https:\/\/portaltela.pt\/noticias\/2026\/01\/18\/as-noticias-das-13h-destaques-do-meio-dia\/#primaryimage"},"thumbnailUrl":"https:\/\/portaltela.pt\/s.01k8rhncp4jt1\/2026\/01\/770-podcast-noticiario-274.jpg","keywords":["alian\u00e7as","Andr\u00e9 Ventura","Cotrim","elei\u00e7\u00f5es","Marques Mendes","Seguro"],"articleSection":["Not\u00edcias","Pol\u00edtica"],"inLanguage":"pt-PT"},{"@type":"WebPage","@id":"https:\/\/portaltela.pt\/noticias\/2026\/01\/18\/as-noticias-das-13h-destaques-do-meio-dia\/","url":"https:\/\/portaltela.pt\/noticias\/2026\/01\/18\/as-noticias-das-13h-destaques-do-meio-dia\/","name":"As not\u00edcias das 13h: destaques do meio-dia - Portal Tela Portugal","isPartOf":{"@id":"https:\/\/portaltela.pt\/#website"},"primaryImageOfPage":{"@id":"https:\/\/portaltela.pt\/noticias\/2026\/01\/18\/as-noticias-das-13h-destaques-do-meio-dia\/#primaryimage"},"image":{"@id":"https:\/\/portaltela.pt\/noticias\/2026\/01\/18\/as-noticias-das-13h-destaques-do-meio-dia\/#primaryimage"},"thumbnailUrl":"https:\/\/portaltela.pt\/s.01k8rhncp4jt1\/2026\/01\/770-podcast-noticiario-274.jpg","datePublished":"2026-01-19T00:00:00+00:00","author":{"@id":"https:\/\/portaltela.pt\/#\/schema\/person\/c4278d4a6028830caff9ee44b42d32ed"},"breadcrumb":{"@id":"https:\/\/portaltela.pt\/noticias\/2026\/01\/18\/as-noticias-das-13h-destaques-do-meio-dia\/#breadcrumb"},"inLanguage":"pt-PT","potentialAction":[{"@type":"ReadAction","target":["https:\/\/portaltela.pt\/noticias\/2026\/01\/18\/as-noticias-das-13h-destaques-do-meio-dia\/"]}]},{"@type":"ImageObject","inLanguage":"pt-PT","@id":"https:\/\/portaltela.pt\/noticias\/2026\/01\/18\/as-noticias-das-13h-destaques-do-meio-dia\/#primaryimage","url":"https:\/\/portaltela.pt\/s.01k8rhncp4jt1\/2026\/01\/770-podcast-noticiario-274.jpg","contentUrl":"https:\/\/portaltela.pt\/s.01k8rhncp4jt1\/2026\/01\/770-podcast-noticiario-274.jpg","width":796,"height":448,"caption":"Capa do programa"},{"@type":"BreadcrumbList","@id":"https:\/\/portaltela.pt\/noticias\/2026\/01\/18\/as-noticias-das-13h-destaques-do-meio-dia\/#breadcrumb","itemListElement":[{"@type":"ListItem","position":1,"name":"In\u00edcio","item":"https:\/\/portaltela.pt\/"},{"@type":"ListItem","position":2,"name":"As not\u00edcias das 13h: destaques do meio-dia"}]},{"@type":"WebSite","@id":"https:\/\/portaltela.pt\/#website","url":"https:\/\/portaltela.pt\/","name":"Portal Tela Portugal","description":"","potentialAction":[{"@type":"SearchAction","target":{"@type":"EntryPoint","urlTemplate":"https:\/\/portaltela.pt\/?s={search_term_string}"},"query-input":{"@type":"PropertyValueSpecification","valueRequired":true,"valueName":"search_term_string"}}],"inLanguage":"pt-PT"},{"@type":"Person","@id":"https:\/\/portaltela.pt\/#\/schema\/person\/c4278d4a6028830caff9ee44b42d32ed","name":"Telinha","image":{"@type":"ImageObject","inLanguage":"pt-PT","@id":"https:\/\/portaltela.pt\/s.01k8rhncp4jt1\/2025\/11\/talking-bot-125x125.png","url":"https:\/\/portaltela.pt\/s.01k8rhncp4jt1\/2025\/11\/talking-bot-125x125.png","contentUrl":"https:\/\/portaltela.pt\/s.01k8rhncp4jt1\/2025\/11\/talking-bot-125x125.png","caption":"Telinha"},"sameAs":["https:\/\/portaltela.pt\/"],"url":"https:\/\/portaltela.pt\/por\/367410592786\/"}]}},"_links":{"self":[{"href":"https:\/\/portaltela.pt\/api\/wp\/v2\/posts\/152847","targetHints":{"allow":["GET"]}}],"collection":[{"href":"https:\/\/portaltela.pt\/api\/wp\/v2\/posts"}],"about":[{"href":"https:\/\/portaltela.pt\/api\/wp\/v2\/types\/post"}],"author":[{"embeddable":true,"href":"https:\/\/portaltela.pt\/api\/wp\/v2\/users\/2"}],"replies":[{"embeddable":true,"href":"https:\/\/portaltela.pt\/api\/wp\/v2\/comments?post=152847"}],"version-history":[{"count":0,"href":"https:\/\/portaltela.pt\/api\/wp\/v2\/posts\/152847\/revisions"}],"wp:featuredmedia":[{"embeddable":true,"href":"https:\/\/portaltela.pt\/api\/wp\/v2\/media\/152849"}],"wp:attachment":[{"href":"https:\/\/portaltela.pt\/api\/wp\/v2\/media?parent=152847"}],"wp:term":[{"taxonomy":"category","embeddable":true,"href":"https:\/\/portaltela.pt\/api\/wp\/v2\/categories?post=152847"},{"taxonomy":"post_tag","embeddable":true,"href":"https:\/\/portaltela.pt\/api\/wp\/v2\/tags?post=152847"}],"curies":[{"name":"wp","href":"https:\/\/api.w.org\/{rel}","templated":true}]}}