{"id":152846,"date":"2026-01-19T10:00:23","date_gmt":"2026-01-19T13:00:23","guid":{"rendered":"https:\/\/portaltela.pt\/noticias\/2026\/01\/19\/jose-eduardo-martins-e-antonio-capucho-apoiam-seguro\/"},"modified":"2026-01-19T10:00:23","modified_gmt":"2026-01-19T13:00:23","slug":"jose-eduardo-martins-e-antonio-capucho-apoiam-seguro","status":"publish","type":"post","link":"https:\/\/portaltela.pt\/noticias\/politica\/2026\/01\/19\/jose-eduardo-martins-e-antonio-capucho-apoiam-seguro\/","title":{"rendered":"Jos\u00e9 Eduardo Martins e Ant\u00f3nio Capucho apoiam Seguro"},"content":{"rendered":"<p>Jos\u00e9 Eduardo Martins anunciou na segunda-feira que votar\u00e1 em Ant\u00f3nio Jos\u00e9 Seguro na segunda volta das presidenciais, em 8 de fevereiro. O coment\u00e1rio surge como defesa de uma escolha alinhada com a democracia liberal e o Estado social.<\/p>\n<p>Ant\u00f3nio Capucho, antigo secret\u00e1rio-geral do PSD e presidente da C\u00e2mara de Cascais, confirmou \u00e0 TSF que tamb\u00e9m apoiar\u00e1 Seguro. Capucho tinha apoiado Henrique Gouveia e Melo na primeira volta.<\/p>\n<p>Martins descreveu Seguro como moderado e vincado pela defesa das institui\u00e7\u00f5es, da democracia liberal e do Estado social. Afirmou que votar num social-democrata moderado faz sentido pela estabilidade e pluralismo pol\u00edtico.<\/p>\n<p>Outros pol\u00edticos j\u00e1 tinham anunciado apoio a Seguro: Pedro Duarte (presidente da C\u00e2mara do Porto), Miguel Poiares Maduro, Jos\u00e9 Pacheco Pereira, M\u00e1rio Amorim Lopes e Jos\u00e9 Miguel J\u00fadice, entre outros.<\/p>\n<h3>Apoios e posi\u00e7\u00e3o do PSD<\/h3>\n<p>O primeiro-ministro Lu\u00eds Montenegro afirmou que o PSD n\u00e3o far\u00e1 qualquer indica\u00e7\u00e3o de voto para a segunda volta, justificando que esse papel n\u00e3o est\u00e1 previsto. O espa\u00e7o do partido n\u00e3o estaria representado entre Seguro e Ventura.<\/p>\n<p>Na volta presidencial, Seguro e Ventura disputam a segunda posi\u00e7\u00e3o, com Seguro a obter 31% dos votos e Ventura 23%. Cotrim Figueiredo, da Iniciativa Liberal, ficou em terceiro com 16%. Gouveia e Melo obteve 12% e Marques Mendes 11%.<\/p>\n<p>Entre a esquerda, Catarina Martins (BE) teve 2%, Ant\u00f3nio Filipe (PCP) 1,6% e Jorge Pinto (Livre) 0,6%. O cantor Manuel Jo\u00e3o Vieira alcan\u00e7ou 1%, o sindicalista Andr\u00e9 Pestana 0,2% e Humberto Correia 0,08%.<\/p>\n","protected":false},"excerpt":{"rendered":"<ul>\n<li>Jos\u00e9 Eduardo Martins anunciou que votar\u00e1 em Ant\u00f3nio Jos\u00e9 Seguro na segunda volta das presidenciais, considerando-o moderado e uma escolha de \u201cclareza democr\u00e1tica\u201d.<\/li>\n<li>Ant\u00f3nio Capucho, antigo secret\u00e1rio-geral do PSD e presidente da C\u00e2mara Municipal de Cascais, disse que votar\u00e1 em Seguro, apoiado pelo PS na segunda volta contra Andr\u00e9 Ventura.<\/li>\n<li>Martins criticou o projeto de Ventura, dizendo que tem uma vis\u00e3o securit\u00e1ria e iliberal, defende a democracia liberal, o Estado social e o respeito pelas institui\u00e7\u00f5es.<\/li>\n<li>Al\u00e9m de Martins, j\u00e1 tinham anunciado voto em Seguro o presidente da C\u00e2mara do Porto, o ex-ministro Miguel Poiares Maduro, Jos\u00e9 Pacheco Pereira e outros, conforme declara\u00e7\u00f5es p\u00fablicas.<\/li>\n<li>Na primeira volta, Seguro obteve trinta e um por cento dos votos e Ventura, vinte e tr\u00eas por cento; Cotrim Figueiredo ficou com dezasseis por cento, Gouveia e Melo com doze por cento e Marques Mendes com onze por cento.<\/li>\n<\/ul>\n","protected":false},"author":2,"featured_media":152850,"comment_status":"closed","ping_status":"closed","sticky":false,"template":"","format":"standard","meta":{"footnotes":""},"categories":[1,5],"tags":[3426,2795,68,2685,1482,2458],"class_list":["post-152846","post","type-post","status-publish","format-standard","has-post-thumbnail","hentry","category-noticias","category-politica","tag-be","tag-democracia","tag-eleicoes","tag-estado-social","tag-iniciativa-liberal","tag-psd-cds"],"yoast_head":"<!-- This site is optimized with the Yoast SEO plugin v27.2 - https:\/\/yoast.com\/product\/yoast-seo-wordpress\/ -->\n<title>Jos\u00e9 Eduardo Martins e Ant\u00f3nio Capucho apoiam Seguro - Portal Tela Portugal<\/title>\n<meta name=\"robots\" content=\"index, follow, max-snippet:-1, max-image-preview:large, max-video-preview:-1\" \/>\n<meta property=\"og:locale\" content=\"pt_PT\" \/>\n<meta property=\"og:type\" content=\"article\" \/>\n<meta property=\"og:title\" content=\"Jos\u00e9 Eduardo Martins e Ant\u00f3nio Capucho apoiam Seguro - Portal Tela Portugal\" \/>\n<meta property=\"og:description\" content=\"Jos\u00e9 Eduardo Martins anunciou que votar\u00e1 em Ant\u00f3nio Jos\u00e9 Seguro na segunda volta das presidenciais, considerando-o moderado e uma escolha de \u201cclareza democr\u00e1tica\u201d. Ant\u00f3nio Capucho, antigo secret\u00e1rio-geral do PSD e presidente da C\u00e2mara Municipal de Cascais, disse que votar\u00e1 em Seguro, apoiado pelo PS na segunda volta contra Andr\u00e9 Ventura. Martins criticou o projeto de Ventura, dizendo que tem uma vis\u00e3o securit\u00e1ria e iliberal, defende a democracia liberal, o Estado social e o respeito pelas institui\u00e7\u00f5es. Al\u00e9m de Martins, j\u00e1 tinham anunciado voto em Seguro o presidente da C\u00e2mara do Porto, o ex-ministro Miguel Poiares Maduro, Jos\u00e9 Pacheco Pereira e outros, conforme declara\u00e7\u00f5es p\u00fablicas. Na primeira volta, Seguro obteve trinta e um por cento dos votos e Ventura, vinte e tr\u00eas por cento; Cotrim Figueiredo ficou com dezasseis por cento, Gouveia e Melo com doze por cento e Marques Mendes com onze por cento.\" \/>\n<meta property=\"og:url\" content=\"https:\/\/portaltela.pt\/noticias\/2026\/01\/19\/jose-eduardo-martins-e-antonio-capucho-apoiam-seguro\/\" \/>\n<meta property=\"og:site_name\" content=\"Portal Tela Portugal\" \/>\n<meta property=\"article:published_time\" content=\"2026-01-19T13:00:23+00:00\" \/>\n<meta name=\"author\" content=\"Telinha\" \/>\n<meta name=\"twitter:card\" content=\"summary_large_image\" \/>\n<meta name=\"twitter:label1\" content=\"Escrito por\" \/>\n\t<meta name=\"twitter:data1\" content=\"Telinha\" \/>\n\t<meta name=\"twitter:label2\" content=\"Tempo estimado de leitura\" \/>\n\t<meta name=\"twitter:data2\" content=\"1 minuto\" \/>\n<script type=\"application\/ld+json\" class=\"yoast-schema-graph\">{\"@context\":\"https:\/\/schema.org\",\"@graph\":[{\"@type\":\"Article\",\"@id\":\"https:\/\/portaltela.pt\/noticias\/2026\/01\/19\/jose-eduardo-martins-e-antonio-capucho-apoiam-seguro\/#article\",\"isPartOf\":{\"@id\":\"https:\/\/portaltela.pt\/noticias\/2026\/01\/19\/jose-eduardo-martins-e-antonio-capucho-apoiam-seguro\/\"},\"author\":{\"name\":\"Telinha\",\"@id\":\"https:\/\/portaltela.pt\/#\/schema\/person\/c4278d4a6028830caff9ee44b42d32ed\"},\"headline\":\"Jos\u00e9 Eduardo Martins e Ant\u00f3nio Capucho apoiam Seguro\",\"datePublished\":\"2026-01-19T13:00:23+00:00\",\"mainEntityOfPage\":{\"@id\":\"https:\/\/portaltela.pt\/noticias\/2026\/01\/19\/jose-eduardo-martins-e-antonio-capucho-apoiam-seguro\/\"},\"wordCount\":260,\"image\":{\"@id\":\"https:\/\/portaltela.pt\/noticias\/2026\/01\/19\/jose-eduardo-martins-e-antonio-capucho-apoiam-seguro\/#primaryimage\"},\"thumbnailUrl\":\"https:\/\/portaltela.pt\/s.01k8rhncp4jt1\/2026\/01\/img_1500x1000uu2019-04-28-07-30-43-846452.jpg\",\"keywords\":[\"BE\",\"democracia\",\"elei\u00e7\u00f5es\",\"Estado Social\",\"Iniciativa Liberal\",\"PSD\/CDS\"],\"articleSection\":[\"Not\u00edcias\",\"Pol\u00edtica\"],\"inLanguage\":\"pt-PT\"},{\"@type\":\"WebPage\",\"@id\":\"https:\/\/portaltela.pt\/noticias\/2026\/01\/19\/jose-eduardo-martins-e-antonio-capucho-apoiam-seguro\/\",\"url\":\"https:\/\/portaltela.pt\/noticias\/2026\/01\/19\/jose-eduardo-martins-e-antonio-capucho-apoiam-seguro\/\",\"name\":\"Jos\u00e9 Eduardo Martins e Ant\u00f3nio Capucho apoiam Seguro - Portal Tela Portugal\",\"isPartOf\":{\"@id\":\"https:\/\/portaltela.pt\/#website\"},\"primaryImageOfPage\":{\"@id\":\"https:\/\/portaltela.pt\/noticias\/2026\/01\/19\/jose-eduardo-martins-e-antonio-capucho-apoiam-seguro\/#primaryimage\"},\"image\":{\"@id\":\"https:\/\/portaltela.pt\/noticias\/2026\/01\/19\/jose-eduardo-martins-e-antonio-capucho-apoiam-seguro\/#primaryimage\"},\"thumbnailUrl\":\"https:\/\/portaltela.pt\/s.01k8rhncp4jt1\/2026\/01\/img_1500x1000uu2019-04-28-07-30-43-846452.jpg\",\"datePublished\":\"2026-01-19T13:00:23+00:00\",\"author\":{\"@id\":\"https:\/\/portaltela.pt\/#\/schema\/person\/c4278d4a6028830caff9ee44b42d32ed\"},\"breadcrumb\":{\"@id\":\"https:\/\/portaltela.pt\/noticias\/2026\/01\/19\/jose-eduardo-martins-e-antonio-capucho-apoiam-seguro\/#breadcrumb\"},\"inLanguage\":\"pt-PT\",\"potentialAction\":[{\"@type\":\"ReadAction\",\"target\":[\"https:\/\/portaltela.pt\/noticias\/2026\/01\/19\/jose-eduardo-martins-e-antonio-capucho-apoiam-seguro\/\"]}]},{\"@type\":\"ImageObject\",\"inLanguage\":\"pt-PT\",\"@id\":\"https:\/\/portaltela.pt\/noticias\/2026\/01\/19\/jose-eduardo-martins-e-antonio-capucho-apoiam-seguro\/#primaryimage\",\"url\":\"https:\/\/portaltela.pt\/s.01k8rhncp4jt1\/2026\/01\/img_1500x1000uu2019-04-28-07-30-43-846452.jpg\",\"contentUrl\":\"https:\/\/portaltela.pt\/s.01k8rhncp4jt1\/2026\/01\/img_1500x1000uu2019-04-28-07-30-43-846452.jpg\",\"width\":796,\"height\":448,\"caption\":\"Elei\u00e7\u00f5es\"},{\"@type\":\"BreadcrumbList\",\"@id\":\"https:\/\/portaltela.pt\/noticias\/2026\/01\/19\/jose-eduardo-martins-e-antonio-capucho-apoiam-seguro\/#breadcrumb\",\"itemListElement\":[{\"@type\":\"ListItem\",\"position\":1,\"name\":\"In\u00edcio\",\"item\":\"https:\/\/portaltela.pt\/\"},{\"@type\":\"ListItem\",\"position\":2,\"name\":\"Jos\u00e9 Eduardo Martins e Ant\u00f3nio Capucho apoiam Seguro\"}]},{\"@type\":\"WebSite\",\"@id\":\"https:\/\/portaltela.pt\/#website\",\"url\":\"https:\/\/portaltela.pt\/\",\"name\":\"Portal Tela Portugal\",\"description\":\"\",\"potentialAction\":[{\"@type\":\"SearchAction\",\"target\":{\"@type\":\"EntryPoint\",\"urlTemplate\":\"https:\/\/portaltela.pt\/?s={search_term_string}\"},\"query-input\":{\"@type\":\"PropertyValueSpecification\",\"valueRequired\":true,\"valueName\":\"search_term_string\"}}],\"inLanguage\":\"pt-PT\"},{\"@type\":\"Person\",\"@id\":\"https:\/\/portaltela.pt\/#\/schema\/person\/c4278d4a6028830caff9ee44b42d32ed\",\"name\":\"Telinha\",\"image\":{\"@type\":\"ImageObject\",\"inLanguage\":\"pt-PT\",\"@id\":\"https:\/\/portaltela.pt\/s.01k8rhncp4jt1\/2025\/11\/talking-bot-125x125.png\",\"url\":\"https:\/\/portaltela.pt\/s.01k8rhncp4jt1\/2025\/11\/talking-bot-125x125.png\",\"contentUrl\":\"https:\/\/portaltela.pt\/s.01k8rhncp4jt1\/2025\/11\/talking-bot-125x125.png\",\"caption\":\"Telinha\"},\"sameAs\":[\"https:\/\/portaltela.pt\/\"],\"url\":\"https:\/\/portaltela.pt\/por\/367410592786\/\"}]}<\/script>\n<!-- \/ Yoast SEO plugin. -->","yoast_head_json":{"title":"Jos\u00e9 Eduardo Martins e Ant\u00f3nio Capucho apoiam Seguro - Portal Tela Portugal","robots":{"index":"index","follow":"follow","max-snippet":"max-snippet:-1","max-image-preview":"max-image-preview:large","max-video-preview":"max-video-preview:-1"},"og_locale":"pt_PT","og_type":"article","og_title":"Jos\u00e9 Eduardo Martins e Ant\u00f3nio Capucho apoiam Seguro - Portal Tela Portugal","og_description":"Jos\u00e9 Eduardo Martins anunciou que votar\u00e1 em Ant\u00f3nio Jos\u00e9 Seguro na segunda volta das presidenciais, considerando-o moderado e uma escolha de \u201cclareza democr\u00e1tica\u201d. Ant\u00f3nio Capucho, antigo secret\u00e1rio-geral do PSD e presidente da C\u00e2mara Municipal de Cascais, disse que votar\u00e1 em Seguro, apoiado pelo PS na segunda volta contra Andr\u00e9 Ventura. Martins criticou o projeto de Ventura, dizendo que tem uma vis\u00e3o securit\u00e1ria e iliberal, defende a democracia liberal, o Estado social e o respeito pelas institui\u00e7\u00f5es. Al\u00e9m de Martins, j\u00e1 tinham anunciado voto em Seguro o presidente da C\u00e2mara do Porto, o ex-ministro Miguel Poiares Maduro, Jos\u00e9 Pacheco Pereira e outros, conforme declara\u00e7\u00f5es p\u00fablicas. Na primeira volta, Seguro obteve trinta e um por cento dos votos e Ventura, vinte e tr\u00eas por cento; Cotrim Figueiredo ficou com dezasseis por cento, Gouveia e Melo com doze por cento e Marques Mendes com onze por cento.","og_url":"https:\/\/portaltela.pt\/noticias\/2026\/01\/19\/jose-eduardo-martins-e-antonio-capucho-apoiam-seguro\/","og_site_name":"Portal Tela Portugal","article_published_time":"2026-01-19T13:00:23+00:00","author":"Telinha","twitter_card":"summary_large_image","twitter_misc":{"Escrito por":"Telinha","Tempo estimado de leitura":"1 minuto"},"schema":{"@context":"https:\/\/schema.org","@graph":[{"@type":"Article","@id":"https:\/\/portaltela.pt\/noticias\/2026\/01\/19\/jose-eduardo-martins-e-antonio-capucho-apoiam-seguro\/#article","isPartOf":{"@id":"https:\/\/portaltela.pt\/noticias\/2026\/01\/19\/jose-eduardo-martins-e-antonio-capucho-apoiam-seguro\/"},"author":{"name":"Telinha","@id":"https:\/\/portaltela.pt\/#\/schema\/person\/c4278d4a6028830caff9ee44b42d32ed"},"headline":"Jos\u00e9 Eduardo Martins e Ant\u00f3nio Capucho apoiam Seguro","datePublished":"2026-01-19T13:00:23+00:00","mainEntityOfPage":{"@id":"https:\/\/portaltela.pt\/noticias\/2026\/01\/19\/jose-eduardo-martins-e-antonio-capucho-apoiam-seguro\/"},"wordCount":260,"image":{"@id":"https:\/\/portaltela.pt\/noticias\/2026\/01\/19\/jose-eduardo-martins-e-antonio-capucho-apoiam-seguro\/#primaryimage"},"thumbnailUrl":"https:\/\/portaltela.pt\/s.01k8rhncp4jt1\/2026\/01\/img_1500x1000uu2019-04-28-07-30-43-846452.jpg","keywords":["BE","democracia","elei\u00e7\u00f5es","Estado Social","Iniciativa Liberal","PSD\/CDS"],"articleSection":["Not\u00edcias","Pol\u00edtica"],"inLanguage":"pt-PT"},{"@type":"WebPage","@id":"https:\/\/portaltela.pt\/noticias\/2026\/01\/19\/jose-eduardo-martins-e-antonio-capucho-apoiam-seguro\/","url":"https:\/\/portaltela.pt\/noticias\/2026\/01\/19\/jose-eduardo-martins-e-antonio-capucho-apoiam-seguro\/","name":"Jos\u00e9 Eduardo Martins e Ant\u00f3nio Capucho apoiam Seguro - Portal Tela Portugal","isPartOf":{"@id":"https:\/\/portaltela.pt\/#website"},"primaryImageOfPage":{"@id":"https:\/\/portaltela.pt\/noticias\/2026\/01\/19\/jose-eduardo-martins-e-antonio-capucho-apoiam-seguro\/#primaryimage"},"image":{"@id":"https:\/\/portaltela.pt\/noticias\/2026\/01\/19\/jose-eduardo-martins-e-antonio-capucho-apoiam-seguro\/#primaryimage"},"thumbnailUrl":"https:\/\/portaltela.pt\/s.01k8rhncp4jt1\/2026\/01\/img_1500x1000uu2019-04-28-07-30-43-846452.jpg","datePublished":"2026-01-19T13:00:23+00:00","author":{"@id":"https:\/\/portaltela.pt\/#\/schema\/person\/c4278d4a6028830caff9ee44b42d32ed"},"breadcrumb":{"@id":"https:\/\/portaltela.pt\/noticias\/2026\/01\/19\/jose-eduardo-martins-e-antonio-capucho-apoiam-seguro\/#breadcrumb"},"inLanguage":"pt-PT","potentialAction":[{"@type":"ReadAction","target":["https:\/\/portaltela.pt\/noticias\/2026\/01\/19\/jose-eduardo-martins-e-antonio-capucho-apoiam-seguro\/"]}]},{"@type":"ImageObject","inLanguage":"pt-PT","@id":"https:\/\/portaltela.pt\/noticias\/2026\/01\/19\/jose-eduardo-martins-e-antonio-capucho-apoiam-seguro\/#primaryimage","url":"https:\/\/portaltela.pt\/s.01k8rhncp4jt1\/2026\/01\/img_1500x1000uu2019-04-28-07-30-43-846452.jpg","contentUrl":"https:\/\/portaltela.pt\/s.01k8rhncp4jt1\/2026\/01\/img_1500x1000uu2019-04-28-07-30-43-846452.jpg","width":796,"height":448,"caption":"Elei\u00e7\u00f5es"},{"@type":"BreadcrumbList","@id":"https:\/\/portaltela.pt\/noticias\/2026\/01\/19\/jose-eduardo-martins-e-antonio-capucho-apoiam-seguro\/#breadcrumb","itemListElement":[{"@type":"ListItem","position":1,"name":"In\u00edcio","item":"https:\/\/portaltela.pt\/"},{"@type":"ListItem","position":2,"name":"Jos\u00e9 Eduardo Martins e Ant\u00f3nio Capucho apoiam Seguro"}]},{"@type":"WebSite","@id":"https:\/\/portaltela.pt\/#website","url":"https:\/\/portaltela.pt\/","name":"Portal Tela Portugal","description":"","potentialAction":[{"@type":"SearchAction","target":{"@type":"EntryPoint","urlTemplate":"https:\/\/portaltela.pt\/?s={search_term_string}"},"query-input":{"@type":"PropertyValueSpecification","valueRequired":true,"valueName":"search_term_string"}}],"inLanguage":"pt-PT"},{"@type":"Person","@id":"https:\/\/portaltela.pt\/#\/schema\/person\/c4278d4a6028830caff9ee44b42d32ed","name":"Telinha","image":{"@type":"ImageObject","inLanguage":"pt-PT","@id":"https:\/\/portaltela.pt\/s.01k8rhncp4jt1\/2025\/11\/talking-bot-125x125.png","url":"https:\/\/portaltela.pt\/s.01k8rhncp4jt1\/2025\/11\/talking-bot-125x125.png","contentUrl":"https:\/\/portaltela.pt\/s.01k8rhncp4jt1\/2025\/11\/talking-bot-125x125.png","caption":"Telinha"},"sameAs":["https:\/\/portaltela.pt\/"],"url":"https:\/\/portaltela.pt\/por\/367410592786\/"}]}},"_links":{"self":[{"href":"https:\/\/portaltela.pt\/api\/wp\/v2\/posts\/152846","targetHints":{"allow":["GET"]}}],"collection":[{"href":"https:\/\/portaltela.pt\/api\/wp\/v2\/posts"}],"about":[{"href":"https:\/\/portaltela.pt\/api\/wp\/v2\/types\/post"}],"author":[{"embeddable":true,"href":"https:\/\/portaltela.pt\/api\/wp\/v2\/users\/2"}],"replies":[{"embeddable":true,"href":"https:\/\/portaltela.pt\/api\/wp\/v2\/comments?post=152846"}],"version-history":[{"count":0,"href":"https:\/\/portaltela.pt\/api\/wp\/v2\/posts\/152846\/revisions"}],"wp:featuredmedia":[{"embeddable":true,"href":"https:\/\/portaltela.pt\/api\/wp\/v2\/media\/152850"}],"wp:attachment":[{"href":"https:\/\/portaltela.pt\/api\/wp\/v2\/media?parent=152846"}],"wp:term":[{"taxonomy":"category","embeddable":true,"href":"https:\/\/portaltela.pt\/api\/wp\/v2\/categories?post=152846"},{"taxonomy":"post_tag","embeddable":true,"href":"https:\/\/portaltela.pt\/api\/wp\/v2\/tags?post=152846"}],"curies":[{"name":"wp","href":"https:\/\/api.w.org\/{rel}","templated":true}]}}