{"id":152781,"date":"2026-01-19T09:18:24","date_gmt":"2026-01-19T12:18:24","guid":{"rendered":"https:\/\/portaltela.pt\/noticias\/2026\/01\/19\/tiago-araujo-estreia-se-a-marcar-pelo-gent-com-remate-de-106-km-h-2\/"},"modified":"2026-01-19T09:18:24","modified_gmt":"2026-01-19T12:18:24","slug":"tiago-araujo-estreia-se-a-marcar-pelo-gent-com-remate-de-106-km-h-2","status":"publish","type":"post","link":"https:\/\/portaltela.pt\/desporto\/futebol\/2026\/01\/19\/tiago-araujo-estreia-se-a-marcar-pelo-gent-com-remate-de-106-km-h-2\/","title":{"rendered":"Tiago Ara\u00fajo estreia-se a marcar pelo Gent com remate de 106 km\/h"},"content":{"rendered":"<p>O Gent venceu o Anderlecht por 4-2, no domingo, em jogo da Liga belga. O destaque foi Tiago Ara\u00fajo, que estreou-se a marcar pela equipa belga. O defesa esquerdo marcou o segundo golo dos anfitri\u00f5es, aos 81 minutos, dando nova igualdade no marcador.<\/p>\n<p>O remate de Ara\u00fajo foi registado pela DAZN em 106 quil\u00f3metros por hora, gra\u00e7as \u00e0 velocidade do chute. A jogada foi determinante para manter o Gent no ritmo da partida e acabou por incendiar os \u00faltimos minutos.<\/p>\n<p>O triunfo permitiu ao Gent subir ao sexto lugar da Liga belga, com 29 pontos somados. O clube segue na luta por posi\u00e7\u00f5es de apuramento para competi\u00e7\u00f5es europeias, enquanto o Anderlecht viu interrompida uma s\u00e9rie de bons resultados.<\/p>\n","protected":false},"excerpt":{"rendered":"<ul>\n<li>O Gent bateu o Anderlecht por 4-2, este domingo.<\/li>\n<li>Tiago Ara\u00fajo estreou-se a marcar pela forma\u00e7\u00e3o belga, ao marcar o segundo golo aos 81 minutos.<\/li>\n<li>O remate foi um m\u00edssil que reestabeleceu a igualdade, segundo a DAZN atingiu 106 km\/h.<\/li>\n<li>O Gent subiu ao sexto lugar da Liga belga, com 29 pontos.<\/li>\n<li>O jogador \u00e9 lateral-esquerdo e j\u00e1 passou por Benfica, Arouca e Estoril.<\/li>\n<\/ul>\n","protected":false},"author":2,"featured_media":152788,"comment_status":"closed","ping_status":"closed","sticky":false,"template":"","format":"standard","meta":{"footnotes":""},"categories":[21,24],"tags":[2726,1599,32,1786],"class_list":["post-152781","post","type-post","status-publish","format-standard","has-post-thumbnail","hentry","category-desporto","category-futebol","tag-anderlecht","tag-belgica","tag-futebol","tag-liga"],"yoast_head":"<!-- This site is optimized with the Yoast SEO plugin v27.2 - https:\/\/yoast.com\/product\/yoast-seo-wordpress\/ -->\n<title>Tiago Ara\u00fajo estreia-se a marcar pelo Gent com remate de 106 km\/h - Portal Tela Portugal<\/title>\n<meta name=\"robots\" content=\"index, follow, max-snippet:-1, max-image-preview:large, max-video-preview:-1\" \/>\n<meta property=\"og:locale\" content=\"pt_PT\" \/>\n<meta property=\"og:type\" content=\"article\" \/>\n<meta property=\"og:title\" content=\"Tiago Ara\u00fajo estreia-se a marcar pelo Gent com remate de 106 km\/h - Portal Tela Portugal\" \/>\n<meta property=\"og:description\" content=\"O Gent bateu o Anderlecht por 4-2, este domingo. Tiago Ara\u00fajo estreou-se a marcar pela forma\u00e7\u00e3o belga, ao marcar o segundo golo aos 81 minutos. O remate foi um m\u00edssil que reestabeleceu a igualdade, segundo a DAZN atingiu 106 km\/h. O Gent subiu ao sexto lugar da Liga belga, com 29 pontos. O jogador \u00e9 lateral-esquerdo e j\u00e1 passou por Benfica, Arouca e Estoril.\" \/>\n<meta property=\"og:url\" content=\"https:\/\/portaltela.pt\/noticias\/2026\/01\/19\/tiago-araujo-estreia-se-a-marcar-pelo-gent-com-remate-de-106-km-h-2\/\" \/>\n<meta property=\"og:site_name\" content=\"Portal Tela Portugal\" \/>\n<meta property=\"article:published_time\" content=\"2026-01-19T12:18:24+00:00\" \/>\n<meta name=\"author\" content=\"Telinha\" \/>\n<meta name=\"twitter:card\" content=\"summary_large_image\" \/>\n<meta name=\"twitter:label1\" content=\"Escrito por\" \/>\n\t<meta name=\"twitter:data1\" content=\"Telinha\" \/>\n\t<meta name=\"twitter:label2\" content=\"Tempo estimado de leitura\" \/>\n\t<meta name=\"twitter:data2\" content=\"1 minuto\" \/>\n<script type=\"application\/ld+json\" class=\"yoast-schema-graph\">{\"@context\":\"https:\/\/schema.org\",\"@graph\":[{\"@type\":\"Article\",\"@id\":\"https:\/\/portaltela.pt\/noticias\/2026\/01\/19\/tiago-araujo-estreia-se-a-marcar-pelo-gent-com-remate-de-106-km-h-2\/#article\",\"isPartOf\":{\"@id\":\"https:\/\/portaltela.pt\/noticias\/2026\/01\/19\/tiago-araujo-estreia-se-a-marcar-pelo-gent-com-remate-de-106-km-h-2\/\"},\"author\":{\"name\":\"Telinha\",\"@id\":\"https:\/\/portaltela.pt\/#\/schema\/person\/c4278d4a6028830caff9ee44b42d32ed\"},\"headline\":\"Tiago Ara\u00fajo estreia-se a marcar pelo Gent com remate de 106 km\/h\",\"datePublished\":\"2026-01-19T12:18:24+00:00\",\"mainEntityOfPage\":{\"@id\":\"https:\/\/portaltela.pt\/noticias\/2026\/01\/19\/tiago-araujo-estreia-se-a-marcar-pelo-gent-com-remate-de-106-km-h-2\/\"},\"wordCount\":135,\"image\":{\"@id\":\"https:\/\/portaltela.pt\/noticias\/2026\/01\/19\/tiago-araujo-estreia-se-a-marcar-pelo-gent-com-remate-de-106-km-h-2\/#primaryimage\"},\"thumbnailUrl\":\"https:\/\/portaltela.pt\/s.01k8rhncp4jt1\/2026\/01\/img_920x518uu2026-01-19-12-10-13-2415729-1.jpg\",\"keywords\":[\"Anderlecht\",\"B\u00e9lgica\",\"futebol\",\"Liga\"],\"articleSection\":[\"Desporto\",\"Futebol\"],\"inLanguage\":\"pt-PT\"},{\"@type\":\"WebPage\",\"@id\":\"https:\/\/portaltela.pt\/noticias\/2026\/01\/19\/tiago-araujo-estreia-se-a-marcar-pelo-gent-com-remate-de-106-km-h-2\/\",\"url\":\"https:\/\/portaltela.pt\/noticias\/2026\/01\/19\/tiago-araujo-estreia-se-a-marcar-pelo-gent-com-remate-de-106-km-h-2\/\",\"name\":\"Tiago Ara\u00fajo estreia-se a marcar pelo Gent com remate de 106 km\/h - Portal Tela Portugal\",\"isPartOf\":{\"@id\":\"https:\/\/portaltela.pt\/#website\"},\"primaryImageOfPage\":{\"@id\":\"https:\/\/portaltela.pt\/noticias\/2026\/01\/19\/tiago-araujo-estreia-se-a-marcar-pelo-gent-com-remate-de-106-km-h-2\/#primaryimage\"},\"image\":{\"@id\":\"https:\/\/portaltela.pt\/noticias\/2026\/01\/19\/tiago-araujo-estreia-se-a-marcar-pelo-gent-com-remate-de-106-km-h-2\/#primaryimage\"},\"thumbnailUrl\":\"https:\/\/portaltela.pt\/s.01k8rhncp4jt1\/2026\/01\/img_920x518uu2026-01-19-12-10-13-2415729-1.jpg\",\"datePublished\":\"2026-01-19T12:18:24+00:00\",\"author\":{\"@id\":\"https:\/\/portaltela.pt\/#\/schema\/person\/c4278d4a6028830caff9ee44b42d32ed\"},\"breadcrumb\":{\"@id\":\"https:\/\/portaltela.pt\/noticias\/2026\/01\/19\/tiago-araujo-estreia-se-a-marcar-pelo-gent-com-remate-de-106-km-h-2\/#breadcrumb\"},\"inLanguage\":\"pt-PT\",\"potentialAction\":[{\"@type\":\"ReadAction\",\"target\":[\"https:\/\/portaltela.pt\/noticias\/2026\/01\/19\/tiago-araujo-estreia-se-a-marcar-pelo-gent-com-remate-de-106-km-h-2\/\"]}]},{\"@type\":\"ImageObject\",\"inLanguage\":\"pt-PT\",\"@id\":\"https:\/\/portaltela.pt\/noticias\/2026\/01\/19\/tiago-araujo-estreia-se-a-marcar-pelo-gent-com-remate-de-106-km-h-2\/#primaryimage\",\"url\":\"https:\/\/portaltela.pt\/s.01k8rhncp4jt1\/2026\/01\/img_920x518uu2026-01-19-12-10-13-2415729-1.jpg\",\"contentUrl\":\"https:\/\/portaltela.pt\/s.01k8rhncp4jt1\/2026\/01\/img_920x518uu2026-01-19-12-10-13-2415729-1.jpg\",\"width\":796,\"height\":448,\"caption\":\"Golo de Tiago Ara\u00fajo frente ao Anderlecht\"},{\"@type\":\"BreadcrumbList\",\"@id\":\"https:\/\/portaltela.pt\/noticias\/2026\/01\/19\/tiago-araujo-estreia-se-a-marcar-pelo-gent-com-remate-de-106-km-h-2\/#breadcrumb\",\"itemListElement\":[{\"@type\":\"ListItem\",\"position\":1,\"name\":\"In\u00edcio\",\"item\":\"https:\/\/portaltela.pt\/\"},{\"@type\":\"ListItem\",\"position\":2,\"name\":\"Tiago Ara\u00fajo estreia-se a marcar pelo Gent com remate de 106 km\/h\"}]},{\"@type\":\"WebSite\",\"@id\":\"https:\/\/portaltela.pt\/#website\",\"url\":\"https:\/\/portaltela.pt\/\",\"name\":\"Portal Tela Portugal\",\"description\":\"\",\"potentialAction\":[{\"@type\":\"SearchAction\",\"target\":{\"@type\":\"EntryPoint\",\"urlTemplate\":\"https:\/\/portaltela.pt\/?s={search_term_string}\"},\"query-input\":{\"@type\":\"PropertyValueSpecification\",\"valueRequired\":true,\"valueName\":\"search_term_string\"}}],\"inLanguage\":\"pt-PT\"},{\"@type\":\"Person\",\"@id\":\"https:\/\/portaltela.pt\/#\/schema\/person\/c4278d4a6028830caff9ee44b42d32ed\",\"name\":\"Telinha\",\"image\":{\"@type\":\"ImageObject\",\"inLanguage\":\"pt-PT\",\"@id\":\"https:\/\/portaltela.pt\/s.01k8rhncp4jt1\/2025\/11\/talking-bot-125x125.png\",\"url\":\"https:\/\/portaltela.pt\/s.01k8rhncp4jt1\/2025\/11\/talking-bot-125x125.png\",\"contentUrl\":\"https:\/\/portaltela.pt\/s.01k8rhncp4jt1\/2025\/11\/talking-bot-125x125.png\",\"caption\":\"Telinha\"},\"sameAs\":[\"https:\/\/portaltela.pt\/\"],\"url\":\"https:\/\/portaltela.pt\/por\/367410592786\/\"}]}<\/script>\n<!-- \/ Yoast SEO plugin. -->","yoast_head_json":{"title":"Tiago Ara\u00fajo estreia-se a marcar pelo Gent com remate de 106 km\/h - Portal Tela Portugal","robots":{"index":"index","follow":"follow","max-snippet":"max-snippet:-1","max-image-preview":"max-image-preview:large","max-video-preview":"max-video-preview:-1"},"og_locale":"pt_PT","og_type":"article","og_title":"Tiago Ara\u00fajo estreia-se a marcar pelo Gent com remate de 106 km\/h - Portal Tela Portugal","og_description":"O Gent bateu o Anderlecht por 4-2, este domingo. Tiago Ara\u00fajo estreou-se a marcar pela forma\u00e7\u00e3o belga, ao marcar o segundo golo aos 81 minutos. O remate foi um m\u00edssil que reestabeleceu a igualdade, segundo a DAZN atingiu 106 km\/h. O Gent subiu ao sexto lugar da Liga belga, com 29 pontos. O jogador \u00e9 lateral-esquerdo e j\u00e1 passou por Benfica, Arouca e Estoril.","og_url":"https:\/\/portaltela.pt\/noticias\/2026\/01\/19\/tiago-araujo-estreia-se-a-marcar-pelo-gent-com-remate-de-106-km-h-2\/","og_site_name":"Portal Tela Portugal","article_published_time":"2026-01-19T12:18:24+00:00","author":"Telinha","twitter_card":"summary_large_image","twitter_misc":{"Escrito por":"Telinha","Tempo estimado de leitura":"1 minuto"},"schema":{"@context":"https:\/\/schema.org","@graph":[{"@type":"Article","@id":"https:\/\/portaltela.pt\/noticias\/2026\/01\/19\/tiago-araujo-estreia-se-a-marcar-pelo-gent-com-remate-de-106-km-h-2\/#article","isPartOf":{"@id":"https:\/\/portaltela.pt\/noticias\/2026\/01\/19\/tiago-araujo-estreia-se-a-marcar-pelo-gent-com-remate-de-106-km-h-2\/"},"author":{"name":"Telinha","@id":"https:\/\/portaltela.pt\/#\/schema\/person\/c4278d4a6028830caff9ee44b42d32ed"},"headline":"Tiago Ara\u00fajo estreia-se a marcar pelo Gent com remate de 106 km\/h","datePublished":"2026-01-19T12:18:24+00:00","mainEntityOfPage":{"@id":"https:\/\/portaltela.pt\/noticias\/2026\/01\/19\/tiago-araujo-estreia-se-a-marcar-pelo-gent-com-remate-de-106-km-h-2\/"},"wordCount":135,"image":{"@id":"https:\/\/portaltela.pt\/noticias\/2026\/01\/19\/tiago-araujo-estreia-se-a-marcar-pelo-gent-com-remate-de-106-km-h-2\/#primaryimage"},"thumbnailUrl":"https:\/\/portaltela.pt\/s.01k8rhncp4jt1\/2026\/01\/img_920x518uu2026-01-19-12-10-13-2415729-1.jpg","keywords":["Anderlecht","B\u00e9lgica","futebol","Liga"],"articleSection":["Desporto","Futebol"],"inLanguage":"pt-PT"},{"@type":"WebPage","@id":"https:\/\/portaltela.pt\/noticias\/2026\/01\/19\/tiago-araujo-estreia-se-a-marcar-pelo-gent-com-remate-de-106-km-h-2\/","url":"https:\/\/portaltela.pt\/noticias\/2026\/01\/19\/tiago-araujo-estreia-se-a-marcar-pelo-gent-com-remate-de-106-km-h-2\/","name":"Tiago Ara\u00fajo estreia-se a marcar pelo Gent com remate de 106 km\/h - Portal Tela Portugal","isPartOf":{"@id":"https:\/\/portaltela.pt\/#website"},"primaryImageOfPage":{"@id":"https:\/\/portaltela.pt\/noticias\/2026\/01\/19\/tiago-araujo-estreia-se-a-marcar-pelo-gent-com-remate-de-106-km-h-2\/#primaryimage"},"image":{"@id":"https:\/\/portaltela.pt\/noticias\/2026\/01\/19\/tiago-araujo-estreia-se-a-marcar-pelo-gent-com-remate-de-106-km-h-2\/#primaryimage"},"thumbnailUrl":"https:\/\/portaltela.pt\/s.01k8rhncp4jt1\/2026\/01\/img_920x518uu2026-01-19-12-10-13-2415729-1.jpg","datePublished":"2026-01-19T12:18:24+00:00","author":{"@id":"https:\/\/portaltela.pt\/#\/schema\/person\/c4278d4a6028830caff9ee44b42d32ed"},"breadcrumb":{"@id":"https:\/\/portaltela.pt\/noticias\/2026\/01\/19\/tiago-araujo-estreia-se-a-marcar-pelo-gent-com-remate-de-106-km-h-2\/#breadcrumb"},"inLanguage":"pt-PT","potentialAction":[{"@type":"ReadAction","target":["https:\/\/portaltela.pt\/noticias\/2026\/01\/19\/tiago-araujo-estreia-se-a-marcar-pelo-gent-com-remate-de-106-km-h-2\/"]}]},{"@type":"ImageObject","inLanguage":"pt-PT","@id":"https:\/\/portaltela.pt\/noticias\/2026\/01\/19\/tiago-araujo-estreia-se-a-marcar-pelo-gent-com-remate-de-106-km-h-2\/#primaryimage","url":"https:\/\/portaltela.pt\/s.01k8rhncp4jt1\/2026\/01\/img_920x518uu2026-01-19-12-10-13-2415729-1.jpg","contentUrl":"https:\/\/portaltela.pt\/s.01k8rhncp4jt1\/2026\/01\/img_920x518uu2026-01-19-12-10-13-2415729-1.jpg","width":796,"height":448,"caption":"Golo de Tiago Ara\u00fajo frente ao Anderlecht"},{"@type":"BreadcrumbList","@id":"https:\/\/portaltela.pt\/noticias\/2026\/01\/19\/tiago-araujo-estreia-se-a-marcar-pelo-gent-com-remate-de-106-km-h-2\/#breadcrumb","itemListElement":[{"@type":"ListItem","position":1,"name":"In\u00edcio","item":"https:\/\/portaltela.pt\/"},{"@type":"ListItem","position":2,"name":"Tiago Ara\u00fajo estreia-se a marcar pelo Gent com remate de 106 km\/h"}]},{"@type":"WebSite","@id":"https:\/\/portaltela.pt\/#website","url":"https:\/\/portaltela.pt\/","name":"Portal Tela Portugal","description":"","potentialAction":[{"@type":"SearchAction","target":{"@type":"EntryPoint","urlTemplate":"https:\/\/portaltela.pt\/?s={search_term_string}"},"query-input":{"@type":"PropertyValueSpecification","valueRequired":true,"valueName":"search_term_string"}}],"inLanguage":"pt-PT"},{"@type":"Person","@id":"https:\/\/portaltela.pt\/#\/schema\/person\/c4278d4a6028830caff9ee44b42d32ed","name":"Telinha","image":{"@type":"ImageObject","inLanguage":"pt-PT","@id":"https:\/\/portaltela.pt\/s.01k8rhncp4jt1\/2025\/11\/talking-bot-125x125.png","url":"https:\/\/portaltela.pt\/s.01k8rhncp4jt1\/2025\/11\/talking-bot-125x125.png","contentUrl":"https:\/\/portaltela.pt\/s.01k8rhncp4jt1\/2025\/11\/talking-bot-125x125.png","caption":"Telinha"},"sameAs":["https:\/\/portaltela.pt\/"],"url":"https:\/\/portaltela.pt\/por\/367410592786\/"}]}},"_links":{"self":[{"href":"https:\/\/portaltela.pt\/api\/wp\/v2\/posts\/152781","targetHints":{"allow":["GET"]}}],"collection":[{"href":"https:\/\/portaltela.pt\/api\/wp\/v2\/posts"}],"about":[{"href":"https:\/\/portaltela.pt\/api\/wp\/v2\/types\/post"}],"author":[{"embeddable":true,"href":"https:\/\/portaltela.pt\/api\/wp\/v2\/users\/2"}],"replies":[{"embeddable":true,"href":"https:\/\/portaltela.pt\/api\/wp\/v2\/comments?post=152781"}],"version-history":[{"count":0,"href":"https:\/\/portaltela.pt\/api\/wp\/v2\/posts\/152781\/revisions"}],"wp:featuredmedia":[{"embeddable":true,"href":"https:\/\/portaltela.pt\/api\/wp\/v2\/media\/152788"}],"wp:attachment":[{"href":"https:\/\/portaltela.pt\/api\/wp\/v2\/media?parent=152781"}],"wp:term":[{"taxonomy":"category","embeddable":true,"href":"https:\/\/portaltela.pt\/api\/wp\/v2\/categories?post=152781"},{"taxonomy":"post_tag","embeddable":true,"href":"https:\/\/portaltela.pt\/api\/wp\/v2\/tags?post=152781"}],"curies":[{"name":"wp","href":"https:\/\/api.w.org\/{rel}","templated":true}]}}