{"id":152777,"date":"2026-01-19T09:25:52","date_gmt":"2026-01-19T12:25:52","guid":{"rendered":"https:\/\/portaltela.pt\/noticias\/2026\/01\/19\/adrc-aguiar-da-beira-cessa-funcoes-de-nuno-sena-por-mutuo-acordo\/"},"modified":"2026-01-19T09:25:52","modified_gmt":"2026-01-19T12:25:52","slug":"adrc-aguiar-da-beira-cessa-funcoes-de-nuno-sena-por-mutuo-acordo","status":"publish","type":"post","link":"https:\/\/portaltela.pt\/desporto\/futebol\/2026\/01\/19\/adrc-aguiar-da-beira-cessa-funcoes-de-nuno-sena-por-mutuo-acordo\/","title":{"rendered":"ADRC Aguiar da Beira cessa fun\u00e7\u00f5es de Nuno Sena por m\u00fatuo acordo"},"content":{"rendered":"<p>A ADRC Aguiar da Beira anunciou, no dia 18 de janeiro, a cessa\u00e7\u00e3o, por m\u00fatuo acordo, das fun\u00e7\u00f5es de Nuno Sena \u00e0 frente da equipa s\u00e9nior. A decis\u00e3o foi comunicada pela dire\u00e7\u00e3o do clube.<\/p>\n<p>Segundo o comunicado, Nuno Sena esteve ligado ao clube ao longo de 36 anos, atuando como jogador na forma\u00e7\u00e3o e no plantel s\u00e9nior, treinador da forma\u00e7\u00e3o e da equipa principal, e como eficaz colaborador fora de campo. A nota ressalta o car\u00e1ter de dedica\u00e7\u00e3o e profissionalismo que marcou a sua passagem.<\/p>\n<h3>Contexto<\/h3>\n<p>A dire\u00e7\u00e3o destaca que o Nuno viveu o clube e representa o ADN Cabican\u00e7a, moldando a identidade da ADRC Aguiar da Beira. O texto sublinha que o impacto humano, desportivo e identit\u00e1rio, deixado por ele, permanecer\u00e1 associado \u00e0 hist\u00f3ria e aos valores da institui\u00e7\u00e3o.<\/p>\n<p>A equipa dirigente agradece o empenho e o amor demonstrados ao longo de mais de tr\u00eas d\u00e9cadas, desejando-lhe sucesso pessoal e profissional no futuro.<\/p>\n","protected":false},"excerpt":{"rendered":"<ul>\n<li>A ADRC Aguiar da Beira anunciou, no dia 18 de janeiro, a cessa\u00e7\u00e3o, por m\u00fatuo acordo, das fun\u00e7\u00f5es de Nuno Sena \u00e0 frente da equipa s\u00e9nior.<\/li>\n<li>Nuno Sena manteve liga\u00e7\u00e3o ao clube durante 36 anos, como jogador de forma\u00e7\u00e3o e do plantel s\u00e9nior, treinador de forma\u00e7\u00e3o e da equipa principal, tendo atuado com alto grau de profissionalismo.<\/li>\n<li>O clube descreve-o como a personifica\u00e7\u00e3o do ADN Cabicanca e uma das pessoas que melhor representa a identidade da institui\u00e7\u00e3o.<\/li>\n<li>A dire\u00e7\u00e3o agradeceu o empenho, dedica\u00e7\u00e3o e paix\u00e3o demonstrados ao longo de mais de tr\u00eas d\u00e9cadas.<\/li>\n<li>Desejaram-lhe as maiores felicidades pessoais e profissionais no futuro.<\/li>\n<\/ul>\n","protected":false},"author":2,"featured_media":152783,"comment_status":"closed","ping_status":"closed","sticky":false,"template":"","format":"standard","meta":{"footnotes":""},"categories":[21,24],"tags":[1753,1264,152,2767,2477],"class_list":["post-152777","post","type-post","status-publish","format-standard","has-post-thumbnail","hentry","category-desporto","category-futebol","tag-aguiar-da-beira","tag-associacao-desportiva","tag-desporto","tag-organizacoes-desportivas","tag-treinadores"],"yoast_head":"<!-- This site is optimized with the Yoast SEO plugin v27.2 - https:\/\/yoast.com\/product\/yoast-seo-wordpress\/ -->\n<title>ADRC Aguiar da Beira cessa fun\u00e7\u00f5es de Nuno Sena por m\u00fatuo acordo - Portal Tela Portugal<\/title>\n<meta name=\"robots\" content=\"index, follow, max-snippet:-1, max-image-preview:large, max-video-preview:-1\" \/>\n<meta property=\"og:locale\" content=\"pt_PT\" \/>\n<meta property=\"og:type\" content=\"article\" \/>\n<meta property=\"og:title\" content=\"ADRC Aguiar da Beira cessa fun\u00e7\u00f5es de Nuno Sena por m\u00fatuo acordo - Portal Tela Portugal\" \/>\n<meta property=\"og:description\" content=\"A ADRC Aguiar da Beira anunciou, no dia 18 de janeiro, a cessa\u00e7\u00e3o, por m\u00fatuo acordo, das fun\u00e7\u00f5es de Nuno Sena \u00e0 frente da equipa s\u00e9nior. Nuno Sena manteve liga\u00e7\u00e3o ao clube durante 36 anos, como jogador de forma\u00e7\u00e3o e do plantel s\u00e9nior, treinador de forma\u00e7\u00e3o e da equipa principal, tendo atuado com alto grau de profissionalismo. O clube descreve-o como a personifica\u00e7\u00e3o do ADN Cabicanca e uma das pessoas que melhor representa a identidade da institui\u00e7\u00e3o. A dire\u00e7\u00e3o agradeceu o empenho, dedica\u00e7\u00e3o e paix\u00e3o demonstrados ao longo de mais de tr\u00eas d\u00e9cadas. Desejaram-lhe as maiores felicidades pessoais e profissionais no futuro.\" \/>\n<meta property=\"og:url\" content=\"https:\/\/portaltela.pt\/noticias\/2026\/01\/19\/adrc-aguiar-da-beira-cessa-funcoes-de-nuno-sena-por-mutuo-acordo\/\" \/>\n<meta property=\"og:site_name\" content=\"Portal Tela Portugal\" \/>\n<meta property=\"article:published_time\" content=\"2026-01-19T12:25:52+00:00\" \/>\n<meta name=\"author\" content=\"Telinha\" \/>\n<meta name=\"twitter:card\" content=\"summary_large_image\" \/>\n<meta name=\"twitter:label1\" content=\"Escrito por\" \/>\n\t<meta name=\"twitter:data1\" content=\"Telinha\" \/>\n\t<meta name=\"twitter:label2\" content=\"Tempo estimado de leitura\" \/>\n\t<meta name=\"twitter:data2\" content=\"1 minuto\" \/>\n<script type=\"application\/ld+json\" class=\"yoast-schema-graph\">{\"@context\":\"https:\/\/schema.org\",\"@graph\":[{\"@type\":\"Article\",\"@id\":\"https:\/\/portaltela.pt\/noticias\/2026\/01\/19\/adrc-aguiar-da-beira-cessa-funcoes-de-nuno-sena-por-mutuo-acordo\/#article\",\"isPartOf\":{\"@id\":\"https:\/\/portaltela.pt\/noticias\/2026\/01\/19\/adrc-aguiar-da-beira-cessa-funcoes-de-nuno-sena-por-mutuo-acordo\/\"},\"author\":{\"name\":\"Telinha\",\"@id\":\"https:\/\/portaltela.pt\/#\/schema\/person\/c4278d4a6028830caff9ee44b42d32ed\"},\"headline\":\"ADRC Aguiar da Beira cessa fun\u00e7\u00f5es de Nuno Sena por m\u00fatuo acordo\",\"datePublished\":\"2026-01-19T12:25:52+00:00\",\"mainEntityOfPage\":{\"@id\":\"https:\/\/portaltela.pt\/noticias\/2026\/01\/19\/adrc-aguiar-da-beira-cessa-funcoes-de-nuno-sena-por-mutuo-acordo\/\"},\"wordCount\":182,\"image\":{\"@id\":\"https:\/\/portaltela.pt\/noticias\/2026\/01\/19\/adrc-aguiar-da-beira-cessa-funcoes-de-nuno-sena-por-mutuo-acordo\/#primaryimage\"},\"thumbnailUrl\":\"https:\/\/portaltela.pt\/s.01k8rhncp4jt1\/2026\/01\/617072840_1360332989225960_8894035698015305775_n.jpg\",\"keywords\":[\"Aguiar da Beira\",\"associa\u00e7\u00e3o desportiva\",\"desporto\",\"organiza\u00e7\u00f5es desportivas\",\"treinadores\"],\"articleSection\":[\"Desporto\",\"Futebol\"],\"inLanguage\":\"pt-PT\"},{\"@type\":\"WebPage\",\"@id\":\"https:\/\/portaltela.pt\/noticias\/2026\/01\/19\/adrc-aguiar-da-beira-cessa-funcoes-de-nuno-sena-por-mutuo-acordo\/\",\"url\":\"https:\/\/portaltela.pt\/noticias\/2026\/01\/19\/adrc-aguiar-da-beira-cessa-funcoes-de-nuno-sena-por-mutuo-acordo\/\",\"name\":\"ADRC Aguiar da Beira cessa fun\u00e7\u00f5es de Nuno Sena por m\u00fatuo acordo - Portal Tela Portugal\",\"isPartOf\":{\"@id\":\"https:\/\/portaltela.pt\/#website\"},\"primaryImageOfPage\":{\"@id\":\"https:\/\/portaltela.pt\/noticias\/2026\/01\/19\/adrc-aguiar-da-beira-cessa-funcoes-de-nuno-sena-por-mutuo-acordo\/#primaryimage\"},\"image\":{\"@id\":\"https:\/\/portaltela.pt\/noticias\/2026\/01\/19\/adrc-aguiar-da-beira-cessa-funcoes-de-nuno-sena-por-mutuo-acordo\/#primaryimage\"},\"thumbnailUrl\":\"https:\/\/portaltela.pt\/s.01k8rhncp4jt1\/2026\/01\/617072840_1360332989225960_8894035698015305775_n.jpg\",\"datePublished\":\"2026-01-19T12:25:52+00:00\",\"author\":{\"@id\":\"https:\/\/portaltela.pt\/#\/schema\/person\/c4278d4a6028830caff9ee44b42d32ed\"},\"breadcrumb\":{\"@id\":\"https:\/\/portaltela.pt\/noticias\/2026\/01\/19\/adrc-aguiar-da-beira-cessa-funcoes-de-nuno-sena-por-mutuo-acordo\/#breadcrumb\"},\"inLanguage\":\"pt-PT\",\"potentialAction\":[{\"@type\":\"ReadAction\",\"target\":[\"https:\/\/portaltela.pt\/noticias\/2026\/01\/19\/adrc-aguiar-da-beira-cessa-funcoes-de-nuno-sena-por-mutuo-acordo\/\"]}]},{\"@type\":\"ImageObject\",\"inLanguage\":\"pt-PT\",\"@id\":\"https:\/\/portaltela.pt\/noticias\/2026\/01\/19\/adrc-aguiar-da-beira-cessa-funcoes-de-nuno-sena-por-mutuo-acordo\/#primaryimage\",\"url\":\"https:\/\/portaltela.pt\/s.01k8rhncp4jt1\/2026\/01\/617072840_1360332989225960_8894035698015305775_n.jpg\",\"contentUrl\":\"https:\/\/portaltela.pt\/s.01k8rhncp4jt1\/2026\/01\/617072840_1360332989225960_8894035698015305775_n.jpg\",\"width\":796,\"height\":448,\"caption\":\"Mercado of Sport\u2019s: ADRC Aguiar da Beira cessou, por m\u00fatuo acordo, as fun\u00e7\u00f5es do treinador Nuno Sena \u00e0 frente da equipa s\u00e9nior.\"},{\"@type\":\"BreadcrumbList\",\"@id\":\"https:\/\/portaltela.pt\/noticias\/2026\/01\/19\/adrc-aguiar-da-beira-cessa-funcoes-de-nuno-sena-por-mutuo-acordo\/#breadcrumb\",\"itemListElement\":[{\"@type\":\"ListItem\",\"position\":1,\"name\":\"In\u00edcio\",\"item\":\"https:\/\/portaltela.pt\/\"},{\"@type\":\"ListItem\",\"position\":2,\"name\":\"ADRC Aguiar da Beira cessa fun\u00e7\u00f5es de Nuno Sena por m\u00fatuo acordo\"}]},{\"@type\":\"WebSite\",\"@id\":\"https:\/\/portaltela.pt\/#website\",\"url\":\"https:\/\/portaltela.pt\/\",\"name\":\"Portal Tela Portugal\",\"description\":\"\",\"potentialAction\":[{\"@type\":\"SearchAction\",\"target\":{\"@type\":\"EntryPoint\",\"urlTemplate\":\"https:\/\/portaltela.pt\/?s={search_term_string}\"},\"query-input\":{\"@type\":\"PropertyValueSpecification\",\"valueRequired\":true,\"valueName\":\"search_term_string\"}}],\"inLanguage\":\"pt-PT\"},{\"@type\":\"Person\",\"@id\":\"https:\/\/portaltela.pt\/#\/schema\/person\/c4278d4a6028830caff9ee44b42d32ed\",\"name\":\"Telinha\",\"image\":{\"@type\":\"ImageObject\",\"inLanguage\":\"pt-PT\",\"@id\":\"https:\/\/portaltela.pt\/s.01k8rhncp4jt1\/2025\/11\/talking-bot-125x125.png\",\"url\":\"https:\/\/portaltela.pt\/s.01k8rhncp4jt1\/2025\/11\/talking-bot-125x125.png\",\"contentUrl\":\"https:\/\/portaltela.pt\/s.01k8rhncp4jt1\/2025\/11\/talking-bot-125x125.png\",\"caption\":\"Telinha\"},\"sameAs\":[\"https:\/\/portaltela.pt\/\"],\"url\":\"https:\/\/portaltela.pt\/por\/367410592786\/\"}]}<\/script>\n<!-- \/ Yoast SEO plugin. -->","yoast_head_json":{"title":"ADRC Aguiar da Beira cessa fun\u00e7\u00f5es de Nuno Sena por m\u00fatuo acordo - Portal Tela Portugal","robots":{"index":"index","follow":"follow","max-snippet":"max-snippet:-1","max-image-preview":"max-image-preview:large","max-video-preview":"max-video-preview:-1"},"og_locale":"pt_PT","og_type":"article","og_title":"ADRC Aguiar da Beira cessa fun\u00e7\u00f5es de Nuno Sena por m\u00fatuo acordo - Portal Tela Portugal","og_description":"A ADRC Aguiar da Beira anunciou, no dia 18 de janeiro, a cessa\u00e7\u00e3o, por m\u00fatuo acordo, das fun\u00e7\u00f5es de Nuno Sena \u00e0 frente da equipa s\u00e9nior. Nuno Sena manteve liga\u00e7\u00e3o ao clube durante 36 anos, como jogador de forma\u00e7\u00e3o e do plantel s\u00e9nior, treinador de forma\u00e7\u00e3o e da equipa principal, tendo atuado com alto grau de profissionalismo. O clube descreve-o como a personifica\u00e7\u00e3o do ADN Cabicanca e uma das pessoas que melhor representa a identidade da institui\u00e7\u00e3o. A dire\u00e7\u00e3o agradeceu o empenho, dedica\u00e7\u00e3o e paix\u00e3o demonstrados ao longo de mais de tr\u00eas d\u00e9cadas. Desejaram-lhe as maiores felicidades pessoais e profissionais no futuro.","og_url":"https:\/\/portaltela.pt\/noticias\/2026\/01\/19\/adrc-aguiar-da-beira-cessa-funcoes-de-nuno-sena-por-mutuo-acordo\/","og_site_name":"Portal Tela Portugal","article_published_time":"2026-01-19T12:25:52+00:00","author":"Telinha","twitter_card":"summary_large_image","twitter_misc":{"Escrito por":"Telinha","Tempo estimado de leitura":"1 minuto"},"schema":{"@context":"https:\/\/schema.org","@graph":[{"@type":"Article","@id":"https:\/\/portaltela.pt\/noticias\/2026\/01\/19\/adrc-aguiar-da-beira-cessa-funcoes-de-nuno-sena-por-mutuo-acordo\/#article","isPartOf":{"@id":"https:\/\/portaltela.pt\/noticias\/2026\/01\/19\/adrc-aguiar-da-beira-cessa-funcoes-de-nuno-sena-por-mutuo-acordo\/"},"author":{"name":"Telinha","@id":"https:\/\/portaltela.pt\/#\/schema\/person\/c4278d4a6028830caff9ee44b42d32ed"},"headline":"ADRC Aguiar da Beira cessa fun\u00e7\u00f5es de Nuno Sena por m\u00fatuo acordo","datePublished":"2026-01-19T12:25:52+00:00","mainEntityOfPage":{"@id":"https:\/\/portaltela.pt\/noticias\/2026\/01\/19\/adrc-aguiar-da-beira-cessa-funcoes-de-nuno-sena-por-mutuo-acordo\/"},"wordCount":182,"image":{"@id":"https:\/\/portaltela.pt\/noticias\/2026\/01\/19\/adrc-aguiar-da-beira-cessa-funcoes-de-nuno-sena-por-mutuo-acordo\/#primaryimage"},"thumbnailUrl":"https:\/\/portaltela.pt\/s.01k8rhncp4jt1\/2026\/01\/617072840_1360332989225960_8894035698015305775_n.jpg","keywords":["Aguiar da Beira","associa\u00e7\u00e3o desportiva","desporto","organiza\u00e7\u00f5es desportivas","treinadores"],"articleSection":["Desporto","Futebol"],"inLanguage":"pt-PT"},{"@type":"WebPage","@id":"https:\/\/portaltela.pt\/noticias\/2026\/01\/19\/adrc-aguiar-da-beira-cessa-funcoes-de-nuno-sena-por-mutuo-acordo\/","url":"https:\/\/portaltela.pt\/noticias\/2026\/01\/19\/adrc-aguiar-da-beira-cessa-funcoes-de-nuno-sena-por-mutuo-acordo\/","name":"ADRC Aguiar da Beira cessa fun\u00e7\u00f5es de Nuno Sena por m\u00fatuo acordo - Portal Tela Portugal","isPartOf":{"@id":"https:\/\/portaltela.pt\/#website"},"primaryImageOfPage":{"@id":"https:\/\/portaltela.pt\/noticias\/2026\/01\/19\/adrc-aguiar-da-beira-cessa-funcoes-de-nuno-sena-por-mutuo-acordo\/#primaryimage"},"image":{"@id":"https:\/\/portaltela.pt\/noticias\/2026\/01\/19\/adrc-aguiar-da-beira-cessa-funcoes-de-nuno-sena-por-mutuo-acordo\/#primaryimage"},"thumbnailUrl":"https:\/\/portaltela.pt\/s.01k8rhncp4jt1\/2026\/01\/617072840_1360332989225960_8894035698015305775_n.jpg","datePublished":"2026-01-19T12:25:52+00:00","author":{"@id":"https:\/\/portaltela.pt\/#\/schema\/person\/c4278d4a6028830caff9ee44b42d32ed"},"breadcrumb":{"@id":"https:\/\/portaltela.pt\/noticias\/2026\/01\/19\/adrc-aguiar-da-beira-cessa-funcoes-de-nuno-sena-por-mutuo-acordo\/#breadcrumb"},"inLanguage":"pt-PT","potentialAction":[{"@type":"ReadAction","target":["https:\/\/portaltela.pt\/noticias\/2026\/01\/19\/adrc-aguiar-da-beira-cessa-funcoes-de-nuno-sena-por-mutuo-acordo\/"]}]},{"@type":"ImageObject","inLanguage":"pt-PT","@id":"https:\/\/portaltela.pt\/noticias\/2026\/01\/19\/adrc-aguiar-da-beira-cessa-funcoes-de-nuno-sena-por-mutuo-acordo\/#primaryimage","url":"https:\/\/portaltela.pt\/s.01k8rhncp4jt1\/2026\/01\/617072840_1360332989225960_8894035698015305775_n.jpg","contentUrl":"https:\/\/portaltela.pt\/s.01k8rhncp4jt1\/2026\/01\/617072840_1360332989225960_8894035698015305775_n.jpg","width":796,"height":448,"caption":"Mercado of Sport\u2019s: ADRC Aguiar da Beira cessou, por m\u00fatuo acordo, as fun\u00e7\u00f5es do treinador Nuno Sena \u00e0 frente da equipa s\u00e9nior."},{"@type":"BreadcrumbList","@id":"https:\/\/portaltela.pt\/noticias\/2026\/01\/19\/adrc-aguiar-da-beira-cessa-funcoes-de-nuno-sena-por-mutuo-acordo\/#breadcrumb","itemListElement":[{"@type":"ListItem","position":1,"name":"In\u00edcio","item":"https:\/\/portaltela.pt\/"},{"@type":"ListItem","position":2,"name":"ADRC Aguiar da Beira cessa fun\u00e7\u00f5es de Nuno Sena por m\u00fatuo acordo"}]},{"@type":"WebSite","@id":"https:\/\/portaltela.pt\/#website","url":"https:\/\/portaltela.pt\/","name":"Portal Tela Portugal","description":"","potentialAction":[{"@type":"SearchAction","target":{"@type":"EntryPoint","urlTemplate":"https:\/\/portaltela.pt\/?s={search_term_string}"},"query-input":{"@type":"PropertyValueSpecification","valueRequired":true,"valueName":"search_term_string"}}],"inLanguage":"pt-PT"},{"@type":"Person","@id":"https:\/\/portaltela.pt\/#\/schema\/person\/c4278d4a6028830caff9ee44b42d32ed","name":"Telinha","image":{"@type":"ImageObject","inLanguage":"pt-PT","@id":"https:\/\/portaltela.pt\/s.01k8rhncp4jt1\/2025\/11\/talking-bot-125x125.png","url":"https:\/\/portaltela.pt\/s.01k8rhncp4jt1\/2025\/11\/talking-bot-125x125.png","contentUrl":"https:\/\/portaltela.pt\/s.01k8rhncp4jt1\/2025\/11\/talking-bot-125x125.png","caption":"Telinha"},"sameAs":["https:\/\/portaltela.pt\/"],"url":"https:\/\/portaltela.pt\/por\/367410592786\/"}]}},"_links":{"self":[{"href":"https:\/\/portaltela.pt\/api\/wp\/v2\/posts\/152777","targetHints":{"allow":["GET"]}}],"collection":[{"href":"https:\/\/portaltela.pt\/api\/wp\/v2\/posts"}],"about":[{"href":"https:\/\/portaltela.pt\/api\/wp\/v2\/types\/post"}],"author":[{"embeddable":true,"href":"https:\/\/portaltela.pt\/api\/wp\/v2\/users\/2"}],"replies":[{"embeddable":true,"href":"https:\/\/portaltela.pt\/api\/wp\/v2\/comments?post=152777"}],"version-history":[{"count":0,"href":"https:\/\/portaltela.pt\/api\/wp\/v2\/posts\/152777\/revisions"}],"wp:featuredmedia":[{"embeddable":true,"href":"https:\/\/portaltela.pt\/api\/wp\/v2\/media\/152783"}],"wp:attachment":[{"href":"https:\/\/portaltela.pt\/api\/wp\/v2\/media?parent=152777"}],"wp:term":[{"taxonomy":"category","embeddable":true,"href":"https:\/\/portaltela.pt\/api\/wp\/v2\/categories?post=152777"},{"taxonomy":"post_tag","embeddable":true,"href":"https:\/\/portaltela.pt\/api\/wp\/v2\/tags?post=152777"}],"curies":[{"name":"wp","href":"https:\/\/api.w.org\/{rel}","templated":true}]}}