{"id":152768,"date":"2026-01-19T09:18:24","date_gmt":"2026-01-19T12:18:24","guid":{"rendered":"https:\/\/portaltela.pt\/noticias\/2026\/01\/19\/tiago-araujo-estreia-se-a-marcar-pelo-gent-com-remate-de-106-km-h\/"},"modified":"2026-01-19T09:18:24","modified_gmt":"2026-01-19T12:18:24","slug":"tiago-araujo-estreia-se-a-marcar-pelo-gent-com-remate-de-106-km-h","status":"publish","type":"post","link":"https:\/\/portaltela.pt\/desporto\/futebol\/2026\/01\/19\/tiago-araujo-estreia-se-a-marcar-pelo-gent-com-remate-de-106-km-h\/","title":{"rendered":"Tiago Ara\u00fajo estreia-se a marcar pelo Gent com remate de 106 km\/h"},"content":{"rendered":"<p>O Gent venceu o Anderlecht por 4-2 neste domingo, no campeonato belga, com Tiago Ara\u00fajo a marcar pela primeira vez pela equipa. O defesa-esquerdo esteve titular e revelou-se decisivo ao marcar aos 81 minutos, empatando o jogo.<\/p>\n<p>O golo de Ara\u00fajo chegou num remate poderoso que recuperou a igualdade no marcador, lembrando Roberto Carlos pela trajet\u00f3ria da bola. Segundo a DAZN, a velocidade atingiu 106 km\/h.<\/p>\n<p>Com o resultado, o Gent subiu ao 6\u00ba lugar da Liga belga, com 29 pontos conquistados ao longo da temporada. O jogador portugu\u00eas soma assim a sua estreia goleadora pela forma\u00e7\u00e3o de Ghent.<\/p>\n<p>Tiago Ara\u00fajo chegou ao Gent vindo do Benfica, tendo passado por Arouca e Estoril. A partida marcou a estreia do jogador a marcar, numa atua\u00e7\u00e3o marcada pela ofensiva da equipa.<\/p>\n","protected":false},"excerpt":{"rendered":"<ul>\n<li>O Gent ganhou ao Anderlecht por 4-2, mantendo-se na Liga belga.<\/li>\n<li>Tiago Ara\u00fajo, lateral-esquerdo portugu\u00eas, estreia-se a marcar pela equipa belga.<\/li>\n<li>O segundo golo do Gent foi aos 81 minutos, empatando o jogo.<\/li>\n<li>O remate de Ara\u00fajo foi de cerca de 106 quil\u00f3metros por hora, segundo a DAZN.<\/li>\n<li>Com a vit\u00f3ria, o Gent sobe ao sexto lugar, com 29 pontos.<\/li>\n<\/ul>\n","protected":false},"author":2,"featured_media":152770,"comment_status":"closed","ping_status":"closed","sticky":false,"template":"","format":"standard","meta":{"footnotes":""},"categories":[21,24],"tags":[2726,152,32,3338,1014],"class_list":["post-152768","post","type-post","status-publish","format-standard","has-post-thumbnail","hentry","category-desporto","category-futebol","tag-anderlecht","tag-desporto","tag-futebol","tag-futebol-internacional","tag-portugal"],"yoast_head":"<!-- This site is optimized with the Yoast SEO plugin v27.2 - https:\/\/yoast.com\/product\/yoast-seo-wordpress\/ -->\n<title>Tiago Ara\u00fajo estreia-se a marcar pelo Gent com remate de 106 km\/h - Portal Tela Portugal<\/title>\n<meta name=\"robots\" content=\"index, follow, max-snippet:-1, max-image-preview:large, max-video-preview:-1\" \/>\n<meta property=\"og:locale\" content=\"pt_PT\" \/>\n<meta property=\"og:type\" content=\"article\" \/>\n<meta property=\"og:title\" content=\"Tiago Ara\u00fajo estreia-se a marcar pelo Gent com remate de 106 km\/h - Portal Tela Portugal\" \/>\n<meta property=\"og:description\" content=\"O Gent ganhou ao Anderlecht por 4-2, mantendo-se na Liga belga. Tiago Ara\u00fajo, lateral-esquerdo portugu\u00eas, estreia-se a marcar pela equipa belga. O segundo golo do Gent foi aos 81 minutos, empatando o jogo. O remate de Ara\u00fajo foi de cerca de 106 quil\u00f3metros por hora, segundo a DAZN. Com a vit\u00f3ria, o Gent sobe ao sexto lugar, com 29 pontos.\" \/>\n<meta property=\"og:url\" content=\"https:\/\/portaltela.pt\/noticias\/2026\/01\/19\/tiago-araujo-estreia-se-a-marcar-pelo-gent-com-remate-de-106-km-h\/\" \/>\n<meta property=\"og:site_name\" content=\"Portal Tela Portugal\" \/>\n<meta property=\"article:published_time\" content=\"2026-01-19T12:18:24+00:00\" \/>\n<meta name=\"author\" content=\"Telinha\" \/>\n<meta name=\"twitter:card\" content=\"summary_large_image\" \/>\n<meta name=\"twitter:label1\" content=\"Escrito por\" \/>\n\t<meta name=\"twitter:data1\" content=\"Telinha\" \/>\n\t<meta name=\"twitter:label2\" content=\"Tempo estimado de leitura\" \/>\n\t<meta name=\"twitter:data2\" content=\"1 minuto\" \/>\n<script type=\"application\/ld+json\" class=\"yoast-schema-graph\">{\"@context\":\"https:\/\/schema.org\",\"@graph\":[{\"@type\":\"Article\",\"@id\":\"https:\/\/portaltela.pt\/noticias\/2026\/01\/19\/tiago-araujo-estreia-se-a-marcar-pelo-gent-com-remate-de-106-km-h\/#article\",\"isPartOf\":{\"@id\":\"https:\/\/portaltela.pt\/noticias\/2026\/01\/19\/tiago-araujo-estreia-se-a-marcar-pelo-gent-com-remate-de-106-km-h\/\"},\"author\":{\"name\":\"Telinha\",\"@id\":\"https:\/\/portaltela.pt\/#\/schema\/person\/c4278d4a6028830caff9ee44b42d32ed\"},\"headline\":\"Tiago Ara\u00fajo estreia-se a marcar pelo Gent com remate de 106 km\/h\",\"datePublished\":\"2026-01-19T12:18:24+00:00\",\"mainEntityOfPage\":{\"@id\":\"https:\/\/portaltela.pt\/noticias\/2026\/01\/19\/tiago-araujo-estreia-se-a-marcar-pelo-gent-com-remate-de-106-km-h\/\"},\"wordCount\":146,\"image\":{\"@id\":\"https:\/\/portaltela.pt\/noticias\/2026\/01\/19\/tiago-araujo-estreia-se-a-marcar-pelo-gent-com-remate-de-106-km-h\/#primaryimage\"},\"thumbnailUrl\":\"https:\/\/portaltela.pt\/s.01k8rhncp4jt1\/2026\/01\/img_920x518uu2026-01-19-12-10-13-2415729.jpg\",\"keywords\":[\"Anderlecht\",\"desporto\",\"futebol\",\"futebol internacional\",\"Portugal\"],\"articleSection\":[\"Desporto\",\"Futebol\"],\"inLanguage\":\"pt-PT\"},{\"@type\":\"WebPage\",\"@id\":\"https:\/\/portaltela.pt\/noticias\/2026\/01\/19\/tiago-araujo-estreia-se-a-marcar-pelo-gent-com-remate-de-106-km-h\/\",\"url\":\"https:\/\/portaltela.pt\/noticias\/2026\/01\/19\/tiago-araujo-estreia-se-a-marcar-pelo-gent-com-remate-de-106-km-h\/\",\"name\":\"Tiago Ara\u00fajo estreia-se a marcar pelo Gent com remate de 106 km\/h - Portal Tela Portugal\",\"isPartOf\":{\"@id\":\"https:\/\/portaltela.pt\/#website\"},\"primaryImageOfPage\":{\"@id\":\"https:\/\/portaltela.pt\/noticias\/2026\/01\/19\/tiago-araujo-estreia-se-a-marcar-pelo-gent-com-remate-de-106-km-h\/#primaryimage\"},\"image\":{\"@id\":\"https:\/\/portaltela.pt\/noticias\/2026\/01\/19\/tiago-araujo-estreia-se-a-marcar-pelo-gent-com-remate-de-106-km-h\/#primaryimage\"},\"thumbnailUrl\":\"https:\/\/portaltela.pt\/s.01k8rhncp4jt1\/2026\/01\/img_920x518uu2026-01-19-12-10-13-2415729.jpg\",\"datePublished\":\"2026-01-19T12:18:24+00:00\",\"author\":{\"@id\":\"https:\/\/portaltela.pt\/#\/schema\/person\/c4278d4a6028830caff9ee44b42d32ed\"},\"breadcrumb\":{\"@id\":\"https:\/\/portaltela.pt\/noticias\/2026\/01\/19\/tiago-araujo-estreia-se-a-marcar-pelo-gent-com-remate-de-106-km-h\/#breadcrumb\"},\"inLanguage\":\"pt-PT\",\"potentialAction\":[{\"@type\":\"ReadAction\",\"target\":[\"https:\/\/portaltela.pt\/noticias\/2026\/01\/19\/tiago-araujo-estreia-se-a-marcar-pelo-gent-com-remate-de-106-km-h\/\"]}]},{\"@type\":\"ImageObject\",\"inLanguage\":\"pt-PT\",\"@id\":\"https:\/\/portaltela.pt\/noticias\/2026\/01\/19\/tiago-araujo-estreia-se-a-marcar-pelo-gent-com-remate-de-106-km-h\/#primaryimage\",\"url\":\"https:\/\/portaltela.pt\/s.01k8rhncp4jt1\/2026\/01\/img_920x518uu2026-01-19-12-10-13-2415729.jpg\",\"contentUrl\":\"https:\/\/portaltela.pt\/s.01k8rhncp4jt1\/2026\/01\/img_920x518uu2026-01-19-12-10-13-2415729.jpg\",\"width\":796,\"height\":448,\"caption\":\"Golo de Tiago Ara\u00fajo frente ao Anderlecht\"},{\"@type\":\"BreadcrumbList\",\"@id\":\"https:\/\/portaltela.pt\/noticias\/2026\/01\/19\/tiago-araujo-estreia-se-a-marcar-pelo-gent-com-remate-de-106-km-h\/#breadcrumb\",\"itemListElement\":[{\"@type\":\"ListItem\",\"position\":1,\"name\":\"In\u00edcio\",\"item\":\"https:\/\/portaltela.pt\/\"},{\"@type\":\"ListItem\",\"position\":2,\"name\":\"Tiago Ara\u00fajo estreia-se a marcar pelo Gent com remate de 106 km\/h\"}]},{\"@type\":\"WebSite\",\"@id\":\"https:\/\/portaltela.pt\/#website\",\"url\":\"https:\/\/portaltela.pt\/\",\"name\":\"Portal Tela Portugal\",\"description\":\"\",\"potentialAction\":[{\"@type\":\"SearchAction\",\"target\":{\"@type\":\"EntryPoint\",\"urlTemplate\":\"https:\/\/portaltela.pt\/?s={search_term_string}\"},\"query-input\":{\"@type\":\"PropertyValueSpecification\",\"valueRequired\":true,\"valueName\":\"search_term_string\"}}],\"inLanguage\":\"pt-PT\"},{\"@type\":\"Person\",\"@id\":\"https:\/\/portaltela.pt\/#\/schema\/person\/c4278d4a6028830caff9ee44b42d32ed\",\"name\":\"Telinha\",\"image\":{\"@type\":\"ImageObject\",\"inLanguage\":\"pt-PT\",\"@id\":\"https:\/\/portaltela.pt\/s.01k8rhncp4jt1\/2025\/11\/talking-bot-125x125.png\",\"url\":\"https:\/\/portaltela.pt\/s.01k8rhncp4jt1\/2025\/11\/talking-bot-125x125.png\",\"contentUrl\":\"https:\/\/portaltela.pt\/s.01k8rhncp4jt1\/2025\/11\/talking-bot-125x125.png\",\"caption\":\"Telinha\"},\"sameAs\":[\"https:\/\/portaltela.pt\/\"],\"url\":\"https:\/\/portaltela.pt\/por\/367410592786\/\"}]}<\/script>\n<!-- \/ Yoast SEO plugin. -->","yoast_head_json":{"title":"Tiago Ara\u00fajo estreia-se a marcar pelo Gent com remate de 106 km\/h - Portal Tela Portugal","robots":{"index":"index","follow":"follow","max-snippet":"max-snippet:-1","max-image-preview":"max-image-preview:large","max-video-preview":"max-video-preview:-1"},"og_locale":"pt_PT","og_type":"article","og_title":"Tiago Ara\u00fajo estreia-se a marcar pelo Gent com remate de 106 km\/h - Portal Tela Portugal","og_description":"O Gent ganhou ao Anderlecht por 4-2, mantendo-se na Liga belga. Tiago Ara\u00fajo, lateral-esquerdo portugu\u00eas, estreia-se a marcar pela equipa belga. O segundo golo do Gent foi aos 81 minutos, empatando o jogo. O remate de Ara\u00fajo foi de cerca de 106 quil\u00f3metros por hora, segundo a DAZN. Com a vit\u00f3ria, o Gent sobe ao sexto lugar, com 29 pontos.","og_url":"https:\/\/portaltela.pt\/noticias\/2026\/01\/19\/tiago-araujo-estreia-se-a-marcar-pelo-gent-com-remate-de-106-km-h\/","og_site_name":"Portal Tela Portugal","article_published_time":"2026-01-19T12:18:24+00:00","author":"Telinha","twitter_card":"summary_large_image","twitter_misc":{"Escrito por":"Telinha","Tempo estimado de leitura":"1 minuto"},"schema":{"@context":"https:\/\/schema.org","@graph":[{"@type":"Article","@id":"https:\/\/portaltela.pt\/noticias\/2026\/01\/19\/tiago-araujo-estreia-se-a-marcar-pelo-gent-com-remate-de-106-km-h\/#article","isPartOf":{"@id":"https:\/\/portaltela.pt\/noticias\/2026\/01\/19\/tiago-araujo-estreia-se-a-marcar-pelo-gent-com-remate-de-106-km-h\/"},"author":{"name":"Telinha","@id":"https:\/\/portaltela.pt\/#\/schema\/person\/c4278d4a6028830caff9ee44b42d32ed"},"headline":"Tiago Ara\u00fajo estreia-se a marcar pelo Gent com remate de 106 km\/h","datePublished":"2026-01-19T12:18:24+00:00","mainEntityOfPage":{"@id":"https:\/\/portaltela.pt\/noticias\/2026\/01\/19\/tiago-araujo-estreia-se-a-marcar-pelo-gent-com-remate-de-106-km-h\/"},"wordCount":146,"image":{"@id":"https:\/\/portaltela.pt\/noticias\/2026\/01\/19\/tiago-araujo-estreia-se-a-marcar-pelo-gent-com-remate-de-106-km-h\/#primaryimage"},"thumbnailUrl":"https:\/\/portaltela.pt\/s.01k8rhncp4jt1\/2026\/01\/img_920x518uu2026-01-19-12-10-13-2415729.jpg","keywords":["Anderlecht","desporto","futebol","futebol internacional","Portugal"],"articleSection":["Desporto","Futebol"],"inLanguage":"pt-PT"},{"@type":"WebPage","@id":"https:\/\/portaltela.pt\/noticias\/2026\/01\/19\/tiago-araujo-estreia-se-a-marcar-pelo-gent-com-remate-de-106-km-h\/","url":"https:\/\/portaltela.pt\/noticias\/2026\/01\/19\/tiago-araujo-estreia-se-a-marcar-pelo-gent-com-remate-de-106-km-h\/","name":"Tiago Ara\u00fajo estreia-se a marcar pelo Gent com remate de 106 km\/h - Portal Tela Portugal","isPartOf":{"@id":"https:\/\/portaltela.pt\/#website"},"primaryImageOfPage":{"@id":"https:\/\/portaltela.pt\/noticias\/2026\/01\/19\/tiago-araujo-estreia-se-a-marcar-pelo-gent-com-remate-de-106-km-h\/#primaryimage"},"image":{"@id":"https:\/\/portaltela.pt\/noticias\/2026\/01\/19\/tiago-araujo-estreia-se-a-marcar-pelo-gent-com-remate-de-106-km-h\/#primaryimage"},"thumbnailUrl":"https:\/\/portaltela.pt\/s.01k8rhncp4jt1\/2026\/01\/img_920x518uu2026-01-19-12-10-13-2415729.jpg","datePublished":"2026-01-19T12:18:24+00:00","author":{"@id":"https:\/\/portaltela.pt\/#\/schema\/person\/c4278d4a6028830caff9ee44b42d32ed"},"breadcrumb":{"@id":"https:\/\/portaltela.pt\/noticias\/2026\/01\/19\/tiago-araujo-estreia-se-a-marcar-pelo-gent-com-remate-de-106-km-h\/#breadcrumb"},"inLanguage":"pt-PT","potentialAction":[{"@type":"ReadAction","target":["https:\/\/portaltela.pt\/noticias\/2026\/01\/19\/tiago-araujo-estreia-se-a-marcar-pelo-gent-com-remate-de-106-km-h\/"]}]},{"@type":"ImageObject","inLanguage":"pt-PT","@id":"https:\/\/portaltela.pt\/noticias\/2026\/01\/19\/tiago-araujo-estreia-se-a-marcar-pelo-gent-com-remate-de-106-km-h\/#primaryimage","url":"https:\/\/portaltela.pt\/s.01k8rhncp4jt1\/2026\/01\/img_920x518uu2026-01-19-12-10-13-2415729.jpg","contentUrl":"https:\/\/portaltela.pt\/s.01k8rhncp4jt1\/2026\/01\/img_920x518uu2026-01-19-12-10-13-2415729.jpg","width":796,"height":448,"caption":"Golo de Tiago Ara\u00fajo frente ao Anderlecht"},{"@type":"BreadcrumbList","@id":"https:\/\/portaltela.pt\/noticias\/2026\/01\/19\/tiago-araujo-estreia-se-a-marcar-pelo-gent-com-remate-de-106-km-h\/#breadcrumb","itemListElement":[{"@type":"ListItem","position":1,"name":"In\u00edcio","item":"https:\/\/portaltela.pt\/"},{"@type":"ListItem","position":2,"name":"Tiago Ara\u00fajo estreia-se a marcar pelo Gent com remate de 106 km\/h"}]},{"@type":"WebSite","@id":"https:\/\/portaltela.pt\/#website","url":"https:\/\/portaltela.pt\/","name":"Portal Tela Portugal","description":"","potentialAction":[{"@type":"SearchAction","target":{"@type":"EntryPoint","urlTemplate":"https:\/\/portaltela.pt\/?s={search_term_string}"},"query-input":{"@type":"PropertyValueSpecification","valueRequired":true,"valueName":"search_term_string"}}],"inLanguage":"pt-PT"},{"@type":"Person","@id":"https:\/\/portaltela.pt\/#\/schema\/person\/c4278d4a6028830caff9ee44b42d32ed","name":"Telinha","image":{"@type":"ImageObject","inLanguage":"pt-PT","@id":"https:\/\/portaltela.pt\/s.01k8rhncp4jt1\/2025\/11\/talking-bot-125x125.png","url":"https:\/\/portaltela.pt\/s.01k8rhncp4jt1\/2025\/11\/talking-bot-125x125.png","contentUrl":"https:\/\/portaltela.pt\/s.01k8rhncp4jt1\/2025\/11\/talking-bot-125x125.png","caption":"Telinha"},"sameAs":["https:\/\/portaltela.pt\/"],"url":"https:\/\/portaltela.pt\/por\/367410592786\/"}]}},"_links":{"self":[{"href":"https:\/\/portaltela.pt\/api\/wp\/v2\/posts\/152768","targetHints":{"allow":["GET"]}}],"collection":[{"href":"https:\/\/portaltela.pt\/api\/wp\/v2\/posts"}],"about":[{"href":"https:\/\/portaltela.pt\/api\/wp\/v2\/types\/post"}],"author":[{"embeddable":true,"href":"https:\/\/portaltela.pt\/api\/wp\/v2\/users\/2"}],"replies":[{"embeddable":true,"href":"https:\/\/portaltela.pt\/api\/wp\/v2\/comments?post=152768"}],"version-history":[{"count":0,"href":"https:\/\/portaltela.pt\/api\/wp\/v2\/posts\/152768\/revisions"}],"wp:featuredmedia":[{"embeddable":true,"href":"https:\/\/portaltela.pt\/api\/wp\/v2\/media\/152770"}],"wp:attachment":[{"href":"https:\/\/portaltela.pt\/api\/wp\/v2\/media?parent=152768"}],"wp:term":[{"taxonomy":"category","embeddable":true,"href":"https:\/\/portaltela.pt\/api\/wp\/v2\/categories?post=152768"},{"taxonomy":"post_tag","embeddable":true,"href":"https:\/\/portaltela.pt\/api\/wp\/v2\/tags?post=152768"}],"curies":[{"name":"wp","href":"https:\/\/api.w.org\/{rel}","templated":true}]}}