{"id":152718,"date":"2026-01-19T07:34:00","date_gmt":"2026-01-19T10:34:00","guid":{"rendered":"https:\/\/portaltela.pt\/noticias\/2026\/01\/19\/barracas-de-madeira-do-mercado-municipal-de-serta-em-hasta-publica-ate-5-de-fevereiro\/"},"modified":"2026-01-19T07:34:00","modified_gmt":"2026-01-19T10:34:00","slug":"barracas-de-madeira-do-mercado-municipal-de-serta-em-hasta-publica-ate-5-de-fevereiro","status":"publish","type":"post","link":"https:\/\/portaltela.pt\/noticias\/2026\/01\/19\/barracas-de-madeira-do-mercado-municipal-de-serta-em-hasta-publica-ate-5-de-fevereiro\/","title":{"rendered":"Barracas de madeira do Mercado Municipal de Sert\u00e3 em Hasta P\u00fablica at\u00e9 5 de fevereiro"},"content":{"rendered":"<p>A hasta p\u00fablica para a concess\u00e3o de ocupa\u00e7\u00e3o das Barraquinhas de Madeira n\u00fameros 16 e 18 do Mercado Municipal da Sert\u00e3 est\u00e1 em curso at\u00e9 5 de fevereiro, conforme o Edital n.\u00ba12\/2026. O objetivo \u00e9 vender e gerir espa\u00e7os destinados \u00e0 venda de p\u00e3o, bolos, produtos regionais, queijos e enchidos, no \u00e2mbito do mercado municipal.<\/p>\n<p>Os interessados podem visitar os espa\u00e7os no dia 22 de janeiro, entre as 9h30 e as 12h, mediante requerimento pr\u00e9vio enviado para o e-mail geral@cm-serta.pt ou presencialmente no Balc\u00e3o de Atendimento \u00danico da C\u00e2mara Municipal da Sert\u00e3. As propostas devem ser entregues at\u00e9 \u00e0s 16h do dia 5 de fevereiro, pelos mesmos canais.<\/p>\n<p>O processo segue o Caderno de Encargos e o Programa de Procedimento, com a sele\u00e7\u00e3o a ocorrer por arremata\u00e7\u00e3o durante a hasta p\u00fablica. O ato p\u00fablico de abertura de propostas ser\u00e1 realizado no dia 19 de fevereiro de 2026, \u00e0s 15h, no sal\u00e3o da Assembleia Municipal, no edif\u00edcio dos Pa\u00e7os do Concelho.<\/p>\n<h3>Persist\u00eancia dos detalhes do procedimento<\/h3>\n<p>Para mais informa\u00e7\u00f5es, os interessados devem consultar o Edital n\u00ba12\/2026 e as pe\u00e7as procedimentais dispon\u00edveis para consulta em cm-serta.pt. O edital especifica as regras de participa\u00e7\u00e3o, crit\u00e9rios de avalia\u00e7\u00e3o e as condi\u00e7\u00f5es de ocupa\u00e7\u00e3o dos espa\u00e7os.<\/p>\n","protected":false},"excerpt":{"rendered":"<ul>\n<li>At\u00e9 5 de fevereiro decorre em Hasta P\u00fablica o concurso para concess\u00e3o de ocupa\u00e7\u00e3o das Barraquinhas de Madeira n\u00fameros 16 e 18 do Mercado Municipal da Sert\u00e3, conforme Edital n.\u00ba 12\/2026.<\/li>\n<li>As barraquinhas destinam-se \u00e0 venda de p\u00e3o, bolos, produtos regionais, queijos e enchidos, conforme o Caderno de Encargos e Programa de Procedimento.<\/li>\n<li>As visitas ao espa\u00e7o podem ocorrer em 22 de janeiro, entre as 9h30 e as 12h, mediante requerimento pr\u00e9vio pelo e-mail geral@cm-serta.pt ou no Balc\u00e3o de Atendimento \u00danico.<\/li>\n<li>As propostas devem ser entregues at\u00e9 \u00e0s 16h de 5 de fevereiro, pelos mesmos canais de contacto.<\/li>\n<li>O ato p\u00fablico de abertura de propostas realiza-se a 19 de fevereiro de 2026, \u00e0s 15h, no sal\u00e3o da Assembleia Municipal, nos Pa\u00e7os do Concelho; informa\u00e7\u00f5es em cm-serta.pt.<\/li>\n<\/ul>\n","protected":false},"author":2,"featured_media":152730,"comment_status":"closed","ping_status":"closed","sticky":false,"template":"","format":"standard","meta":{"footnotes":""},"categories":[],"tags":[703,1112,144,2900,2093],"class_list":["post-152718","post","type-post","status-publish","format-standard","has-post-thumbnail","hentry","tag-camara","tag-castelo-branco","tag-concelho","tag-enchidos","tag-municipios"],"yoast_head":"<!-- This site is optimized with the Yoast SEO plugin v27.2 - https:\/\/yoast.com\/product\/yoast-seo-wordpress\/ -->\n<title>Barracas de madeira do Mercado Municipal de Sert\u00e3 em Hasta P\u00fablica at\u00e9 5 de fevereiro - Portal Tela Portugal<\/title>\n<meta name=\"robots\" content=\"index, follow, max-snippet:-1, max-image-preview:large, max-video-preview:-1\" \/>\n<meta property=\"og:locale\" content=\"pt_PT\" \/>\n<meta property=\"og:type\" content=\"article\" \/>\n<meta property=\"og:title\" content=\"Barracas de madeira do Mercado Municipal de Sert\u00e3 em Hasta P\u00fablica at\u00e9 5 de fevereiro - Portal Tela Portugal\" \/>\n<meta property=\"og:description\" content=\"At\u00e9 5 de fevereiro decorre em Hasta P\u00fablica o concurso para concess\u00e3o de ocupa\u00e7\u00e3o das Barraquinhas de Madeira n\u00fameros 16 e 18 do Mercado Municipal da Sert\u00e3, conforme Edital n.\u00ba 12\/2026. As barraquinhas destinam-se \u00e0 venda de p\u00e3o, bolos, produtos regionais, queijos e enchidos, conforme o Caderno de Encargos e Programa de Procedimento. As visitas ao espa\u00e7o podem ocorrer em 22 de janeiro, entre as 9h30 e as 12h, mediante requerimento pr\u00e9vio pelo e-mail geral@cm-serta.pt ou no Balc\u00e3o de Atendimento \u00danico. As propostas devem ser entregues at\u00e9 \u00e0s 16h de 5 de fevereiro, pelos mesmos canais de contacto. O ato p\u00fablico de abertura de propostas realiza-se a 19 de fevereiro de 2026, \u00e0s 15h, no sal\u00e3o da Assembleia Municipal, nos Pa\u00e7os do Concelho; informa\u00e7\u00f5es em cm-serta.pt.\" \/>\n<meta property=\"og:url\" content=\"https:\/\/portaltela.pt\/noticias\/2026\/01\/19\/barracas-de-madeira-do-mercado-municipal-de-serta-em-hasta-publica-ate-5-de-fevereiro\/\" \/>\n<meta property=\"og:site_name\" content=\"Portal Tela Portugal\" \/>\n<meta property=\"article:published_time\" content=\"2026-01-19T10:34:00+00:00\" \/>\n<meta name=\"author\" content=\"Telinha\" \/>\n<meta name=\"twitter:card\" content=\"summary_large_image\" \/>\n<meta name=\"twitter:label1\" content=\"Escrito por\" \/>\n\t<meta name=\"twitter:data1\" content=\"Telinha\" \/>\n\t<meta name=\"twitter:label2\" content=\"Tempo estimado de leitura\" \/>\n\t<meta name=\"twitter:data2\" content=\"1 minuto\" \/>\n<script type=\"application\/ld+json\" class=\"yoast-schema-graph\">{\"@context\":\"https:\/\/schema.org\",\"@graph\":[{\"@type\":\"Article\",\"@id\":\"https:\/\/portaltela.pt\/noticias\/2026\/01\/19\/barracas-de-madeira-do-mercado-municipal-de-serta-em-hasta-publica-ate-5-de-fevereiro\/#article\",\"isPartOf\":{\"@id\":\"https:\/\/portaltela.pt\/noticias\/2026\/01\/19\/barracas-de-madeira-do-mercado-municipal-de-serta-em-hasta-publica-ate-5-de-fevereiro\/\"},\"author\":{\"name\":\"Telinha\",\"@id\":\"https:\/\/portaltela.pt\/#\/schema\/person\/c4278d4a6028830caff9ee44b42d32ed\"},\"headline\":\"Barracas de madeira do Mercado Municipal de Sert\u00e3 em Hasta P\u00fablica at\u00e9 5 de fevereiro\",\"datePublished\":\"2026-01-19T10:34:00+00:00\",\"mainEntityOfPage\":{\"@id\":\"https:\/\/portaltela.pt\/noticias\/2026\/01\/19\/barracas-de-madeira-do-mercado-municipal-de-serta-em-hasta-publica-ate-5-de-fevereiro\/\"},\"wordCount\":237,\"image\":{\"@id\":\"https:\/\/portaltela.pt\/noticias\/2026\/01\/19\/barracas-de-madeira-do-mercado-municipal-de-serta-em-hasta-publica-ate-5-de-fevereiro\/#primaryimage\"},\"thumbnailUrl\":\"https:\/\/portaltela.pt\/s.01k8rhncp4jt1\/2026\/01\/unnamed-file-3837.jpg\",\"keywords\":[\"c\u00e2mara\",\"Castelo Branco\",\"concelho\",\"enchidos\",\"munic\u00edpios\"],\"inLanguage\":\"pt-PT\"},{\"@type\":\"WebPage\",\"@id\":\"https:\/\/portaltela.pt\/noticias\/2026\/01\/19\/barracas-de-madeira-do-mercado-municipal-de-serta-em-hasta-publica-ate-5-de-fevereiro\/\",\"url\":\"https:\/\/portaltela.pt\/noticias\/2026\/01\/19\/barracas-de-madeira-do-mercado-municipal-de-serta-em-hasta-publica-ate-5-de-fevereiro\/\",\"name\":\"Barracas de madeira do Mercado Municipal de Sert\u00e3 em Hasta P\u00fablica at\u00e9 5 de fevereiro - Portal Tela Portugal\",\"isPartOf\":{\"@id\":\"https:\/\/portaltela.pt\/#website\"},\"primaryImageOfPage\":{\"@id\":\"https:\/\/portaltela.pt\/noticias\/2026\/01\/19\/barracas-de-madeira-do-mercado-municipal-de-serta-em-hasta-publica-ate-5-de-fevereiro\/#primaryimage\"},\"image\":{\"@id\":\"https:\/\/portaltela.pt\/noticias\/2026\/01\/19\/barracas-de-madeira-do-mercado-municipal-de-serta-em-hasta-publica-ate-5-de-fevereiro\/#primaryimage\"},\"thumbnailUrl\":\"https:\/\/portaltela.pt\/s.01k8rhncp4jt1\/2026\/01\/unnamed-file-3837.jpg\",\"datePublished\":\"2026-01-19T10:34:00+00:00\",\"author\":{\"@id\":\"https:\/\/portaltela.pt\/#\/schema\/person\/c4278d4a6028830caff9ee44b42d32ed\"},\"breadcrumb\":{\"@id\":\"https:\/\/portaltela.pt\/noticias\/2026\/01\/19\/barracas-de-madeira-do-mercado-municipal-de-serta-em-hasta-publica-ate-5-de-fevereiro\/#breadcrumb\"},\"inLanguage\":\"pt-PT\",\"potentialAction\":[{\"@type\":\"ReadAction\",\"target\":[\"https:\/\/portaltela.pt\/noticias\/2026\/01\/19\/barracas-de-madeira-do-mercado-municipal-de-serta-em-hasta-publica-ate-5-de-fevereiro\/\"]}]},{\"@type\":\"ImageObject\",\"inLanguage\":\"pt-PT\",\"@id\":\"https:\/\/portaltela.pt\/noticias\/2026\/01\/19\/barracas-de-madeira-do-mercado-municipal-de-serta-em-hasta-publica-ate-5-de-fevereiro\/#primaryimage\",\"url\":\"https:\/\/portaltela.pt\/s.01k8rhncp4jt1\/2026\/01\/unnamed-file-3837.jpg\",\"contentUrl\":\"https:\/\/portaltela.pt\/s.01k8rhncp4jt1\/2026\/01\/unnamed-file-3837.jpg\",\"width\":796,\"height\":448,\"caption\":\"Sert\u00e3: Barraquinhas de Madeira do Mercado Municipal em Hasta P\u00fablica at\u00e9 5 de fevereiro\"},{\"@type\":\"BreadcrumbList\",\"@id\":\"https:\/\/portaltela.pt\/noticias\/2026\/01\/19\/barracas-de-madeira-do-mercado-municipal-de-serta-em-hasta-publica-ate-5-de-fevereiro\/#breadcrumb\",\"itemListElement\":[{\"@type\":\"ListItem\",\"position\":1,\"name\":\"In\u00edcio\",\"item\":\"https:\/\/portaltela.pt\/\"},{\"@type\":\"ListItem\",\"position\":2,\"name\":\"Barracas de madeira do Mercado Municipal de Sert\u00e3 em Hasta P\u00fablica at\u00e9 5 de fevereiro\"}]},{\"@type\":\"WebSite\",\"@id\":\"https:\/\/portaltela.pt\/#website\",\"url\":\"https:\/\/portaltela.pt\/\",\"name\":\"Portal Tela Portugal\",\"description\":\"\",\"potentialAction\":[{\"@type\":\"SearchAction\",\"target\":{\"@type\":\"EntryPoint\",\"urlTemplate\":\"https:\/\/portaltela.pt\/?s={search_term_string}\"},\"query-input\":{\"@type\":\"PropertyValueSpecification\",\"valueRequired\":true,\"valueName\":\"search_term_string\"}}],\"inLanguage\":\"pt-PT\"},{\"@type\":\"Person\",\"@id\":\"https:\/\/portaltela.pt\/#\/schema\/person\/c4278d4a6028830caff9ee44b42d32ed\",\"name\":\"Telinha\",\"image\":{\"@type\":\"ImageObject\",\"inLanguage\":\"pt-PT\",\"@id\":\"https:\/\/portaltela.pt\/s.01k8rhncp4jt1\/2025\/11\/talking-bot-125x125.png\",\"url\":\"https:\/\/portaltela.pt\/s.01k8rhncp4jt1\/2025\/11\/talking-bot-125x125.png\",\"contentUrl\":\"https:\/\/portaltela.pt\/s.01k8rhncp4jt1\/2025\/11\/talking-bot-125x125.png\",\"caption\":\"Telinha\"},\"sameAs\":[\"https:\/\/portaltela.pt\/\"],\"url\":\"https:\/\/portaltela.pt\/por\/367410592786\/\"}]}<\/script>\n<!-- \/ Yoast SEO plugin. -->","yoast_head_json":{"title":"Barracas de madeira do Mercado Municipal de Sert\u00e3 em Hasta P\u00fablica at\u00e9 5 de fevereiro - Portal Tela Portugal","robots":{"index":"index","follow":"follow","max-snippet":"max-snippet:-1","max-image-preview":"max-image-preview:large","max-video-preview":"max-video-preview:-1"},"og_locale":"pt_PT","og_type":"article","og_title":"Barracas de madeira do Mercado Municipal de Sert\u00e3 em Hasta P\u00fablica at\u00e9 5 de fevereiro - Portal Tela Portugal","og_description":"At\u00e9 5 de fevereiro decorre em Hasta P\u00fablica o concurso para concess\u00e3o de ocupa\u00e7\u00e3o das Barraquinhas de Madeira n\u00fameros 16 e 18 do Mercado Municipal da Sert\u00e3, conforme Edital n.\u00ba 12\/2026. As barraquinhas destinam-se \u00e0 venda de p\u00e3o, bolos, produtos regionais, queijos e enchidos, conforme o Caderno de Encargos e Programa de Procedimento. As visitas ao espa\u00e7o podem ocorrer em 22 de janeiro, entre as 9h30 e as 12h, mediante requerimento pr\u00e9vio pelo e-mail geral@cm-serta.pt ou no Balc\u00e3o de Atendimento \u00danico. As propostas devem ser entregues at\u00e9 \u00e0s 16h de 5 de fevereiro, pelos mesmos canais de contacto. O ato p\u00fablico de abertura de propostas realiza-se a 19 de fevereiro de 2026, \u00e0s 15h, no sal\u00e3o da Assembleia Municipal, nos Pa\u00e7os do Concelho; informa\u00e7\u00f5es em cm-serta.pt.","og_url":"https:\/\/portaltela.pt\/noticias\/2026\/01\/19\/barracas-de-madeira-do-mercado-municipal-de-serta-em-hasta-publica-ate-5-de-fevereiro\/","og_site_name":"Portal Tela Portugal","article_published_time":"2026-01-19T10:34:00+00:00","author":"Telinha","twitter_card":"summary_large_image","twitter_misc":{"Escrito por":"Telinha","Tempo estimado de leitura":"1 minuto"},"schema":{"@context":"https:\/\/schema.org","@graph":[{"@type":"Article","@id":"https:\/\/portaltela.pt\/noticias\/2026\/01\/19\/barracas-de-madeira-do-mercado-municipal-de-serta-em-hasta-publica-ate-5-de-fevereiro\/#article","isPartOf":{"@id":"https:\/\/portaltela.pt\/noticias\/2026\/01\/19\/barracas-de-madeira-do-mercado-municipal-de-serta-em-hasta-publica-ate-5-de-fevereiro\/"},"author":{"name":"Telinha","@id":"https:\/\/portaltela.pt\/#\/schema\/person\/c4278d4a6028830caff9ee44b42d32ed"},"headline":"Barracas de madeira do Mercado Municipal de Sert\u00e3 em Hasta P\u00fablica at\u00e9 5 de fevereiro","datePublished":"2026-01-19T10:34:00+00:00","mainEntityOfPage":{"@id":"https:\/\/portaltela.pt\/noticias\/2026\/01\/19\/barracas-de-madeira-do-mercado-municipal-de-serta-em-hasta-publica-ate-5-de-fevereiro\/"},"wordCount":237,"image":{"@id":"https:\/\/portaltela.pt\/noticias\/2026\/01\/19\/barracas-de-madeira-do-mercado-municipal-de-serta-em-hasta-publica-ate-5-de-fevereiro\/#primaryimage"},"thumbnailUrl":"https:\/\/portaltela.pt\/s.01k8rhncp4jt1\/2026\/01\/unnamed-file-3837.jpg","keywords":["c\u00e2mara","Castelo Branco","concelho","enchidos","munic\u00edpios"],"inLanguage":"pt-PT"},{"@type":"WebPage","@id":"https:\/\/portaltela.pt\/noticias\/2026\/01\/19\/barracas-de-madeira-do-mercado-municipal-de-serta-em-hasta-publica-ate-5-de-fevereiro\/","url":"https:\/\/portaltela.pt\/noticias\/2026\/01\/19\/barracas-de-madeira-do-mercado-municipal-de-serta-em-hasta-publica-ate-5-de-fevereiro\/","name":"Barracas de madeira do Mercado Municipal de Sert\u00e3 em Hasta P\u00fablica at\u00e9 5 de fevereiro - Portal Tela Portugal","isPartOf":{"@id":"https:\/\/portaltela.pt\/#website"},"primaryImageOfPage":{"@id":"https:\/\/portaltela.pt\/noticias\/2026\/01\/19\/barracas-de-madeira-do-mercado-municipal-de-serta-em-hasta-publica-ate-5-de-fevereiro\/#primaryimage"},"image":{"@id":"https:\/\/portaltela.pt\/noticias\/2026\/01\/19\/barracas-de-madeira-do-mercado-municipal-de-serta-em-hasta-publica-ate-5-de-fevereiro\/#primaryimage"},"thumbnailUrl":"https:\/\/portaltela.pt\/s.01k8rhncp4jt1\/2026\/01\/unnamed-file-3837.jpg","datePublished":"2026-01-19T10:34:00+00:00","author":{"@id":"https:\/\/portaltela.pt\/#\/schema\/person\/c4278d4a6028830caff9ee44b42d32ed"},"breadcrumb":{"@id":"https:\/\/portaltela.pt\/noticias\/2026\/01\/19\/barracas-de-madeira-do-mercado-municipal-de-serta-em-hasta-publica-ate-5-de-fevereiro\/#breadcrumb"},"inLanguage":"pt-PT","potentialAction":[{"@type":"ReadAction","target":["https:\/\/portaltela.pt\/noticias\/2026\/01\/19\/barracas-de-madeira-do-mercado-municipal-de-serta-em-hasta-publica-ate-5-de-fevereiro\/"]}]},{"@type":"ImageObject","inLanguage":"pt-PT","@id":"https:\/\/portaltela.pt\/noticias\/2026\/01\/19\/barracas-de-madeira-do-mercado-municipal-de-serta-em-hasta-publica-ate-5-de-fevereiro\/#primaryimage","url":"https:\/\/portaltela.pt\/s.01k8rhncp4jt1\/2026\/01\/unnamed-file-3837.jpg","contentUrl":"https:\/\/portaltela.pt\/s.01k8rhncp4jt1\/2026\/01\/unnamed-file-3837.jpg","width":796,"height":448,"caption":"Sert\u00e3: Barraquinhas de Madeira do Mercado Municipal em Hasta P\u00fablica at\u00e9 5 de fevereiro"},{"@type":"BreadcrumbList","@id":"https:\/\/portaltela.pt\/noticias\/2026\/01\/19\/barracas-de-madeira-do-mercado-municipal-de-serta-em-hasta-publica-ate-5-de-fevereiro\/#breadcrumb","itemListElement":[{"@type":"ListItem","position":1,"name":"In\u00edcio","item":"https:\/\/portaltela.pt\/"},{"@type":"ListItem","position":2,"name":"Barracas de madeira do Mercado Municipal de Sert\u00e3 em Hasta P\u00fablica at\u00e9 5 de fevereiro"}]},{"@type":"WebSite","@id":"https:\/\/portaltela.pt\/#website","url":"https:\/\/portaltela.pt\/","name":"Portal Tela Portugal","description":"","potentialAction":[{"@type":"SearchAction","target":{"@type":"EntryPoint","urlTemplate":"https:\/\/portaltela.pt\/?s={search_term_string}"},"query-input":{"@type":"PropertyValueSpecification","valueRequired":true,"valueName":"search_term_string"}}],"inLanguage":"pt-PT"},{"@type":"Person","@id":"https:\/\/portaltela.pt\/#\/schema\/person\/c4278d4a6028830caff9ee44b42d32ed","name":"Telinha","image":{"@type":"ImageObject","inLanguage":"pt-PT","@id":"https:\/\/portaltela.pt\/s.01k8rhncp4jt1\/2025\/11\/talking-bot-125x125.png","url":"https:\/\/portaltela.pt\/s.01k8rhncp4jt1\/2025\/11\/talking-bot-125x125.png","contentUrl":"https:\/\/portaltela.pt\/s.01k8rhncp4jt1\/2025\/11\/talking-bot-125x125.png","caption":"Telinha"},"sameAs":["https:\/\/portaltela.pt\/"],"url":"https:\/\/portaltela.pt\/por\/367410592786\/"}]}},"_links":{"self":[{"href":"https:\/\/portaltela.pt\/api\/wp\/v2\/posts\/152718","targetHints":{"allow":["GET"]}}],"collection":[{"href":"https:\/\/portaltela.pt\/api\/wp\/v2\/posts"}],"about":[{"href":"https:\/\/portaltela.pt\/api\/wp\/v2\/types\/post"}],"author":[{"embeddable":true,"href":"https:\/\/portaltela.pt\/api\/wp\/v2\/users\/2"}],"replies":[{"embeddable":true,"href":"https:\/\/portaltela.pt\/api\/wp\/v2\/comments?post=152718"}],"version-history":[{"count":0,"href":"https:\/\/portaltela.pt\/api\/wp\/v2\/posts\/152718\/revisions"}],"wp:featuredmedia":[{"embeddable":true,"href":"https:\/\/portaltela.pt\/api\/wp\/v2\/media\/152730"}],"wp:attachment":[{"href":"https:\/\/portaltela.pt\/api\/wp\/v2\/media?parent=152718"}],"wp:term":[{"taxonomy":"category","embeddable":true,"href":"https:\/\/portaltela.pt\/api\/wp\/v2\/categories?post=152718"},{"taxonomy":"post_tag","embeddable":true,"href":"https:\/\/portaltela.pt\/api\/wp\/v2\/tags?post=152718"}],"curies":[{"name":"wp","href":"https:\/\/api.w.org\/{rel}","templated":true}]}}