{"id":152643,"date":"2026-01-19T08:37:22","date_gmt":"2026-01-19T11:37:22","guid":{"rendered":"https:\/\/portaltela.pt\/noticias\/2026\/01\/19\/festejo-de-goncalo-guedes-contra-o-barcelona-tem-explicacao\/"},"modified":"2026-01-19T08:37:22","modified_gmt":"2026-01-19T11:37:22","slug":"festejo-de-goncalo-guedes-contra-o-barcelona-tem-explicacao","status":"publish","type":"post","link":"https:\/\/portaltela.pt\/desporto\/futebol\/2026\/01\/19\/festejo-de-goncalo-guedes-contra-o-barcelona-tem-explicacao\/","title":{"rendered":"Festejo de Gon\u00e7alo Guedes contra o Barcelona tem explica\u00e7\u00e3o"},"content":{"rendered":"<p>Gon\u00e7alo Guedes foi protagonista de uma vit\u00f3ria da Real Sociedad sobre o Barcelona, no domingo, ao assistir Oyarzabal para o primeiro golo e marcar ele pr\u00f3prio aos 71 minutos. O encontro decorreu em terreno adverso para o Barcelona, com a vit\u00f3ria a ficar definida pela equipa basca.<\/p>\n<p>A jogada come\u00e7ou com a assist\u00eancia de Guedes, que abriu o marcador para Oyarzabal, e terminou com o remate fatal do portugu\u00eas aos 71\u2019. O triunfo confirmou o ritmo e a efic\u00e1cia da Real Sociedad no encontro da La Liga.<\/p>\n<h3>Explica\u00e7\u00e3o da celebra\u00e7\u00e3o<\/h3>\n<p>A DAZN, detentora dos direitos de transmiss\u00e3o da La Liga em Portugal, revelou a explica\u00e7\u00e3o para a comemora\u00e7\u00e3o de Guedes. O atleta foi desafiado previamente por jornalistas: se marcasse, deveria imitar o voo de um avi\u00e3o, ap\u00f3s ter aceitado o repto. Guedes cumpriu a promessa ap\u00f3s o golo decisivo.<\/p>\n","protected":false},"excerpt":{"rendered":"<ul>\n<li>Gon\u00e7alo Guedes assistiu para o primeiro golo de Mikel Oyarzabal e marcou o segundo aos 71 minutos, na vit\u00f3ria da Real Sociedad sobre o Barcelona.<\/li>\n<li>O festejo invulgar de Guedes, a correr com os bra\u00e7os abertos antes de abra\u00e7ar a equipa, ficou marcado.<\/li>\n<li>A celebra\u00e7\u00e3o tem explica\u00e7\u00e3o: foi sugerida pela DAZN, detentora dos direitos da La Liga em Portugal, ap\u00f3s o jogador ter aceitado o desafio.<\/li>\n<li>Guedes foi entrevistado antes do jogo e, ap\u00f3s uma viagem turbulenta, recebeu o repto de imitar o voo de um avi\u00e3o se marcasse.<\/li>\n<li>O avan\u00e7ado portugu\u00eas cumpriu a promessa, celebrando da forma combinada.<\/li>\n<\/ul>\n","protected":false},"author":2,"featured_media":152649,"comment_status":"closed","ping_status":"closed","sticky":false,"template":"","format":"standard","meta":{"footnotes":""},"categories":[21,24],"tags":[2587,32,2192,242,1789,1014],"class_list":["post-152643","post","type-post","status-publish","format-standard","has-post-thumbnail","hentry","category-desporto","category-futebol","tag-barcelona","tag-futebol","tag-goncalo-guedes","tag-jogadores","tag-la-liga","tag-portugal"],"yoast_head":"<!-- This site is optimized with the Yoast SEO plugin v27.2 - https:\/\/yoast.com\/product\/yoast-seo-wordpress\/ -->\n<title>Festejo de Gon\u00e7alo Guedes contra o Barcelona tem explica\u00e7\u00e3o - Portal Tela Portugal<\/title>\n<meta name=\"robots\" content=\"index, follow, max-snippet:-1, max-image-preview:large, max-video-preview:-1\" \/>\n<meta property=\"og:locale\" content=\"pt_PT\" \/>\n<meta property=\"og:type\" content=\"article\" \/>\n<meta property=\"og:title\" content=\"Festejo de Gon\u00e7alo Guedes contra o Barcelona tem explica\u00e7\u00e3o - Portal Tela Portugal\" \/>\n<meta property=\"og:description\" content=\"Gon\u00e7alo Guedes assistiu para o primeiro golo de Mikel Oyarzabal e marcou o segundo aos 71 minutos, na vit\u00f3ria da Real Sociedad sobre o Barcelona. O festejo invulgar de Guedes, a correr com os bra\u00e7os abertos antes de abra\u00e7ar a equipa, ficou marcado. A celebra\u00e7\u00e3o tem explica\u00e7\u00e3o: foi sugerida pela DAZN, detentora dos direitos da La Liga em Portugal, ap\u00f3s o jogador ter aceitado o desafio. Guedes foi entrevistado antes do jogo e, ap\u00f3s uma viagem turbulenta, recebeu o repto de imitar o voo de um avi\u00e3o se marcasse. O avan\u00e7ado portugu\u00eas cumpriu a promessa, celebrando da forma combinada.\" \/>\n<meta property=\"og:url\" content=\"https:\/\/portaltela.pt\/noticias\/2026\/01\/19\/festejo-de-goncalo-guedes-contra-o-barcelona-tem-explicacao\/\" \/>\n<meta property=\"og:site_name\" content=\"Portal Tela Portugal\" \/>\n<meta property=\"article:published_time\" content=\"2026-01-19T11:37:22+00:00\" \/>\n<meta name=\"author\" content=\"Telinha\" \/>\n<meta name=\"twitter:card\" content=\"summary_large_image\" \/>\n<meta name=\"twitter:label1\" content=\"Escrito por\" \/>\n\t<meta name=\"twitter:data1\" content=\"Telinha\" \/>\n\t<meta name=\"twitter:label2\" content=\"Tempo estimado de leitura\" \/>\n\t<meta name=\"twitter:data2\" content=\"1 minuto\" \/>\n<script type=\"application\/ld+json\" class=\"yoast-schema-graph\">{\"@context\":\"https:\/\/schema.org\",\"@graph\":[{\"@type\":\"Article\",\"@id\":\"https:\/\/portaltela.pt\/noticias\/2026\/01\/19\/festejo-de-goncalo-guedes-contra-o-barcelona-tem-explicacao\/#article\",\"isPartOf\":{\"@id\":\"https:\/\/portaltela.pt\/noticias\/2026\/01\/19\/festejo-de-goncalo-guedes-contra-o-barcelona-tem-explicacao\/\"},\"author\":{\"name\":\"Telinha\",\"@id\":\"https:\/\/portaltela.pt\/#\/schema\/person\/c4278d4a6028830caff9ee44b42d32ed\"},\"headline\":\"Festejo de Gon\u00e7alo Guedes contra o Barcelona tem explica\u00e7\u00e3o\",\"datePublished\":\"2026-01-19T11:37:22+00:00\",\"mainEntityOfPage\":{\"@id\":\"https:\/\/portaltela.pt\/noticias\/2026\/01\/19\/festejo-de-goncalo-guedes-contra-o-barcelona-tem-explicacao\/\"},\"wordCount\":164,\"image\":{\"@id\":\"https:\/\/portaltela.pt\/noticias\/2026\/01\/19\/festejo-de-goncalo-guedes-contra-o-barcelona-tem-explicacao\/#primaryimage\"},\"thumbnailUrl\":\"https:\/\/portaltela.pt\/s.01k8rhncp4jt1\/2026\/01\/66b672f3-8f19-43d5-91ff-ef8487c69ede.jpg\",\"keywords\":[\"Barcelona\",\"futebol\",\"Gon\u00e7alo Guedes\",\"jogadores\",\"La Liga\",\"Portugal\"],\"articleSection\":[\"Desporto\",\"Futebol\"],\"inLanguage\":\"pt-PT\"},{\"@type\":\"WebPage\",\"@id\":\"https:\/\/portaltela.pt\/noticias\/2026\/01\/19\/festejo-de-goncalo-guedes-contra-o-barcelona-tem-explicacao\/\",\"url\":\"https:\/\/portaltela.pt\/noticias\/2026\/01\/19\/festejo-de-goncalo-guedes-contra-o-barcelona-tem-explicacao\/\",\"name\":\"Festejo de Gon\u00e7alo Guedes contra o Barcelona tem explica\u00e7\u00e3o - Portal Tela Portugal\",\"isPartOf\":{\"@id\":\"https:\/\/portaltela.pt\/#website\"},\"primaryImageOfPage\":{\"@id\":\"https:\/\/portaltela.pt\/noticias\/2026\/01\/19\/festejo-de-goncalo-guedes-contra-o-barcelona-tem-explicacao\/#primaryimage\"},\"image\":{\"@id\":\"https:\/\/portaltela.pt\/noticias\/2026\/01\/19\/festejo-de-goncalo-guedes-contra-o-barcelona-tem-explicacao\/#primaryimage\"},\"thumbnailUrl\":\"https:\/\/portaltela.pt\/s.01k8rhncp4jt1\/2026\/01\/66b672f3-8f19-43d5-91ff-ef8487c69ede.jpg\",\"datePublished\":\"2026-01-19T11:37:22+00:00\",\"author\":{\"@id\":\"https:\/\/portaltela.pt\/#\/schema\/person\/c4278d4a6028830caff9ee44b42d32ed\"},\"breadcrumb\":{\"@id\":\"https:\/\/portaltela.pt\/noticias\/2026\/01\/19\/festejo-de-goncalo-guedes-contra-o-barcelona-tem-explicacao\/#breadcrumb\"},\"inLanguage\":\"pt-PT\",\"potentialAction\":[{\"@type\":\"ReadAction\",\"target\":[\"https:\/\/portaltela.pt\/noticias\/2026\/01\/19\/festejo-de-goncalo-guedes-contra-o-barcelona-tem-explicacao\/\"]}]},{\"@type\":\"ImageObject\",\"inLanguage\":\"pt-PT\",\"@id\":\"https:\/\/portaltela.pt\/noticias\/2026\/01\/19\/festejo-de-goncalo-guedes-contra-o-barcelona-tem-explicacao\/#primaryimage\",\"url\":\"https:\/\/portaltela.pt\/s.01k8rhncp4jt1\/2026\/01\/66b672f3-8f19-43d5-91ff-ef8487c69ede.jpg\",\"contentUrl\":\"https:\/\/portaltela.pt\/s.01k8rhncp4jt1\/2026\/01\/66b672f3-8f19-43d5-91ff-ef8487c69ede.jpg\",\"width\":796,\"height\":448,\"caption\":\"Goncalo Guedes celebra o golo ao Barcelona\"},{\"@type\":\"BreadcrumbList\",\"@id\":\"https:\/\/portaltela.pt\/noticias\/2026\/01\/19\/festejo-de-goncalo-guedes-contra-o-barcelona-tem-explicacao\/#breadcrumb\",\"itemListElement\":[{\"@type\":\"ListItem\",\"position\":1,\"name\":\"In\u00edcio\",\"item\":\"https:\/\/portaltela.pt\/\"},{\"@type\":\"ListItem\",\"position\":2,\"name\":\"Festejo de Gon\u00e7alo Guedes contra o Barcelona tem explica\u00e7\u00e3o\"}]},{\"@type\":\"WebSite\",\"@id\":\"https:\/\/portaltela.pt\/#website\",\"url\":\"https:\/\/portaltela.pt\/\",\"name\":\"Portal Tela Portugal\",\"description\":\"\",\"potentialAction\":[{\"@type\":\"SearchAction\",\"target\":{\"@type\":\"EntryPoint\",\"urlTemplate\":\"https:\/\/portaltela.pt\/?s={search_term_string}\"},\"query-input\":{\"@type\":\"PropertyValueSpecification\",\"valueRequired\":true,\"valueName\":\"search_term_string\"}}],\"inLanguage\":\"pt-PT\"},{\"@type\":\"Person\",\"@id\":\"https:\/\/portaltela.pt\/#\/schema\/person\/c4278d4a6028830caff9ee44b42d32ed\",\"name\":\"Telinha\",\"image\":{\"@type\":\"ImageObject\",\"inLanguage\":\"pt-PT\",\"@id\":\"https:\/\/portaltela.pt\/s.01k8rhncp4jt1\/2025\/11\/talking-bot-125x125.png\",\"url\":\"https:\/\/portaltela.pt\/s.01k8rhncp4jt1\/2025\/11\/talking-bot-125x125.png\",\"contentUrl\":\"https:\/\/portaltela.pt\/s.01k8rhncp4jt1\/2025\/11\/talking-bot-125x125.png\",\"caption\":\"Telinha\"},\"sameAs\":[\"https:\/\/portaltela.pt\/\"],\"url\":\"https:\/\/portaltela.pt\/por\/367410592786\/\"}]}<\/script>\n<!-- \/ Yoast SEO plugin. -->","yoast_head_json":{"title":"Festejo de Gon\u00e7alo Guedes contra o Barcelona tem explica\u00e7\u00e3o - Portal Tela Portugal","robots":{"index":"index","follow":"follow","max-snippet":"max-snippet:-1","max-image-preview":"max-image-preview:large","max-video-preview":"max-video-preview:-1"},"og_locale":"pt_PT","og_type":"article","og_title":"Festejo de Gon\u00e7alo Guedes contra o Barcelona tem explica\u00e7\u00e3o - Portal Tela Portugal","og_description":"Gon\u00e7alo Guedes assistiu para o primeiro golo de Mikel Oyarzabal e marcou o segundo aos 71 minutos, na vit\u00f3ria da Real Sociedad sobre o Barcelona. O festejo invulgar de Guedes, a correr com os bra\u00e7os abertos antes de abra\u00e7ar a equipa, ficou marcado. A celebra\u00e7\u00e3o tem explica\u00e7\u00e3o: foi sugerida pela DAZN, detentora dos direitos da La Liga em Portugal, ap\u00f3s o jogador ter aceitado o desafio. Guedes foi entrevistado antes do jogo e, ap\u00f3s uma viagem turbulenta, recebeu o repto de imitar o voo de um avi\u00e3o se marcasse. O avan\u00e7ado portugu\u00eas cumpriu a promessa, celebrando da forma combinada.","og_url":"https:\/\/portaltela.pt\/noticias\/2026\/01\/19\/festejo-de-goncalo-guedes-contra-o-barcelona-tem-explicacao\/","og_site_name":"Portal Tela Portugal","article_published_time":"2026-01-19T11:37:22+00:00","author":"Telinha","twitter_card":"summary_large_image","twitter_misc":{"Escrito por":"Telinha","Tempo estimado de leitura":"1 minuto"},"schema":{"@context":"https:\/\/schema.org","@graph":[{"@type":"Article","@id":"https:\/\/portaltela.pt\/noticias\/2026\/01\/19\/festejo-de-goncalo-guedes-contra-o-barcelona-tem-explicacao\/#article","isPartOf":{"@id":"https:\/\/portaltela.pt\/noticias\/2026\/01\/19\/festejo-de-goncalo-guedes-contra-o-barcelona-tem-explicacao\/"},"author":{"name":"Telinha","@id":"https:\/\/portaltela.pt\/#\/schema\/person\/c4278d4a6028830caff9ee44b42d32ed"},"headline":"Festejo de Gon\u00e7alo Guedes contra o Barcelona tem explica\u00e7\u00e3o","datePublished":"2026-01-19T11:37:22+00:00","mainEntityOfPage":{"@id":"https:\/\/portaltela.pt\/noticias\/2026\/01\/19\/festejo-de-goncalo-guedes-contra-o-barcelona-tem-explicacao\/"},"wordCount":164,"image":{"@id":"https:\/\/portaltela.pt\/noticias\/2026\/01\/19\/festejo-de-goncalo-guedes-contra-o-barcelona-tem-explicacao\/#primaryimage"},"thumbnailUrl":"https:\/\/portaltela.pt\/s.01k8rhncp4jt1\/2026\/01\/66b672f3-8f19-43d5-91ff-ef8487c69ede.jpg","keywords":["Barcelona","futebol","Gon\u00e7alo Guedes","jogadores","La Liga","Portugal"],"articleSection":["Desporto","Futebol"],"inLanguage":"pt-PT"},{"@type":"WebPage","@id":"https:\/\/portaltela.pt\/noticias\/2026\/01\/19\/festejo-de-goncalo-guedes-contra-o-barcelona-tem-explicacao\/","url":"https:\/\/portaltela.pt\/noticias\/2026\/01\/19\/festejo-de-goncalo-guedes-contra-o-barcelona-tem-explicacao\/","name":"Festejo de Gon\u00e7alo Guedes contra o Barcelona tem explica\u00e7\u00e3o - Portal Tela Portugal","isPartOf":{"@id":"https:\/\/portaltela.pt\/#website"},"primaryImageOfPage":{"@id":"https:\/\/portaltela.pt\/noticias\/2026\/01\/19\/festejo-de-goncalo-guedes-contra-o-barcelona-tem-explicacao\/#primaryimage"},"image":{"@id":"https:\/\/portaltela.pt\/noticias\/2026\/01\/19\/festejo-de-goncalo-guedes-contra-o-barcelona-tem-explicacao\/#primaryimage"},"thumbnailUrl":"https:\/\/portaltela.pt\/s.01k8rhncp4jt1\/2026\/01\/66b672f3-8f19-43d5-91ff-ef8487c69ede.jpg","datePublished":"2026-01-19T11:37:22+00:00","author":{"@id":"https:\/\/portaltela.pt\/#\/schema\/person\/c4278d4a6028830caff9ee44b42d32ed"},"breadcrumb":{"@id":"https:\/\/portaltela.pt\/noticias\/2026\/01\/19\/festejo-de-goncalo-guedes-contra-o-barcelona-tem-explicacao\/#breadcrumb"},"inLanguage":"pt-PT","potentialAction":[{"@type":"ReadAction","target":["https:\/\/portaltela.pt\/noticias\/2026\/01\/19\/festejo-de-goncalo-guedes-contra-o-barcelona-tem-explicacao\/"]}]},{"@type":"ImageObject","inLanguage":"pt-PT","@id":"https:\/\/portaltela.pt\/noticias\/2026\/01\/19\/festejo-de-goncalo-guedes-contra-o-barcelona-tem-explicacao\/#primaryimage","url":"https:\/\/portaltela.pt\/s.01k8rhncp4jt1\/2026\/01\/66b672f3-8f19-43d5-91ff-ef8487c69ede.jpg","contentUrl":"https:\/\/portaltela.pt\/s.01k8rhncp4jt1\/2026\/01\/66b672f3-8f19-43d5-91ff-ef8487c69ede.jpg","width":796,"height":448,"caption":"Goncalo Guedes celebra o golo ao Barcelona"},{"@type":"BreadcrumbList","@id":"https:\/\/portaltela.pt\/noticias\/2026\/01\/19\/festejo-de-goncalo-guedes-contra-o-barcelona-tem-explicacao\/#breadcrumb","itemListElement":[{"@type":"ListItem","position":1,"name":"In\u00edcio","item":"https:\/\/portaltela.pt\/"},{"@type":"ListItem","position":2,"name":"Festejo de Gon\u00e7alo Guedes contra o Barcelona tem explica\u00e7\u00e3o"}]},{"@type":"WebSite","@id":"https:\/\/portaltela.pt\/#website","url":"https:\/\/portaltela.pt\/","name":"Portal Tela Portugal","description":"","potentialAction":[{"@type":"SearchAction","target":{"@type":"EntryPoint","urlTemplate":"https:\/\/portaltela.pt\/?s={search_term_string}"},"query-input":{"@type":"PropertyValueSpecification","valueRequired":true,"valueName":"search_term_string"}}],"inLanguage":"pt-PT"},{"@type":"Person","@id":"https:\/\/portaltela.pt\/#\/schema\/person\/c4278d4a6028830caff9ee44b42d32ed","name":"Telinha","image":{"@type":"ImageObject","inLanguage":"pt-PT","@id":"https:\/\/portaltela.pt\/s.01k8rhncp4jt1\/2025\/11\/talking-bot-125x125.png","url":"https:\/\/portaltela.pt\/s.01k8rhncp4jt1\/2025\/11\/talking-bot-125x125.png","contentUrl":"https:\/\/portaltela.pt\/s.01k8rhncp4jt1\/2025\/11\/talking-bot-125x125.png","caption":"Telinha"},"sameAs":["https:\/\/portaltela.pt\/"],"url":"https:\/\/portaltela.pt\/por\/367410592786\/"}]}},"_links":{"self":[{"href":"https:\/\/portaltela.pt\/api\/wp\/v2\/posts\/152643","targetHints":{"allow":["GET"]}}],"collection":[{"href":"https:\/\/portaltela.pt\/api\/wp\/v2\/posts"}],"about":[{"href":"https:\/\/portaltela.pt\/api\/wp\/v2\/types\/post"}],"author":[{"embeddable":true,"href":"https:\/\/portaltela.pt\/api\/wp\/v2\/users\/2"}],"replies":[{"embeddable":true,"href":"https:\/\/portaltela.pt\/api\/wp\/v2\/comments?post=152643"}],"version-history":[{"count":0,"href":"https:\/\/portaltela.pt\/api\/wp\/v2\/posts\/152643\/revisions"}],"wp:featuredmedia":[{"embeddable":true,"href":"https:\/\/portaltela.pt\/api\/wp\/v2\/media\/152649"}],"wp:attachment":[{"href":"https:\/\/portaltela.pt\/api\/wp\/v2\/media?parent=152643"}],"wp:term":[{"taxonomy":"category","embeddable":true,"href":"https:\/\/portaltela.pt\/api\/wp\/v2\/categories?post=152643"},{"taxonomy":"post_tag","embeddable":true,"href":"https:\/\/portaltela.pt\/api\/wp\/v2\/tags?post=152643"}],"curies":[{"name":"wp","href":"https:\/\/api.w.org\/{rel}","templated":true}]}}