{"id":152592,"date":"2026-01-19T07:59:08","date_gmt":"2026-01-19T10:59:08","guid":{"rendered":"https:\/\/portaltela.pt\/noticias\/2026\/01\/19\/lider-da-afvr-de-montalegre-cai-em-cerva\/"},"modified":"2026-01-19T07:59:08","modified_gmt":"2026-01-19T10:59:08","slug":"lider-da-afvr-de-montalegre-cai-em-cerva","status":"publish","type":"post","link":"https:\/\/portaltela.pt\/desporto\/futebol\/2026\/01\/19\/lider-da-afvr-de-montalegre-cai-em-cerva\/","title":{"rendered":"L\u00edder da AFVR de Montalegre cai em Cerva"},"content":{"rendered":"<p>O Cerva venceu o Montalegre por 1-0 no Complexo Desportivo das Bara\u00e7as, em Cerva, em jogo da jornada do campeonato. O golo decisivo surgiu aos 9 minutos, atrav\u00e9s de Adebayo, na sequ\u00eancia de um cruzamento pela direita que atravessou a defesa barros\u00e3.<\/p>\n<p>Apesar da inefic\u00e1cia ofensiva do Montalegre, o Cerva manteve-se perigoso, adiando o segundo tento. Amadi esteve perto do golo, com remate pr\u00f3ximo do poste, e a equipa da casa criou outras oportunidades at\u00e9 ao intervalo. Ao intervalo, Cerva 1, Montalegre 0.<\/p>\n<p>Na segunda parte, o Cerva refor\u00e7ou a press\u00e3o para conservar a vantagem. O Montalegre tentou responder atrav\u00e9s de bolas paradas e cruzamentos, mas n\u00e3o conseguiu igualar. R\u00faben teve uma oportunidade de livre direto aos 73 minutos, e Karamoko insistiu no empate sem sucesso.<\/p>\n<p>No fim, o Montalegre manteve-se desequilibrado na defesa e sem a efic\u00e1cia ofensiva necess\u00e1ria. O Cerva geriu a vantagem com disciplina defensiva e trocas que n\u00e3o alteraram o rumo do jogo. O \u00e1rbitro Dylan Brito esteve seguro, sem influenciar o resultado.<\/p>\n<p>Destaques da partida ficaram para a estreia vitoriosa de Artur J\u00fanior ao comando do Cerva, que elogiou o desempenho dos jogadores. Do lado do Montalegre, o t\u00e9cnico Jos\u00e9 Manuel Viage reconheceu que a derrota era justa e acusou a equipa de falhas na fase de finaliza\u00e7\u00e3o.<\/p>\n<p>Jogo realizado no Complexo Desportivo das Bara\u00e7as, em Cerva. O saldo final aponta Cerva 1, Montalegre 0, com Adebayo a marcar o golo da vit\u00f3ria. (Golos: 1-0, aos 9 minutos. Cart\u00f5es: Lamine, Mira, Fan\u00e1, Lamba, Jo\u00e3o Ribeiro). Arbitragem: Dylan Brito.<\/p>\n<p>O triunfo coloca o Cerva noposi\u00e7\u00e3o acima na tabela, enquanto o Montalegre permanece em posi\u00e7\u00e3o de lideran\u00e7a, mas com derrota pesada pela defesa menos s\u00f3lida ao longo do encontro. A partida evidenciou equil\u00edbrio entre as equipas, com o Cerva a demonstrar maior efic\u00e1cia atacante.<\/p>\n","protected":false},"excerpt":{"rendered":"<ul>\n<li>O Cerva derrotou o Montalegre por 1-0 no Complexo Desportivo das Bara\u00e7as, em Cerva, fixando a primeira derrota de Os Bravos do Barroso na \u00e9poca.<\/li>\n<li>O golo surgiu aos nove minutos, Adebayo a desviar um cruzamento da direita e a bater o guarda-redes do Montalegre, ap\u00f3s uma defesa passiva da linha defensiva.<\/li>\n<li>O Montalegre ainda teve oportunidades, com Amadi a acertar no poste, Karamoko perto do golo e Botelho a isolar-se antes do intervalo, mas sem conseguir marcar.<\/li>\n<li>Na segunda parte houve equil\u00edbrio, com o Montalegre a insistir em lances de bola parada e v\u00e1rias ocasi\u00f5es junto \u00e0s opera\u00e7\u00f5es do Cerva, incluindo remates perto do golo.<\/li>\n<li>O \u00e1rbitro foi Dylan Brito; Artur J\u00fanior elogiou o desempenho da sua equipa, enquanto Jos\u00e9 Manuel Viage reconheceu a derrota e admitiu erros, mantendo o Montalegre na lideran\u00e7a.<\/li>\n<\/ul>\n","protected":false},"author":2,"featured_media":152612,"comment_status":"closed","ping_status":"closed","sticky":false,"template":"","format":"standard","meta":{"footnotes":""},"categories":[21,24],"tags":[1289,227,1392,152,32],"class_list":["post-152592","post","type-post","status-publish","format-standard","has-post-thumbnail","hentry","category-desporto","category-futebol","tag-arbitragem","tag-campeonato","tag-cerva","tag-desporto","tag-futebol"],"yoast_head":"<!-- This site is optimized with the Yoast SEO plugin v27.2 - https:\/\/yoast.com\/product\/yoast-seo-wordpress\/ -->\n<title>L\u00edder da AFVR de Montalegre cai em Cerva - Portal Tela Portugal<\/title>\n<meta name=\"robots\" content=\"index, follow, max-snippet:-1, max-image-preview:large, max-video-preview:-1\" \/>\n<meta property=\"og:locale\" content=\"pt_PT\" \/>\n<meta property=\"og:type\" content=\"article\" \/>\n<meta property=\"og:title\" content=\"L\u00edder da AFVR de Montalegre cai em Cerva - Portal Tela Portugal\" \/>\n<meta property=\"og:description\" content=\"O Cerva derrotou o Montalegre por 1-0 no Complexo Desportivo das Bara\u00e7as, em Cerva, fixando a primeira derrota de Os Bravos do Barroso na \u00e9poca. O golo surgiu aos nove minutos, Adebayo a desviar um cruzamento da direita e a bater o guarda-redes do Montalegre, ap\u00f3s uma defesa passiva da linha defensiva. O Montalegre ainda teve oportunidades, com Amadi a acertar no poste, Karamoko perto do golo e Botelho a isolar-se antes do intervalo, mas sem conseguir marcar. Na segunda parte houve equil\u00edbrio, com o Montalegre a insistir em lances de bola parada e v\u00e1rias ocasi\u00f5es junto \u00e0s opera\u00e7\u00f5es do Cerva, incluindo remates perto do golo. O \u00e1rbitro foi Dylan Brito; Artur J\u00fanior elogiou o desempenho da sua equipa, enquanto Jos\u00e9 Manuel Viage reconheceu a derrota e admitiu erros, mantendo o Montalegre na lideran\u00e7a.\" \/>\n<meta property=\"og:url\" content=\"https:\/\/portaltela.pt\/noticias\/2026\/01\/19\/lider-da-afvr-de-montalegre-cai-em-cerva\/\" \/>\n<meta property=\"og:site_name\" content=\"Portal Tela Portugal\" \/>\n<meta property=\"article:published_time\" content=\"2026-01-19T10:59:08+00:00\" \/>\n<meta name=\"author\" content=\"Telinha\" \/>\n<meta name=\"twitter:card\" content=\"summary_large_image\" \/>\n<meta name=\"twitter:label1\" content=\"Escrito por\" \/>\n\t<meta name=\"twitter:data1\" content=\"Telinha\" \/>\n\t<meta name=\"twitter:label2\" content=\"Tempo estimado de leitura\" \/>\n\t<meta name=\"twitter:data2\" content=\"2 minutos\" \/>\n<script type=\"application\/ld+json\" class=\"yoast-schema-graph\">{\"@context\":\"https:\/\/schema.org\",\"@graph\":[{\"@type\":\"Article\",\"@id\":\"https:\/\/portaltela.pt\/noticias\/2026\/01\/19\/lider-da-afvr-de-montalegre-cai-em-cerva\/#article\",\"isPartOf\":{\"@id\":\"https:\/\/portaltela.pt\/noticias\/2026\/01\/19\/lider-da-afvr-de-montalegre-cai-em-cerva\/\"},\"author\":{\"name\":\"Telinha\",\"@id\":\"https:\/\/portaltela.pt\/#\/schema\/person\/c4278d4a6028830caff9ee44b42d32ed\"},\"headline\":\"L\u00edder da AFVR de Montalegre cai em Cerva\",\"datePublished\":\"2026-01-19T10:59:08+00:00\",\"mainEntityOfPage\":{\"@id\":\"https:\/\/portaltela.pt\/noticias\/2026\/01\/19\/lider-da-afvr-de-montalegre-cai-em-cerva\/\"},\"wordCount\":325,\"image\":{\"@id\":\"https:\/\/portaltela.pt\/noticias\/2026\/01\/19\/lider-da-afvr-de-montalegre-cai-em-cerva\/#primaryimage\"},\"thumbnailUrl\":\"https:\/\/portaltela.pt\/s.01k8rhncp4jt1\/2026\/01\/unnamed-file-3829.jpg\",\"keywords\":[\"arbitragem\",\"campeonato\",\"Cerva\",\"desporto\",\"futebol\"],\"articleSection\":[\"Desporto\",\"Futebol\"],\"inLanguage\":\"pt-PT\"},{\"@type\":\"WebPage\",\"@id\":\"https:\/\/portaltela.pt\/noticias\/2026\/01\/19\/lider-da-afvr-de-montalegre-cai-em-cerva\/\",\"url\":\"https:\/\/portaltela.pt\/noticias\/2026\/01\/19\/lider-da-afvr-de-montalegre-cai-em-cerva\/\",\"name\":\"L\u00edder da AFVR de Montalegre cai em Cerva - Portal Tela Portugal\",\"isPartOf\":{\"@id\":\"https:\/\/portaltela.pt\/#website\"},\"primaryImageOfPage\":{\"@id\":\"https:\/\/portaltela.pt\/noticias\/2026\/01\/19\/lider-da-afvr-de-montalegre-cai-em-cerva\/#primaryimage\"},\"image\":{\"@id\":\"https:\/\/portaltela.pt\/noticias\/2026\/01\/19\/lider-da-afvr-de-montalegre-cai-em-cerva\/#primaryimage\"},\"thumbnailUrl\":\"https:\/\/portaltela.pt\/s.01k8rhncp4jt1\/2026\/01\/unnamed-file-3829.jpg\",\"datePublished\":\"2026-01-19T10:59:08+00:00\",\"author\":{\"@id\":\"https:\/\/portaltela.pt\/#\/schema\/person\/c4278d4a6028830caff9ee44b42d32ed\"},\"breadcrumb\":{\"@id\":\"https:\/\/portaltela.pt\/noticias\/2026\/01\/19\/lider-da-afvr-de-montalegre-cai-em-cerva\/#breadcrumb\"},\"inLanguage\":\"pt-PT\",\"potentialAction\":[{\"@type\":\"ReadAction\",\"target\":[\"https:\/\/portaltela.pt\/noticias\/2026\/01\/19\/lider-da-afvr-de-montalegre-cai-em-cerva\/\"]}]},{\"@type\":\"ImageObject\",\"inLanguage\":\"pt-PT\",\"@id\":\"https:\/\/portaltela.pt\/noticias\/2026\/01\/19\/lider-da-afvr-de-montalegre-cai-em-cerva\/#primaryimage\",\"url\":\"https:\/\/portaltela.pt\/s.01k8rhncp4jt1\/2026\/01\/unnamed-file-3829.jpg\",\"contentUrl\":\"https:\/\/portaltela.pt\/s.01k8rhncp4jt1\/2026\/01\/unnamed-file-3829.jpg\",\"width\":796,\"height\":448,\"caption\":\"AFVR: L\u00edder Montalegre caiu em Cerva\"},{\"@type\":\"BreadcrumbList\",\"@id\":\"https:\/\/portaltela.pt\/noticias\/2026\/01\/19\/lider-da-afvr-de-montalegre-cai-em-cerva\/#breadcrumb\",\"itemListElement\":[{\"@type\":\"ListItem\",\"position\":1,\"name\":\"In\u00edcio\",\"item\":\"https:\/\/portaltela.pt\/\"},{\"@type\":\"ListItem\",\"position\":2,\"name\":\"L\u00edder da AFVR de Montalegre cai em Cerva\"}]},{\"@type\":\"WebSite\",\"@id\":\"https:\/\/portaltela.pt\/#website\",\"url\":\"https:\/\/portaltela.pt\/\",\"name\":\"Portal Tela Portugal\",\"description\":\"\",\"potentialAction\":[{\"@type\":\"SearchAction\",\"target\":{\"@type\":\"EntryPoint\",\"urlTemplate\":\"https:\/\/portaltela.pt\/?s={search_term_string}\"},\"query-input\":{\"@type\":\"PropertyValueSpecification\",\"valueRequired\":true,\"valueName\":\"search_term_string\"}}],\"inLanguage\":\"pt-PT\"},{\"@type\":\"Person\",\"@id\":\"https:\/\/portaltela.pt\/#\/schema\/person\/c4278d4a6028830caff9ee44b42d32ed\",\"name\":\"Telinha\",\"image\":{\"@type\":\"ImageObject\",\"inLanguage\":\"pt-PT\",\"@id\":\"https:\/\/portaltela.pt\/s.01k8rhncp4jt1\/2025\/11\/talking-bot-125x125.png\",\"url\":\"https:\/\/portaltela.pt\/s.01k8rhncp4jt1\/2025\/11\/talking-bot-125x125.png\",\"contentUrl\":\"https:\/\/portaltela.pt\/s.01k8rhncp4jt1\/2025\/11\/talking-bot-125x125.png\",\"caption\":\"Telinha\"},\"sameAs\":[\"https:\/\/portaltela.pt\/\"],\"url\":\"https:\/\/portaltela.pt\/por\/367410592786\/\"}]}<\/script>\n<!-- \/ Yoast SEO plugin. -->","yoast_head_json":{"title":"L\u00edder da AFVR de Montalegre cai em Cerva - Portal Tela Portugal","robots":{"index":"index","follow":"follow","max-snippet":"max-snippet:-1","max-image-preview":"max-image-preview:large","max-video-preview":"max-video-preview:-1"},"og_locale":"pt_PT","og_type":"article","og_title":"L\u00edder da AFVR de Montalegre cai em Cerva - Portal Tela Portugal","og_description":"O Cerva derrotou o Montalegre por 1-0 no Complexo Desportivo das Bara\u00e7as, em Cerva, fixando a primeira derrota de Os Bravos do Barroso na \u00e9poca. O golo surgiu aos nove minutos, Adebayo a desviar um cruzamento da direita e a bater o guarda-redes do Montalegre, ap\u00f3s uma defesa passiva da linha defensiva. O Montalegre ainda teve oportunidades, com Amadi a acertar no poste, Karamoko perto do golo e Botelho a isolar-se antes do intervalo, mas sem conseguir marcar. Na segunda parte houve equil\u00edbrio, com o Montalegre a insistir em lances de bola parada e v\u00e1rias ocasi\u00f5es junto \u00e0s opera\u00e7\u00f5es do Cerva, incluindo remates perto do golo. O \u00e1rbitro foi Dylan Brito; Artur J\u00fanior elogiou o desempenho da sua equipa, enquanto Jos\u00e9 Manuel Viage reconheceu a derrota e admitiu erros, mantendo o Montalegre na lideran\u00e7a.","og_url":"https:\/\/portaltela.pt\/noticias\/2026\/01\/19\/lider-da-afvr-de-montalegre-cai-em-cerva\/","og_site_name":"Portal Tela Portugal","article_published_time":"2026-01-19T10:59:08+00:00","author":"Telinha","twitter_card":"summary_large_image","twitter_misc":{"Escrito por":"Telinha","Tempo estimado de leitura":"2 minutos"},"schema":{"@context":"https:\/\/schema.org","@graph":[{"@type":"Article","@id":"https:\/\/portaltela.pt\/noticias\/2026\/01\/19\/lider-da-afvr-de-montalegre-cai-em-cerva\/#article","isPartOf":{"@id":"https:\/\/portaltela.pt\/noticias\/2026\/01\/19\/lider-da-afvr-de-montalegre-cai-em-cerva\/"},"author":{"name":"Telinha","@id":"https:\/\/portaltela.pt\/#\/schema\/person\/c4278d4a6028830caff9ee44b42d32ed"},"headline":"L\u00edder da AFVR de Montalegre cai em Cerva","datePublished":"2026-01-19T10:59:08+00:00","mainEntityOfPage":{"@id":"https:\/\/portaltela.pt\/noticias\/2026\/01\/19\/lider-da-afvr-de-montalegre-cai-em-cerva\/"},"wordCount":325,"image":{"@id":"https:\/\/portaltela.pt\/noticias\/2026\/01\/19\/lider-da-afvr-de-montalegre-cai-em-cerva\/#primaryimage"},"thumbnailUrl":"https:\/\/portaltela.pt\/s.01k8rhncp4jt1\/2026\/01\/unnamed-file-3829.jpg","keywords":["arbitragem","campeonato","Cerva","desporto","futebol"],"articleSection":["Desporto","Futebol"],"inLanguage":"pt-PT"},{"@type":"WebPage","@id":"https:\/\/portaltela.pt\/noticias\/2026\/01\/19\/lider-da-afvr-de-montalegre-cai-em-cerva\/","url":"https:\/\/portaltela.pt\/noticias\/2026\/01\/19\/lider-da-afvr-de-montalegre-cai-em-cerva\/","name":"L\u00edder da AFVR de Montalegre cai em Cerva - Portal Tela Portugal","isPartOf":{"@id":"https:\/\/portaltela.pt\/#website"},"primaryImageOfPage":{"@id":"https:\/\/portaltela.pt\/noticias\/2026\/01\/19\/lider-da-afvr-de-montalegre-cai-em-cerva\/#primaryimage"},"image":{"@id":"https:\/\/portaltela.pt\/noticias\/2026\/01\/19\/lider-da-afvr-de-montalegre-cai-em-cerva\/#primaryimage"},"thumbnailUrl":"https:\/\/portaltela.pt\/s.01k8rhncp4jt1\/2026\/01\/unnamed-file-3829.jpg","datePublished":"2026-01-19T10:59:08+00:00","author":{"@id":"https:\/\/portaltela.pt\/#\/schema\/person\/c4278d4a6028830caff9ee44b42d32ed"},"breadcrumb":{"@id":"https:\/\/portaltela.pt\/noticias\/2026\/01\/19\/lider-da-afvr-de-montalegre-cai-em-cerva\/#breadcrumb"},"inLanguage":"pt-PT","potentialAction":[{"@type":"ReadAction","target":["https:\/\/portaltela.pt\/noticias\/2026\/01\/19\/lider-da-afvr-de-montalegre-cai-em-cerva\/"]}]},{"@type":"ImageObject","inLanguage":"pt-PT","@id":"https:\/\/portaltela.pt\/noticias\/2026\/01\/19\/lider-da-afvr-de-montalegre-cai-em-cerva\/#primaryimage","url":"https:\/\/portaltela.pt\/s.01k8rhncp4jt1\/2026\/01\/unnamed-file-3829.jpg","contentUrl":"https:\/\/portaltela.pt\/s.01k8rhncp4jt1\/2026\/01\/unnamed-file-3829.jpg","width":796,"height":448,"caption":"AFVR: L\u00edder Montalegre caiu em Cerva"},{"@type":"BreadcrumbList","@id":"https:\/\/portaltela.pt\/noticias\/2026\/01\/19\/lider-da-afvr-de-montalegre-cai-em-cerva\/#breadcrumb","itemListElement":[{"@type":"ListItem","position":1,"name":"In\u00edcio","item":"https:\/\/portaltela.pt\/"},{"@type":"ListItem","position":2,"name":"L\u00edder da AFVR de Montalegre cai em Cerva"}]},{"@type":"WebSite","@id":"https:\/\/portaltela.pt\/#website","url":"https:\/\/portaltela.pt\/","name":"Portal Tela Portugal","description":"","potentialAction":[{"@type":"SearchAction","target":{"@type":"EntryPoint","urlTemplate":"https:\/\/portaltela.pt\/?s={search_term_string}"},"query-input":{"@type":"PropertyValueSpecification","valueRequired":true,"valueName":"search_term_string"}}],"inLanguage":"pt-PT"},{"@type":"Person","@id":"https:\/\/portaltela.pt\/#\/schema\/person\/c4278d4a6028830caff9ee44b42d32ed","name":"Telinha","image":{"@type":"ImageObject","inLanguage":"pt-PT","@id":"https:\/\/portaltela.pt\/s.01k8rhncp4jt1\/2025\/11\/talking-bot-125x125.png","url":"https:\/\/portaltela.pt\/s.01k8rhncp4jt1\/2025\/11\/talking-bot-125x125.png","contentUrl":"https:\/\/portaltela.pt\/s.01k8rhncp4jt1\/2025\/11\/talking-bot-125x125.png","caption":"Telinha"},"sameAs":["https:\/\/portaltela.pt\/"],"url":"https:\/\/portaltela.pt\/por\/367410592786\/"}]}},"_links":{"self":[{"href":"https:\/\/portaltela.pt\/api\/wp\/v2\/posts\/152592","targetHints":{"allow":["GET"]}}],"collection":[{"href":"https:\/\/portaltela.pt\/api\/wp\/v2\/posts"}],"about":[{"href":"https:\/\/portaltela.pt\/api\/wp\/v2\/types\/post"}],"author":[{"embeddable":true,"href":"https:\/\/portaltela.pt\/api\/wp\/v2\/users\/2"}],"replies":[{"embeddable":true,"href":"https:\/\/portaltela.pt\/api\/wp\/v2\/comments?post=152592"}],"version-history":[{"count":0,"href":"https:\/\/portaltela.pt\/api\/wp\/v2\/posts\/152592\/revisions"}],"wp:featuredmedia":[{"embeddable":true,"href":"https:\/\/portaltela.pt\/api\/wp\/v2\/media\/152612"}],"wp:attachment":[{"href":"https:\/\/portaltela.pt\/api\/wp\/v2\/media?parent=152592"}],"wp:term":[{"taxonomy":"category","embeddable":true,"href":"https:\/\/portaltela.pt\/api\/wp\/v2\/categories?post=152592"},{"taxonomy":"post_tag","embeddable":true,"href":"https:\/\/portaltela.pt\/api\/wp\/v2\/tags?post=152592"}],"curies":[{"name":"wp","href":"https:\/\/api.w.org\/{rel}","templated":true}]}}