{"id":152551,"date":"2026-01-19T08:09:00","date_gmt":"2026-01-19T11:09:00","guid":{"rendered":"https:\/\/portaltela.pt\/noticias\/2026\/01\/19\/casal-detido-por-rapto-e-homicidio-de-idoso-encontrado-num-poco-no-alentejo\/"},"modified":"2026-01-19T08:09:00","modified_gmt":"2026-01-19T11:09:00","slug":"casal-detido-por-rapto-e-homicidio-de-idoso-encontrado-num-poco-no-alentejo","status":"publish","type":"post","link":"https:\/\/portaltela.pt\/noticias\/2026\/01\/19\/casal-detido-por-rapto-e-homicidio-de-idoso-encontrado-num-poco-no-alentejo\/","title":{"rendered":"Casal detido por rapto e homic\u00eddio de idoso encontrado num po\u00e7o no Alentejo"},"content":{"rendered":"<p>O casal envolvido no rapto do octogen\u00e1rio An\u00edbal Bugadonho, que acabou por ser morto e atirado a um po\u00e7o no Alentejo, ser\u00e1 apresentado a um Juiz de Instru\u00e7\u00e3o Criminal (JIC) para aplica\u00e7\u00e3o de medidas de coa\u00e7\u00e3o. O homem tamb\u00e9m est\u00e1 envolvido numa tentativa de assalto \u00e0 m\u00e3o armada.<\/p>\n<p>Francisco Pratas, conhecido como Chiquinho, de 40 anos, e Vanessa Sabino, de 39, s\u00e3o suspeitos de terem raptado An\u00edbal Bugadonho, de 81 anos, na noite de sexta-feira, em Jungeiros, no concelho de Aljustrel. As autoridades apontam para intento de roubo para aquisi\u00e7\u00e3o de droga.<\/p>\n<p>O casal ter\u00e1 transportado a v\u00edtima na mala de uma Renault Clio de dois lugares com destino \u00e0 barragem do Monte do Pardieiro, em Ferreira do Alentejo. Na madrugada de s\u00e1bado, Pratas ter\u00e1 levado o idoso perto de Ervidel, onde o pos a um po\u00e7o e o assassinou.<\/p>\n<h3>Desenvolvimento do caso<\/h3>\n<p>Pouco depois, Pratas regressou a Ferreira do Alentejo e tentou um assalto \u00e0 m\u00e3o armada contra dois ca\u00e7adores dentro de uma viatura, sendo o ataque frustrado. As v\u00edtimas chamaram a GNR e o suspeito ficou ferido na troca de tiros.<\/p>\n<p>Vanessa Sabino n\u00e3o teve assistida pelo mesmo grupo no in\u00edcio. A GNR foi acionada pela primeira den\u00fancia, envolvendo o alegado rapto conjunto com o idoso. A jovem foi inicialmente tratada pela autoridade como v\u00edtima.<\/p>\n<p>Ap\u00f3s alta m\u00e9dica, Pratas confessou \u00e0 pol\u00edcia o rapto e indicou o local do corpo. No domingo, o homem ter\u00e1 tamb\u00e9m confessado a participa\u00e7\u00e3o de Vanessa Sabino no rapto de An\u00edbal Bugadonho.<\/p>\n","protected":false},"excerpt":{"rendered":"<ul>\n<li>O casal Francisco Pratas, de 40 anos, conhecido como &#8220;Chiquinho&#8221;, e Vanessa Sabino, de 39, est\u00e1 detido por raptar um idoso octogen\u00e1rio em Jungeiros, Aljustrel, no Alentejo, com vista a roubo e homic\u00eddio.<\/li>\n<li>An\u00edbal Bugadonho, de 81 anos, foi raptado na sexta-feira e atirado a um po\u00e7o perto de Ervidel, segundo as investiga\u00e7\u00f5es.<\/li>\n<li>Durante o transporte, o idoso ter\u00e1 sido levado na mala de uma Renault Clio de dois lugares com destino \u00e0 barragem do Monte do Pardieiro; o corpo foi deixado no po\u00e7o na madrugada de s\u00e1bado.<\/li>\n<li>O homem esteve ainda envolvido numa tentativa de assalto \u00e0 m\u00e3o armada contra dois ca\u00e7adores, que resultou na deten\u00e7\u00e3o dele e ferimentos.<\/li>\n<li>Ambos v\u00e3o ser apresentados ao Juiz de Instru\u00e7\u00e3o Criminal para aplica\u00e7\u00e3o de medidas de coa\u00e7\u00e3o; a mulher ser\u00e1 ouvida por coautoria nos crimes de rapto e homic\u00eddio.<\/li>\n<\/ul>\n","protected":false},"author":2,"featured_media":152554,"comment_status":"closed","ping_status":"closed","sticky":false,"template":"","format":"standard","meta":{"footnotes":""},"categories":[1],"tags":[883,1325,147,3457,1345,203],"class_list":["post-152551","post","type-post","status-publish","format-standard","has-post-thumbnail","hentry","category-noticias","tag-alentejo","tag-aljustrel","tag-crime","tag-ervidel","tag-homicidio","tag-roubo"],"yoast_head":"<!-- This site is optimized with the Yoast SEO plugin v27.2 - https:\/\/yoast.com\/product\/yoast-seo-wordpress\/ -->\n<title>Casal detido por rapto e homic\u00eddio de idoso encontrado num po\u00e7o no Alentejo - Portal Tela Portugal<\/title>\n<meta name=\"robots\" content=\"index, follow, max-snippet:-1, max-image-preview:large, max-video-preview:-1\" \/>\n<meta property=\"og:locale\" content=\"pt_PT\" \/>\n<meta property=\"og:type\" content=\"article\" \/>\n<meta property=\"og:title\" content=\"Casal detido por rapto e homic\u00eddio de idoso encontrado num po\u00e7o no Alentejo - Portal Tela Portugal\" \/>\n<meta property=\"og:description\" content=\"O casal Francisco Pratas, de 40 anos, conhecido como &quot;Chiquinho&quot;, e Vanessa Sabino, de 39, est\u00e1 detido por raptar um idoso octogen\u00e1rio em Jungeiros, Aljustrel, no Alentejo, com vista a roubo e homic\u00eddio. An\u00edbal Bugadonho, de 81 anos, foi raptado na sexta-feira e atirado a um po\u00e7o perto de Ervidel, segundo as investiga\u00e7\u00f5es. Durante o transporte, o idoso ter\u00e1 sido levado na mala de uma Renault Clio de dois lugares com destino \u00e0 barragem do Monte do Pardieiro; o corpo foi deixado no po\u00e7o na madrugada de s\u00e1bado. O homem esteve ainda envolvido numa tentativa de assalto \u00e0 m\u00e3o armada contra dois ca\u00e7adores, que resultou na deten\u00e7\u00e3o dele e ferimentos. Ambos v\u00e3o ser apresentados ao Juiz de Instru\u00e7\u00e3o Criminal para aplica\u00e7\u00e3o de medidas de coa\u00e7\u00e3o; a mulher ser\u00e1 ouvida por coautoria nos crimes de rapto e homic\u00eddio.\" \/>\n<meta property=\"og:url\" content=\"https:\/\/portaltela.pt\/noticias\/2026\/01\/19\/casal-detido-por-rapto-e-homicidio-de-idoso-encontrado-num-poco-no-alentejo\/\" \/>\n<meta property=\"og:site_name\" content=\"Portal Tela Portugal\" \/>\n<meta property=\"article:published_time\" content=\"2026-01-19T11:09:00+00:00\" \/>\n<meta name=\"author\" content=\"Telinha\" \/>\n<meta name=\"twitter:card\" content=\"summary_large_image\" \/>\n<meta name=\"twitter:label1\" content=\"Escrito por\" \/>\n\t<meta name=\"twitter:data1\" content=\"Telinha\" \/>\n\t<meta name=\"twitter:label2\" content=\"Tempo estimado de leitura\" \/>\n\t<meta name=\"twitter:data2\" content=\"1 minuto\" \/>\n<script type=\"application\/ld+json\" class=\"yoast-schema-graph\">{\"@context\":\"https:\/\/schema.org\",\"@graph\":[{\"@type\":\"Article\",\"@id\":\"https:\/\/portaltela.pt\/noticias\/2026\/01\/19\/casal-detido-por-rapto-e-homicidio-de-idoso-encontrado-num-poco-no-alentejo\/#article\",\"isPartOf\":{\"@id\":\"https:\/\/portaltela.pt\/noticias\/2026\/01\/19\/casal-detido-por-rapto-e-homicidio-de-idoso-encontrado-num-poco-no-alentejo\/\"},\"author\":{\"name\":\"Telinha\",\"@id\":\"https:\/\/portaltela.pt\/#\/schema\/person\/c4278d4a6028830caff9ee44b42d32ed\"},\"headline\":\"Casal detido por rapto e homic\u00eddio de idoso encontrado num po\u00e7o no Alentejo\",\"datePublished\":\"2026-01-19T11:09:00+00:00\",\"mainEntityOfPage\":{\"@id\":\"https:\/\/portaltela.pt\/noticias\/2026\/01\/19\/casal-detido-por-rapto-e-homicidio-de-idoso-encontrado-num-poco-no-alentejo\/\"},\"wordCount\":284,\"image\":{\"@id\":\"https:\/\/portaltela.pt\/noticias\/2026\/01\/19\/casal-detido-por-rapto-e-homicidio-de-idoso-encontrado-num-poco-no-alentejo\/#primaryimage\"},\"thumbnailUrl\":\"https:\/\/portaltela.pt\/s.01k8rhncp4jt1\/2026\/01\/image-1150.jpg\",\"keywords\":[\"Alentejo\",\"Aljustrel\",\"crime\",\"Ervidel\",\"homic\u00eddio\",\"roubo\"],\"articleSection\":[\"Not\u00edcias\"],\"inLanguage\":\"pt-PT\"},{\"@type\":\"WebPage\",\"@id\":\"https:\/\/portaltela.pt\/noticias\/2026\/01\/19\/casal-detido-por-rapto-e-homicidio-de-idoso-encontrado-num-poco-no-alentejo\/\",\"url\":\"https:\/\/portaltela.pt\/noticias\/2026\/01\/19\/casal-detido-por-rapto-e-homicidio-de-idoso-encontrado-num-poco-no-alentejo\/\",\"name\":\"Casal detido por rapto e homic\u00eddio de idoso encontrado num po\u00e7o no Alentejo - Portal Tela Portugal\",\"isPartOf\":{\"@id\":\"https:\/\/portaltela.pt\/#website\"},\"primaryImageOfPage\":{\"@id\":\"https:\/\/portaltela.pt\/noticias\/2026\/01\/19\/casal-detido-por-rapto-e-homicidio-de-idoso-encontrado-num-poco-no-alentejo\/#primaryimage\"},\"image\":{\"@id\":\"https:\/\/portaltela.pt\/noticias\/2026\/01\/19\/casal-detido-por-rapto-e-homicidio-de-idoso-encontrado-num-poco-no-alentejo\/#primaryimage\"},\"thumbnailUrl\":\"https:\/\/portaltela.pt\/s.01k8rhncp4jt1\/2026\/01\/image-1150.jpg\",\"datePublished\":\"2026-01-19T11:09:00+00:00\",\"author\":{\"@id\":\"https:\/\/portaltela.pt\/#\/schema\/person\/c4278d4a6028830caff9ee44b42d32ed\"},\"breadcrumb\":{\"@id\":\"https:\/\/portaltela.pt\/noticias\/2026\/01\/19\/casal-detido-por-rapto-e-homicidio-de-idoso-encontrado-num-poco-no-alentejo\/#breadcrumb\"},\"inLanguage\":\"pt-PT\",\"potentialAction\":[{\"@type\":\"ReadAction\",\"target\":[\"https:\/\/portaltela.pt\/noticias\/2026\/01\/19\/casal-detido-por-rapto-e-homicidio-de-idoso-encontrado-num-poco-no-alentejo\/\"]}]},{\"@type\":\"ImageObject\",\"inLanguage\":\"pt-PT\",\"@id\":\"https:\/\/portaltela.pt\/noticias\/2026\/01\/19\/casal-detido-por-rapto-e-homicidio-de-idoso-encontrado-num-poco-no-alentejo\/#primaryimage\",\"url\":\"https:\/\/portaltela.pt\/s.01k8rhncp4jt1\/2026\/01\/image-1150.jpg\",\"contentUrl\":\"https:\/\/portaltela.pt\/s.01k8rhncp4jt1\/2026\/01\/image-1150.jpg\",\"width\":796,\"height\":448,\"caption\":\"Imagem de contexto do artigo Casal detido por rapto e homic\u00eddio de idoso encontrado num po\u00e7o no Alentejo\"},{\"@type\":\"BreadcrumbList\",\"@id\":\"https:\/\/portaltela.pt\/noticias\/2026\/01\/19\/casal-detido-por-rapto-e-homicidio-de-idoso-encontrado-num-poco-no-alentejo\/#breadcrumb\",\"itemListElement\":[{\"@type\":\"ListItem\",\"position\":1,\"name\":\"In\u00edcio\",\"item\":\"https:\/\/portaltela.pt\/\"},{\"@type\":\"ListItem\",\"position\":2,\"name\":\"Casal detido por rapto e homic\u00eddio de idoso encontrado num po\u00e7o no Alentejo\"}]},{\"@type\":\"WebSite\",\"@id\":\"https:\/\/portaltela.pt\/#website\",\"url\":\"https:\/\/portaltela.pt\/\",\"name\":\"Portal Tela Portugal\",\"description\":\"\",\"potentialAction\":[{\"@type\":\"SearchAction\",\"target\":{\"@type\":\"EntryPoint\",\"urlTemplate\":\"https:\/\/portaltela.pt\/?s={search_term_string}\"},\"query-input\":{\"@type\":\"PropertyValueSpecification\",\"valueRequired\":true,\"valueName\":\"search_term_string\"}}],\"inLanguage\":\"pt-PT\"},{\"@type\":\"Person\",\"@id\":\"https:\/\/portaltela.pt\/#\/schema\/person\/c4278d4a6028830caff9ee44b42d32ed\",\"name\":\"Telinha\",\"image\":{\"@type\":\"ImageObject\",\"inLanguage\":\"pt-PT\",\"@id\":\"https:\/\/portaltela.pt\/s.01k8rhncp4jt1\/2025\/11\/talking-bot-125x125.png\",\"url\":\"https:\/\/portaltela.pt\/s.01k8rhncp4jt1\/2025\/11\/talking-bot-125x125.png\",\"contentUrl\":\"https:\/\/portaltela.pt\/s.01k8rhncp4jt1\/2025\/11\/talking-bot-125x125.png\",\"caption\":\"Telinha\"},\"sameAs\":[\"https:\/\/portaltela.pt\/\"],\"url\":\"https:\/\/portaltela.pt\/por\/367410592786\/\"}]}<\/script>\n<!-- \/ Yoast SEO plugin. -->","yoast_head_json":{"title":"Casal detido por rapto e homic\u00eddio de idoso encontrado num po\u00e7o no Alentejo - Portal Tela Portugal","robots":{"index":"index","follow":"follow","max-snippet":"max-snippet:-1","max-image-preview":"max-image-preview:large","max-video-preview":"max-video-preview:-1"},"og_locale":"pt_PT","og_type":"article","og_title":"Casal detido por rapto e homic\u00eddio de idoso encontrado num po\u00e7o no Alentejo - Portal Tela Portugal","og_description":"O casal Francisco Pratas, de 40 anos, conhecido como \"Chiquinho\", e Vanessa Sabino, de 39, est\u00e1 detido por raptar um idoso octogen\u00e1rio em Jungeiros, Aljustrel, no Alentejo, com vista a roubo e homic\u00eddio. An\u00edbal Bugadonho, de 81 anos, foi raptado na sexta-feira e atirado a um po\u00e7o perto de Ervidel, segundo as investiga\u00e7\u00f5es. Durante o transporte, o idoso ter\u00e1 sido levado na mala de uma Renault Clio de dois lugares com destino \u00e0 barragem do Monte do Pardieiro; o corpo foi deixado no po\u00e7o na madrugada de s\u00e1bado. O homem esteve ainda envolvido numa tentativa de assalto \u00e0 m\u00e3o armada contra dois ca\u00e7adores, que resultou na deten\u00e7\u00e3o dele e ferimentos. Ambos v\u00e3o ser apresentados ao Juiz de Instru\u00e7\u00e3o Criminal para aplica\u00e7\u00e3o de medidas de coa\u00e7\u00e3o; a mulher ser\u00e1 ouvida por coautoria nos crimes de rapto e homic\u00eddio.","og_url":"https:\/\/portaltela.pt\/noticias\/2026\/01\/19\/casal-detido-por-rapto-e-homicidio-de-idoso-encontrado-num-poco-no-alentejo\/","og_site_name":"Portal Tela Portugal","article_published_time":"2026-01-19T11:09:00+00:00","author":"Telinha","twitter_card":"summary_large_image","twitter_misc":{"Escrito por":"Telinha","Tempo estimado de leitura":"1 minuto"},"schema":{"@context":"https:\/\/schema.org","@graph":[{"@type":"Article","@id":"https:\/\/portaltela.pt\/noticias\/2026\/01\/19\/casal-detido-por-rapto-e-homicidio-de-idoso-encontrado-num-poco-no-alentejo\/#article","isPartOf":{"@id":"https:\/\/portaltela.pt\/noticias\/2026\/01\/19\/casal-detido-por-rapto-e-homicidio-de-idoso-encontrado-num-poco-no-alentejo\/"},"author":{"name":"Telinha","@id":"https:\/\/portaltela.pt\/#\/schema\/person\/c4278d4a6028830caff9ee44b42d32ed"},"headline":"Casal detido por rapto e homic\u00eddio de idoso encontrado num po\u00e7o no Alentejo","datePublished":"2026-01-19T11:09:00+00:00","mainEntityOfPage":{"@id":"https:\/\/portaltela.pt\/noticias\/2026\/01\/19\/casal-detido-por-rapto-e-homicidio-de-idoso-encontrado-num-poco-no-alentejo\/"},"wordCount":284,"image":{"@id":"https:\/\/portaltela.pt\/noticias\/2026\/01\/19\/casal-detido-por-rapto-e-homicidio-de-idoso-encontrado-num-poco-no-alentejo\/#primaryimage"},"thumbnailUrl":"https:\/\/portaltela.pt\/s.01k8rhncp4jt1\/2026\/01\/image-1150.jpg","keywords":["Alentejo","Aljustrel","crime","Ervidel","homic\u00eddio","roubo"],"articleSection":["Not\u00edcias"],"inLanguage":"pt-PT"},{"@type":"WebPage","@id":"https:\/\/portaltela.pt\/noticias\/2026\/01\/19\/casal-detido-por-rapto-e-homicidio-de-idoso-encontrado-num-poco-no-alentejo\/","url":"https:\/\/portaltela.pt\/noticias\/2026\/01\/19\/casal-detido-por-rapto-e-homicidio-de-idoso-encontrado-num-poco-no-alentejo\/","name":"Casal detido por rapto e homic\u00eddio de idoso encontrado num po\u00e7o no Alentejo - Portal Tela Portugal","isPartOf":{"@id":"https:\/\/portaltela.pt\/#website"},"primaryImageOfPage":{"@id":"https:\/\/portaltela.pt\/noticias\/2026\/01\/19\/casal-detido-por-rapto-e-homicidio-de-idoso-encontrado-num-poco-no-alentejo\/#primaryimage"},"image":{"@id":"https:\/\/portaltela.pt\/noticias\/2026\/01\/19\/casal-detido-por-rapto-e-homicidio-de-idoso-encontrado-num-poco-no-alentejo\/#primaryimage"},"thumbnailUrl":"https:\/\/portaltela.pt\/s.01k8rhncp4jt1\/2026\/01\/image-1150.jpg","datePublished":"2026-01-19T11:09:00+00:00","author":{"@id":"https:\/\/portaltela.pt\/#\/schema\/person\/c4278d4a6028830caff9ee44b42d32ed"},"breadcrumb":{"@id":"https:\/\/portaltela.pt\/noticias\/2026\/01\/19\/casal-detido-por-rapto-e-homicidio-de-idoso-encontrado-num-poco-no-alentejo\/#breadcrumb"},"inLanguage":"pt-PT","potentialAction":[{"@type":"ReadAction","target":["https:\/\/portaltela.pt\/noticias\/2026\/01\/19\/casal-detido-por-rapto-e-homicidio-de-idoso-encontrado-num-poco-no-alentejo\/"]}]},{"@type":"ImageObject","inLanguage":"pt-PT","@id":"https:\/\/portaltela.pt\/noticias\/2026\/01\/19\/casal-detido-por-rapto-e-homicidio-de-idoso-encontrado-num-poco-no-alentejo\/#primaryimage","url":"https:\/\/portaltela.pt\/s.01k8rhncp4jt1\/2026\/01\/image-1150.jpg","contentUrl":"https:\/\/portaltela.pt\/s.01k8rhncp4jt1\/2026\/01\/image-1150.jpg","width":796,"height":448,"caption":"Imagem de contexto do artigo Casal detido por rapto e homic\u00eddio de idoso encontrado num po\u00e7o no Alentejo"},{"@type":"BreadcrumbList","@id":"https:\/\/portaltela.pt\/noticias\/2026\/01\/19\/casal-detido-por-rapto-e-homicidio-de-idoso-encontrado-num-poco-no-alentejo\/#breadcrumb","itemListElement":[{"@type":"ListItem","position":1,"name":"In\u00edcio","item":"https:\/\/portaltela.pt\/"},{"@type":"ListItem","position":2,"name":"Casal detido por rapto e homic\u00eddio de idoso encontrado num po\u00e7o no Alentejo"}]},{"@type":"WebSite","@id":"https:\/\/portaltela.pt\/#website","url":"https:\/\/portaltela.pt\/","name":"Portal Tela Portugal","description":"","potentialAction":[{"@type":"SearchAction","target":{"@type":"EntryPoint","urlTemplate":"https:\/\/portaltela.pt\/?s={search_term_string}"},"query-input":{"@type":"PropertyValueSpecification","valueRequired":true,"valueName":"search_term_string"}}],"inLanguage":"pt-PT"},{"@type":"Person","@id":"https:\/\/portaltela.pt\/#\/schema\/person\/c4278d4a6028830caff9ee44b42d32ed","name":"Telinha","image":{"@type":"ImageObject","inLanguage":"pt-PT","@id":"https:\/\/portaltela.pt\/s.01k8rhncp4jt1\/2025\/11\/talking-bot-125x125.png","url":"https:\/\/portaltela.pt\/s.01k8rhncp4jt1\/2025\/11\/talking-bot-125x125.png","contentUrl":"https:\/\/portaltela.pt\/s.01k8rhncp4jt1\/2025\/11\/talking-bot-125x125.png","caption":"Telinha"},"sameAs":["https:\/\/portaltela.pt\/"],"url":"https:\/\/portaltela.pt\/por\/367410592786\/"}]}},"_links":{"self":[{"href":"https:\/\/portaltela.pt\/api\/wp\/v2\/posts\/152551","targetHints":{"allow":["GET"]}}],"collection":[{"href":"https:\/\/portaltela.pt\/api\/wp\/v2\/posts"}],"about":[{"href":"https:\/\/portaltela.pt\/api\/wp\/v2\/types\/post"}],"author":[{"embeddable":true,"href":"https:\/\/portaltela.pt\/api\/wp\/v2\/users\/2"}],"replies":[{"embeddable":true,"href":"https:\/\/portaltela.pt\/api\/wp\/v2\/comments?post=152551"}],"version-history":[{"count":0,"href":"https:\/\/portaltela.pt\/api\/wp\/v2\/posts\/152551\/revisions"}],"wp:featuredmedia":[{"embeddable":true,"href":"https:\/\/portaltela.pt\/api\/wp\/v2\/media\/152554"}],"wp:attachment":[{"href":"https:\/\/portaltela.pt\/api\/wp\/v2\/media?parent=152551"}],"wp:term":[{"taxonomy":"category","embeddable":true,"href":"https:\/\/portaltela.pt\/api\/wp\/v2\/categories?post=152551"},{"taxonomy":"post_tag","embeddable":true,"href":"https:\/\/portaltela.pt\/api\/wp\/v2\/tags?post=152551"}],"curies":[{"name":"wp","href":"https:\/\/api.w.org\/{rel}","templated":true}]}}