{"id":152470,"date":"2026-01-19T07:39:00","date_gmt":"2026-01-19T10:39:00","guid":{"rendered":"https:\/\/portaltela.pt\/noticias\/2026\/01\/19\/cinco-candidatos-recebem-subvencao-seis-nao-contam-com-apoio-estatal\/"},"modified":"2026-01-19T07:39:00","modified_gmt":"2026-01-19T10:39:00","slug":"cinco-candidatos-recebem-subvencao-seis-nao-contam-com-apoio-estatal","status":"publish","type":"post","link":"https:\/\/portaltela.pt\/noticias\/politica\/2026\/01\/19\/cinco-candidatos-recebem-subvencao-seis-nao-contam-com-apoio-estatal\/","title":{"rendered":"Cinco candidatos recebem subven\u00e7\u00e3o; seis n\u00e3o contam com apoio estatal"},"content":{"rendered":"<p>Cinco dos onze candidatos que concorreram \u00e0s elei\u00e7\u00f5es presidenciais de domingo v\u00e3o receber a subven\u00e7\u00e3o do Estado para financiar as campanhas. Os restantes seis n\u00e3o chegaram aos 5% dos votos expressos, segundo a lei em vigor.<\/p>\n<p>O valor total da subven\u00e7\u00e3o p\u00fablica \u00e9 calculado multiplicando por 10 mil o IAS, perfazendo 4,18 milh\u00f5es de euros. Destes, 20% s\u00e3o distribu\u00eddos igualmente entre quem obteve pelo menos 5% e os 80% s\u00e3o proporcionais aos votos v\u00e1lidos.<\/p>\n<p>Entre os candidatos com direito \u00e0 subven\u00e7\u00e3o est\u00e3o Ant\u00f3nio Jos\u00e9 Seguro (31%), Andr\u00e9 Ventura (23%), Jo\u00e3o Cotrim Figueiredo (16%), Henrique Gouveia e Melo (12%) e Marques Mendes (11%).<\/p>\n<h3>Quem recebe subven\u00e7\u00e3o<\/h3>\n<p>Catarina Martins, Ant\u00f3nio Filipe, Jorge Pinto, Manuel Jo\u00e3o Vieira, Andr\u00e9 Pestana e Humberto Correia ficaram fora do apoio financeiro, por terem ficado abaixo da fasquia de 5%.<\/p>\n<p>Segundo dados da Entidade das Contas e Financiamentos Pol\u00edticos, as candidaturas previam gastar mais de 4,9 milh\u00f5es de euros na campanha. Lu\u00eds Marques Mendes estimou a despesa mais alta, em 1,32 milh\u00f5es de euros.<\/p>\n<p>Ant\u00f3nio Jos\u00e9 Seguro planeou gastar cerca de 1,13 milh\u00f5es; Henrique Gouveia e Melo, perto de um milh\u00e3o; Andr\u00e9 Ventura, 900 mil euros.<\/p>\n<p>Seguro e Ventura seguem para a segunda volta das elei\u00e7\u00f5es presidenciais, marcada para 8 de fevereiro.<\/p>\n<h3>Despesas eleitorais previstas<\/h3>\n<p>Os valores totais indicavam ainda que os custos variariam conforme recursos e estrat\u00e9gias dos candidatos, com foco em publicidade, eventos e com\u00edcios. Os montantes finais dependem dos gastos comprovados ao longo da campanha.<\/p>\n","protected":false},"excerpt":{"rendered":"<ul>\n<li>Cinco dos onze candidatos que se apresentaram \u00e0s elei\u00e7\u00f5es presidenciais v\u00e3o receber subven\u00e7\u00e3o estatal, enquanto os outros seis ficam sem apoio.<\/li>\n<li>O montante total da subven\u00e7\u00e3o \u00e9 de 4,18 milh\u00f5es de euros, calculado com base no Indexante dos Apoios Sociais (IAS).<\/li>\n<li>20 por cento do total \u00e9 repartido entre os candidatos com pelo menos 5 por cento dos votos, e os 80 por cento restantes s\u00e3o distribu\u00eddos na propor\u00e7\u00e3o dos votos v\u00e1lidos.<\/li>\n<li>Recebem subven\u00e7\u00e3o: Ant\u00f3nio Jos\u00e9 Seguro (31%), Andr\u00e9 Ventura (23%), Jo\u00e3o Cotrim Figueiredo (16%), Henrique Gouveia e Melo (12%), Marques Mendes (11%).<\/li>\n<li>N\u00e3o recebem: Catarina Martins, Ant\u00f3nio Filipe, Jorge Pinto, Manuel Jo\u00e3o Vieira, Andr\u00e9 Pestana e Humberto Correia, todos com menos de 5 por cento. A segunda volta ocorre a 8 de fevereiro entre Seguro e Ventura.<\/li>\n<\/ul>\n","protected":false},"author":2,"featured_media":152482,"comment_status":"closed","ping_status":"closed","sticky":false,"template":"","format":"standard","meta":{"footnotes":""},"categories":[1,5],"tags":[2453,2655,68,1755,3146,2450],"class_list":["post-152470","post","type-post","status-publish","format-standard","has-post-thumbnail","hentry","category-noticias","category-politica","tag-andre-ventura","tag-antonio-jose-seguro","tag-eleicoes","tag-financiamento-de-campanhas","tag-henrique-gouveia-e-melo","tag-marques-mendes"],"yoast_head":"<!-- This site is optimized with the Yoast SEO plugin v27.2 - https:\/\/yoast.com\/product\/yoast-seo-wordpress\/ -->\n<title>Cinco candidatos recebem subven\u00e7\u00e3o; seis n\u00e3o contam com apoio estatal - Portal Tela Portugal<\/title>\n<meta name=\"robots\" content=\"index, follow, max-snippet:-1, max-image-preview:large, max-video-preview:-1\" \/>\n<meta property=\"og:locale\" content=\"pt_PT\" \/>\n<meta property=\"og:type\" content=\"article\" \/>\n<meta property=\"og:title\" content=\"Cinco candidatos recebem subven\u00e7\u00e3o; seis n\u00e3o contam com apoio estatal - Portal Tela Portugal\" \/>\n<meta property=\"og:description\" content=\"Cinco dos onze candidatos que se apresentaram \u00e0s elei\u00e7\u00f5es presidenciais v\u00e3o receber subven\u00e7\u00e3o estatal, enquanto os outros seis ficam sem apoio. O montante total da subven\u00e7\u00e3o \u00e9 de 4,18 milh\u00f5es de euros, calculado com base no Indexante dos Apoios Sociais (IAS). 20 por cento do total \u00e9 repartido entre os candidatos com pelo menos 5 por cento dos votos, e os 80 por cento restantes s\u00e3o distribu\u00eddos na propor\u00e7\u00e3o dos votos v\u00e1lidos. Recebem subven\u00e7\u00e3o: Ant\u00f3nio Jos\u00e9 Seguro (31%), Andr\u00e9 Ventura (23%), Jo\u00e3o Cotrim Figueiredo (16%), Henrique Gouveia e Melo (12%), Marques Mendes (11%). N\u00e3o recebem: Catarina Martins, Ant\u00f3nio Filipe, Jorge Pinto, Manuel Jo\u00e3o Vieira, Andr\u00e9 Pestana e Humberto Correia, todos com menos de 5 por cento. A segunda volta ocorre a 8 de fevereiro entre Seguro e Ventura.\" \/>\n<meta property=\"og:url\" content=\"https:\/\/portaltela.pt\/noticias\/2026\/01\/19\/cinco-candidatos-recebem-subvencao-seis-nao-contam-com-apoio-estatal\/\" \/>\n<meta property=\"og:site_name\" content=\"Portal Tela Portugal\" \/>\n<meta property=\"article:published_time\" content=\"2026-01-19T10:39:00+00:00\" \/>\n<meta name=\"author\" content=\"Telinha\" \/>\n<meta name=\"twitter:card\" content=\"summary_large_image\" \/>\n<meta name=\"twitter:label1\" content=\"Escrito por\" \/>\n\t<meta name=\"twitter:data1\" content=\"Telinha\" \/>\n\t<meta name=\"twitter:label2\" content=\"Tempo estimado de leitura\" \/>\n\t<meta name=\"twitter:data2\" content=\"1 minuto\" \/>\n<script type=\"application\/ld+json\" class=\"yoast-schema-graph\">{\"@context\":\"https:\/\/schema.org\",\"@graph\":[{\"@type\":\"Article\",\"@id\":\"https:\/\/portaltela.pt\/noticias\/2026\/01\/19\/cinco-candidatos-recebem-subvencao-seis-nao-contam-com-apoio-estatal\/#article\",\"isPartOf\":{\"@id\":\"https:\/\/portaltela.pt\/noticias\/2026\/01\/19\/cinco-candidatos-recebem-subvencao-seis-nao-contam-com-apoio-estatal\/\"},\"author\":{\"name\":\"Telinha\",\"@id\":\"https:\/\/portaltela.pt\/#\/schema\/person\/c4278d4a6028830caff9ee44b42d32ed\"},\"headline\":\"Cinco candidatos recebem subven\u00e7\u00e3o; seis n\u00e3o contam com apoio estatal\",\"datePublished\":\"2026-01-19T10:39:00+00:00\",\"mainEntityOfPage\":{\"@id\":\"https:\/\/portaltela.pt\/noticias\/2026\/01\/19\/cinco-candidatos-recebem-subvencao-seis-nao-contam-com-apoio-estatal\/\"},\"wordCount\":261,\"image\":{\"@id\":\"https:\/\/portaltela.pt\/noticias\/2026\/01\/19\/cinco-candidatos-recebem-subvencao-seis-nao-contam-com-apoio-estatal\/#primaryimage\"},\"thumbnailUrl\":\"https:\/\/portaltela.pt\/s.01k8rhncp4jt1\/2026\/01\/img_1500x1000uu2026-01-18-14-41-13-2261018.jpg\",\"keywords\":[\"Andr\u00e9 Ventura\",\"Ant\u00f3nio Jos\u00e9 Seguro\",\"elei\u00e7\u00f5es\",\"financiamento de campanhas\",\"Henrique Gouveia e Melo\",\"Marques Mendes\"],\"articleSection\":[\"Not\u00edcias\",\"Pol\u00edtica\"],\"inLanguage\":\"pt-PT\"},{\"@type\":\"WebPage\",\"@id\":\"https:\/\/portaltela.pt\/noticias\/2026\/01\/19\/cinco-candidatos-recebem-subvencao-seis-nao-contam-com-apoio-estatal\/\",\"url\":\"https:\/\/portaltela.pt\/noticias\/2026\/01\/19\/cinco-candidatos-recebem-subvencao-seis-nao-contam-com-apoio-estatal\/\",\"name\":\"Cinco candidatos recebem subven\u00e7\u00e3o; seis n\u00e3o contam com apoio estatal - Portal Tela Portugal\",\"isPartOf\":{\"@id\":\"https:\/\/portaltela.pt\/#website\"},\"primaryImageOfPage\":{\"@id\":\"https:\/\/portaltela.pt\/noticias\/2026\/01\/19\/cinco-candidatos-recebem-subvencao-seis-nao-contam-com-apoio-estatal\/#primaryimage\"},\"image\":{\"@id\":\"https:\/\/portaltela.pt\/noticias\/2026\/01\/19\/cinco-candidatos-recebem-subvencao-seis-nao-contam-com-apoio-estatal\/#primaryimage\"},\"thumbnailUrl\":\"https:\/\/portaltela.pt\/s.01k8rhncp4jt1\/2026\/01\/img_1500x1000uu2026-01-18-14-41-13-2261018.jpg\",\"datePublished\":\"2026-01-19T10:39:00+00:00\",\"author\":{\"@id\":\"https:\/\/portaltela.pt\/#\/schema\/person\/c4278d4a6028830caff9ee44b42d32ed\"},\"breadcrumb\":{\"@id\":\"https:\/\/portaltela.pt\/noticias\/2026\/01\/19\/cinco-candidatos-recebem-subvencao-seis-nao-contam-com-apoio-estatal\/#breadcrumb\"},\"inLanguage\":\"pt-PT\",\"potentialAction\":[{\"@type\":\"ReadAction\",\"target\":[\"https:\/\/portaltela.pt\/noticias\/2026\/01\/19\/cinco-candidatos-recebem-subvencao-seis-nao-contam-com-apoio-estatal\/\"]}]},{\"@type\":\"ImageObject\",\"inLanguage\":\"pt-PT\",\"@id\":\"https:\/\/portaltela.pt\/noticias\/2026\/01\/19\/cinco-candidatos-recebem-subvencao-seis-nao-contam-com-apoio-estatal\/#primaryimage\",\"url\":\"https:\/\/portaltela.pt\/s.01k8rhncp4jt1\/2026\/01\/img_1500x1000uu2026-01-18-14-41-13-2261018.jpg\",\"contentUrl\":\"https:\/\/portaltela.pt\/s.01k8rhncp4jt1\/2026\/01\/img_1500x1000uu2026-01-18-14-41-13-2261018.jpg\",\"width\":796,\"height\":448,\"caption\":\"Primeira volta das elei\u00e7\u00f5es presidenciais decorreram no domingo\"},{\"@type\":\"BreadcrumbList\",\"@id\":\"https:\/\/portaltela.pt\/noticias\/2026\/01\/19\/cinco-candidatos-recebem-subvencao-seis-nao-contam-com-apoio-estatal\/#breadcrumb\",\"itemListElement\":[{\"@type\":\"ListItem\",\"position\":1,\"name\":\"In\u00edcio\",\"item\":\"https:\/\/portaltela.pt\/\"},{\"@type\":\"ListItem\",\"position\":2,\"name\":\"Cinco candidatos recebem subven\u00e7\u00e3o; seis n\u00e3o contam com apoio estatal\"}]},{\"@type\":\"WebSite\",\"@id\":\"https:\/\/portaltela.pt\/#website\",\"url\":\"https:\/\/portaltela.pt\/\",\"name\":\"Portal Tela Portugal\",\"description\":\"\",\"potentialAction\":[{\"@type\":\"SearchAction\",\"target\":{\"@type\":\"EntryPoint\",\"urlTemplate\":\"https:\/\/portaltela.pt\/?s={search_term_string}\"},\"query-input\":{\"@type\":\"PropertyValueSpecification\",\"valueRequired\":true,\"valueName\":\"search_term_string\"}}],\"inLanguage\":\"pt-PT\"},{\"@type\":\"Person\",\"@id\":\"https:\/\/portaltela.pt\/#\/schema\/person\/c4278d4a6028830caff9ee44b42d32ed\",\"name\":\"Telinha\",\"image\":{\"@type\":\"ImageObject\",\"inLanguage\":\"pt-PT\",\"@id\":\"https:\/\/portaltela.pt\/s.01k8rhncp4jt1\/2025\/11\/talking-bot-125x125.png\",\"url\":\"https:\/\/portaltela.pt\/s.01k8rhncp4jt1\/2025\/11\/talking-bot-125x125.png\",\"contentUrl\":\"https:\/\/portaltela.pt\/s.01k8rhncp4jt1\/2025\/11\/talking-bot-125x125.png\",\"caption\":\"Telinha\"},\"sameAs\":[\"https:\/\/portaltela.pt\/\"],\"url\":\"https:\/\/portaltela.pt\/por\/367410592786\/\"}]}<\/script>\n<!-- \/ Yoast SEO plugin. -->","yoast_head_json":{"title":"Cinco candidatos recebem subven\u00e7\u00e3o; seis n\u00e3o contam com apoio estatal - Portal Tela Portugal","robots":{"index":"index","follow":"follow","max-snippet":"max-snippet:-1","max-image-preview":"max-image-preview:large","max-video-preview":"max-video-preview:-1"},"og_locale":"pt_PT","og_type":"article","og_title":"Cinco candidatos recebem subven\u00e7\u00e3o; seis n\u00e3o contam com apoio estatal - Portal Tela Portugal","og_description":"Cinco dos onze candidatos que se apresentaram \u00e0s elei\u00e7\u00f5es presidenciais v\u00e3o receber subven\u00e7\u00e3o estatal, enquanto os outros seis ficam sem apoio. O montante total da subven\u00e7\u00e3o \u00e9 de 4,18 milh\u00f5es de euros, calculado com base no Indexante dos Apoios Sociais (IAS). 20 por cento do total \u00e9 repartido entre os candidatos com pelo menos 5 por cento dos votos, e os 80 por cento restantes s\u00e3o distribu\u00eddos na propor\u00e7\u00e3o dos votos v\u00e1lidos. Recebem subven\u00e7\u00e3o: Ant\u00f3nio Jos\u00e9 Seguro (31%), Andr\u00e9 Ventura (23%), Jo\u00e3o Cotrim Figueiredo (16%), Henrique Gouveia e Melo (12%), Marques Mendes (11%). N\u00e3o recebem: Catarina Martins, Ant\u00f3nio Filipe, Jorge Pinto, Manuel Jo\u00e3o Vieira, Andr\u00e9 Pestana e Humberto Correia, todos com menos de 5 por cento. A segunda volta ocorre a 8 de fevereiro entre Seguro e Ventura.","og_url":"https:\/\/portaltela.pt\/noticias\/2026\/01\/19\/cinco-candidatos-recebem-subvencao-seis-nao-contam-com-apoio-estatal\/","og_site_name":"Portal Tela Portugal","article_published_time":"2026-01-19T10:39:00+00:00","author":"Telinha","twitter_card":"summary_large_image","twitter_misc":{"Escrito por":"Telinha","Tempo estimado de leitura":"1 minuto"},"schema":{"@context":"https:\/\/schema.org","@graph":[{"@type":"Article","@id":"https:\/\/portaltela.pt\/noticias\/2026\/01\/19\/cinco-candidatos-recebem-subvencao-seis-nao-contam-com-apoio-estatal\/#article","isPartOf":{"@id":"https:\/\/portaltela.pt\/noticias\/2026\/01\/19\/cinco-candidatos-recebem-subvencao-seis-nao-contam-com-apoio-estatal\/"},"author":{"name":"Telinha","@id":"https:\/\/portaltela.pt\/#\/schema\/person\/c4278d4a6028830caff9ee44b42d32ed"},"headline":"Cinco candidatos recebem subven\u00e7\u00e3o; seis n\u00e3o contam com apoio estatal","datePublished":"2026-01-19T10:39:00+00:00","mainEntityOfPage":{"@id":"https:\/\/portaltela.pt\/noticias\/2026\/01\/19\/cinco-candidatos-recebem-subvencao-seis-nao-contam-com-apoio-estatal\/"},"wordCount":261,"image":{"@id":"https:\/\/portaltela.pt\/noticias\/2026\/01\/19\/cinco-candidatos-recebem-subvencao-seis-nao-contam-com-apoio-estatal\/#primaryimage"},"thumbnailUrl":"https:\/\/portaltela.pt\/s.01k8rhncp4jt1\/2026\/01\/img_1500x1000uu2026-01-18-14-41-13-2261018.jpg","keywords":["Andr\u00e9 Ventura","Ant\u00f3nio Jos\u00e9 Seguro","elei\u00e7\u00f5es","financiamento de campanhas","Henrique Gouveia e Melo","Marques Mendes"],"articleSection":["Not\u00edcias","Pol\u00edtica"],"inLanguage":"pt-PT"},{"@type":"WebPage","@id":"https:\/\/portaltela.pt\/noticias\/2026\/01\/19\/cinco-candidatos-recebem-subvencao-seis-nao-contam-com-apoio-estatal\/","url":"https:\/\/portaltela.pt\/noticias\/2026\/01\/19\/cinco-candidatos-recebem-subvencao-seis-nao-contam-com-apoio-estatal\/","name":"Cinco candidatos recebem subven\u00e7\u00e3o; seis n\u00e3o contam com apoio estatal - Portal Tela Portugal","isPartOf":{"@id":"https:\/\/portaltela.pt\/#website"},"primaryImageOfPage":{"@id":"https:\/\/portaltela.pt\/noticias\/2026\/01\/19\/cinco-candidatos-recebem-subvencao-seis-nao-contam-com-apoio-estatal\/#primaryimage"},"image":{"@id":"https:\/\/portaltela.pt\/noticias\/2026\/01\/19\/cinco-candidatos-recebem-subvencao-seis-nao-contam-com-apoio-estatal\/#primaryimage"},"thumbnailUrl":"https:\/\/portaltela.pt\/s.01k8rhncp4jt1\/2026\/01\/img_1500x1000uu2026-01-18-14-41-13-2261018.jpg","datePublished":"2026-01-19T10:39:00+00:00","author":{"@id":"https:\/\/portaltela.pt\/#\/schema\/person\/c4278d4a6028830caff9ee44b42d32ed"},"breadcrumb":{"@id":"https:\/\/portaltela.pt\/noticias\/2026\/01\/19\/cinco-candidatos-recebem-subvencao-seis-nao-contam-com-apoio-estatal\/#breadcrumb"},"inLanguage":"pt-PT","potentialAction":[{"@type":"ReadAction","target":["https:\/\/portaltela.pt\/noticias\/2026\/01\/19\/cinco-candidatos-recebem-subvencao-seis-nao-contam-com-apoio-estatal\/"]}]},{"@type":"ImageObject","inLanguage":"pt-PT","@id":"https:\/\/portaltela.pt\/noticias\/2026\/01\/19\/cinco-candidatos-recebem-subvencao-seis-nao-contam-com-apoio-estatal\/#primaryimage","url":"https:\/\/portaltela.pt\/s.01k8rhncp4jt1\/2026\/01\/img_1500x1000uu2026-01-18-14-41-13-2261018.jpg","contentUrl":"https:\/\/portaltela.pt\/s.01k8rhncp4jt1\/2026\/01\/img_1500x1000uu2026-01-18-14-41-13-2261018.jpg","width":796,"height":448,"caption":"Primeira volta das elei\u00e7\u00f5es presidenciais decorreram no domingo"},{"@type":"BreadcrumbList","@id":"https:\/\/portaltela.pt\/noticias\/2026\/01\/19\/cinco-candidatos-recebem-subvencao-seis-nao-contam-com-apoio-estatal\/#breadcrumb","itemListElement":[{"@type":"ListItem","position":1,"name":"In\u00edcio","item":"https:\/\/portaltela.pt\/"},{"@type":"ListItem","position":2,"name":"Cinco candidatos recebem subven\u00e7\u00e3o; seis n\u00e3o contam com apoio estatal"}]},{"@type":"WebSite","@id":"https:\/\/portaltela.pt\/#website","url":"https:\/\/portaltela.pt\/","name":"Portal Tela Portugal","description":"","potentialAction":[{"@type":"SearchAction","target":{"@type":"EntryPoint","urlTemplate":"https:\/\/portaltela.pt\/?s={search_term_string}"},"query-input":{"@type":"PropertyValueSpecification","valueRequired":true,"valueName":"search_term_string"}}],"inLanguage":"pt-PT"},{"@type":"Person","@id":"https:\/\/portaltela.pt\/#\/schema\/person\/c4278d4a6028830caff9ee44b42d32ed","name":"Telinha","image":{"@type":"ImageObject","inLanguage":"pt-PT","@id":"https:\/\/portaltela.pt\/s.01k8rhncp4jt1\/2025\/11\/talking-bot-125x125.png","url":"https:\/\/portaltela.pt\/s.01k8rhncp4jt1\/2025\/11\/talking-bot-125x125.png","contentUrl":"https:\/\/portaltela.pt\/s.01k8rhncp4jt1\/2025\/11\/talking-bot-125x125.png","caption":"Telinha"},"sameAs":["https:\/\/portaltela.pt\/"],"url":"https:\/\/portaltela.pt\/por\/367410592786\/"}]}},"_links":{"self":[{"href":"https:\/\/portaltela.pt\/api\/wp\/v2\/posts\/152470","targetHints":{"allow":["GET"]}}],"collection":[{"href":"https:\/\/portaltela.pt\/api\/wp\/v2\/posts"}],"about":[{"href":"https:\/\/portaltela.pt\/api\/wp\/v2\/types\/post"}],"author":[{"embeddable":true,"href":"https:\/\/portaltela.pt\/api\/wp\/v2\/users\/2"}],"replies":[{"embeddable":true,"href":"https:\/\/portaltela.pt\/api\/wp\/v2\/comments?post=152470"}],"version-history":[{"count":0,"href":"https:\/\/portaltela.pt\/api\/wp\/v2\/posts\/152470\/revisions"}],"wp:featuredmedia":[{"embeddable":true,"href":"https:\/\/portaltela.pt\/api\/wp\/v2\/media\/152482"}],"wp:attachment":[{"href":"https:\/\/portaltela.pt\/api\/wp\/v2\/media?parent=152470"}],"wp:term":[{"taxonomy":"category","embeddable":true,"href":"https:\/\/portaltela.pt\/api\/wp\/v2\/categories?post=152470"},{"taxonomy":"post_tag","embeddable":true,"href":"https:\/\/portaltela.pt\/api\/wp\/v2\/tags?post=152470"}],"curies":[{"name":"wp","href":"https:\/\/api.w.org\/{rel}","templated":true}]}}