{"id":152469,"date":"2026-01-19T07:43:34","date_gmt":"2026-01-19T10:43:34","guid":{"rendered":"https:\/\/portaltela.pt\/noticias\/2026\/01\/19\/bombeiros-de-satao-protestam-contra-silencio-do-comandante\/"},"modified":"2026-01-19T07:43:34","modified_gmt":"2026-01-19T10:43:34","slug":"bombeiros-de-satao-protestam-contra-silencio-do-comandante","status":"publish","type":"post","link":"https:\/\/portaltela.pt\/noticias\/2026\/01\/19\/bombeiros-de-satao-protestam-contra-silencio-do-comandante\/","title":{"rendered":"Bombeiros de S\u00e1t\u00e3o protestam contra sil\u00eancio do comandante"},"content":{"rendered":"<p>No dia 19 de janeiro de 2026, \u00e0s 10:43, surgiram reportes de que os Bombeiros de S\u00e1t\u00e3o vivem um clima de inquieta\u00e7\u00e3o devido ao sil\u00eancio do comandante sobre um caso de ass\u00e9dio sexual. O epis\u00f3dio envolve o segundo comandante da corpora\u00e7\u00e3o e uma funcion\u00e1ria da limpeza, segundo informa\u00e7\u00f5es recolhidas pela reda\u00e7\u00e3o.<\/p>\n<p>A not\u00edcia indica que a situa\u00e7\u00e3o abalou a integridade da institui\u00e7\u00e3o e gerou descontentamento entre os elementos da corpora\u00e7\u00e3o. O incidente est\u00e1 a ser investigado internamente, com esfor\u00e7os para esclarecer a sequ\u00eancia de acontecimentos e as responsabilidades relevantes.<\/p>\n<p>At\u00e9 ao momento, n\u00e3o foram divulgados detalhes adicionais sobre a motiva\u00e7\u00e3o do sil\u00eancio ou sobre as etapas do procedimento disciplinar. A comunica\u00e7\u00e3o oficial da corpora\u00e7\u00e3o tem sido restrita, mantendo a privacidade de pessoas envolvidas e a necessidade de due process.<\/p>\n<p>O caso acrescenta uma camada de tens\u00e3o interna \u00e0 estrutura dos bombeiros, que j\u00e1 enfrentava desafios de gest\u00e3o institucional. N\u00e3o h\u00e1, at\u00e9 agora, declara\u00e7\u00f5es p\u00fablicas que apontem para conclus\u00f5es ou puni\u00e7\u00f5es espec\u00edficas. O tema continua sob investiga\u00e7\u00e3o interna.<\/p>\n","protected":false},"excerpt":{"rendered":"<ul>\n<li>Bombeiros de S\u00e1t\u00e3o protestam contra o sil\u00eancio do comandante sobre um alegado caso de ass\u00e9dio sexual envolvendo o segundo comandante e uma funcion\u00e1ria da limpeza.<\/li>\n<li>O caso abalou os elementos da corpora\u00e7\u00e3o.<\/li>\n<li>A not\u00edcia tem a data de 19 de janeiro de 2026 \u00e0s 10:43.<\/li>\n<li>N\u00e3o s\u00e3o fornecidos detalhes adicionais sobre investiga\u00e7\u00f5es ou respostas oficiais.<\/li>\n<\/ul>\n","protected":false},"author":2,"featured_media":152474,"comment_status":"closed","ping_status":"closed","sticky":false,"template":"","format":"standard","meta":{"footnotes":""},"categories":[],"tags":[3200,971,2415,215,1801],"class_list":["post-152469","post","type-post","status-publish","format-standard","has-post-thumbnail","hentry","tag-assedio","tag-bombeiros","tag-gestao","tag-investigacao","tag-satao"],"yoast_head":"<!-- This site is optimized with the Yoast SEO plugin v27.2 - https:\/\/yoast.com\/product\/yoast-seo-wordpress\/ -->\n<title>Bombeiros de S\u00e1t\u00e3o protestam contra sil\u00eancio do comandante - Portal Tela Portugal<\/title>\n<meta name=\"robots\" content=\"index, follow, max-snippet:-1, max-image-preview:large, max-video-preview:-1\" \/>\n<meta property=\"og:locale\" content=\"pt_PT\" \/>\n<meta property=\"og:type\" content=\"article\" \/>\n<meta property=\"og:title\" content=\"Bombeiros de S\u00e1t\u00e3o protestam contra sil\u00eancio do comandante - Portal Tela Portugal\" \/>\n<meta property=\"og:description\" content=\"Bombeiros de S\u00e1t\u00e3o protestam contra o sil\u00eancio do comandante sobre um alegado caso de ass\u00e9dio sexual envolvendo o segundo comandante e uma funcion\u00e1ria da limpeza. O caso abalou os elementos da corpora\u00e7\u00e3o. A not\u00edcia tem a data de 19 de janeiro de 2026 \u00e0s 10:43. N\u00e3o s\u00e3o fornecidos detalhes adicionais sobre investiga\u00e7\u00f5es ou respostas oficiais.\" \/>\n<meta property=\"og:url\" content=\"https:\/\/portaltela.pt\/noticias\/2026\/01\/19\/bombeiros-de-satao-protestam-contra-silencio-do-comandante\/\" \/>\n<meta property=\"og:site_name\" content=\"Portal Tela Portugal\" \/>\n<meta property=\"article:published_time\" content=\"2026-01-19T10:43:34+00:00\" \/>\n<meta name=\"author\" content=\"Telinha\" \/>\n<meta name=\"twitter:card\" content=\"summary_large_image\" \/>\n<meta name=\"twitter:label1\" content=\"Escrito por\" \/>\n\t<meta name=\"twitter:data1\" content=\"Telinha\" \/>\n\t<meta name=\"twitter:label2\" content=\"Tempo estimado de leitura\" \/>\n\t<meta name=\"twitter:data2\" content=\"1 minuto\" \/>\n<script type=\"application\/ld+json\" class=\"yoast-schema-graph\">{\"@context\":\"https:\/\/schema.org\",\"@graph\":[{\"@type\":\"Article\",\"@id\":\"https:\/\/portaltela.pt\/noticias\/2026\/01\/19\/bombeiros-de-satao-protestam-contra-silencio-do-comandante\/#article\",\"isPartOf\":{\"@id\":\"https:\/\/portaltela.pt\/noticias\/2026\/01\/19\/bombeiros-de-satao-protestam-contra-silencio-do-comandante\/\"},\"author\":{\"name\":\"Telinha\",\"@id\":\"https:\/\/portaltela.pt\/#\/schema\/person\/c4278d4a6028830caff9ee44b42d32ed\"},\"headline\":\"Bombeiros de S\u00e1t\u00e3o protestam contra sil\u00eancio do comandante\",\"datePublished\":\"2026-01-19T10:43:34+00:00\",\"mainEntityOfPage\":{\"@id\":\"https:\/\/portaltela.pt\/noticias\/2026\/01\/19\/bombeiros-de-satao-protestam-contra-silencio-do-comandante\/\"},\"wordCount\":204,\"image\":{\"@id\":\"https:\/\/portaltela.pt\/noticias\/2026\/01\/19\/bombeiros-de-satao-protestam-contra-silencio-do-comandante\/#primaryimage\"},\"thumbnailUrl\":\"https:\/\/portaltela.pt\/s.01k8rhncp4jt1\/2026\/01\/img_1280x722uu2023-04-14-10-34-26-1324380.jpg\",\"keywords\":[\"ass\u00e9dio\",\"bombeiros\",\"gest\u00e3o\",\"investiga\u00e7\u00e3o\",\"S\u00e1t\u00e3o\"],\"inLanguage\":\"pt-PT\"},{\"@type\":\"WebPage\",\"@id\":\"https:\/\/portaltela.pt\/noticias\/2026\/01\/19\/bombeiros-de-satao-protestam-contra-silencio-do-comandante\/\",\"url\":\"https:\/\/portaltela.pt\/noticias\/2026\/01\/19\/bombeiros-de-satao-protestam-contra-silencio-do-comandante\/\",\"name\":\"Bombeiros de S\u00e1t\u00e3o protestam contra sil\u00eancio do comandante - Portal Tela Portugal\",\"isPartOf\":{\"@id\":\"https:\/\/portaltela.pt\/#website\"},\"primaryImageOfPage\":{\"@id\":\"https:\/\/portaltela.pt\/noticias\/2026\/01\/19\/bombeiros-de-satao-protestam-contra-silencio-do-comandante\/#primaryimage\"},\"image\":{\"@id\":\"https:\/\/portaltela.pt\/noticias\/2026\/01\/19\/bombeiros-de-satao-protestam-contra-silencio-do-comandante\/#primaryimage\"},\"thumbnailUrl\":\"https:\/\/portaltela.pt\/s.01k8rhncp4jt1\/2026\/01\/img_1280x722uu2023-04-14-10-34-26-1324380.jpg\",\"datePublished\":\"2026-01-19T10:43:34+00:00\",\"author\":{\"@id\":\"https:\/\/portaltela.pt\/#\/schema\/person\/c4278d4a6028830caff9ee44b42d32ed\"},\"breadcrumb\":{\"@id\":\"https:\/\/portaltela.pt\/noticias\/2026\/01\/19\/bombeiros-de-satao-protestam-contra-silencio-do-comandante\/#breadcrumb\"},\"inLanguage\":\"pt-PT\",\"potentialAction\":[{\"@type\":\"ReadAction\",\"target\":[\"https:\/\/portaltela.pt\/noticias\/2026\/01\/19\/bombeiros-de-satao-protestam-contra-silencio-do-comandante\/\"]}]},{\"@type\":\"ImageObject\",\"inLanguage\":\"pt-PT\",\"@id\":\"https:\/\/portaltela.pt\/noticias\/2026\/01\/19\/bombeiros-de-satao-protestam-contra-silencio-do-comandante\/#primaryimage\",\"url\":\"https:\/\/portaltela.pt\/s.01k8rhncp4jt1\/2026\/01\/img_1280x722uu2023-04-14-10-34-26-1324380.jpg\",\"contentUrl\":\"https:\/\/portaltela.pt\/s.01k8rhncp4jt1\/2026\/01\/img_1280x722uu2023-04-14-10-34-26-1324380.jpg\",\"width\":796,\"height\":448,\"caption\":\"Photo\"},{\"@type\":\"BreadcrumbList\",\"@id\":\"https:\/\/portaltela.pt\/noticias\/2026\/01\/19\/bombeiros-de-satao-protestam-contra-silencio-do-comandante\/#breadcrumb\",\"itemListElement\":[{\"@type\":\"ListItem\",\"position\":1,\"name\":\"In\u00edcio\",\"item\":\"https:\/\/portaltela.pt\/\"},{\"@type\":\"ListItem\",\"position\":2,\"name\":\"Bombeiros de S\u00e1t\u00e3o protestam contra sil\u00eancio do comandante\"}]},{\"@type\":\"WebSite\",\"@id\":\"https:\/\/portaltela.pt\/#website\",\"url\":\"https:\/\/portaltela.pt\/\",\"name\":\"Portal Tela Portugal\",\"description\":\"\",\"potentialAction\":[{\"@type\":\"SearchAction\",\"target\":{\"@type\":\"EntryPoint\",\"urlTemplate\":\"https:\/\/portaltela.pt\/?s={search_term_string}\"},\"query-input\":{\"@type\":\"PropertyValueSpecification\",\"valueRequired\":true,\"valueName\":\"search_term_string\"}}],\"inLanguage\":\"pt-PT\"},{\"@type\":\"Person\",\"@id\":\"https:\/\/portaltela.pt\/#\/schema\/person\/c4278d4a6028830caff9ee44b42d32ed\",\"name\":\"Telinha\",\"image\":{\"@type\":\"ImageObject\",\"inLanguage\":\"pt-PT\",\"@id\":\"https:\/\/portaltela.pt\/s.01k8rhncp4jt1\/2025\/11\/talking-bot-125x125.png\",\"url\":\"https:\/\/portaltela.pt\/s.01k8rhncp4jt1\/2025\/11\/talking-bot-125x125.png\",\"contentUrl\":\"https:\/\/portaltela.pt\/s.01k8rhncp4jt1\/2025\/11\/talking-bot-125x125.png\",\"caption\":\"Telinha\"},\"sameAs\":[\"https:\/\/portaltela.pt\/\"],\"url\":\"https:\/\/portaltela.pt\/por\/367410592786\/\"}]}<\/script>\n<!-- \/ Yoast SEO plugin. -->","yoast_head_json":{"title":"Bombeiros de S\u00e1t\u00e3o protestam contra sil\u00eancio do comandante - Portal Tela Portugal","robots":{"index":"index","follow":"follow","max-snippet":"max-snippet:-1","max-image-preview":"max-image-preview:large","max-video-preview":"max-video-preview:-1"},"og_locale":"pt_PT","og_type":"article","og_title":"Bombeiros de S\u00e1t\u00e3o protestam contra sil\u00eancio do comandante - Portal Tela Portugal","og_description":"Bombeiros de S\u00e1t\u00e3o protestam contra o sil\u00eancio do comandante sobre um alegado caso de ass\u00e9dio sexual envolvendo o segundo comandante e uma funcion\u00e1ria da limpeza. O caso abalou os elementos da corpora\u00e7\u00e3o. A not\u00edcia tem a data de 19 de janeiro de 2026 \u00e0s 10:43. N\u00e3o s\u00e3o fornecidos detalhes adicionais sobre investiga\u00e7\u00f5es ou respostas oficiais.","og_url":"https:\/\/portaltela.pt\/noticias\/2026\/01\/19\/bombeiros-de-satao-protestam-contra-silencio-do-comandante\/","og_site_name":"Portal Tela Portugal","article_published_time":"2026-01-19T10:43:34+00:00","author":"Telinha","twitter_card":"summary_large_image","twitter_misc":{"Escrito por":"Telinha","Tempo estimado de leitura":"1 minuto"},"schema":{"@context":"https:\/\/schema.org","@graph":[{"@type":"Article","@id":"https:\/\/portaltela.pt\/noticias\/2026\/01\/19\/bombeiros-de-satao-protestam-contra-silencio-do-comandante\/#article","isPartOf":{"@id":"https:\/\/portaltela.pt\/noticias\/2026\/01\/19\/bombeiros-de-satao-protestam-contra-silencio-do-comandante\/"},"author":{"name":"Telinha","@id":"https:\/\/portaltela.pt\/#\/schema\/person\/c4278d4a6028830caff9ee44b42d32ed"},"headline":"Bombeiros de S\u00e1t\u00e3o protestam contra sil\u00eancio do comandante","datePublished":"2026-01-19T10:43:34+00:00","mainEntityOfPage":{"@id":"https:\/\/portaltela.pt\/noticias\/2026\/01\/19\/bombeiros-de-satao-protestam-contra-silencio-do-comandante\/"},"wordCount":204,"image":{"@id":"https:\/\/portaltela.pt\/noticias\/2026\/01\/19\/bombeiros-de-satao-protestam-contra-silencio-do-comandante\/#primaryimage"},"thumbnailUrl":"https:\/\/portaltela.pt\/s.01k8rhncp4jt1\/2026\/01\/img_1280x722uu2023-04-14-10-34-26-1324380.jpg","keywords":["ass\u00e9dio","bombeiros","gest\u00e3o","investiga\u00e7\u00e3o","S\u00e1t\u00e3o"],"inLanguage":"pt-PT"},{"@type":"WebPage","@id":"https:\/\/portaltela.pt\/noticias\/2026\/01\/19\/bombeiros-de-satao-protestam-contra-silencio-do-comandante\/","url":"https:\/\/portaltela.pt\/noticias\/2026\/01\/19\/bombeiros-de-satao-protestam-contra-silencio-do-comandante\/","name":"Bombeiros de S\u00e1t\u00e3o protestam contra sil\u00eancio do comandante - Portal Tela Portugal","isPartOf":{"@id":"https:\/\/portaltela.pt\/#website"},"primaryImageOfPage":{"@id":"https:\/\/portaltela.pt\/noticias\/2026\/01\/19\/bombeiros-de-satao-protestam-contra-silencio-do-comandante\/#primaryimage"},"image":{"@id":"https:\/\/portaltela.pt\/noticias\/2026\/01\/19\/bombeiros-de-satao-protestam-contra-silencio-do-comandante\/#primaryimage"},"thumbnailUrl":"https:\/\/portaltela.pt\/s.01k8rhncp4jt1\/2026\/01\/img_1280x722uu2023-04-14-10-34-26-1324380.jpg","datePublished":"2026-01-19T10:43:34+00:00","author":{"@id":"https:\/\/portaltela.pt\/#\/schema\/person\/c4278d4a6028830caff9ee44b42d32ed"},"breadcrumb":{"@id":"https:\/\/portaltela.pt\/noticias\/2026\/01\/19\/bombeiros-de-satao-protestam-contra-silencio-do-comandante\/#breadcrumb"},"inLanguage":"pt-PT","potentialAction":[{"@type":"ReadAction","target":["https:\/\/portaltela.pt\/noticias\/2026\/01\/19\/bombeiros-de-satao-protestam-contra-silencio-do-comandante\/"]}]},{"@type":"ImageObject","inLanguage":"pt-PT","@id":"https:\/\/portaltela.pt\/noticias\/2026\/01\/19\/bombeiros-de-satao-protestam-contra-silencio-do-comandante\/#primaryimage","url":"https:\/\/portaltela.pt\/s.01k8rhncp4jt1\/2026\/01\/img_1280x722uu2023-04-14-10-34-26-1324380.jpg","contentUrl":"https:\/\/portaltela.pt\/s.01k8rhncp4jt1\/2026\/01\/img_1280x722uu2023-04-14-10-34-26-1324380.jpg","width":796,"height":448,"caption":"Photo"},{"@type":"BreadcrumbList","@id":"https:\/\/portaltela.pt\/noticias\/2026\/01\/19\/bombeiros-de-satao-protestam-contra-silencio-do-comandante\/#breadcrumb","itemListElement":[{"@type":"ListItem","position":1,"name":"In\u00edcio","item":"https:\/\/portaltela.pt\/"},{"@type":"ListItem","position":2,"name":"Bombeiros de S\u00e1t\u00e3o protestam contra sil\u00eancio do comandante"}]},{"@type":"WebSite","@id":"https:\/\/portaltela.pt\/#website","url":"https:\/\/portaltela.pt\/","name":"Portal Tela Portugal","description":"","potentialAction":[{"@type":"SearchAction","target":{"@type":"EntryPoint","urlTemplate":"https:\/\/portaltela.pt\/?s={search_term_string}"},"query-input":{"@type":"PropertyValueSpecification","valueRequired":true,"valueName":"search_term_string"}}],"inLanguage":"pt-PT"},{"@type":"Person","@id":"https:\/\/portaltela.pt\/#\/schema\/person\/c4278d4a6028830caff9ee44b42d32ed","name":"Telinha","image":{"@type":"ImageObject","inLanguage":"pt-PT","@id":"https:\/\/portaltela.pt\/s.01k8rhncp4jt1\/2025\/11\/talking-bot-125x125.png","url":"https:\/\/portaltela.pt\/s.01k8rhncp4jt1\/2025\/11\/talking-bot-125x125.png","contentUrl":"https:\/\/portaltela.pt\/s.01k8rhncp4jt1\/2025\/11\/talking-bot-125x125.png","caption":"Telinha"},"sameAs":["https:\/\/portaltela.pt\/"],"url":"https:\/\/portaltela.pt\/por\/367410592786\/"}]}},"_links":{"self":[{"href":"https:\/\/portaltela.pt\/api\/wp\/v2\/posts\/152469","targetHints":{"allow":["GET"]}}],"collection":[{"href":"https:\/\/portaltela.pt\/api\/wp\/v2\/posts"}],"about":[{"href":"https:\/\/portaltela.pt\/api\/wp\/v2\/types\/post"}],"author":[{"embeddable":true,"href":"https:\/\/portaltela.pt\/api\/wp\/v2\/users\/2"}],"replies":[{"embeddable":true,"href":"https:\/\/portaltela.pt\/api\/wp\/v2\/comments?post=152469"}],"version-history":[{"count":0,"href":"https:\/\/portaltela.pt\/api\/wp\/v2\/posts\/152469\/revisions"}],"wp:featuredmedia":[{"embeddable":true,"href":"https:\/\/portaltela.pt\/api\/wp\/v2\/media\/152474"}],"wp:attachment":[{"href":"https:\/\/portaltela.pt\/api\/wp\/v2\/media?parent=152469"}],"wp:term":[{"taxonomy":"category","embeddable":true,"href":"https:\/\/portaltela.pt\/api\/wp\/v2\/categories?post=152469"},{"taxonomy":"post_tag","embeddable":true,"href":"https:\/\/portaltela.pt\/api\/wp\/v2\/tags?post=152469"}],"curies":[{"name":"wp","href":"https:\/\/api.w.org\/{rel}","templated":true}]}}