{"id":152438,"date":"2026-01-19T07:16:19","date_gmt":"2026-01-19T10:16:19","guid":{"rendered":"https:\/\/portaltela.pt\/noticias\/2026\/01\/19\/aluna-da-escola-basica-de-fonte-boa-recebe-mencao-honrosa-em-concurso-de-desenho-internacional\/"},"modified":"2026-01-19T07:16:19","modified_gmt":"2026-01-19T10:16:19","slug":"aluna-da-escola-basica-de-fonte-boa-recebe-mencao-honrosa-em-concurso-de-desenho-internacional","status":"publish","type":"post","link":"https:\/\/portaltela.pt\/noticias\/2026\/01\/19\/aluna-da-escola-basica-de-fonte-boa-recebe-mencao-honrosa-em-concurso-de-desenho-internacional\/","title":{"rendered":"Aluna da Escola B\u00e1sica de Fonte Boa recebe Men\u00e7\u00e3o Honrosa em concurso de desenho internacional"},"content":{"rendered":"<p>A aluna Matilde Carvalho Vale, de 10 anos, frequentadora do 4.\u00ba ano da Escola B\u00e1sica de Fonte Boa, em Esposende, foi distinguida com uma Men\u00e7\u00e3o Honrosa no Concurso de Desenho Infantil MOA Internacional. O trabalho \u00e9 intitulado Colorir a Vida e foi desenvolvido no \u00e2mbito do ano letivo 2024\/2025, sob orienta\u00e7\u00e3o da professora Margarida Maria Furtado Ferreira.<\/p>\n<p>O pr\u00e9mio ser\u00e1 entregue numa cerim\u00f3nia oficial do concurso da MOA de Esposende, ainda neste ano letivo. O desenho premiado ficar\u00e1 exposto no Museu de Arte MOA, em Atami, Jap\u00e3o, por dois anos, permitindo a sua frui\u00e7\u00e3o pela comunidade.<\/p>\n<p>A aluna explicou que a pe\u00e7a procura valorizar as coisas simples do quotidiano, destacando que ser inteligente \u00e9 manter o foco nas pequenas a\u00e7\u00f5es di\u00e1rias, como observar uma flor. A C\u00e2mara Municipal de Esposende felicita a aluna, a professora e a comunidade educativa.<\/p>\n<h3>A obra premiada<\/h3>\n<p>O j\u00fari reconheceu a criatividade, sensibilidade e m\u00e9rito pedag\u00f3gico da obra, desenvolvida sob orienta\u00e7\u00e3o da professora. O reconhecimento chega como prova do potencial art\u00edstico existente na escola.<\/p>\n<h3>Reconhecimento institucional<\/h3>\n<p>A autarquia real\u00e7a o papel da Escola B\u00e1sica de Fonte Boa na forma\u00e7\u00e3o de novos talentos e valoriza o contributo da comunidade educativa para o prest\u00edgio do concelho. O caso refor\u00e7a o equil\u00edbrio entre ensino e express\u00e3o art\u00edstica local.<\/p>\n","protected":false},"excerpt":{"rendered":"<ul>\n<li>A aluna Matilde Carvalho Vale, de 10 anos, do 4.\u00ba ano da Escola B\u00e1sica de Fonte Boa, Esposende, recebeu uma Men\u00e7\u00e3o Honrosa no Concurso MOA Internacional de Desenho Infantil.<\/li>\n<li>O trabalho premiado chama-se \u201cColorir a Vida\u201d e foi desenvolvido no ano letivo 2024\/2025, orientado pela professora Margarida Maria Furtado Ferreira.<\/li>\n<li>A distin\u00e7\u00e3o reconhece o talento, a criatividade e a sensibilidade art\u00edstica da aluna, bem como o trabalho pedag\u00f3gico da escola.<\/li>\n<li>O pr\u00e9mio ser\u00e1 entregue numa cerim\u00f3nia oficial do concurso em Esposende, ainda neste ano letivo; o desenho ficar\u00e1 exposto no Museu de Arte MOA, em Atami, Jap\u00e3o, por dois anos.<\/li>\n<li>Matilde explicou que a obra valoriza as coisas simples do quotidiano, afirmando que \u201cser inteligente \u00e9 ter foco nas pequenas coisas que fazemos todos os dias, como olhar para uma flor\u201d; a C\u00e2mara Municipal de Esposende felicitou toda a comunidade educativa.<\/li>\n<\/ul>\n","protected":false},"author":2,"featured_media":152450,"comment_status":"closed","ping_status":"closed","sticky":false,"template":"","format":"standard","meta":{"footnotes":""},"categories":[1],"tags":[70,164,2801,163,101,81],"class_list":["post-152438","post","type-post","status-publish","format-standard","has-post-thumbnail","hentry","category-noticias","tag-arte","tag-concurso","tag-desenho","tag-educacao","tag-escolas","tag-internacionais"],"yoast_head":"<!-- This site is optimized with the Yoast SEO plugin v27.2 - https:\/\/yoast.com\/product\/yoast-seo-wordpress\/ -->\n<title>Aluna da Escola B\u00e1sica de Fonte Boa recebe Men\u00e7\u00e3o Honrosa em concurso de desenho internacional - Portal Tela Portugal<\/title>\n<meta name=\"robots\" content=\"index, follow, max-snippet:-1, max-image-preview:large, max-video-preview:-1\" \/>\n<meta property=\"og:locale\" content=\"pt_PT\" \/>\n<meta property=\"og:type\" content=\"article\" \/>\n<meta property=\"og:title\" content=\"Aluna da Escola B\u00e1sica de Fonte Boa recebe Men\u00e7\u00e3o Honrosa em concurso de desenho internacional - Portal Tela Portugal\" \/>\n<meta property=\"og:description\" content=\"A aluna Matilde Carvalho Vale, de 10 anos, do 4.\u00ba ano da Escola B\u00e1sica de Fonte Boa, Esposende, recebeu uma Men\u00e7\u00e3o Honrosa no Concurso MOA Internacional de Desenho Infantil. O trabalho premiado chama-se \u201cColorir a Vida\u201d e foi desenvolvido no ano letivo 2024\/2025, orientado pela professora Margarida Maria Furtado Ferreira. A distin\u00e7\u00e3o reconhece o talento, a criatividade e a sensibilidade art\u00edstica da aluna, bem como o trabalho pedag\u00f3gico da escola. O pr\u00e9mio ser\u00e1 entregue numa cerim\u00f3nia oficial do concurso em Esposende, ainda neste ano letivo; o desenho ficar\u00e1 exposto no Museu de Arte MOA, em Atami, Jap\u00e3o, por dois anos. Matilde explicou que a obra valoriza as coisas simples do quotidiano, afirmando que \u201cser inteligente \u00e9 ter foco nas pequenas coisas que fazemos todos os dias, como olhar para uma flor\u201d; a C\u00e2mara Municipal de Esposende felicitou toda a comunidade educativa.\" \/>\n<meta property=\"og:url\" content=\"https:\/\/portaltela.pt\/noticias\/2026\/01\/19\/aluna-da-escola-basica-de-fonte-boa-recebe-mencao-honrosa-em-concurso-de-desenho-internacional\/\" \/>\n<meta property=\"og:site_name\" content=\"Portal Tela Portugal\" \/>\n<meta property=\"article:published_time\" content=\"2026-01-19T10:16:19+00:00\" \/>\n<meta name=\"author\" content=\"Telinha\" \/>\n<meta name=\"twitter:card\" content=\"summary_large_image\" \/>\n<meta name=\"twitter:label1\" content=\"Escrito por\" \/>\n\t<meta name=\"twitter:data1\" content=\"Telinha\" \/>\n\t<meta name=\"twitter:label2\" content=\"Tempo estimado de leitura\" \/>\n\t<meta name=\"twitter:data2\" content=\"1 minuto\" \/>\n<script type=\"application\/ld+json\" class=\"yoast-schema-graph\">{\"@context\":\"https:\/\/schema.org\",\"@graph\":[{\"@type\":\"Article\",\"@id\":\"https:\/\/portaltela.pt\/noticias\/2026\/01\/19\/aluna-da-escola-basica-de-fonte-boa-recebe-mencao-honrosa-em-concurso-de-desenho-internacional\/#article\",\"isPartOf\":{\"@id\":\"https:\/\/portaltela.pt\/noticias\/2026\/01\/19\/aluna-da-escola-basica-de-fonte-boa-recebe-mencao-honrosa-em-concurso-de-desenho-internacional\/\"},\"author\":{\"name\":\"Telinha\",\"@id\":\"https:\/\/portaltela.pt\/#\/schema\/person\/c4278d4a6028830caff9ee44b42d32ed\"},\"headline\":\"Aluna da Escola B\u00e1sica de Fonte Boa recebe Men\u00e7\u00e3o Honrosa em concurso de desenho internacional\",\"datePublished\":\"2026-01-19T10:16:19+00:00\",\"mainEntityOfPage\":{\"@id\":\"https:\/\/portaltela.pt\/noticias\/2026\/01\/19\/aluna-da-escola-basica-de-fonte-boa-recebe-mencao-honrosa-em-concurso-de-desenho-internacional\/\"},\"wordCount\":246,\"image\":{\"@id\":\"https:\/\/portaltela.pt\/noticias\/2026\/01\/19\/aluna-da-escola-basica-de-fonte-boa-recebe-mencao-honrosa-em-concurso-de-desenho-internacional\/#primaryimage\"},\"thumbnailUrl\":\"https:\/\/portaltela.pt\/s.01k8rhncp4jt1\/2026\/01\/1o-premio-Colorir-a-Vida-scaled-1.jpg\",\"keywords\":[\"arte\",\"concurso\",\"desenho\",\"educa\u00e7\u00e3o\",\"escolas\",\"internacionais\"],\"articleSection\":[\"Not\u00edcias\"],\"inLanguage\":\"pt-PT\"},{\"@type\":\"WebPage\",\"@id\":\"https:\/\/portaltela.pt\/noticias\/2026\/01\/19\/aluna-da-escola-basica-de-fonte-boa-recebe-mencao-honrosa-em-concurso-de-desenho-internacional\/\",\"url\":\"https:\/\/portaltela.pt\/noticias\/2026\/01\/19\/aluna-da-escola-basica-de-fonte-boa-recebe-mencao-honrosa-em-concurso-de-desenho-internacional\/\",\"name\":\"Aluna da Escola B\u00e1sica de Fonte Boa recebe Men\u00e7\u00e3o Honrosa em concurso de desenho internacional - Portal Tela Portugal\",\"isPartOf\":{\"@id\":\"https:\/\/portaltela.pt\/#website\"},\"primaryImageOfPage\":{\"@id\":\"https:\/\/portaltela.pt\/noticias\/2026\/01\/19\/aluna-da-escola-basica-de-fonte-boa-recebe-mencao-honrosa-em-concurso-de-desenho-internacional\/#primaryimage\"},\"image\":{\"@id\":\"https:\/\/portaltela.pt\/noticias\/2026\/01\/19\/aluna-da-escola-basica-de-fonte-boa-recebe-mencao-honrosa-em-concurso-de-desenho-internacional\/#primaryimage\"},\"thumbnailUrl\":\"https:\/\/portaltela.pt\/s.01k8rhncp4jt1\/2026\/01\/1o-premio-Colorir-a-Vida-scaled-1.jpg\",\"datePublished\":\"2026-01-19T10:16:19+00:00\",\"author\":{\"@id\":\"https:\/\/portaltela.pt\/#\/schema\/person\/c4278d4a6028830caff9ee44b42d32ed\"},\"breadcrumb\":{\"@id\":\"https:\/\/portaltela.pt\/noticias\/2026\/01\/19\/aluna-da-escola-basica-de-fonte-boa-recebe-mencao-honrosa-em-concurso-de-desenho-internacional\/#breadcrumb\"},\"inLanguage\":\"pt-PT\",\"potentialAction\":[{\"@type\":\"ReadAction\",\"target\":[\"https:\/\/portaltela.pt\/noticias\/2026\/01\/19\/aluna-da-escola-basica-de-fonte-boa-recebe-mencao-honrosa-em-concurso-de-desenho-internacional\/\"]}]},{\"@type\":\"ImageObject\",\"inLanguage\":\"pt-PT\",\"@id\":\"https:\/\/portaltela.pt\/noticias\/2026\/01\/19\/aluna-da-escola-basica-de-fonte-boa-recebe-mencao-honrosa-em-concurso-de-desenho-internacional\/#primaryimage\",\"url\":\"https:\/\/portaltela.pt\/s.01k8rhncp4jt1\/2026\/01\/1o-premio-Colorir-a-Vida-scaled-1.jpg\",\"contentUrl\":\"https:\/\/portaltela.pt\/s.01k8rhncp4jt1\/2026\/01\/1o-premio-Colorir-a-Vida-scaled-1.jpg\",\"width\":796,\"height\":448,\"caption\":\"Aluna da Escola B\u00e1sica de Fonte Boa distinguida com Men\u00e7\u00e3o Honrosa em concurso internacional de desenho\"},{\"@type\":\"BreadcrumbList\",\"@id\":\"https:\/\/portaltela.pt\/noticias\/2026\/01\/19\/aluna-da-escola-basica-de-fonte-boa-recebe-mencao-honrosa-em-concurso-de-desenho-internacional\/#breadcrumb\",\"itemListElement\":[{\"@type\":\"ListItem\",\"position\":1,\"name\":\"In\u00edcio\",\"item\":\"https:\/\/portaltela.pt\/\"},{\"@type\":\"ListItem\",\"position\":2,\"name\":\"Aluna da Escola B\u00e1sica de Fonte Boa recebe Men\u00e7\u00e3o Honrosa em concurso de desenho internacional\"}]},{\"@type\":\"WebSite\",\"@id\":\"https:\/\/portaltela.pt\/#website\",\"url\":\"https:\/\/portaltela.pt\/\",\"name\":\"Portal Tela Portugal\",\"description\":\"\",\"potentialAction\":[{\"@type\":\"SearchAction\",\"target\":{\"@type\":\"EntryPoint\",\"urlTemplate\":\"https:\/\/portaltela.pt\/?s={search_term_string}\"},\"query-input\":{\"@type\":\"PropertyValueSpecification\",\"valueRequired\":true,\"valueName\":\"search_term_string\"}}],\"inLanguage\":\"pt-PT\"},{\"@type\":\"Person\",\"@id\":\"https:\/\/portaltela.pt\/#\/schema\/person\/c4278d4a6028830caff9ee44b42d32ed\",\"name\":\"Telinha\",\"image\":{\"@type\":\"ImageObject\",\"inLanguage\":\"pt-PT\",\"@id\":\"https:\/\/portaltela.pt\/s.01k8rhncp4jt1\/2025\/11\/talking-bot-125x125.png\",\"url\":\"https:\/\/portaltela.pt\/s.01k8rhncp4jt1\/2025\/11\/talking-bot-125x125.png\",\"contentUrl\":\"https:\/\/portaltela.pt\/s.01k8rhncp4jt1\/2025\/11\/talking-bot-125x125.png\",\"caption\":\"Telinha\"},\"sameAs\":[\"https:\/\/portaltela.pt\/\"],\"url\":\"https:\/\/portaltela.pt\/por\/367410592786\/\"}]}<\/script>\n<!-- \/ Yoast SEO plugin. -->","yoast_head_json":{"title":"Aluna da Escola B\u00e1sica de Fonte Boa recebe Men\u00e7\u00e3o Honrosa em concurso de desenho internacional - Portal Tela Portugal","robots":{"index":"index","follow":"follow","max-snippet":"max-snippet:-1","max-image-preview":"max-image-preview:large","max-video-preview":"max-video-preview:-1"},"og_locale":"pt_PT","og_type":"article","og_title":"Aluna da Escola B\u00e1sica de Fonte Boa recebe Men\u00e7\u00e3o Honrosa em concurso de desenho internacional - Portal Tela Portugal","og_description":"A aluna Matilde Carvalho Vale, de 10 anos, do 4.\u00ba ano da Escola B\u00e1sica de Fonte Boa, Esposende, recebeu uma Men\u00e7\u00e3o Honrosa no Concurso MOA Internacional de Desenho Infantil. O trabalho premiado chama-se \u201cColorir a Vida\u201d e foi desenvolvido no ano letivo 2024\/2025, orientado pela professora Margarida Maria Furtado Ferreira. A distin\u00e7\u00e3o reconhece o talento, a criatividade e a sensibilidade art\u00edstica da aluna, bem como o trabalho pedag\u00f3gico da escola. O pr\u00e9mio ser\u00e1 entregue numa cerim\u00f3nia oficial do concurso em Esposende, ainda neste ano letivo; o desenho ficar\u00e1 exposto no Museu de Arte MOA, em Atami, Jap\u00e3o, por dois anos. Matilde explicou que a obra valoriza as coisas simples do quotidiano, afirmando que \u201cser inteligente \u00e9 ter foco nas pequenas coisas que fazemos todos os dias, como olhar para uma flor\u201d; a C\u00e2mara Municipal de Esposende felicitou toda a comunidade educativa.","og_url":"https:\/\/portaltela.pt\/noticias\/2026\/01\/19\/aluna-da-escola-basica-de-fonte-boa-recebe-mencao-honrosa-em-concurso-de-desenho-internacional\/","og_site_name":"Portal Tela Portugal","article_published_time":"2026-01-19T10:16:19+00:00","author":"Telinha","twitter_card":"summary_large_image","twitter_misc":{"Escrito por":"Telinha","Tempo estimado de leitura":"1 minuto"},"schema":{"@context":"https:\/\/schema.org","@graph":[{"@type":"Article","@id":"https:\/\/portaltela.pt\/noticias\/2026\/01\/19\/aluna-da-escola-basica-de-fonte-boa-recebe-mencao-honrosa-em-concurso-de-desenho-internacional\/#article","isPartOf":{"@id":"https:\/\/portaltela.pt\/noticias\/2026\/01\/19\/aluna-da-escola-basica-de-fonte-boa-recebe-mencao-honrosa-em-concurso-de-desenho-internacional\/"},"author":{"name":"Telinha","@id":"https:\/\/portaltela.pt\/#\/schema\/person\/c4278d4a6028830caff9ee44b42d32ed"},"headline":"Aluna da Escola B\u00e1sica de Fonte Boa recebe Men\u00e7\u00e3o Honrosa em concurso de desenho internacional","datePublished":"2026-01-19T10:16:19+00:00","mainEntityOfPage":{"@id":"https:\/\/portaltela.pt\/noticias\/2026\/01\/19\/aluna-da-escola-basica-de-fonte-boa-recebe-mencao-honrosa-em-concurso-de-desenho-internacional\/"},"wordCount":246,"image":{"@id":"https:\/\/portaltela.pt\/noticias\/2026\/01\/19\/aluna-da-escola-basica-de-fonte-boa-recebe-mencao-honrosa-em-concurso-de-desenho-internacional\/#primaryimage"},"thumbnailUrl":"https:\/\/portaltela.pt\/s.01k8rhncp4jt1\/2026\/01\/1o-premio-Colorir-a-Vida-scaled-1.jpg","keywords":["arte","concurso","desenho","educa\u00e7\u00e3o","escolas","internacionais"],"articleSection":["Not\u00edcias"],"inLanguage":"pt-PT"},{"@type":"WebPage","@id":"https:\/\/portaltela.pt\/noticias\/2026\/01\/19\/aluna-da-escola-basica-de-fonte-boa-recebe-mencao-honrosa-em-concurso-de-desenho-internacional\/","url":"https:\/\/portaltela.pt\/noticias\/2026\/01\/19\/aluna-da-escola-basica-de-fonte-boa-recebe-mencao-honrosa-em-concurso-de-desenho-internacional\/","name":"Aluna da Escola B\u00e1sica de Fonte Boa recebe Men\u00e7\u00e3o Honrosa em concurso de desenho internacional - Portal Tela Portugal","isPartOf":{"@id":"https:\/\/portaltela.pt\/#website"},"primaryImageOfPage":{"@id":"https:\/\/portaltela.pt\/noticias\/2026\/01\/19\/aluna-da-escola-basica-de-fonte-boa-recebe-mencao-honrosa-em-concurso-de-desenho-internacional\/#primaryimage"},"image":{"@id":"https:\/\/portaltela.pt\/noticias\/2026\/01\/19\/aluna-da-escola-basica-de-fonte-boa-recebe-mencao-honrosa-em-concurso-de-desenho-internacional\/#primaryimage"},"thumbnailUrl":"https:\/\/portaltela.pt\/s.01k8rhncp4jt1\/2026\/01\/1o-premio-Colorir-a-Vida-scaled-1.jpg","datePublished":"2026-01-19T10:16:19+00:00","author":{"@id":"https:\/\/portaltela.pt\/#\/schema\/person\/c4278d4a6028830caff9ee44b42d32ed"},"breadcrumb":{"@id":"https:\/\/portaltela.pt\/noticias\/2026\/01\/19\/aluna-da-escola-basica-de-fonte-boa-recebe-mencao-honrosa-em-concurso-de-desenho-internacional\/#breadcrumb"},"inLanguage":"pt-PT","potentialAction":[{"@type":"ReadAction","target":["https:\/\/portaltela.pt\/noticias\/2026\/01\/19\/aluna-da-escola-basica-de-fonte-boa-recebe-mencao-honrosa-em-concurso-de-desenho-internacional\/"]}]},{"@type":"ImageObject","inLanguage":"pt-PT","@id":"https:\/\/portaltela.pt\/noticias\/2026\/01\/19\/aluna-da-escola-basica-de-fonte-boa-recebe-mencao-honrosa-em-concurso-de-desenho-internacional\/#primaryimage","url":"https:\/\/portaltela.pt\/s.01k8rhncp4jt1\/2026\/01\/1o-premio-Colorir-a-Vida-scaled-1.jpg","contentUrl":"https:\/\/portaltela.pt\/s.01k8rhncp4jt1\/2026\/01\/1o-premio-Colorir-a-Vida-scaled-1.jpg","width":796,"height":448,"caption":"Aluna da Escola B\u00e1sica de Fonte Boa distinguida com Men\u00e7\u00e3o Honrosa em concurso internacional de desenho"},{"@type":"BreadcrumbList","@id":"https:\/\/portaltela.pt\/noticias\/2026\/01\/19\/aluna-da-escola-basica-de-fonte-boa-recebe-mencao-honrosa-em-concurso-de-desenho-internacional\/#breadcrumb","itemListElement":[{"@type":"ListItem","position":1,"name":"In\u00edcio","item":"https:\/\/portaltela.pt\/"},{"@type":"ListItem","position":2,"name":"Aluna da Escola B\u00e1sica de Fonte Boa recebe Men\u00e7\u00e3o Honrosa em concurso de desenho internacional"}]},{"@type":"WebSite","@id":"https:\/\/portaltela.pt\/#website","url":"https:\/\/portaltela.pt\/","name":"Portal Tela Portugal","description":"","potentialAction":[{"@type":"SearchAction","target":{"@type":"EntryPoint","urlTemplate":"https:\/\/portaltela.pt\/?s={search_term_string}"},"query-input":{"@type":"PropertyValueSpecification","valueRequired":true,"valueName":"search_term_string"}}],"inLanguage":"pt-PT"},{"@type":"Person","@id":"https:\/\/portaltela.pt\/#\/schema\/person\/c4278d4a6028830caff9ee44b42d32ed","name":"Telinha","image":{"@type":"ImageObject","inLanguage":"pt-PT","@id":"https:\/\/portaltela.pt\/s.01k8rhncp4jt1\/2025\/11\/talking-bot-125x125.png","url":"https:\/\/portaltela.pt\/s.01k8rhncp4jt1\/2025\/11\/talking-bot-125x125.png","contentUrl":"https:\/\/portaltela.pt\/s.01k8rhncp4jt1\/2025\/11\/talking-bot-125x125.png","caption":"Telinha"},"sameAs":["https:\/\/portaltela.pt\/"],"url":"https:\/\/portaltela.pt\/por\/367410592786\/"}]}},"_links":{"self":[{"href":"https:\/\/portaltela.pt\/api\/wp\/v2\/posts\/152438","targetHints":{"allow":["GET"]}}],"collection":[{"href":"https:\/\/portaltela.pt\/api\/wp\/v2\/posts"}],"about":[{"href":"https:\/\/portaltela.pt\/api\/wp\/v2\/types\/post"}],"author":[{"embeddable":true,"href":"https:\/\/portaltela.pt\/api\/wp\/v2\/users\/2"}],"replies":[{"embeddable":true,"href":"https:\/\/portaltela.pt\/api\/wp\/v2\/comments?post=152438"}],"version-history":[{"count":0,"href":"https:\/\/portaltela.pt\/api\/wp\/v2\/posts\/152438\/revisions"}],"wp:featuredmedia":[{"embeddable":true,"href":"https:\/\/portaltela.pt\/api\/wp\/v2\/media\/152450"}],"wp:attachment":[{"href":"https:\/\/portaltela.pt\/api\/wp\/v2\/media?parent=152438"}],"wp:term":[{"taxonomy":"category","embeddable":true,"href":"https:\/\/portaltela.pt\/api\/wp\/v2\/categories?post=152438"},{"taxonomy":"post_tag","embeddable":true,"href":"https:\/\/portaltela.pt\/api\/wp\/v2\/tags?post=152438"}],"curies":[{"name":"wp","href":"https:\/\/api.w.org\/{rel}","templated":true}]}}