{"id":152205,"date":"2026-01-19T05:37:00","date_gmt":"2026-01-19T08:37:00","guid":{"rendered":"https:\/\/portaltela.pt\/noticias\/2026\/01\/19\/mercado-em-movimento-atualizacoes-ao-minuto\/"},"modified":"2026-01-19T05:37:00","modified_gmt":"2026-01-19T08:37:00","slug":"mercado-em-movimento-atualizacoes-ao-minuto","status":"publish","type":"post","link":"https:\/\/portaltela.pt\/desporto\/futebol\/2026\/01\/19\/mercado-em-movimento-atualizacoes-ao-minuto\/","title":{"rendered":"Mercado em movimento: atualiza\u00e7\u00f5es ao minuto"},"content":{"rendered":"<p>O mercado de transfer\u00eancias continua agitado, com rumores e confirma\u00e7\u00f5es a ditar o movimento nos principais campeonatos. O Manchester United mant\u00e9m a mira em R\u00faben Neves, enquanto o Al-Hilal exige 20 milh\u00f5es de euros para avan\u00e7ar com a opera\u00e7\u00e3o. O internacional portugu\u00eas termina contrato com o clube saudita em junho e o timing \u00e9 crucial para as negocia\u00e7\u00f5es.<\/p>\n<p>Al\u00e9m disso, o Granada concluiu detalhes com Sporting para a transfer\u00eancia de Faye, num neg\u00f3cio que gera lucro para o clube da II Liga espanhola, mesmo com a participa\u00e7\u00e3o do Talavera na partilha da receita. O extremo senegal\u00eas assinou com os verdes e brancos at\u00e9 2030, com cl\u00e1usula de rescis\u00e3o de 80 milh\u00f5es de euros.<\/p>\n<p>No lado do Benfica, a hip\u00f3tese de sa\u00edda de Schjelderup para o Parma parece ter esfriado, com recep\u00e7\u00e3o de parte a parte a indicar dificuldades de acordo. Ainda assim, a dire\u00e7\u00e3o encarnada continua a trabalhar para assegurar Rafa e j\u00e1 fez nova proposta por Andr\u00e9 Luiz, mantendo as negocia\u00e7\u00f5es em curso.<\/p>\n<p>Outras movimenta\u00e7\u00f5es a merecerem nota incluem a poss\u00edvel chegada de Obrador ao Torino, com o Alverca impedido de inscrever jogadores e o interesse holand\u00eas em St. Juste, que desperta desejo na Europa. Paralelamente, surgem informa\u00e7\u00f5es de impacto fora do campo: a irm\u00e3 de Marcos Acu\u00f1a \u00e9 procurada pelas autoridades argentinas, enquanto ex-jogadores portugueses assumem cargos institucionais junto da Funda\u00e7\u00e3o FPF.<\/p>\n<p>O mercado permanece em aberto, com v\u00e1rias opera\u00e7\u00f5es ainda dependentes de aprova\u00e7\u00f5es e prazos de transfer\u00eancias. As pr\u00f3ximas horas devem clarificar quais refor\u00e7os v\u00e3o mesmo avan\u00e7ar, e em que moldes.<\/p>\n","protected":false},"excerpt":{"rendered":"<ul>\n<li>Manchester United mant\u00e9m o interesse em R\u00faben Neves, com o Al-Hilal a exigir 20 milh\u00f5es de euros para avan\u00e7ar, enquanto o internacional portugu\u00eas termina contrato com o clube saudita em junho.<\/li>\n<li>Faye ser\u00e1 transferido do Granada para o Sporting por 6,5 milh\u00f5es de euros, com o Granada a ficar com 50% da receita e o Talavera a tamb\u00e9m participar na opera\u00e7\u00e3o. O contrato \u00e9 v\u00e1lido at\u00e9 2030, com cl\u00e1usula de rescis\u00e3o de 80 milh\u00f5es de euros.<\/li>\n<li>Faye n\u00e3o poder\u00e1 contribuir para o Sporting na fase de grupos da Liga dos Campe\u00f5es, e Rui Borges pode utiliz\u00e1-lo pela primeira vez na visita ao Arouca, no s\u00e1bado, \u00e0s 18h00.<\/li>\n<li>O Parma parece ter colocado de lado a hip\u00f3tese de contratar Schjelderup, com a sa\u00edda do jogador ainda dependente do mercado dos encarnados e de eventuais propostas para Rafa e Andr\u00e9 Lu\u00eds.<\/li>\n<li>O Torino anunciou Obrador, o que leva o Alverca a ficar impedido de inscrever jogadores, enquanto o St. Juste aparece desejado na Holanda.<\/li>\n<\/ul>\n","protected":false},"author":2,"featured_media":152208,"comment_status":"closed","ping_status":"closed","sticky":false,"template":"","format":"standard","meta":{"footnotes":""},"categories":[21,24],"tags":[2769,1946,32,50,1652,1633],"class_list":["post-152205","post","type-post","status-publish","format-standard","has-post-thumbnail","hentry","category-desporto","category-futebol","tag-andre-luiz","tag-benfica","tag-futebol","tag-mercado-da-bola","tag-sporting","tag-transferencias-internacionais"],"yoast_head":"<!-- This site is optimized with the Yoast SEO plugin v27.2 - https:\/\/yoast.com\/product\/yoast-seo-wordpress\/ -->\n<title>Mercado em movimento: atualiza\u00e7\u00f5es ao minuto - Portal Tela Portugal<\/title>\n<meta name=\"robots\" content=\"index, follow, max-snippet:-1, max-image-preview:large, max-video-preview:-1\" \/>\n<meta property=\"og:locale\" content=\"pt_PT\" \/>\n<meta property=\"og:type\" content=\"article\" \/>\n<meta property=\"og:title\" content=\"Mercado em movimento: atualiza\u00e7\u00f5es ao minuto - Portal Tela Portugal\" \/>\n<meta property=\"og:description\" content=\"Manchester United mant\u00e9m o interesse em R\u00faben Neves, com o Al-Hilal a exigir 20 milh\u00f5es de euros para avan\u00e7ar, enquanto o internacional portugu\u00eas termina contrato com o clube saudita em junho. Faye ser\u00e1 transferido do Granada para o Sporting por 6,5 milh\u00f5es de euros, com o Granada a ficar com 50% da receita e o Talavera a tamb\u00e9m participar na opera\u00e7\u00e3o. O contrato \u00e9 v\u00e1lido at\u00e9 2030, com cl\u00e1usula de rescis\u00e3o de 80 milh\u00f5es de euros. Faye n\u00e3o poder\u00e1 contribuir para o Sporting na fase de grupos da Liga dos Campe\u00f5es, e Rui Borges pode utiliz\u00e1-lo pela primeira vez na visita ao Arouca, no s\u00e1bado, \u00e0s 18h00. O Parma parece ter colocado de lado a hip\u00f3tese de contratar Schjelderup, com a sa\u00edda do jogador ainda dependente do mercado dos encarnados e de eventuais propostas para Rafa e Andr\u00e9 Lu\u00eds. O Torino anunciou Obrador, o que leva o Alverca a ficar impedido de inscrever jogadores, enquanto o St. Juste aparece desejado na Holanda.\" \/>\n<meta property=\"og:url\" content=\"https:\/\/portaltela.pt\/noticias\/2026\/01\/19\/mercado-em-movimento-atualizacoes-ao-minuto\/\" \/>\n<meta property=\"og:site_name\" content=\"Portal Tela Portugal\" \/>\n<meta property=\"article:published_time\" content=\"2026-01-19T08:37:00+00:00\" \/>\n<meta name=\"author\" content=\"Telinha\" \/>\n<meta name=\"twitter:card\" content=\"summary_large_image\" \/>\n<meta name=\"twitter:label1\" content=\"Escrito por\" \/>\n\t<meta name=\"twitter:data1\" content=\"Telinha\" \/>\n\t<meta name=\"twitter:label2\" content=\"Tempo estimado de leitura\" \/>\n\t<meta name=\"twitter:data2\" content=\"1 minuto\" \/>\n<script type=\"application\/ld+json\" class=\"yoast-schema-graph\">{\"@context\":\"https:\/\/schema.org\",\"@graph\":[{\"@type\":\"Article\",\"@id\":\"https:\/\/portaltela.pt\/noticias\/2026\/01\/19\/mercado-em-movimento-atualizacoes-ao-minuto\/#article\",\"isPartOf\":{\"@id\":\"https:\/\/portaltela.pt\/noticias\/2026\/01\/19\/mercado-em-movimento-atualizacoes-ao-minuto\/\"},\"author\":{\"name\":\"Telinha\",\"@id\":\"https:\/\/portaltela.pt\/#\/schema\/person\/c4278d4a6028830caff9ee44b42d32ed\"},\"headline\":\"Mercado em movimento: atualiza\u00e7\u00f5es ao minuto\",\"datePublished\":\"2026-01-19T08:37:00+00:00\",\"mainEntityOfPage\":{\"@id\":\"https:\/\/portaltela.pt\/noticias\/2026\/01\/19\/mercado-em-movimento-atualizacoes-ao-minuto\/\"},\"wordCount\":292,\"image\":{\"@id\":\"https:\/\/portaltela.pt\/noticias\/2026\/01\/19\/mercado-em-movimento-atualizacoes-ao-minuto\/#primaryimage\"},\"thumbnailUrl\":\"https:\/\/portaltela.pt\/s.01k8rhncp4jt1\/2026\/01\/img_1200x721uu2026-01-16-15-41-38-2415153-im-639041749091332351-2.jpg\",\"keywords\":[\"Andr\u00e9 Luiz\",\"Benfica\",\"futebol\",\"mercado da bola\",\"Sporting\",\"transfer\u00eancias internacionais\"],\"articleSection\":[\"Desporto\",\"Futebol\"],\"inLanguage\":\"pt-PT\"},{\"@type\":\"WebPage\",\"@id\":\"https:\/\/portaltela.pt\/noticias\/2026\/01\/19\/mercado-em-movimento-atualizacoes-ao-minuto\/\",\"url\":\"https:\/\/portaltela.pt\/noticias\/2026\/01\/19\/mercado-em-movimento-atualizacoes-ao-minuto\/\",\"name\":\"Mercado em movimento: atualiza\u00e7\u00f5es ao minuto - Portal Tela Portugal\",\"isPartOf\":{\"@id\":\"https:\/\/portaltela.pt\/#website\"},\"primaryImageOfPage\":{\"@id\":\"https:\/\/portaltela.pt\/noticias\/2026\/01\/19\/mercado-em-movimento-atualizacoes-ao-minuto\/#primaryimage\"},\"image\":{\"@id\":\"https:\/\/portaltela.pt\/noticias\/2026\/01\/19\/mercado-em-movimento-atualizacoes-ao-minuto\/#primaryimage\"},\"thumbnailUrl\":\"https:\/\/portaltela.pt\/s.01k8rhncp4jt1\/2026\/01\/img_1200x721uu2026-01-16-15-41-38-2415153-im-639041749091332351-2.jpg\",\"datePublished\":\"2026-01-19T08:37:00+00:00\",\"author\":{\"@id\":\"https:\/\/portaltela.pt\/#\/schema\/person\/c4278d4a6028830caff9ee44b42d32ed\"},\"breadcrumb\":{\"@id\":\"https:\/\/portaltela.pt\/noticias\/2026\/01\/19\/mercado-em-movimento-atualizacoes-ao-minuto\/#breadcrumb\"},\"inLanguage\":\"pt-PT\",\"potentialAction\":[{\"@type\":\"ReadAction\",\"target\":[\"https:\/\/portaltela.pt\/noticias\/2026\/01\/19\/mercado-em-movimento-atualizacoes-ao-minuto\/\"]}]},{\"@type\":\"ImageObject\",\"inLanguage\":\"pt-PT\",\"@id\":\"https:\/\/portaltela.pt\/noticias\/2026\/01\/19\/mercado-em-movimento-atualizacoes-ao-minuto\/#primaryimage\",\"url\":\"https:\/\/portaltela.pt\/s.01k8rhncp4jt1\/2026\/01\/img_1200x721uu2026-01-16-15-41-38-2415153-im-639041749091332351-2.jpg\",\"contentUrl\":\"https:\/\/portaltela.pt\/s.01k8rhncp4jt1\/2026\/01\/img_1200x721uu2026-01-16-15-41-38-2415153-im-639041749091332351-2.jpg\",\"width\":796,\"height\":448,\"caption\":\"Mourinho com R\u00edos\"},{\"@type\":\"BreadcrumbList\",\"@id\":\"https:\/\/portaltela.pt\/noticias\/2026\/01\/19\/mercado-em-movimento-atualizacoes-ao-minuto\/#breadcrumb\",\"itemListElement\":[{\"@type\":\"ListItem\",\"position\":1,\"name\":\"In\u00edcio\",\"item\":\"https:\/\/portaltela.pt\/\"},{\"@type\":\"ListItem\",\"position\":2,\"name\":\"Mercado em movimento: atualiza\u00e7\u00f5es ao minuto\"}]},{\"@type\":\"WebSite\",\"@id\":\"https:\/\/portaltela.pt\/#website\",\"url\":\"https:\/\/portaltela.pt\/\",\"name\":\"Portal Tela Portugal\",\"description\":\"\",\"potentialAction\":[{\"@type\":\"SearchAction\",\"target\":{\"@type\":\"EntryPoint\",\"urlTemplate\":\"https:\/\/portaltela.pt\/?s={search_term_string}\"},\"query-input\":{\"@type\":\"PropertyValueSpecification\",\"valueRequired\":true,\"valueName\":\"search_term_string\"}}],\"inLanguage\":\"pt-PT\"},{\"@type\":\"Person\",\"@id\":\"https:\/\/portaltela.pt\/#\/schema\/person\/c4278d4a6028830caff9ee44b42d32ed\",\"name\":\"Telinha\",\"image\":{\"@type\":\"ImageObject\",\"inLanguage\":\"pt-PT\",\"@id\":\"https:\/\/portaltela.pt\/s.01k8rhncp4jt1\/2025\/11\/talking-bot-125x125.png\",\"url\":\"https:\/\/portaltela.pt\/s.01k8rhncp4jt1\/2025\/11\/talking-bot-125x125.png\",\"contentUrl\":\"https:\/\/portaltela.pt\/s.01k8rhncp4jt1\/2025\/11\/talking-bot-125x125.png\",\"caption\":\"Telinha\"},\"sameAs\":[\"https:\/\/portaltela.pt\/\"],\"url\":\"https:\/\/portaltela.pt\/por\/367410592786\/\"}]}<\/script>\n<!-- \/ Yoast SEO plugin. -->","yoast_head_json":{"title":"Mercado em movimento: atualiza\u00e7\u00f5es ao minuto - Portal Tela Portugal","robots":{"index":"index","follow":"follow","max-snippet":"max-snippet:-1","max-image-preview":"max-image-preview:large","max-video-preview":"max-video-preview:-1"},"og_locale":"pt_PT","og_type":"article","og_title":"Mercado em movimento: atualiza\u00e7\u00f5es ao minuto - Portal Tela Portugal","og_description":"Manchester United mant\u00e9m o interesse em R\u00faben Neves, com o Al-Hilal a exigir 20 milh\u00f5es de euros para avan\u00e7ar, enquanto o internacional portugu\u00eas termina contrato com o clube saudita em junho. Faye ser\u00e1 transferido do Granada para o Sporting por 6,5 milh\u00f5es de euros, com o Granada a ficar com 50% da receita e o Talavera a tamb\u00e9m participar na opera\u00e7\u00e3o. O contrato \u00e9 v\u00e1lido at\u00e9 2030, com cl\u00e1usula de rescis\u00e3o de 80 milh\u00f5es de euros. Faye n\u00e3o poder\u00e1 contribuir para o Sporting na fase de grupos da Liga dos Campe\u00f5es, e Rui Borges pode utiliz\u00e1-lo pela primeira vez na visita ao Arouca, no s\u00e1bado, \u00e0s 18h00. O Parma parece ter colocado de lado a hip\u00f3tese de contratar Schjelderup, com a sa\u00edda do jogador ainda dependente do mercado dos encarnados e de eventuais propostas para Rafa e Andr\u00e9 Lu\u00eds. O Torino anunciou Obrador, o que leva o Alverca a ficar impedido de inscrever jogadores, enquanto o St. Juste aparece desejado na Holanda.","og_url":"https:\/\/portaltela.pt\/noticias\/2026\/01\/19\/mercado-em-movimento-atualizacoes-ao-minuto\/","og_site_name":"Portal Tela Portugal","article_published_time":"2026-01-19T08:37:00+00:00","author":"Telinha","twitter_card":"summary_large_image","twitter_misc":{"Escrito por":"Telinha","Tempo estimado de leitura":"1 minuto"},"schema":{"@context":"https:\/\/schema.org","@graph":[{"@type":"Article","@id":"https:\/\/portaltela.pt\/noticias\/2026\/01\/19\/mercado-em-movimento-atualizacoes-ao-minuto\/#article","isPartOf":{"@id":"https:\/\/portaltela.pt\/noticias\/2026\/01\/19\/mercado-em-movimento-atualizacoes-ao-minuto\/"},"author":{"name":"Telinha","@id":"https:\/\/portaltela.pt\/#\/schema\/person\/c4278d4a6028830caff9ee44b42d32ed"},"headline":"Mercado em movimento: atualiza\u00e7\u00f5es ao minuto","datePublished":"2026-01-19T08:37:00+00:00","mainEntityOfPage":{"@id":"https:\/\/portaltela.pt\/noticias\/2026\/01\/19\/mercado-em-movimento-atualizacoes-ao-minuto\/"},"wordCount":292,"image":{"@id":"https:\/\/portaltela.pt\/noticias\/2026\/01\/19\/mercado-em-movimento-atualizacoes-ao-minuto\/#primaryimage"},"thumbnailUrl":"https:\/\/portaltela.pt\/s.01k8rhncp4jt1\/2026\/01\/img_1200x721uu2026-01-16-15-41-38-2415153-im-639041749091332351-2.jpg","keywords":["Andr\u00e9 Luiz","Benfica","futebol","mercado da bola","Sporting","transfer\u00eancias internacionais"],"articleSection":["Desporto","Futebol"],"inLanguage":"pt-PT"},{"@type":"WebPage","@id":"https:\/\/portaltela.pt\/noticias\/2026\/01\/19\/mercado-em-movimento-atualizacoes-ao-minuto\/","url":"https:\/\/portaltela.pt\/noticias\/2026\/01\/19\/mercado-em-movimento-atualizacoes-ao-minuto\/","name":"Mercado em movimento: atualiza\u00e7\u00f5es ao minuto - Portal Tela Portugal","isPartOf":{"@id":"https:\/\/portaltela.pt\/#website"},"primaryImageOfPage":{"@id":"https:\/\/portaltela.pt\/noticias\/2026\/01\/19\/mercado-em-movimento-atualizacoes-ao-minuto\/#primaryimage"},"image":{"@id":"https:\/\/portaltela.pt\/noticias\/2026\/01\/19\/mercado-em-movimento-atualizacoes-ao-minuto\/#primaryimage"},"thumbnailUrl":"https:\/\/portaltela.pt\/s.01k8rhncp4jt1\/2026\/01\/img_1200x721uu2026-01-16-15-41-38-2415153-im-639041749091332351-2.jpg","datePublished":"2026-01-19T08:37:00+00:00","author":{"@id":"https:\/\/portaltela.pt\/#\/schema\/person\/c4278d4a6028830caff9ee44b42d32ed"},"breadcrumb":{"@id":"https:\/\/portaltela.pt\/noticias\/2026\/01\/19\/mercado-em-movimento-atualizacoes-ao-minuto\/#breadcrumb"},"inLanguage":"pt-PT","potentialAction":[{"@type":"ReadAction","target":["https:\/\/portaltela.pt\/noticias\/2026\/01\/19\/mercado-em-movimento-atualizacoes-ao-minuto\/"]}]},{"@type":"ImageObject","inLanguage":"pt-PT","@id":"https:\/\/portaltela.pt\/noticias\/2026\/01\/19\/mercado-em-movimento-atualizacoes-ao-minuto\/#primaryimage","url":"https:\/\/portaltela.pt\/s.01k8rhncp4jt1\/2026\/01\/img_1200x721uu2026-01-16-15-41-38-2415153-im-639041749091332351-2.jpg","contentUrl":"https:\/\/portaltela.pt\/s.01k8rhncp4jt1\/2026\/01\/img_1200x721uu2026-01-16-15-41-38-2415153-im-639041749091332351-2.jpg","width":796,"height":448,"caption":"Mourinho com R\u00edos"},{"@type":"BreadcrumbList","@id":"https:\/\/portaltela.pt\/noticias\/2026\/01\/19\/mercado-em-movimento-atualizacoes-ao-minuto\/#breadcrumb","itemListElement":[{"@type":"ListItem","position":1,"name":"In\u00edcio","item":"https:\/\/portaltela.pt\/"},{"@type":"ListItem","position":2,"name":"Mercado em movimento: atualiza\u00e7\u00f5es ao minuto"}]},{"@type":"WebSite","@id":"https:\/\/portaltela.pt\/#website","url":"https:\/\/portaltela.pt\/","name":"Portal Tela Portugal","description":"","potentialAction":[{"@type":"SearchAction","target":{"@type":"EntryPoint","urlTemplate":"https:\/\/portaltela.pt\/?s={search_term_string}"},"query-input":{"@type":"PropertyValueSpecification","valueRequired":true,"valueName":"search_term_string"}}],"inLanguage":"pt-PT"},{"@type":"Person","@id":"https:\/\/portaltela.pt\/#\/schema\/person\/c4278d4a6028830caff9ee44b42d32ed","name":"Telinha","image":{"@type":"ImageObject","inLanguage":"pt-PT","@id":"https:\/\/portaltela.pt\/s.01k8rhncp4jt1\/2025\/11\/talking-bot-125x125.png","url":"https:\/\/portaltela.pt\/s.01k8rhncp4jt1\/2025\/11\/talking-bot-125x125.png","contentUrl":"https:\/\/portaltela.pt\/s.01k8rhncp4jt1\/2025\/11\/talking-bot-125x125.png","caption":"Telinha"},"sameAs":["https:\/\/portaltela.pt\/"],"url":"https:\/\/portaltela.pt\/por\/367410592786\/"}]}},"_links":{"self":[{"href":"https:\/\/portaltela.pt\/api\/wp\/v2\/posts\/152205","targetHints":{"allow":["GET"]}}],"collection":[{"href":"https:\/\/portaltela.pt\/api\/wp\/v2\/posts"}],"about":[{"href":"https:\/\/portaltela.pt\/api\/wp\/v2\/types\/post"}],"author":[{"embeddable":true,"href":"https:\/\/portaltela.pt\/api\/wp\/v2\/users\/2"}],"replies":[{"embeddable":true,"href":"https:\/\/portaltela.pt\/api\/wp\/v2\/comments?post=152205"}],"version-history":[{"count":0,"href":"https:\/\/portaltela.pt\/api\/wp\/v2\/posts\/152205\/revisions"}],"wp:featuredmedia":[{"embeddable":true,"href":"https:\/\/portaltela.pt\/api\/wp\/v2\/media\/152208"}],"wp:attachment":[{"href":"https:\/\/portaltela.pt\/api\/wp\/v2\/media?parent=152205"}],"wp:term":[{"taxonomy":"category","embeddable":true,"href":"https:\/\/portaltela.pt\/api\/wp\/v2\/categories?post=152205"},{"taxonomy":"post_tag","embeddable":true,"href":"https:\/\/portaltela.pt\/api\/wp\/v2\/tags?post=152205"}],"curies":[{"name":"wp","href":"https:\/\/api.w.org\/{rel}","templated":true}]}}