{"id":152200,"date":"2026-01-19T05:37:00","date_gmt":"2026-01-19T08:37:00","guid":{"rendered":"https:\/\/portaltela.pt\/noticias\/2026\/01\/19\/mercado-em-movimento-acompanhe-as-movimentacoes-em-tempo-real-8\/"},"modified":"2026-01-19T05:37:00","modified_gmt":"2026-01-19T08:37:00","slug":"mercado-em-movimento-acompanhe-as-movimentacoes-em-tempo-real-8","status":"publish","type":"post","link":"https:\/\/portaltela.pt\/desporto\/futebol\/2026\/01\/19\/mercado-em-movimento-acompanhe-as-movimentacoes-em-tempo-real-8\/","title":{"rendered":"Mercado em movimento: acompanhe as movimenta\u00e7\u00f5es em tempo real"},"content":{"rendered":"<p>Depois de semanas de boatos, o mercado de transfer\u00eancias ganha novos contornos. O Manchester United mant\u00e9m o interesse em R\u00faben Neves, mas o Al-Hilal define uma cl\u00e1usula de 20 milh\u00f5es de euros para avan\u00e7ar. O internacional portugu\u00eas termina contrato com o clube saudita em junho e continua sob observa\u00e7\u00e3o internacional.<\/p>\n<p>No campo de refor\u00e7os, o Granada confirmou a entrada de Faye no plantel, com acordo j\u00e1 firmado entre Sporting, Granada e Talavera, que detinha parte do passe. O extremo senegal\u00eas de 22 anos assina at\u00e9 2030 com cl\u00e1usula de rescis\u00e3o de 80 milh\u00f5es de euros. A mudan\u00e7a impede contribui\u00e7\u00e3o imediata na Liga dos Campe\u00f5es.<\/p>\n<h3>Refor\u00e7os em foco<\/h3>\n<p>A SAD do Sporting anunciou a chegada de Faye, com impacto imediato no plantel e na proje\u00e7\u00e3o desportiva. Ainda assim, o clube mant\u00e9m op\u00e7\u00f5es no papel de Rui Borges, especialmente para o jogo em Arouca, marcado para s\u00e1bado.<\/p>\n<h3>Benfica e o mercado<\/h3>\n<p>Os respons\u00e1veis pelo futebol do Benfica n\u00e3o descartam a contrata\u00e7\u00e3o de um m\u00e9dio at\u00e9 ao fecho de janeiro. A decis\u00e3o depende da evolu\u00e7\u00e3o de les\u00f5es de Richard R\u00edos e Enzo Barrenechea, com avalia\u00e7\u00e3o prevista para o fim do m\u00eas. A outra frente envolve uma poss\u00edvel negocia\u00e7\u00e3o com o Besiktas por Rafa Silva.<\/p>\n<h3>Outros t\u00f3picos<\/h3>\n<p>A imprensa acompanha ainda o afastamento de Schjelderup de potenciais clubes italianos, a hip\u00f3tese de refor\u00e7o de estrelas no Torino e rumores sobre o interesse de clubes holandeses em St. Juste. Diversos desfechos continuam em aberto at\u00e9 ao encerramento do mercado.<\/p>\n","protected":false},"excerpt":{"rendered":"<ul>\n<li>O Manchester United mant\u00e9m o interesse em R\u00faben Neves, mas o Al-Hilal exige 20 milh\u00f5es para avan\u00e7ar com a transfer\u00eancia, com o contrato do internacional portugu\u00eas a terminar em junho.<\/li>\n<li>O Sporting acorda com Granada a venda de Faye, que assina por eles at\u00e9 2030; o neg\u00f3cio \u00e9 lucrativo para o Granada, j\u00e1 que envolve 6,5 milh\u00f5es de euros pagos ao Granada, com 50% do passe j\u00e1 controlado pelo Talavera, e direito de 10% de futura venda.<\/li>\n<li>Faye fica com cl\u00e1usula de rescis\u00e3o de 80 milh\u00f5es de euros; n\u00e3o poder\u00e1 contribuir j\u00e1 na Liga dos Campe\u00f5es pela fase restante, com Rui Borges a escolher-o para a visita a Arouca.<\/li>\n<li>O Benfica n\u00e3o descarta contratar um m\u00e9dio neste mercado, mas a decis\u00e3o depende de les\u00f5es de Richard R\u00edos e Enzo Barrenechea, cuja interven\u00e7\u00e3o cir\u00fargica foi descartada.<\/li>\n<li>O Benfica est\u00e1 a negociar com o Besiktas para Rafa Silva no fim desta semana, com tudo j\u00e1 acordado entre o clube e o jogador.<\/li>\n<\/ul>\n","protected":false},"author":2,"featured_media":152204,"comment_status":"closed","ping_status":"closed","sticky":false,"template":"","format":"standard","meta":{"footnotes":""},"categories":[21,24],"tags":[900,1946,32,3443,50,1652],"class_list":["post-152200","post","type-post","status-publish","format-standard","has-post-thumbnail","hentry","category-desporto","category-futebol","tag-arouca","tag-benfica","tag-futebol","tag-granada","tag-mercado-da-bola","tag-sporting"],"yoast_head":"<!-- This site is optimized with the Yoast SEO plugin v27.2 - https:\/\/yoast.com\/product\/yoast-seo-wordpress\/ -->\n<title>Mercado em movimento: acompanhe as movimenta\u00e7\u00f5es em tempo real - Portal Tela Portugal<\/title>\n<meta name=\"robots\" content=\"index, follow, max-snippet:-1, max-image-preview:large, max-video-preview:-1\" \/>\n<meta property=\"og:locale\" content=\"pt_PT\" \/>\n<meta property=\"og:type\" content=\"article\" \/>\n<meta property=\"og:title\" content=\"Mercado em movimento: acompanhe as movimenta\u00e7\u00f5es em tempo real - Portal Tela Portugal\" \/>\n<meta property=\"og:description\" content=\"O Manchester United mant\u00e9m o interesse em R\u00faben Neves, mas o Al-Hilal exige 20 milh\u00f5es para avan\u00e7ar com a transfer\u00eancia, com o contrato do internacional portugu\u00eas a terminar em junho. O Sporting acorda com Granada a venda de Faye, que assina por eles at\u00e9 2030; o neg\u00f3cio \u00e9 lucrativo para o Granada, j\u00e1 que envolve 6,5 milh\u00f5es de euros pagos ao Granada, com 50% do passe j\u00e1 controlado pelo Talavera, e direito de 10% de futura venda. Faye fica com cl\u00e1usula de rescis\u00e3o de 80 milh\u00f5es de euros; n\u00e3o poder\u00e1 contribuir j\u00e1 na Liga dos Campe\u00f5es pela fase restante, com Rui Borges a escolher-o para a visita a Arouca. O Benfica n\u00e3o descarta contratar um m\u00e9dio neste mercado, mas a decis\u00e3o depende de les\u00f5es de Richard R\u00edos e Enzo Barrenechea, cuja interven\u00e7\u00e3o cir\u00fargica foi descartada. O Benfica est\u00e1 a negociar com o Besiktas para Rafa Silva no fim desta semana, com tudo j\u00e1 acordado entre o clube e o jogador.\" \/>\n<meta property=\"og:url\" content=\"https:\/\/portaltela.pt\/noticias\/2026\/01\/19\/mercado-em-movimento-acompanhe-as-movimentacoes-em-tempo-real-8\/\" \/>\n<meta property=\"og:site_name\" content=\"Portal Tela Portugal\" \/>\n<meta property=\"article:published_time\" content=\"2026-01-19T08:37:00+00:00\" \/>\n<meta name=\"author\" content=\"Telinha\" \/>\n<meta name=\"twitter:card\" content=\"summary_large_image\" \/>\n<meta name=\"twitter:label1\" content=\"Escrito por\" \/>\n\t<meta name=\"twitter:data1\" content=\"Telinha\" \/>\n\t<meta name=\"twitter:label2\" content=\"Tempo estimado de leitura\" \/>\n\t<meta name=\"twitter:data2\" content=\"1 minuto\" \/>\n<script type=\"application\/ld+json\" class=\"yoast-schema-graph\">{\"@context\":\"https:\/\/schema.org\",\"@graph\":[{\"@type\":\"Article\",\"@id\":\"https:\/\/portaltela.pt\/noticias\/2026\/01\/19\/mercado-em-movimento-acompanhe-as-movimentacoes-em-tempo-real-8\/#article\",\"isPartOf\":{\"@id\":\"https:\/\/portaltela.pt\/noticias\/2026\/01\/19\/mercado-em-movimento-acompanhe-as-movimentacoes-em-tempo-real-8\/\"},\"author\":{\"name\":\"Telinha\",\"@id\":\"https:\/\/portaltela.pt\/#\/schema\/person\/c4278d4a6028830caff9ee44b42d32ed\"},\"headline\":\"Mercado em movimento: acompanhe as movimenta\u00e7\u00f5es em tempo real\",\"datePublished\":\"2026-01-19T08:37:00+00:00\",\"mainEntityOfPage\":{\"@id\":\"https:\/\/portaltela.pt\/noticias\/2026\/01\/19\/mercado-em-movimento-acompanhe-as-movimentacoes-em-tempo-real-8\/\"},\"wordCount\":286,\"image\":{\"@id\":\"https:\/\/portaltela.pt\/noticias\/2026\/01\/19\/mercado-em-movimento-acompanhe-as-movimentacoes-em-tempo-real-8\/#primaryimage\"},\"thumbnailUrl\":\"https:\/\/portaltela.pt\/s.01k8rhncp4jt1\/2026\/01\/img_1200x721uu2026-01-16-15-41-38-2415153-im-639041749091332351-1.jpg\",\"keywords\":[\"Arouca\",\"Benfica\",\"futebol\",\"Granada\",\"mercado da bola\",\"Sporting\"],\"articleSection\":[\"Desporto\",\"Futebol\"],\"inLanguage\":\"pt-PT\"},{\"@type\":\"WebPage\",\"@id\":\"https:\/\/portaltela.pt\/noticias\/2026\/01\/19\/mercado-em-movimento-acompanhe-as-movimentacoes-em-tempo-real-8\/\",\"url\":\"https:\/\/portaltela.pt\/noticias\/2026\/01\/19\/mercado-em-movimento-acompanhe-as-movimentacoes-em-tempo-real-8\/\",\"name\":\"Mercado em movimento: acompanhe as movimenta\u00e7\u00f5es em tempo real - Portal Tela Portugal\",\"isPartOf\":{\"@id\":\"https:\/\/portaltela.pt\/#website\"},\"primaryImageOfPage\":{\"@id\":\"https:\/\/portaltela.pt\/noticias\/2026\/01\/19\/mercado-em-movimento-acompanhe-as-movimentacoes-em-tempo-real-8\/#primaryimage\"},\"image\":{\"@id\":\"https:\/\/portaltela.pt\/noticias\/2026\/01\/19\/mercado-em-movimento-acompanhe-as-movimentacoes-em-tempo-real-8\/#primaryimage\"},\"thumbnailUrl\":\"https:\/\/portaltela.pt\/s.01k8rhncp4jt1\/2026\/01\/img_1200x721uu2026-01-16-15-41-38-2415153-im-639041749091332351-1.jpg\",\"datePublished\":\"2026-01-19T08:37:00+00:00\",\"author\":{\"@id\":\"https:\/\/portaltela.pt\/#\/schema\/person\/c4278d4a6028830caff9ee44b42d32ed\"},\"breadcrumb\":{\"@id\":\"https:\/\/portaltela.pt\/noticias\/2026\/01\/19\/mercado-em-movimento-acompanhe-as-movimentacoes-em-tempo-real-8\/#breadcrumb\"},\"inLanguage\":\"pt-PT\",\"potentialAction\":[{\"@type\":\"ReadAction\",\"target\":[\"https:\/\/portaltela.pt\/noticias\/2026\/01\/19\/mercado-em-movimento-acompanhe-as-movimentacoes-em-tempo-real-8\/\"]}]},{\"@type\":\"ImageObject\",\"inLanguage\":\"pt-PT\",\"@id\":\"https:\/\/portaltela.pt\/noticias\/2026\/01\/19\/mercado-em-movimento-acompanhe-as-movimentacoes-em-tempo-real-8\/#primaryimage\",\"url\":\"https:\/\/portaltela.pt\/s.01k8rhncp4jt1\/2026\/01\/img_1200x721uu2026-01-16-15-41-38-2415153-im-639041749091332351-1.jpg\",\"contentUrl\":\"https:\/\/portaltela.pt\/s.01k8rhncp4jt1\/2026\/01\/img_1200x721uu2026-01-16-15-41-38-2415153-im-639041749091332351-1.jpg\",\"width\":796,\"height\":448,\"caption\":\"Mourinho com R\u00edos\"},{\"@type\":\"BreadcrumbList\",\"@id\":\"https:\/\/portaltela.pt\/noticias\/2026\/01\/19\/mercado-em-movimento-acompanhe-as-movimentacoes-em-tempo-real-8\/#breadcrumb\",\"itemListElement\":[{\"@type\":\"ListItem\",\"position\":1,\"name\":\"In\u00edcio\",\"item\":\"https:\/\/portaltela.pt\/\"},{\"@type\":\"ListItem\",\"position\":2,\"name\":\"Mercado em movimento: acompanhe as movimenta\u00e7\u00f5es em tempo real\"}]},{\"@type\":\"WebSite\",\"@id\":\"https:\/\/portaltela.pt\/#website\",\"url\":\"https:\/\/portaltela.pt\/\",\"name\":\"Portal Tela Portugal\",\"description\":\"\",\"potentialAction\":[{\"@type\":\"SearchAction\",\"target\":{\"@type\":\"EntryPoint\",\"urlTemplate\":\"https:\/\/portaltela.pt\/?s={search_term_string}\"},\"query-input\":{\"@type\":\"PropertyValueSpecification\",\"valueRequired\":true,\"valueName\":\"search_term_string\"}}],\"inLanguage\":\"pt-PT\"},{\"@type\":\"Person\",\"@id\":\"https:\/\/portaltela.pt\/#\/schema\/person\/c4278d4a6028830caff9ee44b42d32ed\",\"name\":\"Telinha\",\"image\":{\"@type\":\"ImageObject\",\"inLanguage\":\"pt-PT\",\"@id\":\"https:\/\/portaltela.pt\/s.01k8rhncp4jt1\/2025\/11\/talking-bot-125x125.png\",\"url\":\"https:\/\/portaltela.pt\/s.01k8rhncp4jt1\/2025\/11\/talking-bot-125x125.png\",\"contentUrl\":\"https:\/\/portaltela.pt\/s.01k8rhncp4jt1\/2025\/11\/talking-bot-125x125.png\",\"caption\":\"Telinha\"},\"sameAs\":[\"https:\/\/portaltela.pt\/\"],\"url\":\"https:\/\/portaltela.pt\/por\/367410592786\/\"}]}<\/script>\n<!-- \/ Yoast SEO plugin. -->","yoast_head_json":{"title":"Mercado em movimento: acompanhe as movimenta\u00e7\u00f5es em tempo real - Portal Tela Portugal","robots":{"index":"index","follow":"follow","max-snippet":"max-snippet:-1","max-image-preview":"max-image-preview:large","max-video-preview":"max-video-preview:-1"},"og_locale":"pt_PT","og_type":"article","og_title":"Mercado em movimento: acompanhe as movimenta\u00e7\u00f5es em tempo real - Portal Tela Portugal","og_description":"O Manchester United mant\u00e9m o interesse em R\u00faben Neves, mas o Al-Hilal exige 20 milh\u00f5es para avan\u00e7ar com a transfer\u00eancia, com o contrato do internacional portugu\u00eas a terminar em junho. O Sporting acorda com Granada a venda de Faye, que assina por eles at\u00e9 2030; o neg\u00f3cio \u00e9 lucrativo para o Granada, j\u00e1 que envolve 6,5 milh\u00f5es de euros pagos ao Granada, com 50% do passe j\u00e1 controlado pelo Talavera, e direito de 10% de futura venda. Faye fica com cl\u00e1usula de rescis\u00e3o de 80 milh\u00f5es de euros; n\u00e3o poder\u00e1 contribuir j\u00e1 na Liga dos Campe\u00f5es pela fase restante, com Rui Borges a escolher-o para a visita a Arouca. O Benfica n\u00e3o descarta contratar um m\u00e9dio neste mercado, mas a decis\u00e3o depende de les\u00f5es de Richard R\u00edos e Enzo Barrenechea, cuja interven\u00e7\u00e3o cir\u00fargica foi descartada. O Benfica est\u00e1 a negociar com o Besiktas para Rafa Silva no fim desta semana, com tudo j\u00e1 acordado entre o clube e o jogador.","og_url":"https:\/\/portaltela.pt\/noticias\/2026\/01\/19\/mercado-em-movimento-acompanhe-as-movimentacoes-em-tempo-real-8\/","og_site_name":"Portal Tela Portugal","article_published_time":"2026-01-19T08:37:00+00:00","author":"Telinha","twitter_card":"summary_large_image","twitter_misc":{"Escrito por":"Telinha","Tempo estimado de leitura":"1 minuto"},"schema":{"@context":"https:\/\/schema.org","@graph":[{"@type":"Article","@id":"https:\/\/portaltela.pt\/noticias\/2026\/01\/19\/mercado-em-movimento-acompanhe-as-movimentacoes-em-tempo-real-8\/#article","isPartOf":{"@id":"https:\/\/portaltela.pt\/noticias\/2026\/01\/19\/mercado-em-movimento-acompanhe-as-movimentacoes-em-tempo-real-8\/"},"author":{"name":"Telinha","@id":"https:\/\/portaltela.pt\/#\/schema\/person\/c4278d4a6028830caff9ee44b42d32ed"},"headline":"Mercado em movimento: acompanhe as movimenta\u00e7\u00f5es em tempo real","datePublished":"2026-01-19T08:37:00+00:00","mainEntityOfPage":{"@id":"https:\/\/portaltela.pt\/noticias\/2026\/01\/19\/mercado-em-movimento-acompanhe-as-movimentacoes-em-tempo-real-8\/"},"wordCount":286,"image":{"@id":"https:\/\/portaltela.pt\/noticias\/2026\/01\/19\/mercado-em-movimento-acompanhe-as-movimentacoes-em-tempo-real-8\/#primaryimage"},"thumbnailUrl":"https:\/\/portaltela.pt\/s.01k8rhncp4jt1\/2026\/01\/img_1200x721uu2026-01-16-15-41-38-2415153-im-639041749091332351-1.jpg","keywords":["Arouca","Benfica","futebol","Granada","mercado da bola","Sporting"],"articleSection":["Desporto","Futebol"],"inLanguage":"pt-PT"},{"@type":"WebPage","@id":"https:\/\/portaltela.pt\/noticias\/2026\/01\/19\/mercado-em-movimento-acompanhe-as-movimentacoes-em-tempo-real-8\/","url":"https:\/\/portaltela.pt\/noticias\/2026\/01\/19\/mercado-em-movimento-acompanhe-as-movimentacoes-em-tempo-real-8\/","name":"Mercado em movimento: acompanhe as movimenta\u00e7\u00f5es em tempo real - Portal Tela Portugal","isPartOf":{"@id":"https:\/\/portaltela.pt\/#website"},"primaryImageOfPage":{"@id":"https:\/\/portaltela.pt\/noticias\/2026\/01\/19\/mercado-em-movimento-acompanhe-as-movimentacoes-em-tempo-real-8\/#primaryimage"},"image":{"@id":"https:\/\/portaltela.pt\/noticias\/2026\/01\/19\/mercado-em-movimento-acompanhe-as-movimentacoes-em-tempo-real-8\/#primaryimage"},"thumbnailUrl":"https:\/\/portaltela.pt\/s.01k8rhncp4jt1\/2026\/01\/img_1200x721uu2026-01-16-15-41-38-2415153-im-639041749091332351-1.jpg","datePublished":"2026-01-19T08:37:00+00:00","author":{"@id":"https:\/\/portaltela.pt\/#\/schema\/person\/c4278d4a6028830caff9ee44b42d32ed"},"breadcrumb":{"@id":"https:\/\/portaltela.pt\/noticias\/2026\/01\/19\/mercado-em-movimento-acompanhe-as-movimentacoes-em-tempo-real-8\/#breadcrumb"},"inLanguage":"pt-PT","potentialAction":[{"@type":"ReadAction","target":["https:\/\/portaltela.pt\/noticias\/2026\/01\/19\/mercado-em-movimento-acompanhe-as-movimentacoes-em-tempo-real-8\/"]}]},{"@type":"ImageObject","inLanguage":"pt-PT","@id":"https:\/\/portaltela.pt\/noticias\/2026\/01\/19\/mercado-em-movimento-acompanhe-as-movimentacoes-em-tempo-real-8\/#primaryimage","url":"https:\/\/portaltela.pt\/s.01k8rhncp4jt1\/2026\/01\/img_1200x721uu2026-01-16-15-41-38-2415153-im-639041749091332351-1.jpg","contentUrl":"https:\/\/portaltela.pt\/s.01k8rhncp4jt1\/2026\/01\/img_1200x721uu2026-01-16-15-41-38-2415153-im-639041749091332351-1.jpg","width":796,"height":448,"caption":"Mourinho com R\u00edos"},{"@type":"BreadcrumbList","@id":"https:\/\/portaltela.pt\/noticias\/2026\/01\/19\/mercado-em-movimento-acompanhe-as-movimentacoes-em-tempo-real-8\/#breadcrumb","itemListElement":[{"@type":"ListItem","position":1,"name":"In\u00edcio","item":"https:\/\/portaltela.pt\/"},{"@type":"ListItem","position":2,"name":"Mercado em movimento: acompanhe as movimenta\u00e7\u00f5es em tempo real"}]},{"@type":"WebSite","@id":"https:\/\/portaltela.pt\/#website","url":"https:\/\/portaltela.pt\/","name":"Portal Tela Portugal","description":"","potentialAction":[{"@type":"SearchAction","target":{"@type":"EntryPoint","urlTemplate":"https:\/\/portaltela.pt\/?s={search_term_string}"},"query-input":{"@type":"PropertyValueSpecification","valueRequired":true,"valueName":"search_term_string"}}],"inLanguage":"pt-PT"},{"@type":"Person","@id":"https:\/\/portaltela.pt\/#\/schema\/person\/c4278d4a6028830caff9ee44b42d32ed","name":"Telinha","image":{"@type":"ImageObject","inLanguage":"pt-PT","@id":"https:\/\/portaltela.pt\/s.01k8rhncp4jt1\/2025\/11\/talking-bot-125x125.png","url":"https:\/\/portaltela.pt\/s.01k8rhncp4jt1\/2025\/11\/talking-bot-125x125.png","contentUrl":"https:\/\/portaltela.pt\/s.01k8rhncp4jt1\/2025\/11\/talking-bot-125x125.png","caption":"Telinha"},"sameAs":["https:\/\/portaltela.pt\/"],"url":"https:\/\/portaltela.pt\/por\/367410592786\/"}]}},"_links":{"self":[{"href":"https:\/\/portaltela.pt\/api\/wp\/v2\/posts\/152200","targetHints":{"allow":["GET"]}}],"collection":[{"href":"https:\/\/portaltela.pt\/api\/wp\/v2\/posts"}],"about":[{"href":"https:\/\/portaltela.pt\/api\/wp\/v2\/types\/post"}],"author":[{"embeddable":true,"href":"https:\/\/portaltela.pt\/api\/wp\/v2\/users\/2"}],"replies":[{"embeddable":true,"href":"https:\/\/portaltela.pt\/api\/wp\/v2\/comments?post=152200"}],"version-history":[{"count":0,"href":"https:\/\/portaltela.pt\/api\/wp\/v2\/posts\/152200\/revisions"}],"wp:featuredmedia":[{"embeddable":true,"href":"https:\/\/portaltela.pt\/api\/wp\/v2\/media\/152204"}],"wp:attachment":[{"href":"https:\/\/portaltela.pt\/api\/wp\/v2\/media?parent=152200"}],"wp:term":[{"taxonomy":"category","embeddable":true,"href":"https:\/\/portaltela.pt\/api\/wp\/v2\/categories?post=152200"},{"taxonomy":"post_tag","embeddable":true,"href":"https:\/\/portaltela.pt\/api\/wp\/v2\/tags?post=152200"}],"curies":[{"name":"wp","href":"https:\/\/api.w.org\/{rel}","templated":true}]}}