{"id":152199,"date":"2026-01-18T21:00:00","date_gmt":"2026-01-19T00:00:00","guid":{"rendered":"https:\/\/portaltela.pt\/noticias\/2026\/01\/18\/direita-comeca-a-perder-a-paciencia-nas-presidenciais\/"},"modified":"2026-01-18T21:00:00","modified_gmt":"2026-01-19T00:00:00","slug":"direita-comeca-a-perder-a-paciencia-nas-presidenciais","status":"publish","type":"post","link":"https:\/\/portaltela.pt\/noticias\/politica\/2026\/01\/18\/direita-comeca-a-perder-a-paciencia-nas-presidenciais\/","title":{"rendered":"Direita come\u00e7a a perder a paci\u00eancia nas Presidenciais"},"content":{"rendered":"<p>Na corrida presidencial, a leitura de analistas aponta para uma perda de paci\u00eancia por parte de setores da direita. Seguro e Ventura, ao chegarem \u00e0 segunda volta, s\u00e3o apresentados como pontos centrais da atual curva de apoio, enquanto os pr\u00f3ximos passos da campanha ainda geram descontentamento entre alguns aliados.<\/p>\n<p>Gouveia e Melo \u00e9 descrito por observadores como mantendo o perfil de pol\u00edtico tradicional, sem rasgos de distin\u00e7\u00e3o significativos face a outros nomes da esfera governista. Montenegro, por sua vez, recebeu um aviso considerado severo por parte de movimentos e estruturas que acompanham o desenrolar da competi\u00e7\u00e3o.<\/p>\n<h3>Rea\u00e7\u00e3o dentro da direita<\/h3>\n<p>A avalia\u00e7\u00e3o comum entre comentadores \u00e9 de que surgem tens\u00f5es entre discri\u00e7\u00e3o estrat\u00e9gica e exig\u00eancia de resultados. O cen\u00e1rio atual aponta para uma calibragem de mensagens, com foco na captura de votos de regi\u00f5es de maior peso pol\u00edtico. N\u00e3o h\u00e1 confirma\u00e7\u00e3o de alian\u00e7as formais ou mudan\u00e7as decisivas na coaliz\u00e3o recordada pela imprensa.<\/p>\n","protected":false},"excerpt":{"rendered":"<ul>\n<li>Na corrida presidencial, Seguro e Ventura passaram \u00e0 segunda volta.<\/li>\n<li>Gouveia e Melo \u00e9 descrito pela mat\u00e9ria como igual aos outros pol\u00edticos.<\/li>\n<li>Montenegro recebeu um aviso considerado s\u00e9rio.<\/li>\n<li>A leitura do texto aponta que a direita j\u00e1 come\u00e7a a perder a paci\u00eancia.<\/li>\n<li>A narrativa recorre \u00e0 ideia de Bom, Mau e Vil\u00e3o para caracterizar os candidatos.<\/li>\n<\/ul>\n","protected":false},"author":2,"featured_media":152203,"comment_status":"closed","ping_status":"closed","sticky":false,"template":"","format":"standard","meta":{"footnotes":""},"categories":[1,5],"tags":[2890,3111,2832,3001,3416,2558],"class_list":["post-152199","post","type-post","status-publish","format-standard","has-post-thumbnail","hentry","category-noticias","category-politica","tag-gouveia-e-melo","tag-montenegro","tag-politica","tag-presidenciais","tag-seguro","tag-ventura"],"yoast_head":"<!-- This site is optimized with the Yoast SEO plugin v27.2 - https:\/\/yoast.com\/product\/yoast-seo-wordpress\/ -->\n<title>Direita come\u00e7a a perder a paci\u00eancia nas Presidenciais - Portal Tela Portugal<\/title>\n<meta name=\"robots\" content=\"index, follow, max-snippet:-1, max-image-preview:large, max-video-preview:-1\" \/>\n<meta property=\"og:locale\" content=\"pt_PT\" \/>\n<meta property=\"og:type\" content=\"article\" \/>\n<meta property=\"og:title\" content=\"Direita come\u00e7a a perder a paci\u00eancia nas Presidenciais - Portal Tela Portugal\" \/>\n<meta property=\"og:description\" content=\"Na corrida presidencial, Seguro e Ventura passaram \u00e0 segunda volta. Gouveia e Melo \u00e9 descrito pela mat\u00e9ria como igual aos outros pol\u00edticos. Montenegro recebeu um aviso considerado s\u00e9rio. A leitura do texto aponta que a direita j\u00e1 come\u00e7a a perder a paci\u00eancia. A narrativa recorre \u00e0 ideia de Bom, Mau e Vil\u00e3o para caracterizar os candidatos.\" \/>\n<meta property=\"og:url\" content=\"https:\/\/portaltela.pt\/noticias\/2026\/01\/18\/direita-comeca-a-perder-a-paciencia-nas-presidenciais\/\" \/>\n<meta property=\"og:site_name\" content=\"Portal Tela Portugal\" \/>\n<meta property=\"article:published_time\" content=\"2026-01-19T00:00:00+00:00\" \/>\n<meta name=\"author\" content=\"Telinha\" \/>\n<meta name=\"twitter:card\" content=\"summary_large_image\" \/>\n<meta name=\"twitter:label1\" content=\"Escrito por\" \/>\n\t<meta name=\"twitter:data1\" content=\"Telinha\" \/>\n\t<meta name=\"twitter:label2\" content=\"Tempo estimado de leitura\" \/>\n\t<meta name=\"twitter:data2\" content=\"1 minuto\" \/>\n<script type=\"application\/ld+json\" class=\"yoast-schema-graph\">{\"@context\":\"https:\/\/schema.org\",\"@graph\":[{\"@type\":\"Article\",\"@id\":\"https:\/\/portaltela.pt\/noticias\/2026\/01\/18\/direita-comeca-a-perder-a-paciencia-nas-presidenciais\/#article\",\"isPartOf\":{\"@id\":\"https:\/\/portaltela.pt\/noticias\/2026\/01\/18\/direita-comeca-a-perder-a-paciencia-nas-presidenciais\/\"},\"author\":{\"name\":\"Telinha\",\"@id\":\"https:\/\/portaltela.pt\/#\/schema\/person\/c4278d4a6028830caff9ee44b42d32ed\"},\"headline\":\"Direita come\u00e7a a perder a paci\u00eancia nas Presidenciais\",\"datePublished\":\"2026-01-19T00:00:00+00:00\",\"mainEntityOfPage\":{\"@id\":\"https:\/\/portaltela.pt\/noticias\/2026\/01\/18\/direita-comeca-a-perder-a-paciencia-nas-presidenciais\/\"},\"wordCount\":179,\"image\":{\"@id\":\"https:\/\/portaltela.pt\/noticias\/2026\/01\/18\/direita-comeca-a-perder-a-paciencia-nas-presidenciais\/#primaryimage\"},\"thumbnailUrl\":\"https:\/\/portaltela.pt\/s.01k8rhncp4jt1\/2026\/01\/770-podcast-o-bom-o-mau-e-o-vilao-2025-7.jpg\",\"keywords\":[\"Gouveia e Melo\",\"Montenegro\",\"pol\u00edtica\",\"Presidenciais\",\"Seguro\",\"Ventura\"],\"articleSection\":[\"Not\u00edcias\",\"Pol\u00edtica\"],\"inLanguage\":\"pt-PT\"},{\"@type\":\"WebPage\",\"@id\":\"https:\/\/portaltela.pt\/noticias\/2026\/01\/18\/direita-comeca-a-perder-a-paciencia-nas-presidenciais\/\",\"url\":\"https:\/\/portaltela.pt\/noticias\/2026\/01\/18\/direita-comeca-a-perder-a-paciencia-nas-presidenciais\/\",\"name\":\"Direita come\u00e7a a perder a paci\u00eancia nas Presidenciais - Portal Tela Portugal\",\"isPartOf\":{\"@id\":\"https:\/\/portaltela.pt\/#website\"},\"primaryImageOfPage\":{\"@id\":\"https:\/\/portaltela.pt\/noticias\/2026\/01\/18\/direita-comeca-a-perder-a-paciencia-nas-presidenciais\/#primaryimage\"},\"image\":{\"@id\":\"https:\/\/portaltela.pt\/noticias\/2026\/01\/18\/direita-comeca-a-perder-a-paciencia-nas-presidenciais\/#primaryimage\"},\"thumbnailUrl\":\"https:\/\/portaltela.pt\/s.01k8rhncp4jt1\/2026\/01\/770-podcast-o-bom-o-mau-e-o-vilao-2025-7.jpg\",\"datePublished\":\"2026-01-19T00:00:00+00:00\",\"author\":{\"@id\":\"https:\/\/portaltela.pt\/#\/schema\/person\/c4278d4a6028830caff9ee44b42d32ed\"},\"breadcrumb\":{\"@id\":\"https:\/\/portaltela.pt\/noticias\/2026\/01\/18\/direita-comeca-a-perder-a-paciencia-nas-presidenciais\/#breadcrumb\"},\"inLanguage\":\"pt-PT\",\"potentialAction\":[{\"@type\":\"ReadAction\",\"target\":[\"https:\/\/portaltela.pt\/noticias\/2026\/01\/18\/direita-comeca-a-perder-a-paciencia-nas-presidenciais\/\"]}]},{\"@type\":\"ImageObject\",\"inLanguage\":\"pt-PT\",\"@id\":\"https:\/\/portaltela.pt\/noticias\/2026\/01\/18\/direita-comeca-a-perder-a-paciencia-nas-presidenciais\/#primaryimage\",\"url\":\"https:\/\/portaltela.pt\/s.01k8rhncp4jt1\/2026\/01\/770-podcast-o-bom-o-mau-e-o-vilao-2025-7.jpg\",\"contentUrl\":\"https:\/\/portaltela.pt\/s.01k8rhncp4jt1\/2026\/01\/770-podcast-o-bom-o-mau-e-o-vilao-2025-7.jpg\",\"width\":796,\"height\":448,\"caption\":\"Capa do programa\"},{\"@type\":\"BreadcrumbList\",\"@id\":\"https:\/\/portaltela.pt\/noticias\/2026\/01\/18\/direita-comeca-a-perder-a-paciencia-nas-presidenciais\/#breadcrumb\",\"itemListElement\":[{\"@type\":\"ListItem\",\"position\":1,\"name\":\"In\u00edcio\",\"item\":\"https:\/\/portaltela.pt\/\"},{\"@type\":\"ListItem\",\"position\":2,\"name\":\"Direita come\u00e7a a perder a paci\u00eancia nas Presidenciais\"}]},{\"@type\":\"WebSite\",\"@id\":\"https:\/\/portaltela.pt\/#website\",\"url\":\"https:\/\/portaltela.pt\/\",\"name\":\"Portal Tela Portugal\",\"description\":\"\",\"potentialAction\":[{\"@type\":\"SearchAction\",\"target\":{\"@type\":\"EntryPoint\",\"urlTemplate\":\"https:\/\/portaltela.pt\/?s={search_term_string}\"},\"query-input\":{\"@type\":\"PropertyValueSpecification\",\"valueRequired\":true,\"valueName\":\"search_term_string\"}}],\"inLanguage\":\"pt-PT\"},{\"@type\":\"Person\",\"@id\":\"https:\/\/portaltela.pt\/#\/schema\/person\/c4278d4a6028830caff9ee44b42d32ed\",\"name\":\"Telinha\",\"image\":{\"@type\":\"ImageObject\",\"inLanguage\":\"pt-PT\",\"@id\":\"https:\/\/portaltela.pt\/s.01k8rhncp4jt1\/2025\/11\/talking-bot-125x125.png\",\"url\":\"https:\/\/portaltela.pt\/s.01k8rhncp4jt1\/2025\/11\/talking-bot-125x125.png\",\"contentUrl\":\"https:\/\/portaltela.pt\/s.01k8rhncp4jt1\/2025\/11\/talking-bot-125x125.png\",\"caption\":\"Telinha\"},\"sameAs\":[\"https:\/\/portaltela.pt\/\"],\"url\":\"https:\/\/portaltela.pt\/por\/367410592786\/\"}]}<\/script>\n<!-- \/ Yoast SEO plugin. -->","yoast_head_json":{"title":"Direita come\u00e7a a perder a paci\u00eancia nas Presidenciais - Portal Tela Portugal","robots":{"index":"index","follow":"follow","max-snippet":"max-snippet:-1","max-image-preview":"max-image-preview:large","max-video-preview":"max-video-preview:-1"},"og_locale":"pt_PT","og_type":"article","og_title":"Direita come\u00e7a a perder a paci\u00eancia nas Presidenciais - Portal Tela Portugal","og_description":"Na corrida presidencial, Seguro e Ventura passaram \u00e0 segunda volta. Gouveia e Melo \u00e9 descrito pela mat\u00e9ria como igual aos outros pol\u00edticos. Montenegro recebeu um aviso considerado s\u00e9rio. A leitura do texto aponta que a direita j\u00e1 come\u00e7a a perder a paci\u00eancia. A narrativa recorre \u00e0 ideia de Bom, Mau e Vil\u00e3o para caracterizar os candidatos.","og_url":"https:\/\/portaltela.pt\/noticias\/2026\/01\/18\/direita-comeca-a-perder-a-paciencia-nas-presidenciais\/","og_site_name":"Portal Tela Portugal","article_published_time":"2026-01-19T00:00:00+00:00","author":"Telinha","twitter_card":"summary_large_image","twitter_misc":{"Escrito por":"Telinha","Tempo estimado de leitura":"1 minuto"},"schema":{"@context":"https:\/\/schema.org","@graph":[{"@type":"Article","@id":"https:\/\/portaltela.pt\/noticias\/2026\/01\/18\/direita-comeca-a-perder-a-paciencia-nas-presidenciais\/#article","isPartOf":{"@id":"https:\/\/portaltela.pt\/noticias\/2026\/01\/18\/direita-comeca-a-perder-a-paciencia-nas-presidenciais\/"},"author":{"name":"Telinha","@id":"https:\/\/portaltela.pt\/#\/schema\/person\/c4278d4a6028830caff9ee44b42d32ed"},"headline":"Direita come\u00e7a a perder a paci\u00eancia nas Presidenciais","datePublished":"2026-01-19T00:00:00+00:00","mainEntityOfPage":{"@id":"https:\/\/portaltela.pt\/noticias\/2026\/01\/18\/direita-comeca-a-perder-a-paciencia-nas-presidenciais\/"},"wordCount":179,"image":{"@id":"https:\/\/portaltela.pt\/noticias\/2026\/01\/18\/direita-comeca-a-perder-a-paciencia-nas-presidenciais\/#primaryimage"},"thumbnailUrl":"https:\/\/portaltela.pt\/s.01k8rhncp4jt1\/2026\/01\/770-podcast-o-bom-o-mau-e-o-vilao-2025-7.jpg","keywords":["Gouveia e Melo","Montenegro","pol\u00edtica","Presidenciais","Seguro","Ventura"],"articleSection":["Not\u00edcias","Pol\u00edtica"],"inLanguage":"pt-PT"},{"@type":"WebPage","@id":"https:\/\/portaltela.pt\/noticias\/2026\/01\/18\/direita-comeca-a-perder-a-paciencia-nas-presidenciais\/","url":"https:\/\/portaltela.pt\/noticias\/2026\/01\/18\/direita-comeca-a-perder-a-paciencia-nas-presidenciais\/","name":"Direita come\u00e7a a perder a paci\u00eancia nas Presidenciais - Portal Tela Portugal","isPartOf":{"@id":"https:\/\/portaltela.pt\/#website"},"primaryImageOfPage":{"@id":"https:\/\/portaltela.pt\/noticias\/2026\/01\/18\/direita-comeca-a-perder-a-paciencia-nas-presidenciais\/#primaryimage"},"image":{"@id":"https:\/\/portaltela.pt\/noticias\/2026\/01\/18\/direita-comeca-a-perder-a-paciencia-nas-presidenciais\/#primaryimage"},"thumbnailUrl":"https:\/\/portaltela.pt\/s.01k8rhncp4jt1\/2026\/01\/770-podcast-o-bom-o-mau-e-o-vilao-2025-7.jpg","datePublished":"2026-01-19T00:00:00+00:00","author":{"@id":"https:\/\/portaltela.pt\/#\/schema\/person\/c4278d4a6028830caff9ee44b42d32ed"},"breadcrumb":{"@id":"https:\/\/portaltela.pt\/noticias\/2026\/01\/18\/direita-comeca-a-perder-a-paciencia-nas-presidenciais\/#breadcrumb"},"inLanguage":"pt-PT","potentialAction":[{"@type":"ReadAction","target":["https:\/\/portaltela.pt\/noticias\/2026\/01\/18\/direita-comeca-a-perder-a-paciencia-nas-presidenciais\/"]}]},{"@type":"ImageObject","inLanguage":"pt-PT","@id":"https:\/\/portaltela.pt\/noticias\/2026\/01\/18\/direita-comeca-a-perder-a-paciencia-nas-presidenciais\/#primaryimage","url":"https:\/\/portaltela.pt\/s.01k8rhncp4jt1\/2026\/01\/770-podcast-o-bom-o-mau-e-o-vilao-2025-7.jpg","contentUrl":"https:\/\/portaltela.pt\/s.01k8rhncp4jt1\/2026\/01\/770-podcast-o-bom-o-mau-e-o-vilao-2025-7.jpg","width":796,"height":448,"caption":"Capa do programa"},{"@type":"BreadcrumbList","@id":"https:\/\/portaltela.pt\/noticias\/2026\/01\/18\/direita-comeca-a-perder-a-paciencia-nas-presidenciais\/#breadcrumb","itemListElement":[{"@type":"ListItem","position":1,"name":"In\u00edcio","item":"https:\/\/portaltela.pt\/"},{"@type":"ListItem","position":2,"name":"Direita come\u00e7a a perder a paci\u00eancia nas Presidenciais"}]},{"@type":"WebSite","@id":"https:\/\/portaltela.pt\/#website","url":"https:\/\/portaltela.pt\/","name":"Portal Tela Portugal","description":"","potentialAction":[{"@type":"SearchAction","target":{"@type":"EntryPoint","urlTemplate":"https:\/\/portaltela.pt\/?s={search_term_string}"},"query-input":{"@type":"PropertyValueSpecification","valueRequired":true,"valueName":"search_term_string"}}],"inLanguage":"pt-PT"},{"@type":"Person","@id":"https:\/\/portaltela.pt\/#\/schema\/person\/c4278d4a6028830caff9ee44b42d32ed","name":"Telinha","image":{"@type":"ImageObject","inLanguage":"pt-PT","@id":"https:\/\/portaltela.pt\/s.01k8rhncp4jt1\/2025\/11\/talking-bot-125x125.png","url":"https:\/\/portaltela.pt\/s.01k8rhncp4jt1\/2025\/11\/talking-bot-125x125.png","contentUrl":"https:\/\/portaltela.pt\/s.01k8rhncp4jt1\/2025\/11\/talking-bot-125x125.png","caption":"Telinha"},"sameAs":["https:\/\/portaltela.pt\/"],"url":"https:\/\/portaltela.pt\/por\/367410592786\/"}]}},"_links":{"self":[{"href":"https:\/\/portaltela.pt\/api\/wp\/v2\/posts\/152199","targetHints":{"allow":["GET"]}}],"collection":[{"href":"https:\/\/portaltela.pt\/api\/wp\/v2\/posts"}],"about":[{"href":"https:\/\/portaltela.pt\/api\/wp\/v2\/types\/post"}],"author":[{"embeddable":true,"href":"https:\/\/portaltela.pt\/api\/wp\/v2\/users\/2"}],"replies":[{"embeddable":true,"href":"https:\/\/portaltela.pt\/api\/wp\/v2\/comments?post=152199"}],"version-history":[{"count":0,"href":"https:\/\/portaltela.pt\/api\/wp\/v2\/posts\/152199\/revisions"}],"wp:featuredmedia":[{"embeddable":true,"href":"https:\/\/portaltela.pt\/api\/wp\/v2\/media\/152203"}],"wp:attachment":[{"href":"https:\/\/portaltela.pt\/api\/wp\/v2\/media?parent=152199"}],"wp:term":[{"taxonomy":"category","embeddable":true,"href":"https:\/\/portaltela.pt\/api\/wp\/v2\/categories?post=152199"},{"taxonomy":"post_tag","embeddable":true,"href":"https:\/\/portaltela.pt\/api\/wp\/v2\/tags?post=152199"}],"curies":[{"name":"wp","href":"https:\/\/api.w.org\/{rel}","templated":true}]}}