{"id":152126,"date":"2026-01-19T04:39:00","date_gmt":"2026-01-19T07:39:00","guid":{"rendered":"https:\/\/portaltela.pt\/noticias\/2026\/01\/19\/surto-de-colera-em-mocambique-soma-2-343-casos-em-quatro-meses\/"},"modified":"2026-01-19T04:39:00","modified_gmt":"2026-01-19T07:39:00","slug":"surto-de-colera-em-mocambique-soma-2-343-casos-em-quatro-meses","status":"publish","type":"post","link":"https:\/\/portaltela.pt\/noticias\/2026\/01\/19\/surto-de-colera-em-mocambique-soma-2-343-casos-em-quatro-meses\/","title":{"rendered":"Surto de c\u00f3lera em Mo\u00e7ambique soma 2.343 casos em quatro meses"},"content":{"rendered":"<p>O surto de c\u00f3lera em Mo\u00e7ambique registou 2.279 casos entre 3 de setembro e 15 de janeiro, segundo o \u00faltimo boletim da Dire\u00e7\u00e3o Nacional de Sa\u00fade P\u00fablica. O total de \u00f3bitos mant\u00e9m-se em 26 no balan\u00e7o anterior. O relat\u00f3rio detalha distribui\u00e7\u00e3o por prov\u00edncias.<\/p>\n<p>Na \u00faltima atualiza\u00e7\u00e3o, 1.079 casos concentram-se em Nampula, com 13 mortos, 885 em Tete, tamb\u00e9m com 13 \u00f3bitos, e 379 em Cabo Delgado, com dois \u00f3bitos. Os n\u00fameros refletem o peso regional da doen\u00e7a no territ\u00f3rio.<\/p>\n<p>Entre os 64 novos casos reportados nas 24 horas anteriores ao fecho do boletim, estavam 44 pessoas internadas. A taxa de letalidade, que era de 1,5% na semana anterior, caiu para 1,2% neste balan\u00e7o.<\/p>\n<p>Historicamente, o surto anterior (17 de outubro de 2024 a 20 de julho de 2025) totalizou 4.420 infetados, com 3.590 na prov\u00edncia de Nampula e 64 mortos. Os dados atuais ajudam a acompanhar a evolu\u00e7\u00e3o da crise de sa\u00fade.<\/p>\n<p>O ministro da Sa\u00fade indicou que, em 2025, morreram pelo menos 169 pessoas de c\u00f3lera em Mo\u00e7ambique, num total de cerca de 40 mil casos, conforme declara\u00e7\u00e3o feita em dezembro. O objetivo \u00e9 reduzir o impacto da doen\u00e7a com medidas de higiene.<\/p>\n<p>Durante a sess\u00e3o parlamentar em Maputo, o ministro salientou a c\u00f3lera como problema de sa\u00fade p\u00fablica e pediu maior respeito pelas medidas de higiene para conter o surto. O Governo tem feito refor\u00e7os em higiene e \u00e1gua pot\u00e1vel.<\/p>\n<p>Vacinas s\u00e3o parte da resposta: o Executivo afirma ter recebido cerca de 3,5 milh\u00f5es de doses para prevenir e tratar a c\u00f3lera, refor\u00e7ando a necessidade de informa\u00e7\u00e3o comunit\u00e1ria eficaz. Cerca de 70% dos \u00f3bitos de 2025 ocorreram na comunidade.<\/p>\n<h3>Plano estrat\u00e9gico<\/h3>\n<p>O Governo visa eliminar a c\u00f3lera como problema de sa\u00fade p\u00fablica at\u00e9 2030, com ac\u00e7\u00f5es multissetoriais e evid\u00eancias cient\u00edficas. O plano, aprovado em setembro, tem avalia\u00e7\u00e3o correspondente a 31 mil milh\u00f5es de meticais (418,5 milh\u00f5es de euros).<\/p>\n","protected":false},"excerpt":{"rendered":"<ul>\n<li>O surto de c\u00f3lera em Mo\u00e7ambique, com dados de 03 de setembro a 15 de janeiro, soma cerca de 2.279 casos e 26 \u00f3bitos; o balan\u00e7o anterior (at\u00e9 07 de janeiro) era de 1.784 casos.<\/li>\n<li>Nas \u00faltimas 24 horas, foram registados 64 novos casos, com 44 pessoas internadas; a letalidade subiu para 1,2% (anteriormente 1,5%), face a dezembro (0,5%).<\/li>\n<li>Distribui\u00e7\u00e3o regional: Nampula tem 1.079 casos e 13 \u00f3bitos; Tete, 885 casos e 13 \u00f3bitos; Cabo Delgado, 379 casos e 2 \u00f3bitos.<\/li>\n<li>Em 2025, j\u00e1 morreram pelo menos 169 pessoas devido \u00e0 c\u00f3lera, entre cerca de 40 mil casos, com preocupa\u00e7\u00e3o para a informa\u00e7\u00e3o e comunica\u00e7\u00e3o nas comunidades.<\/li>\n<li>O Governo visa eliminar a c\u00f3lera como problema de sa\u00fade p\u00fablica at\u00e9 2030, com plano de 31 mil milh\u00f5es de meticais e 3,5 milh\u00f5es de doses de vacinas para preven\u00e7\u00e3o e tratamento.<\/li>\n<\/ul>\n","protected":false},"author":2,"featured_media":152132,"comment_status":"closed","ping_status":"closed","sticky":false,"template":"","format":"standard","meta":{"footnotes":""},"categories":[1],"tags":[1503,2049,1911,1948,271,3440],"class_list":["post-152126","post","type-post","status-publish","format-standard","has-post-thumbnail","hentry","category-noticias","tag-abastecimento-de-agua","tag-cabo-delgado","tag-mocambique","tag-nampula","tag-saude-publica","tag-tete"],"yoast_head":"<!-- This site is optimized with the Yoast SEO plugin v27.2 - https:\/\/yoast.com\/product\/yoast-seo-wordpress\/ -->\n<title>Surto de c\u00f3lera em Mo\u00e7ambique soma 2.343 casos em quatro meses - Portal Tela Portugal<\/title>\n<meta name=\"robots\" content=\"index, follow, max-snippet:-1, max-image-preview:large, max-video-preview:-1\" \/>\n<meta property=\"og:locale\" content=\"pt_PT\" \/>\n<meta property=\"og:type\" content=\"article\" \/>\n<meta property=\"og:title\" content=\"Surto de c\u00f3lera em Mo\u00e7ambique soma 2.343 casos em quatro meses - Portal Tela Portugal\" \/>\n<meta property=\"og:description\" content=\"O surto de c\u00f3lera em Mo\u00e7ambique, com dados de 03 de setembro a 15 de janeiro, soma cerca de 2.279 casos e 26 \u00f3bitos; o balan\u00e7o anterior (at\u00e9 07 de janeiro) era de 1.784 casos. Nas \u00faltimas 24 horas, foram registados 64 novos casos, com 44 pessoas internadas; a letalidade subiu para 1,2% (anteriormente 1,5%), face a dezembro (0,5%). Distribui\u00e7\u00e3o regional: Nampula tem 1.079 casos e 13 \u00f3bitos; Tete, 885 casos e 13 \u00f3bitos; Cabo Delgado, 379 casos e 2 \u00f3bitos. Em 2025, j\u00e1 morreram pelo menos 169 pessoas devido \u00e0 c\u00f3lera, entre cerca de 40 mil casos, com preocupa\u00e7\u00e3o para a informa\u00e7\u00e3o e comunica\u00e7\u00e3o nas comunidades. O Governo visa eliminar a c\u00f3lera como problema de sa\u00fade p\u00fablica at\u00e9 2030, com plano de 31 mil milh\u00f5es de meticais e 3,5 milh\u00f5es de doses de vacinas para preven\u00e7\u00e3o e tratamento.\" \/>\n<meta property=\"og:url\" content=\"https:\/\/portaltela.pt\/noticias\/2026\/01\/19\/surto-de-colera-em-mocambique-soma-2-343-casos-em-quatro-meses\/\" \/>\n<meta property=\"og:site_name\" content=\"Portal Tela Portugal\" \/>\n<meta property=\"article:published_time\" content=\"2026-01-19T07:39:00+00:00\" \/>\n<meta name=\"author\" content=\"Telinha\" \/>\n<meta name=\"twitter:card\" content=\"summary_large_image\" \/>\n<meta name=\"twitter:label1\" content=\"Escrito por\" \/>\n\t<meta name=\"twitter:data1\" content=\"Telinha\" \/>\n\t<meta name=\"twitter:label2\" content=\"Tempo estimado de leitura\" \/>\n\t<meta name=\"twitter:data2\" content=\"2 minutos\" \/>\n<script type=\"application\/ld+json\" class=\"yoast-schema-graph\">{\"@context\":\"https:\/\/schema.org\",\"@graph\":[{\"@type\":\"Article\",\"@id\":\"https:\/\/portaltela.pt\/noticias\/2026\/01\/19\/surto-de-colera-em-mocambique-soma-2-343-casos-em-quatro-meses\/#article\",\"isPartOf\":{\"@id\":\"https:\/\/portaltela.pt\/noticias\/2026\/01\/19\/surto-de-colera-em-mocambique-soma-2-343-casos-em-quatro-meses\/\"},\"author\":{\"name\":\"Telinha\",\"@id\":\"https:\/\/portaltela.pt\/#\/schema\/person\/c4278d4a6028830caff9ee44b42d32ed\"},\"headline\":\"Surto de c\u00f3lera em Mo\u00e7ambique soma 2.343 casos em quatro meses\",\"datePublished\":\"2026-01-19T07:39:00+00:00\",\"mainEntityOfPage\":{\"@id\":\"https:\/\/portaltela.pt\/noticias\/2026\/01\/19\/surto-de-colera-em-mocambique-soma-2-343-casos-em-quatro-meses\/\"},\"wordCount\":337,\"image\":{\"@id\":\"https:\/\/portaltela.pt\/noticias\/2026\/01\/19\/surto-de-colera-em-mocambique-soma-2-343-casos-em-quatro-meses\/#primaryimage\"},\"thumbnailUrl\":\"https:\/\/portaltela.pt\/s.01k8rhncp4jt1\/2026\/01\/unnamed-file-3796.jpg\",\"keywords\":[\"abastecimento de \u00e1gua\",\"Cabo Delgado\",\"Mo\u00e7ambique\",\"Nampula\",\"sa\u00fade p\u00fablica\",\"Tete\"],\"articleSection\":[\"Not\u00edcias\"],\"inLanguage\":\"pt-PT\"},{\"@type\":\"WebPage\",\"@id\":\"https:\/\/portaltela.pt\/noticias\/2026\/01\/19\/surto-de-colera-em-mocambique-soma-2-343-casos-em-quatro-meses\/\",\"url\":\"https:\/\/portaltela.pt\/noticias\/2026\/01\/19\/surto-de-colera-em-mocambique-soma-2-343-casos-em-quatro-meses\/\",\"name\":\"Surto de c\u00f3lera em Mo\u00e7ambique soma 2.343 casos em quatro meses - Portal Tela Portugal\",\"isPartOf\":{\"@id\":\"https:\/\/portaltela.pt\/#website\"},\"primaryImageOfPage\":{\"@id\":\"https:\/\/portaltela.pt\/noticias\/2026\/01\/19\/surto-de-colera-em-mocambique-soma-2-343-casos-em-quatro-meses\/#primaryimage\"},\"image\":{\"@id\":\"https:\/\/portaltela.pt\/noticias\/2026\/01\/19\/surto-de-colera-em-mocambique-soma-2-343-casos-em-quatro-meses\/#primaryimage\"},\"thumbnailUrl\":\"https:\/\/portaltela.pt\/s.01k8rhncp4jt1\/2026\/01\/unnamed-file-3796.jpg\",\"datePublished\":\"2026-01-19T07:39:00+00:00\",\"author\":{\"@id\":\"https:\/\/portaltela.pt\/#\/schema\/person\/c4278d4a6028830caff9ee44b42d32ed\"},\"breadcrumb\":{\"@id\":\"https:\/\/portaltela.pt\/noticias\/2026\/01\/19\/surto-de-colera-em-mocambique-soma-2-343-casos-em-quatro-meses\/#breadcrumb\"},\"inLanguage\":\"pt-PT\",\"potentialAction\":[{\"@type\":\"ReadAction\",\"target\":[\"https:\/\/portaltela.pt\/noticias\/2026\/01\/19\/surto-de-colera-em-mocambique-soma-2-343-casos-em-quatro-meses\/\"]}]},{\"@type\":\"ImageObject\",\"inLanguage\":\"pt-PT\",\"@id\":\"https:\/\/portaltela.pt\/noticias\/2026\/01\/19\/surto-de-colera-em-mocambique-soma-2-343-casos-em-quatro-meses\/#primaryimage\",\"url\":\"https:\/\/portaltela.pt\/s.01k8rhncp4jt1\/2026\/01\/unnamed-file-3796.jpg\",\"contentUrl\":\"https:\/\/portaltela.pt\/s.01k8rhncp4jt1\/2026\/01\/unnamed-file-3796.jpg\",\"width\":796,\"height\":448,\"caption\":\"Surto de c\u00f3lera em Mo\u00e7ambique j\u00e1 soma 2.343 casos em quatro meses\"},{\"@type\":\"BreadcrumbList\",\"@id\":\"https:\/\/portaltela.pt\/noticias\/2026\/01\/19\/surto-de-colera-em-mocambique-soma-2-343-casos-em-quatro-meses\/#breadcrumb\",\"itemListElement\":[{\"@type\":\"ListItem\",\"position\":1,\"name\":\"In\u00edcio\",\"item\":\"https:\/\/portaltela.pt\/\"},{\"@type\":\"ListItem\",\"position\":2,\"name\":\"Surto de c\u00f3lera em Mo\u00e7ambique soma 2.343 casos em quatro meses\"}]},{\"@type\":\"WebSite\",\"@id\":\"https:\/\/portaltela.pt\/#website\",\"url\":\"https:\/\/portaltela.pt\/\",\"name\":\"Portal Tela Portugal\",\"description\":\"\",\"potentialAction\":[{\"@type\":\"SearchAction\",\"target\":{\"@type\":\"EntryPoint\",\"urlTemplate\":\"https:\/\/portaltela.pt\/?s={search_term_string}\"},\"query-input\":{\"@type\":\"PropertyValueSpecification\",\"valueRequired\":true,\"valueName\":\"search_term_string\"}}],\"inLanguage\":\"pt-PT\"},{\"@type\":\"Person\",\"@id\":\"https:\/\/portaltela.pt\/#\/schema\/person\/c4278d4a6028830caff9ee44b42d32ed\",\"name\":\"Telinha\",\"image\":{\"@type\":\"ImageObject\",\"inLanguage\":\"pt-PT\",\"@id\":\"https:\/\/portaltela.pt\/s.01k8rhncp4jt1\/2025\/11\/talking-bot-125x125.png\",\"url\":\"https:\/\/portaltela.pt\/s.01k8rhncp4jt1\/2025\/11\/talking-bot-125x125.png\",\"contentUrl\":\"https:\/\/portaltela.pt\/s.01k8rhncp4jt1\/2025\/11\/talking-bot-125x125.png\",\"caption\":\"Telinha\"},\"sameAs\":[\"https:\/\/portaltela.pt\/\"],\"url\":\"https:\/\/portaltela.pt\/por\/367410592786\/\"}]}<\/script>\n<!-- \/ Yoast SEO plugin. -->","yoast_head_json":{"title":"Surto de c\u00f3lera em Mo\u00e7ambique soma 2.343 casos em quatro meses - Portal Tela Portugal","robots":{"index":"index","follow":"follow","max-snippet":"max-snippet:-1","max-image-preview":"max-image-preview:large","max-video-preview":"max-video-preview:-1"},"og_locale":"pt_PT","og_type":"article","og_title":"Surto de c\u00f3lera em Mo\u00e7ambique soma 2.343 casos em quatro meses - Portal Tela Portugal","og_description":"O surto de c\u00f3lera em Mo\u00e7ambique, com dados de 03 de setembro a 15 de janeiro, soma cerca de 2.279 casos e 26 \u00f3bitos; o balan\u00e7o anterior (at\u00e9 07 de janeiro) era de 1.784 casos. Nas \u00faltimas 24 horas, foram registados 64 novos casos, com 44 pessoas internadas; a letalidade subiu para 1,2% (anteriormente 1,5%), face a dezembro (0,5%). Distribui\u00e7\u00e3o regional: Nampula tem 1.079 casos e 13 \u00f3bitos; Tete, 885 casos e 13 \u00f3bitos; Cabo Delgado, 379 casos e 2 \u00f3bitos. Em 2025, j\u00e1 morreram pelo menos 169 pessoas devido \u00e0 c\u00f3lera, entre cerca de 40 mil casos, com preocupa\u00e7\u00e3o para a informa\u00e7\u00e3o e comunica\u00e7\u00e3o nas comunidades. O Governo visa eliminar a c\u00f3lera como problema de sa\u00fade p\u00fablica at\u00e9 2030, com plano de 31 mil milh\u00f5es de meticais e 3,5 milh\u00f5es de doses de vacinas para preven\u00e7\u00e3o e tratamento.","og_url":"https:\/\/portaltela.pt\/noticias\/2026\/01\/19\/surto-de-colera-em-mocambique-soma-2-343-casos-em-quatro-meses\/","og_site_name":"Portal Tela Portugal","article_published_time":"2026-01-19T07:39:00+00:00","author":"Telinha","twitter_card":"summary_large_image","twitter_misc":{"Escrito por":"Telinha","Tempo estimado de leitura":"2 minutos"},"schema":{"@context":"https:\/\/schema.org","@graph":[{"@type":"Article","@id":"https:\/\/portaltela.pt\/noticias\/2026\/01\/19\/surto-de-colera-em-mocambique-soma-2-343-casos-em-quatro-meses\/#article","isPartOf":{"@id":"https:\/\/portaltela.pt\/noticias\/2026\/01\/19\/surto-de-colera-em-mocambique-soma-2-343-casos-em-quatro-meses\/"},"author":{"name":"Telinha","@id":"https:\/\/portaltela.pt\/#\/schema\/person\/c4278d4a6028830caff9ee44b42d32ed"},"headline":"Surto de c\u00f3lera em Mo\u00e7ambique soma 2.343 casos em quatro meses","datePublished":"2026-01-19T07:39:00+00:00","mainEntityOfPage":{"@id":"https:\/\/portaltela.pt\/noticias\/2026\/01\/19\/surto-de-colera-em-mocambique-soma-2-343-casos-em-quatro-meses\/"},"wordCount":337,"image":{"@id":"https:\/\/portaltela.pt\/noticias\/2026\/01\/19\/surto-de-colera-em-mocambique-soma-2-343-casos-em-quatro-meses\/#primaryimage"},"thumbnailUrl":"https:\/\/portaltela.pt\/s.01k8rhncp4jt1\/2026\/01\/unnamed-file-3796.jpg","keywords":["abastecimento de \u00e1gua","Cabo Delgado","Mo\u00e7ambique","Nampula","sa\u00fade p\u00fablica","Tete"],"articleSection":["Not\u00edcias"],"inLanguage":"pt-PT"},{"@type":"WebPage","@id":"https:\/\/portaltela.pt\/noticias\/2026\/01\/19\/surto-de-colera-em-mocambique-soma-2-343-casos-em-quatro-meses\/","url":"https:\/\/portaltela.pt\/noticias\/2026\/01\/19\/surto-de-colera-em-mocambique-soma-2-343-casos-em-quatro-meses\/","name":"Surto de c\u00f3lera em Mo\u00e7ambique soma 2.343 casos em quatro meses - Portal Tela Portugal","isPartOf":{"@id":"https:\/\/portaltela.pt\/#website"},"primaryImageOfPage":{"@id":"https:\/\/portaltela.pt\/noticias\/2026\/01\/19\/surto-de-colera-em-mocambique-soma-2-343-casos-em-quatro-meses\/#primaryimage"},"image":{"@id":"https:\/\/portaltela.pt\/noticias\/2026\/01\/19\/surto-de-colera-em-mocambique-soma-2-343-casos-em-quatro-meses\/#primaryimage"},"thumbnailUrl":"https:\/\/portaltela.pt\/s.01k8rhncp4jt1\/2026\/01\/unnamed-file-3796.jpg","datePublished":"2026-01-19T07:39:00+00:00","author":{"@id":"https:\/\/portaltela.pt\/#\/schema\/person\/c4278d4a6028830caff9ee44b42d32ed"},"breadcrumb":{"@id":"https:\/\/portaltela.pt\/noticias\/2026\/01\/19\/surto-de-colera-em-mocambique-soma-2-343-casos-em-quatro-meses\/#breadcrumb"},"inLanguage":"pt-PT","potentialAction":[{"@type":"ReadAction","target":["https:\/\/portaltela.pt\/noticias\/2026\/01\/19\/surto-de-colera-em-mocambique-soma-2-343-casos-em-quatro-meses\/"]}]},{"@type":"ImageObject","inLanguage":"pt-PT","@id":"https:\/\/portaltela.pt\/noticias\/2026\/01\/19\/surto-de-colera-em-mocambique-soma-2-343-casos-em-quatro-meses\/#primaryimage","url":"https:\/\/portaltela.pt\/s.01k8rhncp4jt1\/2026\/01\/unnamed-file-3796.jpg","contentUrl":"https:\/\/portaltela.pt\/s.01k8rhncp4jt1\/2026\/01\/unnamed-file-3796.jpg","width":796,"height":448,"caption":"Surto de c\u00f3lera em Mo\u00e7ambique j\u00e1 soma 2.343 casos em quatro meses"},{"@type":"BreadcrumbList","@id":"https:\/\/portaltela.pt\/noticias\/2026\/01\/19\/surto-de-colera-em-mocambique-soma-2-343-casos-em-quatro-meses\/#breadcrumb","itemListElement":[{"@type":"ListItem","position":1,"name":"In\u00edcio","item":"https:\/\/portaltela.pt\/"},{"@type":"ListItem","position":2,"name":"Surto de c\u00f3lera em Mo\u00e7ambique soma 2.343 casos em quatro meses"}]},{"@type":"WebSite","@id":"https:\/\/portaltela.pt\/#website","url":"https:\/\/portaltela.pt\/","name":"Portal Tela Portugal","description":"","potentialAction":[{"@type":"SearchAction","target":{"@type":"EntryPoint","urlTemplate":"https:\/\/portaltela.pt\/?s={search_term_string}"},"query-input":{"@type":"PropertyValueSpecification","valueRequired":true,"valueName":"search_term_string"}}],"inLanguage":"pt-PT"},{"@type":"Person","@id":"https:\/\/portaltela.pt\/#\/schema\/person\/c4278d4a6028830caff9ee44b42d32ed","name":"Telinha","image":{"@type":"ImageObject","inLanguage":"pt-PT","@id":"https:\/\/portaltela.pt\/s.01k8rhncp4jt1\/2025\/11\/talking-bot-125x125.png","url":"https:\/\/portaltela.pt\/s.01k8rhncp4jt1\/2025\/11\/talking-bot-125x125.png","contentUrl":"https:\/\/portaltela.pt\/s.01k8rhncp4jt1\/2025\/11\/talking-bot-125x125.png","caption":"Telinha"},"sameAs":["https:\/\/portaltela.pt\/"],"url":"https:\/\/portaltela.pt\/por\/367410592786\/"}]}},"_links":{"self":[{"href":"https:\/\/portaltela.pt\/api\/wp\/v2\/posts\/152126","targetHints":{"allow":["GET"]}}],"collection":[{"href":"https:\/\/portaltela.pt\/api\/wp\/v2\/posts"}],"about":[{"href":"https:\/\/portaltela.pt\/api\/wp\/v2\/types\/post"}],"author":[{"embeddable":true,"href":"https:\/\/portaltela.pt\/api\/wp\/v2\/users\/2"}],"replies":[{"embeddable":true,"href":"https:\/\/portaltela.pt\/api\/wp\/v2\/comments?post=152126"}],"version-history":[{"count":0,"href":"https:\/\/portaltela.pt\/api\/wp\/v2\/posts\/152126\/revisions"}],"wp:featuredmedia":[{"embeddable":true,"href":"https:\/\/portaltela.pt\/api\/wp\/v2\/media\/152132"}],"wp:attachment":[{"href":"https:\/\/portaltela.pt\/api\/wp\/v2\/media?parent=152126"}],"wp:term":[{"taxonomy":"category","embeddable":true,"href":"https:\/\/portaltela.pt\/api\/wp\/v2\/categories?post=152126"},{"taxonomy":"post_tag","embeddable":true,"href":"https:\/\/portaltela.pt\/api\/wp\/v2\/tags?post=152126"}],"curies":[{"name":"wp","href":"https:\/\/api.w.org\/{rel}","templated":true}]}}