{"id":152110,"date":"2026-01-18T06:27:00","date_gmt":"2026-01-18T09:27:00","guid":{"rendered":"https:\/\/portaltela.pt\/noticias\/2026\/01\/18\/frustracao-ao-sair-schjelderup-andre-luiz-e-treinador-sem-cumprimento\/"},"modified":"2026-01-18T06:27:00","modified_gmt":"2026-01-18T09:27:00","slug":"frustracao-ao-sair-schjelderup-andre-luiz-e-treinador-sem-cumprimento","status":"publish","type":"post","link":"https:\/\/portaltela.pt\/desporto\/futebol\/2026\/01\/18\/frustracao-ao-sair-schjelderup-andre-luiz-e-treinador-sem-cumprimento\/","title":{"rendered":"Frustra\u00e7\u00e3o ao sair: Schjelderup, Andr\u00e9 Luiz e treinador sem cumprimento"},"content":{"rendered":"<p>No encontro entre Rio Ave e Benfica, duas pancadas de frustra\u00e7\u00e3o marcaram as substitui\u00e7\u00f5es, em momentos de press\u00e3o no jogo. Os epis\u00f3dios foram not\u00f3rios em ambas as equipas, mas sem declara\u00e7\u00e3o oficial para explicar as atitudes.<\/p>\n<p>No Rio Ave, Andr\u00e9 Luiz entrou em campo sob intensa press\u00e3o e, segundo relatos, o momento da substitui\u00e7\u00e3o foi acompanhado de tens\u00e3o. Al\u00e9m disso, o treinador n\u00e3o cumprimentou o jogador ao cessar o tempo de jogo, fen\u00f3meno que chamou aten\u00e7\u00e3o entre quem acompanhava a bancada.<\/p>\n<p>J\u00e1 no Benfica, Schjelderup manifestou descontentamento ao sair do terreno, sem esconder a irrita\u00e7\u00e3o, segundo testemunhas no((do)) banco. O incidente ocorreu num momento de possibilidade de mudan\u00e7a de ritmo para a equipa.<\/p>\n<h3>Rea\u00e7\u00f5es durante as substitui\u00e7\u00f5es<\/h3>\n<p>A atua\u00e7\u00e3o de Andr\u00e9 Luiz deixou d\u00favidas sobre o clima no balne\u00e1rio, sem confirma\u00e7\u00e3o de declara\u00e7\u00e3o p\u00fablica. O epis\u00f3dio gerou especula\u00e7\u00e3o sobre a rela\u00e7\u00e3o entre jogador e equipa t\u00e9cnica.<\/p>\n<p>Schjelderup tamb\u00e9m esteve envolvido na fadiga emocional deste momento, com sinais de insatisfa\u00e7\u00e3o percept\u00edveis durante a realiza\u00e7\u00e3o das mudan\u00e7as. N\u00e3o houve esclarecimento oficial das raz\u00f5es apresentadas pelo jogador.<\/p>\n","protected":false},"excerpt":{"rendered":"<ul>\n<li>Na Rio Ave, Andr\u00e9 Luiz, que jogou sobre brasas, n\u00e3o teve cumprimento pelo treinador ao sair de campo.<\/li>\n<li>No Benfica, Schjelderup foi o jogador que mostrou frustra\u00e7\u00e3o na hora da substitui\u00e7\u00e3o.<\/li>\n<li>Os epis\u00f3dios ocorreram na sequ\u00eancia das substitui\u00e7\u00f5es, com dois jogadores a demonstrar descontentamento.<\/li>\n<li>A not\u00edcia descreve tens\u00f5es entre jogadores e o corpo t\u00e9cnico durante a sa\u00edda de jogo, em ambos os clubes.<\/li>\n<\/ul>\n","protected":false},"author":2,"featured_media":152114,"comment_status":"closed","ping_status":"closed","sticky":false,"template":"","format":"standard","meta":{"footnotes":""},"categories":[21,24],"tags":[2769,1946,1287,32,2190],"class_list":["post-152110","post","type-post","status-publish","format-standard","has-post-thumbnail","hentry","category-desporto","category-futebol","tag-andre-luiz","tag-benfica","tag-equipas","tag-futebol","tag-rio-ave"],"yoast_head":"<!-- This site is optimized with the Yoast SEO plugin v27.2 - https:\/\/yoast.com\/product\/yoast-seo-wordpress\/ -->\n<title>Frustra\u00e7\u00e3o ao sair: Schjelderup, Andr\u00e9 Luiz e treinador sem cumprimento - Portal Tela Portugal<\/title>\n<meta name=\"robots\" content=\"index, follow, max-snippet:-1, max-image-preview:large, max-video-preview:-1\" \/>\n<meta property=\"og:locale\" content=\"pt_PT\" \/>\n<meta property=\"og:type\" content=\"article\" \/>\n<meta property=\"og:title\" content=\"Frustra\u00e7\u00e3o ao sair: Schjelderup, Andr\u00e9 Luiz e treinador sem cumprimento - Portal Tela Portugal\" \/>\n<meta property=\"og:description\" content=\"Na Rio Ave, Andr\u00e9 Luiz, que jogou sobre brasas, n\u00e3o teve cumprimento pelo treinador ao sair de campo. No Benfica, Schjelderup foi o jogador que mostrou frustra\u00e7\u00e3o na hora da substitui\u00e7\u00e3o. Os epis\u00f3dios ocorreram na sequ\u00eancia das substitui\u00e7\u00f5es, com dois jogadores a demonstrar descontentamento. A not\u00edcia descreve tens\u00f5es entre jogadores e o corpo t\u00e9cnico durante a sa\u00edda de jogo, em ambos os clubes.\" \/>\n<meta property=\"og:url\" content=\"https:\/\/portaltela.pt\/noticias\/2026\/01\/18\/frustracao-ao-sair-schjelderup-andre-luiz-e-treinador-sem-cumprimento\/\" \/>\n<meta property=\"og:site_name\" content=\"Portal Tela Portugal\" \/>\n<meta property=\"article:published_time\" content=\"2026-01-18T09:27:00+00:00\" \/>\n<meta name=\"author\" content=\"Telinha\" \/>\n<meta name=\"twitter:card\" content=\"summary_large_image\" \/>\n<meta name=\"twitter:label1\" content=\"Escrito por\" \/>\n\t<meta name=\"twitter:data1\" content=\"Telinha\" \/>\n\t<meta name=\"twitter:label2\" content=\"Tempo estimado de leitura\" \/>\n\t<meta name=\"twitter:data2\" content=\"1 minuto\" \/>\n<script type=\"application\/ld+json\" class=\"yoast-schema-graph\">{\"@context\":\"https:\/\/schema.org\",\"@graph\":[{\"@type\":\"Article\",\"@id\":\"https:\/\/portaltela.pt\/noticias\/2026\/01\/18\/frustracao-ao-sair-schjelderup-andre-luiz-e-treinador-sem-cumprimento\/#article\",\"isPartOf\":{\"@id\":\"https:\/\/portaltela.pt\/noticias\/2026\/01\/18\/frustracao-ao-sair-schjelderup-andre-luiz-e-treinador-sem-cumprimento\/\"},\"author\":{\"name\":\"Telinha\",\"@id\":\"https:\/\/portaltela.pt\/#\/schema\/person\/c4278d4a6028830caff9ee44b42d32ed\"},\"headline\":\"Frustra\u00e7\u00e3o ao sair: Schjelderup, Andr\u00e9 Luiz e treinador sem cumprimento\",\"datePublished\":\"2026-01-18T09:27:00+00:00\",\"mainEntityOfPage\":{\"@id\":\"https:\/\/portaltela.pt\/noticias\/2026\/01\/18\/frustracao-ao-sair-schjelderup-andre-luiz-e-treinador-sem-cumprimento\/\"},\"wordCount\":220,\"image\":{\"@id\":\"https:\/\/portaltela.pt\/noticias\/2026\/01\/18\/frustracao-ao-sair-schjelderup-andre-luiz-e-treinador-sem-cumprimento\/#primaryimage\"},\"thumbnailUrl\":\"https:\/\/portaltela.pt\/s.01k8rhncp4jt1\/2026\/01\/img_293x165uu2026-01-18-09-25-23-2415489-im-639043251426850726-3.jpg\",\"keywords\":[\"Andr\u00e9 Luiz\",\"Benfica\",\"equipas\",\"futebol\",\"Rio Ave\"],\"articleSection\":[\"Desporto\",\"Futebol\"],\"inLanguage\":\"pt-PT\"},{\"@type\":\"WebPage\",\"@id\":\"https:\/\/portaltela.pt\/noticias\/2026\/01\/18\/frustracao-ao-sair-schjelderup-andre-luiz-e-treinador-sem-cumprimento\/\",\"url\":\"https:\/\/portaltela.pt\/noticias\/2026\/01\/18\/frustracao-ao-sair-schjelderup-andre-luiz-e-treinador-sem-cumprimento\/\",\"name\":\"Frustra\u00e7\u00e3o ao sair: Schjelderup, Andr\u00e9 Luiz e treinador sem cumprimento - Portal Tela Portugal\",\"isPartOf\":{\"@id\":\"https:\/\/portaltela.pt\/#website\"},\"primaryImageOfPage\":{\"@id\":\"https:\/\/portaltela.pt\/noticias\/2026\/01\/18\/frustracao-ao-sair-schjelderup-andre-luiz-e-treinador-sem-cumprimento\/#primaryimage\"},\"image\":{\"@id\":\"https:\/\/portaltela.pt\/noticias\/2026\/01\/18\/frustracao-ao-sair-schjelderup-andre-luiz-e-treinador-sem-cumprimento\/#primaryimage\"},\"thumbnailUrl\":\"https:\/\/portaltela.pt\/s.01k8rhncp4jt1\/2026\/01\/img_293x165uu2026-01-18-09-25-23-2415489-im-639043251426850726-3.jpg\",\"datePublished\":\"2026-01-18T09:27:00+00:00\",\"author\":{\"@id\":\"https:\/\/portaltela.pt\/#\/schema\/person\/c4278d4a6028830caff9ee44b42d32ed\"},\"breadcrumb\":{\"@id\":\"https:\/\/portaltela.pt\/noticias\/2026\/01\/18\/frustracao-ao-sair-schjelderup-andre-luiz-e-treinador-sem-cumprimento\/#breadcrumb\"},\"inLanguage\":\"pt-PT\",\"potentialAction\":[{\"@type\":\"ReadAction\",\"target\":[\"https:\/\/portaltela.pt\/noticias\/2026\/01\/18\/frustracao-ao-sair-schjelderup-andre-luiz-e-treinador-sem-cumprimento\/\"]}]},{\"@type\":\"ImageObject\",\"inLanguage\":\"pt-PT\",\"@id\":\"https:\/\/portaltela.pt\/noticias\/2026\/01\/18\/frustracao-ao-sair-schjelderup-andre-luiz-e-treinador-sem-cumprimento\/#primaryimage\",\"url\":\"https:\/\/portaltela.pt\/s.01k8rhncp4jt1\/2026\/01\/img_293x165uu2026-01-18-09-25-23-2415489-im-639043251426850726-3.jpg\",\"contentUrl\":\"https:\/\/portaltela.pt\/s.01k8rhncp4jt1\/2026\/01\/img_293x165uu2026-01-18-09-25-23-2415489-im-639043251426850726-3.jpg\",\"width\":796,\"height\":448,\"caption\":\"Frustra\u00e7\u00e3o na hora de sair: de Schjelderup a Andr\u00e9 Luiz... que nem o treinador cumprimentou\"},{\"@type\":\"BreadcrumbList\",\"@id\":\"https:\/\/portaltela.pt\/noticias\/2026\/01\/18\/frustracao-ao-sair-schjelderup-andre-luiz-e-treinador-sem-cumprimento\/#breadcrumb\",\"itemListElement\":[{\"@type\":\"ListItem\",\"position\":1,\"name\":\"In\u00edcio\",\"item\":\"https:\/\/portaltela.pt\/\"},{\"@type\":\"ListItem\",\"position\":2,\"name\":\"Frustra\u00e7\u00e3o ao sair: Schjelderup, Andr\u00e9 Luiz e treinador sem cumprimento\"}]},{\"@type\":\"WebSite\",\"@id\":\"https:\/\/portaltela.pt\/#website\",\"url\":\"https:\/\/portaltela.pt\/\",\"name\":\"Portal Tela Portugal\",\"description\":\"\",\"potentialAction\":[{\"@type\":\"SearchAction\",\"target\":{\"@type\":\"EntryPoint\",\"urlTemplate\":\"https:\/\/portaltela.pt\/?s={search_term_string}\"},\"query-input\":{\"@type\":\"PropertyValueSpecification\",\"valueRequired\":true,\"valueName\":\"search_term_string\"}}],\"inLanguage\":\"pt-PT\"},{\"@type\":\"Person\",\"@id\":\"https:\/\/portaltela.pt\/#\/schema\/person\/c4278d4a6028830caff9ee44b42d32ed\",\"name\":\"Telinha\",\"image\":{\"@type\":\"ImageObject\",\"inLanguage\":\"pt-PT\",\"@id\":\"https:\/\/portaltela.pt\/s.01k8rhncp4jt1\/2025\/11\/talking-bot-125x125.png\",\"url\":\"https:\/\/portaltela.pt\/s.01k8rhncp4jt1\/2025\/11\/talking-bot-125x125.png\",\"contentUrl\":\"https:\/\/portaltela.pt\/s.01k8rhncp4jt1\/2025\/11\/talking-bot-125x125.png\",\"caption\":\"Telinha\"},\"sameAs\":[\"https:\/\/portaltela.pt\/\"],\"url\":\"https:\/\/portaltela.pt\/por\/367410592786\/\"}]}<\/script>\n<!-- \/ Yoast SEO plugin. -->","yoast_head_json":{"title":"Frustra\u00e7\u00e3o ao sair: Schjelderup, Andr\u00e9 Luiz e treinador sem cumprimento - Portal Tela Portugal","robots":{"index":"index","follow":"follow","max-snippet":"max-snippet:-1","max-image-preview":"max-image-preview:large","max-video-preview":"max-video-preview:-1"},"og_locale":"pt_PT","og_type":"article","og_title":"Frustra\u00e7\u00e3o ao sair: Schjelderup, Andr\u00e9 Luiz e treinador sem cumprimento - Portal Tela Portugal","og_description":"Na Rio Ave, Andr\u00e9 Luiz, que jogou sobre brasas, n\u00e3o teve cumprimento pelo treinador ao sair de campo. No Benfica, Schjelderup foi o jogador que mostrou frustra\u00e7\u00e3o na hora da substitui\u00e7\u00e3o. Os epis\u00f3dios ocorreram na sequ\u00eancia das substitui\u00e7\u00f5es, com dois jogadores a demonstrar descontentamento. A not\u00edcia descreve tens\u00f5es entre jogadores e o corpo t\u00e9cnico durante a sa\u00edda de jogo, em ambos os clubes.","og_url":"https:\/\/portaltela.pt\/noticias\/2026\/01\/18\/frustracao-ao-sair-schjelderup-andre-luiz-e-treinador-sem-cumprimento\/","og_site_name":"Portal Tela Portugal","article_published_time":"2026-01-18T09:27:00+00:00","author":"Telinha","twitter_card":"summary_large_image","twitter_misc":{"Escrito por":"Telinha","Tempo estimado de leitura":"1 minuto"},"schema":{"@context":"https:\/\/schema.org","@graph":[{"@type":"Article","@id":"https:\/\/portaltela.pt\/noticias\/2026\/01\/18\/frustracao-ao-sair-schjelderup-andre-luiz-e-treinador-sem-cumprimento\/#article","isPartOf":{"@id":"https:\/\/portaltela.pt\/noticias\/2026\/01\/18\/frustracao-ao-sair-schjelderup-andre-luiz-e-treinador-sem-cumprimento\/"},"author":{"name":"Telinha","@id":"https:\/\/portaltela.pt\/#\/schema\/person\/c4278d4a6028830caff9ee44b42d32ed"},"headline":"Frustra\u00e7\u00e3o ao sair: Schjelderup, Andr\u00e9 Luiz e treinador sem cumprimento","datePublished":"2026-01-18T09:27:00+00:00","mainEntityOfPage":{"@id":"https:\/\/portaltela.pt\/noticias\/2026\/01\/18\/frustracao-ao-sair-schjelderup-andre-luiz-e-treinador-sem-cumprimento\/"},"wordCount":220,"image":{"@id":"https:\/\/portaltela.pt\/noticias\/2026\/01\/18\/frustracao-ao-sair-schjelderup-andre-luiz-e-treinador-sem-cumprimento\/#primaryimage"},"thumbnailUrl":"https:\/\/portaltela.pt\/s.01k8rhncp4jt1\/2026\/01\/img_293x165uu2026-01-18-09-25-23-2415489-im-639043251426850726-3.jpg","keywords":["Andr\u00e9 Luiz","Benfica","equipas","futebol","Rio Ave"],"articleSection":["Desporto","Futebol"],"inLanguage":"pt-PT"},{"@type":"WebPage","@id":"https:\/\/portaltela.pt\/noticias\/2026\/01\/18\/frustracao-ao-sair-schjelderup-andre-luiz-e-treinador-sem-cumprimento\/","url":"https:\/\/portaltela.pt\/noticias\/2026\/01\/18\/frustracao-ao-sair-schjelderup-andre-luiz-e-treinador-sem-cumprimento\/","name":"Frustra\u00e7\u00e3o ao sair: Schjelderup, Andr\u00e9 Luiz e treinador sem cumprimento - Portal Tela Portugal","isPartOf":{"@id":"https:\/\/portaltela.pt\/#website"},"primaryImageOfPage":{"@id":"https:\/\/portaltela.pt\/noticias\/2026\/01\/18\/frustracao-ao-sair-schjelderup-andre-luiz-e-treinador-sem-cumprimento\/#primaryimage"},"image":{"@id":"https:\/\/portaltela.pt\/noticias\/2026\/01\/18\/frustracao-ao-sair-schjelderup-andre-luiz-e-treinador-sem-cumprimento\/#primaryimage"},"thumbnailUrl":"https:\/\/portaltela.pt\/s.01k8rhncp4jt1\/2026\/01\/img_293x165uu2026-01-18-09-25-23-2415489-im-639043251426850726-3.jpg","datePublished":"2026-01-18T09:27:00+00:00","author":{"@id":"https:\/\/portaltela.pt\/#\/schema\/person\/c4278d4a6028830caff9ee44b42d32ed"},"breadcrumb":{"@id":"https:\/\/portaltela.pt\/noticias\/2026\/01\/18\/frustracao-ao-sair-schjelderup-andre-luiz-e-treinador-sem-cumprimento\/#breadcrumb"},"inLanguage":"pt-PT","potentialAction":[{"@type":"ReadAction","target":["https:\/\/portaltela.pt\/noticias\/2026\/01\/18\/frustracao-ao-sair-schjelderup-andre-luiz-e-treinador-sem-cumprimento\/"]}]},{"@type":"ImageObject","inLanguage":"pt-PT","@id":"https:\/\/portaltela.pt\/noticias\/2026\/01\/18\/frustracao-ao-sair-schjelderup-andre-luiz-e-treinador-sem-cumprimento\/#primaryimage","url":"https:\/\/portaltela.pt\/s.01k8rhncp4jt1\/2026\/01\/img_293x165uu2026-01-18-09-25-23-2415489-im-639043251426850726-3.jpg","contentUrl":"https:\/\/portaltela.pt\/s.01k8rhncp4jt1\/2026\/01\/img_293x165uu2026-01-18-09-25-23-2415489-im-639043251426850726-3.jpg","width":796,"height":448,"caption":"Frustra\u00e7\u00e3o na hora de sair: de Schjelderup a Andr\u00e9 Luiz... que nem o treinador cumprimentou"},{"@type":"BreadcrumbList","@id":"https:\/\/portaltela.pt\/noticias\/2026\/01\/18\/frustracao-ao-sair-schjelderup-andre-luiz-e-treinador-sem-cumprimento\/#breadcrumb","itemListElement":[{"@type":"ListItem","position":1,"name":"In\u00edcio","item":"https:\/\/portaltela.pt\/"},{"@type":"ListItem","position":2,"name":"Frustra\u00e7\u00e3o ao sair: Schjelderup, Andr\u00e9 Luiz e treinador sem cumprimento"}]},{"@type":"WebSite","@id":"https:\/\/portaltela.pt\/#website","url":"https:\/\/portaltela.pt\/","name":"Portal Tela Portugal","description":"","potentialAction":[{"@type":"SearchAction","target":{"@type":"EntryPoint","urlTemplate":"https:\/\/portaltela.pt\/?s={search_term_string}"},"query-input":{"@type":"PropertyValueSpecification","valueRequired":true,"valueName":"search_term_string"}}],"inLanguage":"pt-PT"},{"@type":"Person","@id":"https:\/\/portaltela.pt\/#\/schema\/person\/c4278d4a6028830caff9ee44b42d32ed","name":"Telinha","image":{"@type":"ImageObject","inLanguage":"pt-PT","@id":"https:\/\/portaltela.pt\/s.01k8rhncp4jt1\/2025\/11\/talking-bot-125x125.png","url":"https:\/\/portaltela.pt\/s.01k8rhncp4jt1\/2025\/11\/talking-bot-125x125.png","contentUrl":"https:\/\/portaltela.pt\/s.01k8rhncp4jt1\/2025\/11\/talking-bot-125x125.png","caption":"Telinha"},"sameAs":["https:\/\/portaltela.pt\/"],"url":"https:\/\/portaltela.pt\/por\/367410592786\/"}]}},"_links":{"self":[{"href":"https:\/\/portaltela.pt\/api\/wp\/v2\/posts\/152110","targetHints":{"allow":["GET"]}}],"collection":[{"href":"https:\/\/portaltela.pt\/api\/wp\/v2\/posts"}],"about":[{"href":"https:\/\/portaltela.pt\/api\/wp\/v2\/types\/post"}],"author":[{"embeddable":true,"href":"https:\/\/portaltela.pt\/api\/wp\/v2\/users\/2"}],"replies":[{"embeddable":true,"href":"https:\/\/portaltela.pt\/api\/wp\/v2\/comments?post=152110"}],"version-history":[{"count":0,"href":"https:\/\/portaltela.pt\/api\/wp\/v2\/posts\/152110\/revisions"}],"wp:featuredmedia":[{"embeddable":true,"href":"https:\/\/portaltela.pt\/api\/wp\/v2\/media\/152114"}],"wp:attachment":[{"href":"https:\/\/portaltela.pt\/api\/wp\/v2\/media?parent=152110"}],"wp:term":[{"taxonomy":"category","embeddable":true,"href":"https:\/\/portaltela.pt\/api\/wp\/v2\/categories?post=152110"},{"taxonomy":"post_tag","embeddable":true,"href":"https:\/\/portaltela.pt\/api\/wp\/v2\/tags?post=152110"}],"curies":[{"name":"wp","href":"https:\/\/api.w.org\/{rel}","templated":true}]}}