{"id":152089,"date":"2026-01-18T22:53:00","date_gmt":"2026-01-19T01:53:00","guid":{"rendered":"https:\/\/portaltela.pt\/noticias\/2026\/01\/18\/moderacao-vence-polarizacao-nas-presidenciais\/"},"modified":"2026-01-18T22:53:00","modified_gmt":"2026-01-19T01:53:00","slug":"moderacao-vence-polarizacao-nas-presidenciais","status":"publish","type":"post","link":"https:\/\/portaltela.pt\/noticias\/politica\/2026\/01\/18\/moderacao-vence-polarizacao-nas-presidenciais\/","title":{"rendered":"Modera\u00e7\u00e3o vence polariza\u00e7\u00e3o nas presidenciais"},"content":{"rendered":"<p>Ant\u00f3nio Jos\u00e9 Seguro dirige-se \u00e0 segunda volta da Presid\u00eancia, ap\u00f3s vencer com 30% dos votos, numa noite em que o eleitorado mostrou prefer\u00eancia pela modera\u00e7\u00e3o. Andr\u00e9 Ventura ficou em segundo, com 24%, abreviando a t\u00e3o antecipada polariza\u00e7\u00e3o.<\/p>\n<p>A segunda volta est\u00e1 marcada para 8 de fevereiro. Jos\u00e9 Lu\u00eds Carneiro, l\u00edder do PS, pediu uni\u00e3o de democratas diante do resultado, associando-se \u00e0 vit\u00f3ria de Seguro. Do lado da direita, o Chega permanece com eleitorado fiel, atrav\u00e9s de Ventura.<\/p>\n<p>Jo\u00e3o Cotrim foi o terceiro mais votado, com 15%, consolidando a fragmenta\u00e7\u00e3o da direita. Lu\u00eds Marques Mendes obteve 12%, uma marca hist\u00f3rica para um candidato sem apoio direto de PSD ou do Governo. Mendes n\u00e3o comentou escolhas para a segunda volta.<\/p>\n<p>O Primeiro-Ministro Lu\u00eds Montenegro tamb\u00e9m n\u00e3o se pronuncia sobre o apoio na segunda volta, alegando que o espa\u00e7o pol\u00edtico do seu partido n\u00e3o estar\u00e1 representado a 8 de fevereiro. Filipe Teles, cientista pol\u00edtico, analisa: a vit\u00f3ria de Seguro reflete uma pol\u00edtica de normalidade.<\/p>\n<h3>An\u00e1lise de Filipe Teles<\/h3>\n<p>O cientista pol\u00edtico da Universidade de Aveiro descreve a vit\u00f3ria de Seguro como consequ\u00eancia de uma aposta na modera\u00e7\u00e3o frente \u00e0 polariza\u00e7\u00e3o. O resultado aponta para uma recupera\u00e7\u00e3o do eleitor que valoriza estabilidade institucional.<\/p>\n<p>As vota\u00e7\u00f5es destacam a complexidade da direita e a necessidade de alian\u00e7as para a segunda volta, que dever\u00e1 concentrar os debates em temas centrais para o pa\u00eds. Acompanhe pr\u00f3ximos desdobramentos conforme o escrut\u00ednio evolui.<\/p>\n","protected":false},"excerpt":{"rendered":"<ul>\n<li>O candidato Ant\u00f3nio Jos\u00e9 Seguro lidera com 30% dos votos e entra na segunda volta a 8 de fevereiro, ap\u00f3s 10 anos afastado da pol\u00edtica.<\/li>\n<li>Andr\u00e9 Ventura fica em segundo lugar com 24%, mantendo o Chega com eleitorado fidelizado e a promover-se como l\u00edder da direita.<\/li>\n<li>Jo\u00e3o Cotrim soma 15% e refor\u00e7a a fragmenta\u00e7\u00e3o da direita, ficando \u00e0 frente de Lu\u00eds Marques Mendes, com 12%, e de Henrique Gouveia e Melo.<\/li>\n<li>Lu\u00eds Montenegro, primeiro-ministro e l\u00edder do PSD, n\u00e3o indicou apoio para a segunda volta, alegando que o espa\u00e7o pol\u00edtico do seu partido n\u00e3o est\u00e1 representado.<\/li>\n<li>Jos\u00e9 Lu\u00eds Carneiro, l\u00edder do PS, pediu uni\u00e3o entre democratas para a segunda volta; Filipe Teles, da Universidade de Aveiro, aponta que a vit\u00f3ria de Seguro reflete uma pol\u00edtica de modera\u00e7\u00e3o.<\/li>\n<\/ul>\n","protected":false},"author":2,"featured_media":152090,"comment_status":"closed","ping_status":"closed","sticky":false,"template":"","format":"standard","meta":{"footnotes":""},"categories":[1,5],"tags":[2453,2655,68,3145,3439,2832],"class_list":["post-152089","post","type-post","status-publish","format-standard","has-post-thumbnail","hentry","category-noticias","category-politica","tag-andre-ventura","tag-antonio-jose-seguro","tag-eleicoes","tag-joao-cotrim-de-figueiredo","tag-luis-montenegro","tag-politica"],"yoast_head":"<!-- This site is optimized with the Yoast SEO plugin v27.2 - https:\/\/yoast.com\/product\/yoast-seo-wordpress\/ -->\n<title>Modera\u00e7\u00e3o vence polariza\u00e7\u00e3o nas presidenciais - Portal Tela Portugal<\/title>\n<meta name=\"robots\" content=\"index, follow, max-snippet:-1, max-image-preview:large, max-video-preview:-1\" \/>\n<meta property=\"og:locale\" content=\"pt_PT\" \/>\n<meta property=\"og:type\" content=\"article\" \/>\n<meta property=\"og:title\" content=\"Modera\u00e7\u00e3o vence polariza\u00e7\u00e3o nas presidenciais - Portal Tela Portugal\" \/>\n<meta property=\"og:description\" content=\"O candidato Ant\u00f3nio Jos\u00e9 Seguro lidera com 30% dos votos e entra na segunda volta a 8 de fevereiro, ap\u00f3s 10 anos afastado da pol\u00edtica. Andr\u00e9 Ventura fica em segundo lugar com 24%, mantendo o Chega com eleitorado fidelizado e a promover-se como l\u00edder da direita. Jo\u00e3o Cotrim soma 15% e refor\u00e7a a fragmenta\u00e7\u00e3o da direita, ficando \u00e0 frente de Lu\u00eds Marques Mendes, com 12%, e de Henrique Gouveia e Melo. Lu\u00eds Montenegro, primeiro-ministro e l\u00edder do PSD, n\u00e3o indicou apoio para a segunda volta, alegando que o espa\u00e7o pol\u00edtico do seu partido n\u00e3o est\u00e1 representado. Jos\u00e9 Lu\u00eds Carneiro, l\u00edder do PS, pediu uni\u00e3o entre democratas para a segunda volta; Filipe Teles, da Universidade de Aveiro, aponta que a vit\u00f3ria de Seguro reflete uma pol\u00edtica de modera\u00e7\u00e3o.\" \/>\n<meta property=\"og:url\" content=\"https:\/\/portaltela.pt\/noticias\/2026\/01\/18\/moderacao-vence-polarizacao-nas-presidenciais\/\" \/>\n<meta property=\"og:site_name\" content=\"Portal Tela Portugal\" \/>\n<meta property=\"article:published_time\" content=\"2026-01-19T01:53:00+00:00\" \/>\n<meta name=\"author\" content=\"Telinha\" \/>\n<meta name=\"twitter:card\" content=\"summary_large_image\" \/>\n<meta name=\"twitter:label1\" content=\"Escrito por\" \/>\n\t<meta name=\"twitter:data1\" content=\"Telinha\" \/>\n\t<meta name=\"twitter:label2\" content=\"Tempo estimado de leitura\" \/>\n\t<meta name=\"twitter:data2\" content=\"1 minuto\" \/>\n<script type=\"application\/ld+json\" class=\"yoast-schema-graph\">{\"@context\":\"https:\/\/schema.org\",\"@graph\":[{\"@type\":\"Article\",\"@id\":\"https:\/\/portaltela.pt\/noticias\/2026\/01\/18\/moderacao-vence-polarizacao-nas-presidenciais\/#article\",\"isPartOf\":{\"@id\":\"https:\/\/portaltela.pt\/noticias\/2026\/01\/18\/moderacao-vence-polarizacao-nas-presidenciais\/\"},\"author\":{\"name\":\"Telinha\",\"@id\":\"https:\/\/portaltela.pt\/#\/schema\/person\/c4278d4a6028830caff9ee44b42d32ed\"},\"headline\":\"Modera\u00e7\u00e3o vence polariza\u00e7\u00e3o nas presidenciais\",\"datePublished\":\"2026-01-19T01:53:00+00:00\",\"mainEntityOfPage\":{\"@id\":\"https:\/\/portaltela.pt\/noticias\/2026\/01\/18\/moderacao-vence-polarizacao-nas-presidenciais\/\"},\"wordCount\":269,\"image\":{\"@id\":\"https:\/\/portaltela.pt\/noticias\/2026\/01\/18\/moderacao-vence-polarizacao-nas-presidenciais\/#primaryimage\"},\"thumbnailUrl\":\"https:\/\/portaltela.pt\/s.01k8rhncp4jt1\/2026\/01\/2161595.jpg\",\"keywords\":[\"Andr\u00e9 Ventura\",\"Ant\u00f3nio Jos\u00e9 Seguro\",\"elei\u00e7\u00f5es\",\"Jo\u00e3o Cotrim de Figueiredo\",\"Lu\u00eds Montenegro\",\"pol\u00edtica\"],\"articleSection\":[\"Not\u00edcias\",\"Pol\u00edtica\"],\"inLanguage\":\"pt-PT\"},{\"@type\":\"WebPage\",\"@id\":\"https:\/\/portaltela.pt\/noticias\/2026\/01\/18\/moderacao-vence-polarizacao-nas-presidenciais\/\",\"url\":\"https:\/\/portaltela.pt\/noticias\/2026\/01\/18\/moderacao-vence-polarizacao-nas-presidenciais\/\",\"name\":\"Modera\u00e7\u00e3o vence polariza\u00e7\u00e3o nas presidenciais - Portal Tela Portugal\",\"isPartOf\":{\"@id\":\"https:\/\/portaltela.pt\/#website\"},\"primaryImageOfPage\":{\"@id\":\"https:\/\/portaltela.pt\/noticias\/2026\/01\/18\/moderacao-vence-polarizacao-nas-presidenciais\/#primaryimage\"},\"image\":{\"@id\":\"https:\/\/portaltela.pt\/noticias\/2026\/01\/18\/moderacao-vence-polarizacao-nas-presidenciais\/#primaryimage\"},\"thumbnailUrl\":\"https:\/\/portaltela.pt\/s.01k8rhncp4jt1\/2026\/01\/2161595.jpg\",\"datePublished\":\"2026-01-19T01:53:00+00:00\",\"author\":{\"@id\":\"https:\/\/portaltela.pt\/#\/schema\/person\/c4278d4a6028830caff9ee44b42d32ed\"},\"breadcrumb\":{\"@id\":\"https:\/\/portaltela.pt\/noticias\/2026\/01\/18\/moderacao-vence-polarizacao-nas-presidenciais\/#breadcrumb\"},\"inLanguage\":\"pt-PT\",\"potentialAction\":[{\"@type\":\"ReadAction\",\"target\":[\"https:\/\/portaltela.pt\/noticias\/2026\/01\/18\/moderacao-vence-polarizacao-nas-presidenciais\/\"]}]},{\"@type\":\"ImageObject\",\"inLanguage\":\"pt-PT\",\"@id\":\"https:\/\/portaltela.pt\/noticias\/2026\/01\/18\/moderacao-vence-polarizacao-nas-presidenciais\/#primaryimage\",\"url\":\"https:\/\/portaltela.pt\/s.01k8rhncp4jt1\/2026\/01\/2161595.jpg\",\"contentUrl\":\"https:\/\/portaltela.pt\/s.01k8rhncp4jt1\/2026\/01\/2161595.jpg\",\"width\":796,\"height\":448,\"caption\":\"Photo\"},{\"@type\":\"BreadcrumbList\",\"@id\":\"https:\/\/portaltela.pt\/noticias\/2026\/01\/18\/moderacao-vence-polarizacao-nas-presidenciais\/#breadcrumb\",\"itemListElement\":[{\"@type\":\"ListItem\",\"position\":1,\"name\":\"In\u00edcio\",\"item\":\"https:\/\/portaltela.pt\/\"},{\"@type\":\"ListItem\",\"position\":2,\"name\":\"Modera\u00e7\u00e3o vence polariza\u00e7\u00e3o nas presidenciais\"}]},{\"@type\":\"WebSite\",\"@id\":\"https:\/\/portaltela.pt\/#website\",\"url\":\"https:\/\/portaltela.pt\/\",\"name\":\"Portal Tela Portugal\",\"description\":\"\",\"potentialAction\":[{\"@type\":\"SearchAction\",\"target\":{\"@type\":\"EntryPoint\",\"urlTemplate\":\"https:\/\/portaltela.pt\/?s={search_term_string}\"},\"query-input\":{\"@type\":\"PropertyValueSpecification\",\"valueRequired\":true,\"valueName\":\"search_term_string\"}}],\"inLanguage\":\"pt-PT\"},{\"@type\":\"Person\",\"@id\":\"https:\/\/portaltela.pt\/#\/schema\/person\/c4278d4a6028830caff9ee44b42d32ed\",\"name\":\"Telinha\",\"image\":{\"@type\":\"ImageObject\",\"inLanguage\":\"pt-PT\",\"@id\":\"https:\/\/portaltela.pt\/s.01k8rhncp4jt1\/2025\/11\/talking-bot-125x125.png\",\"url\":\"https:\/\/portaltela.pt\/s.01k8rhncp4jt1\/2025\/11\/talking-bot-125x125.png\",\"contentUrl\":\"https:\/\/portaltela.pt\/s.01k8rhncp4jt1\/2025\/11\/talking-bot-125x125.png\",\"caption\":\"Telinha\"},\"sameAs\":[\"https:\/\/portaltela.pt\/\"],\"url\":\"https:\/\/portaltela.pt\/por\/367410592786\/\"}]}<\/script>\n<!-- \/ Yoast SEO plugin. -->","yoast_head_json":{"title":"Modera\u00e7\u00e3o vence polariza\u00e7\u00e3o nas presidenciais - Portal Tela Portugal","robots":{"index":"index","follow":"follow","max-snippet":"max-snippet:-1","max-image-preview":"max-image-preview:large","max-video-preview":"max-video-preview:-1"},"og_locale":"pt_PT","og_type":"article","og_title":"Modera\u00e7\u00e3o vence polariza\u00e7\u00e3o nas presidenciais - Portal Tela Portugal","og_description":"O candidato Ant\u00f3nio Jos\u00e9 Seguro lidera com 30% dos votos e entra na segunda volta a 8 de fevereiro, ap\u00f3s 10 anos afastado da pol\u00edtica. Andr\u00e9 Ventura fica em segundo lugar com 24%, mantendo o Chega com eleitorado fidelizado e a promover-se como l\u00edder da direita. Jo\u00e3o Cotrim soma 15% e refor\u00e7a a fragmenta\u00e7\u00e3o da direita, ficando \u00e0 frente de Lu\u00eds Marques Mendes, com 12%, e de Henrique Gouveia e Melo. Lu\u00eds Montenegro, primeiro-ministro e l\u00edder do PSD, n\u00e3o indicou apoio para a segunda volta, alegando que o espa\u00e7o pol\u00edtico do seu partido n\u00e3o est\u00e1 representado. Jos\u00e9 Lu\u00eds Carneiro, l\u00edder do PS, pediu uni\u00e3o entre democratas para a segunda volta; Filipe Teles, da Universidade de Aveiro, aponta que a vit\u00f3ria de Seguro reflete uma pol\u00edtica de modera\u00e7\u00e3o.","og_url":"https:\/\/portaltela.pt\/noticias\/2026\/01\/18\/moderacao-vence-polarizacao-nas-presidenciais\/","og_site_name":"Portal Tela Portugal","article_published_time":"2026-01-19T01:53:00+00:00","author":"Telinha","twitter_card":"summary_large_image","twitter_misc":{"Escrito por":"Telinha","Tempo estimado de leitura":"1 minuto"},"schema":{"@context":"https:\/\/schema.org","@graph":[{"@type":"Article","@id":"https:\/\/portaltela.pt\/noticias\/2026\/01\/18\/moderacao-vence-polarizacao-nas-presidenciais\/#article","isPartOf":{"@id":"https:\/\/portaltela.pt\/noticias\/2026\/01\/18\/moderacao-vence-polarizacao-nas-presidenciais\/"},"author":{"name":"Telinha","@id":"https:\/\/portaltela.pt\/#\/schema\/person\/c4278d4a6028830caff9ee44b42d32ed"},"headline":"Modera\u00e7\u00e3o vence polariza\u00e7\u00e3o nas presidenciais","datePublished":"2026-01-19T01:53:00+00:00","mainEntityOfPage":{"@id":"https:\/\/portaltela.pt\/noticias\/2026\/01\/18\/moderacao-vence-polarizacao-nas-presidenciais\/"},"wordCount":269,"image":{"@id":"https:\/\/portaltela.pt\/noticias\/2026\/01\/18\/moderacao-vence-polarizacao-nas-presidenciais\/#primaryimage"},"thumbnailUrl":"https:\/\/portaltela.pt\/s.01k8rhncp4jt1\/2026\/01\/2161595.jpg","keywords":["Andr\u00e9 Ventura","Ant\u00f3nio Jos\u00e9 Seguro","elei\u00e7\u00f5es","Jo\u00e3o Cotrim de Figueiredo","Lu\u00eds Montenegro","pol\u00edtica"],"articleSection":["Not\u00edcias","Pol\u00edtica"],"inLanguage":"pt-PT"},{"@type":"WebPage","@id":"https:\/\/portaltela.pt\/noticias\/2026\/01\/18\/moderacao-vence-polarizacao-nas-presidenciais\/","url":"https:\/\/portaltela.pt\/noticias\/2026\/01\/18\/moderacao-vence-polarizacao-nas-presidenciais\/","name":"Modera\u00e7\u00e3o vence polariza\u00e7\u00e3o nas presidenciais - Portal Tela Portugal","isPartOf":{"@id":"https:\/\/portaltela.pt\/#website"},"primaryImageOfPage":{"@id":"https:\/\/portaltela.pt\/noticias\/2026\/01\/18\/moderacao-vence-polarizacao-nas-presidenciais\/#primaryimage"},"image":{"@id":"https:\/\/portaltela.pt\/noticias\/2026\/01\/18\/moderacao-vence-polarizacao-nas-presidenciais\/#primaryimage"},"thumbnailUrl":"https:\/\/portaltela.pt\/s.01k8rhncp4jt1\/2026\/01\/2161595.jpg","datePublished":"2026-01-19T01:53:00+00:00","author":{"@id":"https:\/\/portaltela.pt\/#\/schema\/person\/c4278d4a6028830caff9ee44b42d32ed"},"breadcrumb":{"@id":"https:\/\/portaltela.pt\/noticias\/2026\/01\/18\/moderacao-vence-polarizacao-nas-presidenciais\/#breadcrumb"},"inLanguage":"pt-PT","potentialAction":[{"@type":"ReadAction","target":["https:\/\/portaltela.pt\/noticias\/2026\/01\/18\/moderacao-vence-polarizacao-nas-presidenciais\/"]}]},{"@type":"ImageObject","inLanguage":"pt-PT","@id":"https:\/\/portaltela.pt\/noticias\/2026\/01\/18\/moderacao-vence-polarizacao-nas-presidenciais\/#primaryimage","url":"https:\/\/portaltela.pt\/s.01k8rhncp4jt1\/2026\/01\/2161595.jpg","contentUrl":"https:\/\/portaltela.pt\/s.01k8rhncp4jt1\/2026\/01\/2161595.jpg","width":796,"height":448,"caption":"Photo"},{"@type":"BreadcrumbList","@id":"https:\/\/portaltela.pt\/noticias\/2026\/01\/18\/moderacao-vence-polarizacao-nas-presidenciais\/#breadcrumb","itemListElement":[{"@type":"ListItem","position":1,"name":"In\u00edcio","item":"https:\/\/portaltela.pt\/"},{"@type":"ListItem","position":2,"name":"Modera\u00e7\u00e3o vence polariza\u00e7\u00e3o nas presidenciais"}]},{"@type":"WebSite","@id":"https:\/\/portaltela.pt\/#website","url":"https:\/\/portaltela.pt\/","name":"Portal Tela Portugal","description":"","potentialAction":[{"@type":"SearchAction","target":{"@type":"EntryPoint","urlTemplate":"https:\/\/portaltela.pt\/?s={search_term_string}"},"query-input":{"@type":"PropertyValueSpecification","valueRequired":true,"valueName":"search_term_string"}}],"inLanguage":"pt-PT"},{"@type":"Person","@id":"https:\/\/portaltela.pt\/#\/schema\/person\/c4278d4a6028830caff9ee44b42d32ed","name":"Telinha","image":{"@type":"ImageObject","inLanguage":"pt-PT","@id":"https:\/\/portaltela.pt\/s.01k8rhncp4jt1\/2025\/11\/talking-bot-125x125.png","url":"https:\/\/portaltela.pt\/s.01k8rhncp4jt1\/2025\/11\/talking-bot-125x125.png","contentUrl":"https:\/\/portaltela.pt\/s.01k8rhncp4jt1\/2025\/11\/talking-bot-125x125.png","caption":"Telinha"},"sameAs":["https:\/\/portaltela.pt\/"],"url":"https:\/\/portaltela.pt\/por\/367410592786\/"}]}},"_links":{"self":[{"href":"https:\/\/portaltela.pt\/api\/wp\/v2\/posts\/152089","targetHints":{"allow":["GET"]}}],"collection":[{"href":"https:\/\/portaltela.pt\/api\/wp\/v2\/posts"}],"about":[{"href":"https:\/\/portaltela.pt\/api\/wp\/v2\/types\/post"}],"author":[{"embeddable":true,"href":"https:\/\/portaltela.pt\/api\/wp\/v2\/users\/2"}],"replies":[{"embeddable":true,"href":"https:\/\/portaltela.pt\/api\/wp\/v2\/comments?post=152089"}],"version-history":[{"count":0,"href":"https:\/\/portaltela.pt\/api\/wp\/v2\/posts\/152089\/revisions"}],"wp:featuredmedia":[{"embeddable":true,"href":"https:\/\/portaltela.pt\/api\/wp\/v2\/media\/152090"}],"wp:attachment":[{"href":"https:\/\/portaltela.pt\/api\/wp\/v2\/media?parent=152089"}],"wp:term":[{"taxonomy":"category","embeddable":true,"href":"https:\/\/portaltela.pt\/api\/wp\/v2\/categories?post=152089"},{"taxonomy":"post_tag","embeddable":true,"href":"https:\/\/portaltela.pt\/api\/wp\/v2\/tags?post=152089"}],"curies":[{"name":"wp","href":"https:\/\/api.w.org\/{rel}","templated":true}]}}