{"id":152028,"date":"2026-01-19T04:00:00","date_gmt":"2026-01-19T07:00:00","guid":{"rendered":"https:\/\/portaltela.pt\/noticias\/2026\/01\/19\/entrudancas-une-geracoes-em-entradas-com-projeto-artistico-comunitario\/"},"modified":"2026-01-19T04:00:00","modified_gmt":"2026-01-19T07:00:00","slug":"entrudancas-une-geracoes-em-entradas-com-projeto-artistico-comunitario","status":"publish","type":"post","link":"https:\/\/portaltela.pt\/noticias\/2026\/01\/19\/entrudancas-une-geracoes-em-entradas-com-projeto-artistico-comunitario\/","title":{"rendered":"Entrudan\u00e7as une gera\u00e7\u00f5es em Entradas com projeto art\u00edstico comunit\u00e1rio"},"content":{"rendered":"<p>Entrudan\u00e7as une gera\u00e7\u00f5es em Entradas, Castro Verde, com edi\u00e7\u00e3o de 2026 entre 13 e 15 de fevereiro. O tema central \u00e9 \u00abDan\u00e7ar com Voz\u00bb, procurando ligar dan\u00e7a tradicional e a identidade do Baixo Alentejo. A vila transforma-se num palco de celebra\u00e7\u00e3o da cultura local.<\/p>\n<p>A programa\u00e7\u00e3o mant\u00e9m a diversidade, juntando propostas nacionais e internacionais. Inclui bailes, concertos e oficinas de dan\u00e7a, bem como passeios, visitas guiadas, exposi\u00e7\u00f5es e gastronomia regional. O cartaz valoriza o Cante Alentejano, a Viola Campani\u00e7a e o artesanato tradicional.<\/p>\n<p>O festival tem forte cariz comunit\u00e1rio, com participa\u00e7\u00e3o ativa de residentes antes da abertura oficial. Este ano, o projeto comunit\u00e1rio \u00abPessoas Cheias de Territ\u00f3rio \u2013 Dan\u00e7ar com Voz\u00bb \u00e9 orientado pelo artista convidado Rui Pinhos, que supervisiona uma apresenta\u00e7\u00e3o desenvolvida com a popula\u00e7\u00e3o local.<\/p>\n<h3>Projeto comunit\u00e1rio<\/h3>\n<p>A organiza\u00e7\u00e3o resulta de uma parceria entre a C\u00e2mara Municipal de Castro Verde, a Associa\u00e7\u00e3o P\u00e9dexumbo e a Junta de Freguesia de Entradas. O objetivo \u00e9 promover a participa\u00e7\u00e3o intergeracional e intercultural ao longo de tr\u00eas dias, articulando diferentes perspetivas.<\/p>\n<p>O cartaz detalhado ser\u00e1 anunciado em breve, mas j\u00e1 se sabe que o festival inclui tr\u00eas dias de partilha entre gera\u00e7\u00f5es e culturas. O ritmo das atividades combina frentes de cria\u00e7\u00e3o com momentos performativos.<\/p>\n","protected":false},"excerpt":{"rendered":"<ul>\n<li>Entre os dias 13 e 15 de fevereiro realiza-se, em Entradas (Castro Verde), o Festival Entrudan\u00e7as, com o tema \u201cDan\u00e7ar com Voz\u201d.<\/li>\n<li>A programa\u00e7\u00e3o mistura bailes, concertos e oficinas de dan\u00e7a, com propostas nacionais e internacionais, incluindo gastronomia regional e elementos do Cante Alentejano e da Viola Campani\u00e7a.<\/li>\n<li>O festival destaca-se pelo cariz comunit\u00e1rio, com participa\u00e7\u00e3o de moradores de Entradas num processo criativo de mais de um m\u00eas antes da abertura oficial.<\/li>\n<li>Este ano o projeto comunit\u00e1rio \u00e9 \u201cPessoas Cheias de Territ\u00f3rio \u2013 Dan\u00e7ar com Voz\u201d, com curadoria do artista Rui Pinhos, que est\u00e1 a colaborar com a popula\u00e7\u00e3o para uma apresenta\u00e7\u00e3o de destaque.<\/li>\n<li>A iniciativa resulta da parceria entre a C\u00e2mara Municipal de Castro Verde, a Associa\u00e7\u00e3o P\u00e9dexumbo e a Junta de Freguesia de Entradas; o cartaz detalhado ser\u00e1 anunciado brevemente, prevendo-se tr\u00eas dias de partilha entre gera\u00e7\u00f5es e culturas.<\/li>\n<\/ul>\n","protected":false},"author":2,"featured_media":152035,"comment_status":"closed","ping_status":"closed","sticky":false,"template":"","format":"standard","meta":{"footnotes":""},"categories":[1],"tags":[883,222,2491,1683,3437,3438],"class_list":["post-152028","post","type-post","status-publish","format-standard","has-post-thumbnail","hentry","category-noticias","tag-alentejo","tag-artesanato","tag-cante-alentejano","tag-danca","tag-entradas","tag-viola-campanica"],"yoast_head":"<!-- This site is optimized with the Yoast SEO plugin v27.2 - https:\/\/yoast.com\/product\/yoast-seo-wordpress\/ -->\n<title>Entrudan\u00e7as une gera\u00e7\u00f5es em Entradas com projeto art\u00edstico comunit\u00e1rio - Portal Tela Portugal<\/title>\n<meta name=\"robots\" content=\"index, follow, max-snippet:-1, max-image-preview:large, max-video-preview:-1\" \/>\n<meta property=\"og:locale\" content=\"pt_PT\" \/>\n<meta property=\"og:type\" content=\"article\" \/>\n<meta property=\"og:title\" content=\"Entrudan\u00e7as une gera\u00e7\u00f5es em Entradas com projeto art\u00edstico comunit\u00e1rio - Portal Tela Portugal\" \/>\n<meta property=\"og:description\" content=\"Entre os dias 13 e 15 de fevereiro realiza-se, em Entradas (Castro Verde), o Festival Entrudan\u00e7as, com o tema \u201cDan\u00e7ar com Voz\u201d. A programa\u00e7\u00e3o mistura bailes, concertos e oficinas de dan\u00e7a, com propostas nacionais e internacionais, incluindo gastronomia regional e elementos do Cante Alentejano e da Viola Campani\u00e7a. O festival destaca-se pelo cariz comunit\u00e1rio, com participa\u00e7\u00e3o de moradores de Entradas num processo criativo de mais de um m\u00eas antes da abertura oficial. Este ano o projeto comunit\u00e1rio \u00e9 \u201cPessoas Cheias de Territ\u00f3rio \u2013 Dan\u00e7ar com Voz\u201d, com curadoria do artista Rui Pinhos, que est\u00e1 a colaborar com a popula\u00e7\u00e3o para uma apresenta\u00e7\u00e3o de destaque. A iniciativa resulta da parceria entre a C\u00e2mara Municipal de Castro Verde, a Associa\u00e7\u00e3o P\u00e9dexumbo e a Junta de Freguesia de Entradas; o cartaz detalhado ser\u00e1 anunciado brevemente, prevendo-se tr\u00eas dias de partilha entre gera\u00e7\u00f5es e culturas.\" \/>\n<meta property=\"og:url\" content=\"https:\/\/portaltela.pt\/noticias\/2026\/01\/19\/entrudancas-une-geracoes-em-entradas-com-projeto-artistico-comunitario\/\" \/>\n<meta property=\"og:site_name\" content=\"Portal Tela Portugal\" \/>\n<meta property=\"article:published_time\" content=\"2026-01-19T07:00:00+00:00\" \/>\n<meta name=\"author\" content=\"Telinha\" \/>\n<meta name=\"twitter:card\" content=\"summary_large_image\" \/>\n<meta name=\"twitter:label1\" content=\"Escrito por\" \/>\n\t<meta name=\"twitter:data1\" content=\"Telinha\" \/>\n\t<meta name=\"twitter:label2\" content=\"Tempo estimado de leitura\" \/>\n\t<meta name=\"twitter:data2\" content=\"1 minuto\" \/>\n<script type=\"application\/ld+json\" class=\"yoast-schema-graph\">{\"@context\":\"https:\/\/schema.org\",\"@graph\":[{\"@type\":\"Article\",\"@id\":\"https:\/\/portaltela.pt\/noticias\/2026\/01\/19\/entrudancas-une-geracoes-em-entradas-com-projeto-artistico-comunitario\/#article\",\"isPartOf\":{\"@id\":\"https:\/\/portaltela.pt\/noticias\/2026\/01\/19\/entrudancas-une-geracoes-em-entradas-com-projeto-artistico-comunitario\/\"},\"author\":{\"name\":\"Telinha\",\"@id\":\"https:\/\/portaltela.pt\/#\/schema\/person\/c4278d4a6028830caff9ee44b42d32ed\"},\"headline\":\"Entrudan\u00e7as une gera\u00e7\u00f5es em Entradas com projeto art\u00edstico comunit\u00e1rio\",\"datePublished\":\"2026-01-19T07:00:00+00:00\",\"mainEntityOfPage\":{\"@id\":\"https:\/\/portaltela.pt\/noticias\/2026\/01\/19\/entrudancas-une-geracoes-em-entradas-com-projeto-artistico-comunitario\/\"},\"wordCount\":237,\"image\":{\"@id\":\"https:\/\/portaltela.pt\/noticias\/2026\/01\/19\/entrudancas-une-geracoes-em-entradas-com-projeto-artistico-comunitario\/#primaryimage\"},\"thumbnailUrl\":\"https:\/\/portaltela.pt\/s.01k8rhncp4jt1\/2026\/01\/unnamed-file-3791.jpg\",\"keywords\":[\"Alentejo\",\"artesanato\",\"Cante Alentejano\",\"dan\u00e7a\",\"Entradas\",\"Viola Campani\u00e7a\"],\"articleSection\":[\"Not\u00edcias\"],\"inLanguage\":\"pt-PT\"},{\"@type\":\"WebPage\",\"@id\":\"https:\/\/portaltela.pt\/noticias\/2026\/01\/19\/entrudancas-une-geracoes-em-entradas-com-projeto-artistico-comunitario\/\",\"url\":\"https:\/\/portaltela.pt\/noticias\/2026\/01\/19\/entrudancas-une-geracoes-em-entradas-com-projeto-artistico-comunitario\/\",\"name\":\"Entrudan\u00e7as une gera\u00e7\u00f5es em Entradas com projeto art\u00edstico comunit\u00e1rio - Portal Tela Portugal\",\"isPartOf\":{\"@id\":\"https:\/\/portaltela.pt\/#website\"},\"primaryImageOfPage\":{\"@id\":\"https:\/\/portaltela.pt\/noticias\/2026\/01\/19\/entrudancas-une-geracoes-em-entradas-com-projeto-artistico-comunitario\/#primaryimage\"},\"image\":{\"@id\":\"https:\/\/portaltela.pt\/noticias\/2026\/01\/19\/entrudancas-une-geracoes-em-entradas-com-projeto-artistico-comunitario\/#primaryimage\"},\"thumbnailUrl\":\"https:\/\/portaltela.pt\/s.01k8rhncp4jt1\/2026\/01\/unnamed-file-3791.jpg\",\"datePublished\":\"2026-01-19T07:00:00+00:00\",\"author\":{\"@id\":\"https:\/\/portaltela.pt\/#\/schema\/person\/c4278d4a6028830caff9ee44b42d32ed\"},\"breadcrumb\":{\"@id\":\"https:\/\/portaltela.pt\/noticias\/2026\/01\/19\/entrudancas-une-geracoes-em-entradas-com-projeto-artistico-comunitario\/#breadcrumb\"},\"inLanguage\":\"pt-PT\",\"potentialAction\":[{\"@type\":\"ReadAction\",\"target\":[\"https:\/\/portaltela.pt\/noticias\/2026\/01\/19\/entrudancas-une-geracoes-em-entradas-com-projeto-artistico-comunitario\/\"]}]},{\"@type\":\"ImageObject\",\"inLanguage\":\"pt-PT\",\"@id\":\"https:\/\/portaltela.pt\/noticias\/2026\/01\/19\/entrudancas-une-geracoes-em-entradas-com-projeto-artistico-comunitario\/#primaryimage\",\"url\":\"https:\/\/portaltela.pt\/s.01k8rhncp4jt1\/2026\/01\/unnamed-file-3791.jpg\",\"contentUrl\":\"https:\/\/portaltela.pt\/s.01k8rhncp4jt1\/2026\/01\/unnamed-file-3791.jpg\",\"width\":796,\"height\":448,\"caption\":\"Entrudan\u00e7as une gera\u00e7\u00f5es em Entradas atrav\u00e9s de projeto art\u00edstico comunit\u00e1rio\"},{\"@type\":\"BreadcrumbList\",\"@id\":\"https:\/\/portaltela.pt\/noticias\/2026\/01\/19\/entrudancas-une-geracoes-em-entradas-com-projeto-artistico-comunitario\/#breadcrumb\",\"itemListElement\":[{\"@type\":\"ListItem\",\"position\":1,\"name\":\"In\u00edcio\",\"item\":\"https:\/\/portaltela.pt\/\"},{\"@type\":\"ListItem\",\"position\":2,\"name\":\"Entrudan\u00e7as une gera\u00e7\u00f5es em Entradas com projeto art\u00edstico comunit\u00e1rio\"}]},{\"@type\":\"WebSite\",\"@id\":\"https:\/\/portaltela.pt\/#website\",\"url\":\"https:\/\/portaltela.pt\/\",\"name\":\"Portal Tela Portugal\",\"description\":\"\",\"potentialAction\":[{\"@type\":\"SearchAction\",\"target\":{\"@type\":\"EntryPoint\",\"urlTemplate\":\"https:\/\/portaltela.pt\/?s={search_term_string}\"},\"query-input\":{\"@type\":\"PropertyValueSpecification\",\"valueRequired\":true,\"valueName\":\"search_term_string\"}}],\"inLanguage\":\"pt-PT\"},{\"@type\":\"Person\",\"@id\":\"https:\/\/portaltela.pt\/#\/schema\/person\/c4278d4a6028830caff9ee44b42d32ed\",\"name\":\"Telinha\",\"image\":{\"@type\":\"ImageObject\",\"inLanguage\":\"pt-PT\",\"@id\":\"https:\/\/portaltela.pt\/s.01k8rhncp4jt1\/2025\/11\/talking-bot-125x125.png\",\"url\":\"https:\/\/portaltela.pt\/s.01k8rhncp4jt1\/2025\/11\/talking-bot-125x125.png\",\"contentUrl\":\"https:\/\/portaltela.pt\/s.01k8rhncp4jt1\/2025\/11\/talking-bot-125x125.png\",\"caption\":\"Telinha\"},\"sameAs\":[\"https:\/\/portaltela.pt\/\"],\"url\":\"https:\/\/portaltela.pt\/por\/367410592786\/\"}]}<\/script>\n<!-- \/ Yoast SEO plugin. -->","yoast_head_json":{"title":"Entrudan\u00e7as une gera\u00e7\u00f5es em Entradas com projeto art\u00edstico comunit\u00e1rio - Portal Tela Portugal","robots":{"index":"index","follow":"follow","max-snippet":"max-snippet:-1","max-image-preview":"max-image-preview:large","max-video-preview":"max-video-preview:-1"},"og_locale":"pt_PT","og_type":"article","og_title":"Entrudan\u00e7as une gera\u00e7\u00f5es em Entradas com projeto art\u00edstico comunit\u00e1rio - Portal Tela Portugal","og_description":"Entre os dias 13 e 15 de fevereiro realiza-se, em Entradas (Castro Verde), o Festival Entrudan\u00e7as, com o tema \u201cDan\u00e7ar com Voz\u201d. A programa\u00e7\u00e3o mistura bailes, concertos e oficinas de dan\u00e7a, com propostas nacionais e internacionais, incluindo gastronomia regional e elementos do Cante Alentejano e da Viola Campani\u00e7a. O festival destaca-se pelo cariz comunit\u00e1rio, com participa\u00e7\u00e3o de moradores de Entradas num processo criativo de mais de um m\u00eas antes da abertura oficial. Este ano o projeto comunit\u00e1rio \u00e9 \u201cPessoas Cheias de Territ\u00f3rio \u2013 Dan\u00e7ar com Voz\u201d, com curadoria do artista Rui Pinhos, que est\u00e1 a colaborar com a popula\u00e7\u00e3o para uma apresenta\u00e7\u00e3o de destaque. A iniciativa resulta da parceria entre a C\u00e2mara Municipal de Castro Verde, a Associa\u00e7\u00e3o P\u00e9dexumbo e a Junta de Freguesia de Entradas; o cartaz detalhado ser\u00e1 anunciado brevemente, prevendo-se tr\u00eas dias de partilha entre gera\u00e7\u00f5es e culturas.","og_url":"https:\/\/portaltela.pt\/noticias\/2026\/01\/19\/entrudancas-une-geracoes-em-entradas-com-projeto-artistico-comunitario\/","og_site_name":"Portal Tela Portugal","article_published_time":"2026-01-19T07:00:00+00:00","author":"Telinha","twitter_card":"summary_large_image","twitter_misc":{"Escrito por":"Telinha","Tempo estimado de leitura":"1 minuto"},"schema":{"@context":"https:\/\/schema.org","@graph":[{"@type":"Article","@id":"https:\/\/portaltela.pt\/noticias\/2026\/01\/19\/entrudancas-une-geracoes-em-entradas-com-projeto-artistico-comunitario\/#article","isPartOf":{"@id":"https:\/\/portaltela.pt\/noticias\/2026\/01\/19\/entrudancas-une-geracoes-em-entradas-com-projeto-artistico-comunitario\/"},"author":{"name":"Telinha","@id":"https:\/\/portaltela.pt\/#\/schema\/person\/c4278d4a6028830caff9ee44b42d32ed"},"headline":"Entrudan\u00e7as une gera\u00e7\u00f5es em Entradas com projeto art\u00edstico comunit\u00e1rio","datePublished":"2026-01-19T07:00:00+00:00","mainEntityOfPage":{"@id":"https:\/\/portaltela.pt\/noticias\/2026\/01\/19\/entrudancas-une-geracoes-em-entradas-com-projeto-artistico-comunitario\/"},"wordCount":237,"image":{"@id":"https:\/\/portaltela.pt\/noticias\/2026\/01\/19\/entrudancas-une-geracoes-em-entradas-com-projeto-artistico-comunitario\/#primaryimage"},"thumbnailUrl":"https:\/\/portaltela.pt\/s.01k8rhncp4jt1\/2026\/01\/unnamed-file-3791.jpg","keywords":["Alentejo","artesanato","Cante Alentejano","dan\u00e7a","Entradas","Viola Campani\u00e7a"],"articleSection":["Not\u00edcias"],"inLanguage":"pt-PT"},{"@type":"WebPage","@id":"https:\/\/portaltela.pt\/noticias\/2026\/01\/19\/entrudancas-une-geracoes-em-entradas-com-projeto-artistico-comunitario\/","url":"https:\/\/portaltela.pt\/noticias\/2026\/01\/19\/entrudancas-une-geracoes-em-entradas-com-projeto-artistico-comunitario\/","name":"Entrudan\u00e7as une gera\u00e7\u00f5es em Entradas com projeto art\u00edstico comunit\u00e1rio - Portal Tela Portugal","isPartOf":{"@id":"https:\/\/portaltela.pt\/#website"},"primaryImageOfPage":{"@id":"https:\/\/portaltela.pt\/noticias\/2026\/01\/19\/entrudancas-une-geracoes-em-entradas-com-projeto-artistico-comunitario\/#primaryimage"},"image":{"@id":"https:\/\/portaltela.pt\/noticias\/2026\/01\/19\/entrudancas-une-geracoes-em-entradas-com-projeto-artistico-comunitario\/#primaryimage"},"thumbnailUrl":"https:\/\/portaltela.pt\/s.01k8rhncp4jt1\/2026\/01\/unnamed-file-3791.jpg","datePublished":"2026-01-19T07:00:00+00:00","author":{"@id":"https:\/\/portaltela.pt\/#\/schema\/person\/c4278d4a6028830caff9ee44b42d32ed"},"breadcrumb":{"@id":"https:\/\/portaltela.pt\/noticias\/2026\/01\/19\/entrudancas-une-geracoes-em-entradas-com-projeto-artistico-comunitario\/#breadcrumb"},"inLanguage":"pt-PT","potentialAction":[{"@type":"ReadAction","target":["https:\/\/portaltela.pt\/noticias\/2026\/01\/19\/entrudancas-une-geracoes-em-entradas-com-projeto-artistico-comunitario\/"]}]},{"@type":"ImageObject","inLanguage":"pt-PT","@id":"https:\/\/portaltela.pt\/noticias\/2026\/01\/19\/entrudancas-une-geracoes-em-entradas-com-projeto-artistico-comunitario\/#primaryimage","url":"https:\/\/portaltela.pt\/s.01k8rhncp4jt1\/2026\/01\/unnamed-file-3791.jpg","contentUrl":"https:\/\/portaltela.pt\/s.01k8rhncp4jt1\/2026\/01\/unnamed-file-3791.jpg","width":796,"height":448,"caption":"Entrudan\u00e7as une gera\u00e7\u00f5es em Entradas atrav\u00e9s de projeto art\u00edstico comunit\u00e1rio"},{"@type":"BreadcrumbList","@id":"https:\/\/portaltela.pt\/noticias\/2026\/01\/19\/entrudancas-une-geracoes-em-entradas-com-projeto-artistico-comunitario\/#breadcrumb","itemListElement":[{"@type":"ListItem","position":1,"name":"In\u00edcio","item":"https:\/\/portaltela.pt\/"},{"@type":"ListItem","position":2,"name":"Entrudan\u00e7as une gera\u00e7\u00f5es em Entradas com projeto art\u00edstico comunit\u00e1rio"}]},{"@type":"WebSite","@id":"https:\/\/portaltela.pt\/#website","url":"https:\/\/portaltela.pt\/","name":"Portal Tela Portugal","description":"","potentialAction":[{"@type":"SearchAction","target":{"@type":"EntryPoint","urlTemplate":"https:\/\/portaltela.pt\/?s={search_term_string}"},"query-input":{"@type":"PropertyValueSpecification","valueRequired":true,"valueName":"search_term_string"}}],"inLanguage":"pt-PT"},{"@type":"Person","@id":"https:\/\/portaltela.pt\/#\/schema\/person\/c4278d4a6028830caff9ee44b42d32ed","name":"Telinha","image":{"@type":"ImageObject","inLanguage":"pt-PT","@id":"https:\/\/portaltela.pt\/s.01k8rhncp4jt1\/2025\/11\/talking-bot-125x125.png","url":"https:\/\/portaltela.pt\/s.01k8rhncp4jt1\/2025\/11\/talking-bot-125x125.png","contentUrl":"https:\/\/portaltela.pt\/s.01k8rhncp4jt1\/2025\/11\/talking-bot-125x125.png","caption":"Telinha"},"sameAs":["https:\/\/portaltela.pt\/"],"url":"https:\/\/portaltela.pt\/por\/367410592786\/"}]}},"_links":{"self":[{"href":"https:\/\/portaltela.pt\/api\/wp\/v2\/posts\/152028","targetHints":{"allow":["GET"]}}],"collection":[{"href":"https:\/\/portaltela.pt\/api\/wp\/v2\/posts"}],"about":[{"href":"https:\/\/portaltela.pt\/api\/wp\/v2\/types\/post"}],"author":[{"embeddable":true,"href":"https:\/\/portaltela.pt\/api\/wp\/v2\/users\/2"}],"replies":[{"embeddable":true,"href":"https:\/\/portaltela.pt\/api\/wp\/v2\/comments?post=152028"}],"version-history":[{"count":0,"href":"https:\/\/portaltela.pt\/api\/wp\/v2\/posts\/152028\/revisions"}],"wp:featuredmedia":[{"embeddable":true,"href":"https:\/\/portaltela.pt\/api\/wp\/v2\/media\/152035"}],"wp:attachment":[{"href":"https:\/\/portaltela.pt\/api\/wp\/v2\/media?parent=152028"}],"wp:term":[{"taxonomy":"category","embeddable":true,"href":"https:\/\/portaltela.pt\/api\/wp\/v2\/categories?post=152028"},{"taxonomy":"post_tag","embeddable":true,"href":"https:\/\/portaltela.pt\/api\/wp\/v2\/tags?post=152028"}],"curies":[{"name":"wp","href":"https:\/\/api.w.org\/{rel}","templated":true}]}}