{"id":152020,"date":"2026-01-19T04:05:00","date_gmt":"2026-01-19T07:05:00","guid":{"rendered":"https:\/\/portaltela.pt\/noticias\/2026\/01\/19\/impostos-sobre-a-cerveja-em-portugal-sao-um-terco-da-media-europeia-aponta-oms\/"},"modified":"2026-01-19T04:05:00","modified_gmt":"2026-01-19T07:05:00","slug":"impostos-sobre-a-cerveja-em-portugal-sao-um-terco-da-media-europeia-aponta-oms","status":"publish","type":"post","link":"https:\/\/portaltela.pt\/noticias\/2026\/01\/19\/impostos-sobre-a-cerveja-em-portugal-sao-um-terco-da-media-europeia-aponta-oms\/","title":{"rendered":"Impostos sobre a cerveja em Portugal s\u00e3o um ter\u00e7o da m\u00e9dia europeia, aponta OMS"},"content":{"rendered":"<p>A Organiza\u00e7\u00e3o Mundial da Sa\u00fade (OMS) publicou dois relat\u00f3rios globais que concluem que os impostos sobre \u00e1lcool e bebidas a\u00e7ucaradas s\u00e3o, na maioria dos pa\u00edses, baixos, mal desenhados e pouco atualizados. A ideia \u00e9 reduzir o consumo de produtos prejudiciais.<\/p>\n<p>Segundo a OMS, o aumento da acessibilidade a bebidas a\u00e7ucaradas e alco\u00f3licas \u00e9 um fator de risco para doen\u00e7as n\u00e3o transmiss\u00edveis, como obesidade, cancro e les\u00f5es. Os relat\u00f3rios defendem reformas para tornar os impostos mais eficazes e atualizados.<\/p>\n<p>Em Portugal, a situa\u00e7\u00e3o \u00e9 indicada como menos restritiva do que a desej\u00e1vel: o vinho mant\u00e9m taxa de 0%, a tributa\u00e7\u00e3o da cerveja fica abaixo da m\u00e9dia europeia e v\u00e1rias bebidas a\u00e7ucaradas permanecem sem taxa\u00e7\u00e3o. Dados que ilustram lacunas fiscais.<\/p>\n<p>Os relat\u00f3rios, tornados p\u00fablicos na ter\u00e7a-feira, 13 de janeiro, apresentam um panorama global das pol\u00edticas fiscais aplicadas a consumo de \u00e1lcool e bebidas a\u00e7ucaradas. A OMS refor\u00e7a a necessidade de medidas mais eficazes.<\/p>\n<p>A organiza\u00e7\u00e3o recomenda que os governos reforcem os impostos especiais sobre o consumo, com atualiza\u00e7\u00f5es regulares, para reduzir o acesso a produtos prejudiciais e incentivar escolhas mais saud\u00e1veis.<\/p>\n","protected":false},"excerpt":{"rendered":"<ul>\n<li>A Organiza\u00e7\u00e3o Mundial da Sa\u00fade (OMS) alerta que, a n\u00edvel global, os impostos sobre \u00e1lcool e bebidas a\u00e7ucaradas s\u00e3o baixos, mal desenhados e raramente atualizados.<\/li>\n<li>Em Portugal, a taxa sobre o vinho \u00e9 de zero por cento e a tributa\u00e7\u00e3o da cerveja fica abaixo da m\u00e9dia europeia.<\/li>\n<li>Muitas bebidas a\u00e7ucaradas continuam por taxar em Portugal.<\/li>\n<li>Dois relat\u00f3rios globais, publicados na ter\u00e7a-feira, 13 de janeiro, indicam que impostos baixos mant\u00eam produtos prejudiciais baratos e de f\u00e1cil acesso.<\/li>\n<li>A OMS diz que o aumento da acessibilidade a bebidas a\u00e7ucaradas e alco\u00f3licas \u00e9 um problema de sa\u00fade p\u00fablica, contribuindo para obesidade, cancro e les\u00f5es.<\/li>\n<\/ul>\n","protected":false},"author":2,"featured_media":152024,"comment_status":"closed","ping_status":"closed","sticky":false,"template":"","format":"standard","meta":{"footnotes":""},"categories":[1],"tags":[3312,3436,3435,229,271],"class_list":["post-152020","post","type-post","status-publish","format-standard","has-post-thumbnail","hentry","category-noticias","tag-bebidas-alcoolicas","tag-imposto-sobre-consumo","tag-impostos-especiais-sobre-consumo","tag-politica-publica","tag-saude-publica"],"yoast_head":"<!-- This site is optimized with the Yoast SEO plugin v27.2 - https:\/\/yoast.com\/product\/yoast-seo-wordpress\/ -->\n<title>Impostos sobre a cerveja em Portugal s\u00e3o um ter\u00e7o da m\u00e9dia europeia, aponta OMS - Portal Tela Portugal<\/title>\n<meta name=\"robots\" content=\"index, follow, max-snippet:-1, max-image-preview:large, max-video-preview:-1\" \/>\n<meta property=\"og:locale\" content=\"pt_PT\" \/>\n<meta property=\"og:type\" content=\"article\" \/>\n<meta property=\"og:title\" content=\"Impostos sobre a cerveja em Portugal s\u00e3o um ter\u00e7o da m\u00e9dia europeia, aponta OMS - Portal Tela Portugal\" \/>\n<meta property=\"og:description\" content=\"A Organiza\u00e7\u00e3o Mundial da Sa\u00fade (OMS) alerta que, a n\u00edvel global, os impostos sobre \u00e1lcool e bebidas a\u00e7ucaradas s\u00e3o baixos, mal desenhados e raramente atualizados. Em Portugal, a taxa sobre o vinho \u00e9 de zero por cento e a tributa\u00e7\u00e3o da cerveja fica abaixo da m\u00e9dia europeia. Muitas bebidas a\u00e7ucaradas continuam por taxar em Portugal. Dois relat\u00f3rios globais, publicados na ter\u00e7a-feira, 13 de janeiro, indicam que impostos baixos mant\u00eam produtos prejudiciais baratos e de f\u00e1cil acesso. A OMS diz que o aumento da acessibilidade a bebidas a\u00e7ucaradas e alco\u00f3licas \u00e9 um problema de sa\u00fade p\u00fablica, contribuindo para obesidade, cancro e les\u00f5es.\" \/>\n<meta property=\"og:url\" content=\"https:\/\/portaltela.pt\/noticias\/2026\/01\/19\/impostos-sobre-a-cerveja-em-portugal-sao-um-terco-da-media-europeia-aponta-oms\/\" \/>\n<meta property=\"og:site_name\" content=\"Portal Tela Portugal\" \/>\n<meta property=\"article:published_time\" content=\"2026-01-19T07:05:00+00:00\" \/>\n<meta name=\"author\" content=\"Telinha\" \/>\n<meta name=\"twitter:card\" content=\"summary_large_image\" \/>\n<meta name=\"twitter:label1\" content=\"Escrito por\" \/>\n\t<meta name=\"twitter:data1\" content=\"Telinha\" \/>\n\t<meta name=\"twitter:label2\" content=\"Tempo estimado de leitura\" \/>\n\t<meta name=\"twitter:data2\" content=\"1 minuto\" \/>\n<script type=\"application\/ld+json\" class=\"yoast-schema-graph\">{\"@context\":\"https:\/\/schema.org\",\"@graph\":[{\"@type\":\"Article\",\"@id\":\"https:\/\/portaltela.pt\/noticias\/2026\/01\/19\/impostos-sobre-a-cerveja-em-portugal-sao-um-terco-da-media-europeia-aponta-oms\/#article\",\"isPartOf\":{\"@id\":\"https:\/\/portaltela.pt\/noticias\/2026\/01\/19\/impostos-sobre-a-cerveja-em-portugal-sao-um-terco-da-media-europeia-aponta-oms\/\"},\"author\":{\"name\":\"Telinha\",\"@id\":\"https:\/\/portaltela.pt\/#\/schema\/person\/c4278d4a6028830caff9ee44b42d32ed\"},\"headline\":\"Impostos sobre a cerveja em Portugal s\u00e3o um ter\u00e7o da m\u00e9dia europeia, aponta OMS\",\"datePublished\":\"2026-01-19T07:05:00+00:00\",\"mainEntityOfPage\":{\"@id\":\"https:\/\/portaltela.pt\/noticias\/2026\/01\/19\/impostos-sobre-a-cerveja-em-portugal-sao-um-terco-da-media-europeia-aponta-oms\/\"},\"wordCount\":221,\"image\":{\"@id\":\"https:\/\/portaltela.pt\/noticias\/2026\/01\/19\/impostos-sobre-a-cerveja-em-portugal-sao-um-terco-da-media-europeia-aponta-oms\/#primaryimage\"},\"thumbnailUrl\":\"https:\/\/portaltela.pt\/s.01k8rhncp4jt1\/2026\/01\/2058982.jpg\",\"keywords\":[\"bebidas alco\u00f3licas\",\"imposto sobre consumo\",\"impostos especiais sobre consumo\",\"pol\u00edtica p\u00fablica\",\"sa\u00fade p\u00fablica\"],\"articleSection\":[\"Not\u00edcias\"],\"inLanguage\":\"pt-PT\"},{\"@type\":\"WebPage\",\"@id\":\"https:\/\/portaltela.pt\/noticias\/2026\/01\/19\/impostos-sobre-a-cerveja-em-portugal-sao-um-terco-da-media-europeia-aponta-oms\/\",\"url\":\"https:\/\/portaltela.pt\/noticias\/2026\/01\/19\/impostos-sobre-a-cerveja-em-portugal-sao-um-terco-da-media-europeia-aponta-oms\/\",\"name\":\"Impostos sobre a cerveja em Portugal s\u00e3o um ter\u00e7o da m\u00e9dia europeia, aponta OMS - Portal Tela Portugal\",\"isPartOf\":{\"@id\":\"https:\/\/portaltela.pt\/#website\"},\"primaryImageOfPage\":{\"@id\":\"https:\/\/portaltela.pt\/noticias\/2026\/01\/19\/impostos-sobre-a-cerveja-em-portugal-sao-um-terco-da-media-europeia-aponta-oms\/#primaryimage\"},\"image\":{\"@id\":\"https:\/\/portaltela.pt\/noticias\/2026\/01\/19\/impostos-sobre-a-cerveja-em-portugal-sao-um-terco-da-media-europeia-aponta-oms\/#primaryimage\"},\"thumbnailUrl\":\"https:\/\/portaltela.pt\/s.01k8rhncp4jt1\/2026\/01\/2058982.jpg\",\"datePublished\":\"2026-01-19T07:05:00+00:00\",\"author\":{\"@id\":\"https:\/\/portaltela.pt\/#\/schema\/person\/c4278d4a6028830caff9ee44b42d32ed\"},\"breadcrumb\":{\"@id\":\"https:\/\/portaltela.pt\/noticias\/2026\/01\/19\/impostos-sobre-a-cerveja-em-portugal-sao-um-terco-da-media-europeia-aponta-oms\/#breadcrumb\"},\"inLanguage\":\"pt-PT\",\"potentialAction\":[{\"@type\":\"ReadAction\",\"target\":[\"https:\/\/portaltela.pt\/noticias\/2026\/01\/19\/impostos-sobre-a-cerveja-em-portugal-sao-um-terco-da-media-europeia-aponta-oms\/\"]}]},{\"@type\":\"ImageObject\",\"inLanguage\":\"pt-PT\",\"@id\":\"https:\/\/portaltela.pt\/noticias\/2026\/01\/19\/impostos-sobre-a-cerveja-em-portugal-sao-um-terco-da-media-europeia-aponta-oms\/#primaryimage\",\"url\":\"https:\/\/portaltela.pt\/s.01k8rhncp4jt1\/2026\/01\/2058982.jpg\",\"contentUrl\":\"https:\/\/portaltela.pt\/s.01k8rhncp4jt1\/2026\/01\/2058982.jpg\",\"width\":796,\"height\":448,\"caption\":\"A totalidade da carga fiscal da cerveja em Portugal, nos 10%, est\u00e1 muito abaixo da m\u00e9dia mundial que se localiza nos 29,4%\"},{\"@type\":\"BreadcrumbList\",\"@id\":\"https:\/\/portaltela.pt\/noticias\/2026\/01\/19\/impostos-sobre-a-cerveja-em-portugal-sao-um-terco-da-media-europeia-aponta-oms\/#breadcrumb\",\"itemListElement\":[{\"@type\":\"ListItem\",\"position\":1,\"name\":\"In\u00edcio\",\"item\":\"https:\/\/portaltela.pt\/\"},{\"@type\":\"ListItem\",\"position\":2,\"name\":\"Impostos sobre a cerveja em Portugal s\u00e3o um ter\u00e7o da m\u00e9dia europeia, aponta OMS\"}]},{\"@type\":\"WebSite\",\"@id\":\"https:\/\/portaltela.pt\/#website\",\"url\":\"https:\/\/portaltela.pt\/\",\"name\":\"Portal Tela Portugal\",\"description\":\"\",\"potentialAction\":[{\"@type\":\"SearchAction\",\"target\":{\"@type\":\"EntryPoint\",\"urlTemplate\":\"https:\/\/portaltela.pt\/?s={search_term_string}\"},\"query-input\":{\"@type\":\"PropertyValueSpecification\",\"valueRequired\":true,\"valueName\":\"search_term_string\"}}],\"inLanguage\":\"pt-PT\"},{\"@type\":\"Person\",\"@id\":\"https:\/\/portaltela.pt\/#\/schema\/person\/c4278d4a6028830caff9ee44b42d32ed\",\"name\":\"Telinha\",\"image\":{\"@type\":\"ImageObject\",\"inLanguage\":\"pt-PT\",\"@id\":\"https:\/\/portaltela.pt\/s.01k8rhncp4jt1\/2025\/11\/talking-bot-125x125.png\",\"url\":\"https:\/\/portaltela.pt\/s.01k8rhncp4jt1\/2025\/11\/talking-bot-125x125.png\",\"contentUrl\":\"https:\/\/portaltela.pt\/s.01k8rhncp4jt1\/2025\/11\/talking-bot-125x125.png\",\"caption\":\"Telinha\"},\"sameAs\":[\"https:\/\/portaltela.pt\/\"],\"url\":\"https:\/\/portaltela.pt\/por\/367410592786\/\"}]}<\/script>\n<!-- \/ Yoast SEO plugin. -->","yoast_head_json":{"title":"Impostos sobre a cerveja em Portugal s\u00e3o um ter\u00e7o da m\u00e9dia europeia, aponta OMS - Portal Tela Portugal","robots":{"index":"index","follow":"follow","max-snippet":"max-snippet:-1","max-image-preview":"max-image-preview:large","max-video-preview":"max-video-preview:-1"},"og_locale":"pt_PT","og_type":"article","og_title":"Impostos sobre a cerveja em Portugal s\u00e3o um ter\u00e7o da m\u00e9dia europeia, aponta OMS - Portal Tela Portugal","og_description":"A Organiza\u00e7\u00e3o Mundial da Sa\u00fade (OMS) alerta que, a n\u00edvel global, os impostos sobre \u00e1lcool e bebidas a\u00e7ucaradas s\u00e3o baixos, mal desenhados e raramente atualizados. Em Portugal, a taxa sobre o vinho \u00e9 de zero por cento e a tributa\u00e7\u00e3o da cerveja fica abaixo da m\u00e9dia europeia. Muitas bebidas a\u00e7ucaradas continuam por taxar em Portugal. Dois relat\u00f3rios globais, publicados na ter\u00e7a-feira, 13 de janeiro, indicam que impostos baixos mant\u00eam produtos prejudiciais baratos e de f\u00e1cil acesso. A OMS diz que o aumento da acessibilidade a bebidas a\u00e7ucaradas e alco\u00f3licas \u00e9 um problema de sa\u00fade p\u00fablica, contribuindo para obesidade, cancro e les\u00f5es.","og_url":"https:\/\/portaltela.pt\/noticias\/2026\/01\/19\/impostos-sobre-a-cerveja-em-portugal-sao-um-terco-da-media-europeia-aponta-oms\/","og_site_name":"Portal Tela Portugal","article_published_time":"2026-01-19T07:05:00+00:00","author":"Telinha","twitter_card":"summary_large_image","twitter_misc":{"Escrito por":"Telinha","Tempo estimado de leitura":"1 minuto"},"schema":{"@context":"https:\/\/schema.org","@graph":[{"@type":"Article","@id":"https:\/\/portaltela.pt\/noticias\/2026\/01\/19\/impostos-sobre-a-cerveja-em-portugal-sao-um-terco-da-media-europeia-aponta-oms\/#article","isPartOf":{"@id":"https:\/\/portaltela.pt\/noticias\/2026\/01\/19\/impostos-sobre-a-cerveja-em-portugal-sao-um-terco-da-media-europeia-aponta-oms\/"},"author":{"name":"Telinha","@id":"https:\/\/portaltela.pt\/#\/schema\/person\/c4278d4a6028830caff9ee44b42d32ed"},"headline":"Impostos sobre a cerveja em Portugal s\u00e3o um ter\u00e7o da m\u00e9dia europeia, aponta OMS","datePublished":"2026-01-19T07:05:00+00:00","mainEntityOfPage":{"@id":"https:\/\/portaltela.pt\/noticias\/2026\/01\/19\/impostos-sobre-a-cerveja-em-portugal-sao-um-terco-da-media-europeia-aponta-oms\/"},"wordCount":221,"image":{"@id":"https:\/\/portaltela.pt\/noticias\/2026\/01\/19\/impostos-sobre-a-cerveja-em-portugal-sao-um-terco-da-media-europeia-aponta-oms\/#primaryimage"},"thumbnailUrl":"https:\/\/portaltela.pt\/s.01k8rhncp4jt1\/2026\/01\/2058982.jpg","keywords":["bebidas alco\u00f3licas","imposto sobre consumo","impostos especiais sobre consumo","pol\u00edtica p\u00fablica","sa\u00fade p\u00fablica"],"articleSection":["Not\u00edcias"],"inLanguage":"pt-PT"},{"@type":"WebPage","@id":"https:\/\/portaltela.pt\/noticias\/2026\/01\/19\/impostos-sobre-a-cerveja-em-portugal-sao-um-terco-da-media-europeia-aponta-oms\/","url":"https:\/\/portaltela.pt\/noticias\/2026\/01\/19\/impostos-sobre-a-cerveja-em-portugal-sao-um-terco-da-media-europeia-aponta-oms\/","name":"Impostos sobre a cerveja em Portugal s\u00e3o um ter\u00e7o da m\u00e9dia europeia, aponta OMS - Portal Tela Portugal","isPartOf":{"@id":"https:\/\/portaltela.pt\/#website"},"primaryImageOfPage":{"@id":"https:\/\/portaltela.pt\/noticias\/2026\/01\/19\/impostos-sobre-a-cerveja-em-portugal-sao-um-terco-da-media-europeia-aponta-oms\/#primaryimage"},"image":{"@id":"https:\/\/portaltela.pt\/noticias\/2026\/01\/19\/impostos-sobre-a-cerveja-em-portugal-sao-um-terco-da-media-europeia-aponta-oms\/#primaryimage"},"thumbnailUrl":"https:\/\/portaltela.pt\/s.01k8rhncp4jt1\/2026\/01\/2058982.jpg","datePublished":"2026-01-19T07:05:00+00:00","author":{"@id":"https:\/\/portaltela.pt\/#\/schema\/person\/c4278d4a6028830caff9ee44b42d32ed"},"breadcrumb":{"@id":"https:\/\/portaltela.pt\/noticias\/2026\/01\/19\/impostos-sobre-a-cerveja-em-portugal-sao-um-terco-da-media-europeia-aponta-oms\/#breadcrumb"},"inLanguage":"pt-PT","potentialAction":[{"@type":"ReadAction","target":["https:\/\/portaltela.pt\/noticias\/2026\/01\/19\/impostos-sobre-a-cerveja-em-portugal-sao-um-terco-da-media-europeia-aponta-oms\/"]}]},{"@type":"ImageObject","inLanguage":"pt-PT","@id":"https:\/\/portaltela.pt\/noticias\/2026\/01\/19\/impostos-sobre-a-cerveja-em-portugal-sao-um-terco-da-media-europeia-aponta-oms\/#primaryimage","url":"https:\/\/portaltela.pt\/s.01k8rhncp4jt1\/2026\/01\/2058982.jpg","contentUrl":"https:\/\/portaltela.pt\/s.01k8rhncp4jt1\/2026\/01\/2058982.jpg","width":796,"height":448,"caption":"A totalidade da carga fiscal da cerveja em Portugal, nos 10%, est\u00e1 muito abaixo da m\u00e9dia mundial que se localiza nos 29,4%"},{"@type":"BreadcrumbList","@id":"https:\/\/portaltela.pt\/noticias\/2026\/01\/19\/impostos-sobre-a-cerveja-em-portugal-sao-um-terco-da-media-europeia-aponta-oms\/#breadcrumb","itemListElement":[{"@type":"ListItem","position":1,"name":"In\u00edcio","item":"https:\/\/portaltela.pt\/"},{"@type":"ListItem","position":2,"name":"Impostos sobre a cerveja em Portugal s\u00e3o um ter\u00e7o da m\u00e9dia europeia, aponta OMS"}]},{"@type":"WebSite","@id":"https:\/\/portaltela.pt\/#website","url":"https:\/\/portaltela.pt\/","name":"Portal Tela Portugal","description":"","potentialAction":[{"@type":"SearchAction","target":{"@type":"EntryPoint","urlTemplate":"https:\/\/portaltela.pt\/?s={search_term_string}"},"query-input":{"@type":"PropertyValueSpecification","valueRequired":true,"valueName":"search_term_string"}}],"inLanguage":"pt-PT"},{"@type":"Person","@id":"https:\/\/portaltela.pt\/#\/schema\/person\/c4278d4a6028830caff9ee44b42d32ed","name":"Telinha","image":{"@type":"ImageObject","inLanguage":"pt-PT","@id":"https:\/\/portaltela.pt\/s.01k8rhncp4jt1\/2025\/11\/talking-bot-125x125.png","url":"https:\/\/portaltela.pt\/s.01k8rhncp4jt1\/2025\/11\/talking-bot-125x125.png","contentUrl":"https:\/\/portaltela.pt\/s.01k8rhncp4jt1\/2025\/11\/talking-bot-125x125.png","caption":"Telinha"},"sameAs":["https:\/\/portaltela.pt\/"],"url":"https:\/\/portaltela.pt\/por\/367410592786\/"}]}},"_links":{"self":[{"href":"https:\/\/portaltela.pt\/api\/wp\/v2\/posts\/152020","targetHints":{"allow":["GET"]}}],"collection":[{"href":"https:\/\/portaltela.pt\/api\/wp\/v2\/posts"}],"about":[{"href":"https:\/\/portaltela.pt\/api\/wp\/v2\/types\/post"}],"author":[{"embeddable":true,"href":"https:\/\/portaltela.pt\/api\/wp\/v2\/users\/2"}],"replies":[{"embeddable":true,"href":"https:\/\/portaltela.pt\/api\/wp\/v2\/comments?post=152020"}],"version-history":[{"count":0,"href":"https:\/\/portaltela.pt\/api\/wp\/v2\/posts\/152020\/revisions"}],"wp:featuredmedia":[{"embeddable":true,"href":"https:\/\/portaltela.pt\/api\/wp\/v2\/media\/152024"}],"wp:attachment":[{"href":"https:\/\/portaltela.pt\/api\/wp\/v2\/media?parent=152020"}],"wp:term":[{"taxonomy":"category","embeddable":true,"href":"https:\/\/portaltela.pt\/api\/wp\/v2\/categories?post=152020"},{"taxonomy":"post_tag","embeddable":true,"href":"https:\/\/portaltela.pt\/api\/wp\/v2\/tags?post=152020"}],"curies":[{"name":"wp","href":"https:\/\/api.w.org\/{rel}","templated":true}]}}