{"id":151968,"date":"2026-01-18T21:00:00","date_gmt":"2026-01-19T00:00:00","guid":{"rendered":"https:\/\/portaltela.pt\/noticias\/2026\/01\/18\/resumo-das-noticias-das-6h-principais-acontecimentos-da-manha-2\/"},"modified":"2026-01-18T21:00:00","modified_gmt":"2026-01-19T00:00:00","slug":"resumo-das-noticias-das-6h-principais-acontecimentos-da-manha-2","status":"publish","type":"post","link":"https:\/\/portaltela.pt\/noticias\/politica\/2026\/01\/18\/resumo-das-noticias-das-6h-principais-acontecimentos-da-manha-2\/","title":{"rendered":"Resumo das not\u00edcias das 6h, principais acontecimentos da manh\u00e3"},"content":{"rendered":"<p>Os pr\u00f3ximos minutos reservam-se para as Not\u00edcias das 6h da R\u00e1dio Observador, com o alinhamento di\u00e1rio de informa\u00e7\u00e3o objetiva, clara e neutral. O programa oferece um resumo das mat\u00e9rias mais relevantes, entrevistas, perspetivas de especialistas e an\u00e1lise r\u00e1pida para iniciar o dia.<\/p>\n<p>A edi\u00e7\u00e3o de 19 janeiro de 2026 apresenta uma sele\u00e7\u00e3o de conte\u00fados que v\u00e3o para al\u00e9m das manchetes. Inclui s\u00ednteses, notas dos protagonistas e informa\u00e7\u00e3o verificada, com espa\u00e7o para debate e evolu\u00e7\u00e3o ao longo da manh\u00e3. O objetivo \u00e9 manter o p\u00fablico bem informado de forma concisa e fiel aos factos.<\/p>\n<h3>Em Destaque<\/h3>\n<ul>\n<li>Angelina Vidal, a sindicalista abandonada \u00e0 fome em Lisboa.<\/li>\n<li>O dia mais triste e o regresso do STM \u2014 Interm\u00e9dios.<\/li>\n<li>A import\u00e2ncia de desaprender para aprender.<\/li>\n<li>5h. Marques Mendes recusa dar apoio na 2\u00aa volta.<\/li>\n<li>O que explica os resultados destas presidenciais?<\/li>\n<li>4h. PSD n\u00e3o vai apoiar nenhum candidato na segunda volta.<\/li>\n<li>3h. Catarina Martins e Ant\u00f3nio Filipe pedem voto em Seguro.<\/li>\n<\/ul>\n<h3>Sobre a leitura e a participa\u00e7\u00e3o<\/h3>\n<ul>\n<li>O programa oferece o olhar de Jos\u00e9 Manuel Fernandes eHelena Matos para os principais acontecimentos do dia.<\/li>\n<li>O espa\u00e7o \u00e9 aberto \u00e0 participa\u00e7\u00e3o dos ouvintes, que podem inscrever-se pelo 910024185.<\/li>\n<li>Al\u00e9m disso, h\u00e1 avalia\u00e7\u00f5es di\u00e1rias de tr\u00eas figuras por Miguel Pinheiro, dispon\u00edveis de segunda a sexta ap\u00f3s as 8h25.<\/li>\n<li>O objetivo \u00e9 entregar um resumo r\u00e1pido das not\u00edcias que importam, com explica\u00e7\u00e3o de contexto por jornalistas e especialistas.<\/li>\n<\/ul>\n<h3>Estrutura e formato<\/h3>\n<ul>\n<li>A edi\u00e7\u00e3o funciona com uma apresenta\u00e7\u00e3o de 15 minutos de s\u00edntese factual.<\/li>\n<li>N\u00e3o h\u00e1 conclus\u00f5es ou opini\u00f5es pessoais no texto, apenas informa\u00e7\u00f5es verific\u00e1veis.<\/li>\n<li>O conte\u00fado \u00e9 apresentado em voz ativa, com par\u00e1grafos curtos para leitura fluida.<\/li>\n<\/ul>\n<p>Notas finais<\/p>\n<ul>\n<li>Este resumo respeita o estilo jornal\u00edstico de neutralidade e objetividade.<\/li>\n<li>N\u00e3o foram inclu\u00eddas informa\u00e7\u00f5es pr\u00f3prias nem julgamentos sobre os temas.<\/li>\n<li>Credita-se as fontes apenas quando mencionadas nos materiais originais.<\/li>\n<\/ul>\n","protected":false},"excerpt":{"rendered":"<ul>\n<li>A R\u00e1dio Observador apresenta as not\u00edcias das 6h, com formato de resumo di\u00e1rio das principais atualidades.<\/li>\n<li>Data do boletim: 19 janeiro de 2026, com v\u00e1rias sec\u00e7\u00f5es ligadas a epis\u00f3dios, recentes e em destaque.<\/li>\n<li>Em \u201cem destaque\u201d surgem conte\u00fados sobre o olhar de jornalistas para os acontecimentos do dia, com participa\u00e7\u00e3o de ouvintes mediante inscri\u00e7\u00e3o por telefone.<\/li>\n<li>O programa inclui avalia\u00e7\u00f5es de figuras p\u00fablicas, coment\u00e1rios da reda\u00e7\u00e3o e especialistas, al\u00e9m de resumos r\u00e1pidos das not\u00edcias mais importantes.<\/li>\n<li>Nos conte\u00fados repetidos, destacam-se as Manh\u00e3s 360 e a Tarde Pol\u00edtica como espa\u00e7os de debate com os protagonistas do dia.<\/li>\n<\/ul>\n","protected":false},"author":2,"featured_media":151970,"comment_status":"closed","ping_status":"closed","sticky":false,"template":"","format":"standard","meta":{"footnotes":""},"categories":[1,5],"tags":[2766,2578,41,2832,3001,2458],"class_list":["post-151968","post","type-post","status-publish","format-standard","has-post-thumbnail","hentry","category-noticias","category-politica","tag-antonio-filipe","tag-catarina-martins","tag-noticia","tag-politica","tag-presidenciais","tag-psd-cds"],"yoast_head":"<!-- This site is optimized with the Yoast SEO plugin v27.2 - https:\/\/yoast.com\/product\/yoast-seo-wordpress\/ -->\n<title>Resumo das not\u00edcias das 6h, principais acontecimentos da manh\u00e3 - Portal Tela Portugal<\/title>\n<meta name=\"robots\" content=\"index, follow, max-snippet:-1, max-image-preview:large, max-video-preview:-1\" \/>\n<meta property=\"og:locale\" content=\"pt_PT\" \/>\n<meta property=\"og:type\" content=\"article\" \/>\n<meta property=\"og:title\" content=\"Resumo das not\u00edcias das 6h, principais acontecimentos da manh\u00e3 - Portal Tela Portugal\" \/>\n<meta property=\"og:description\" content=\"A R\u00e1dio Observador apresenta as not\u00edcias das 6h, com formato de resumo di\u00e1rio das principais atualidades. Data do boletim: 19 janeiro de 2026, com v\u00e1rias sec\u00e7\u00f5es ligadas a epis\u00f3dios, recentes e em destaque. Em \u201cem destaque\u201d surgem conte\u00fados sobre o olhar de jornalistas para os acontecimentos do dia, com participa\u00e7\u00e3o de ouvintes mediante inscri\u00e7\u00e3o por telefone. O programa inclui avalia\u00e7\u00f5es de figuras p\u00fablicas, coment\u00e1rios da reda\u00e7\u00e3o e especialistas, al\u00e9m de resumos r\u00e1pidos das not\u00edcias mais importantes. Nos conte\u00fados repetidos, destacam-se as Manh\u00e3s 360 e a Tarde Pol\u00edtica como espa\u00e7os de debate com os protagonistas do dia.\" \/>\n<meta property=\"og:url\" content=\"https:\/\/portaltela.pt\/noticias\/2026\/01\/18\/resumo-das-noticias-das-6h-principais-acontecimentos-da-manha-2\/\" \/>\n<meta property=\"og:site_name\" content=\"Portal Tela Portugal\" \/>\n<meta property=\"article:published_time\" content=\"2026-01-19T00:00:00+00:00\" \/>\n<meta name=\"author\" content=\"Telinha\" \/>\n<meta name=\"twitter:card\" content=\"summary_large_image\" \/>\n<meta name=\"twitter:label1\" content=\"Escrito por\" \/>\n\t<meta name=\"twitter:data1\" content=\"Telinha\" \/>\n\t<meta name=\"twitter:label2\" content=\"Tempo estimado de leitura\" \/>\n\t<meta name=\"twitter:data2\" content=\"2 minutos\" \/>\n<script type=\"application\/ld+json\" class=\"yoast-schema-graph\">{\"@context\":\"https:\/\/schema.org\",\"@graph\":[{\"@type\":\"Article\",\"@id\":\"https:\/\/portaltela.pt\/noticias\/2026\/01\/18\/resumo-das-noticias-das-6h-principais-acontecimentos-da-manha-2\/#article\",\"isPartOf\":{\"@id\":\"https:\/\/portaltela.pt\/noticias\/2026\/01\/18\/resumo-das-noticias-das-6h-principais-acontecimentos-da-manha-2\/\"},\"author\":{\"name\":\"Telinha\",\"@id\":\"https:\/\/portaltela.pt\/#\/schema\/person\/c4278d4a6028830caff9ee44b42d32ed\"},\"headline\":\"Resumo das not\u00edcias das 6h, principais acontecimentos da manh\u00e3\",\"datePublished\":\"2026-01-19T00:00:00+00:00\",\"mainEntityOfPage\":{\"@id\":\"https:\/\/portaltela.pt\/noticias\/2026\/01\/18\/resumo-das-noticias-das-6h-principais-acontecimentos-da-manha-2\/\"},\"wordCount\":348,\"image\":{\"@id\":\"https:\/\/portaltela.pt\/noticias\/2026\/01\/18\/resumo-das-noticias-das-6h-principais-acontecimentos-da-manha-2\/#primaryimage\"},\"thumbnailUrl\":\"https:\/\/portaltela.pt\/s.01k8rhncp4jt1\/2026\/01\/770-podcast-noticiario-269.jpg\",\"keywords\":[\"Ant\u00f3nio Filipe\",\"Catarina Martins\",\"not\u00edcia\",\"pol\u00edtica\",\"Presidenciais\",\"PSD\/CDS\"],\"articleSection\":[\"Not\u00edcias\",\"Pol\u00edtica\"],\"inLanguage\":\"pt-PT\"},{\"@type\":\"WebPage\",\"@id\":\"https:\/\/portaltela.pt\/noticias\/2026\/01\/18\/resumo-das-noticias-das-6h-principais-acontecimentos-da-manha-2\/\",\"url\":\"https:\/\/portaltela.pt\/noticias\/2026\/01\/18\/resumo-das-noticias-das-6h-principais-acontecimentos-da-manha-2\/\",\"name\":\"Resumo das not\u00edcias das 6h, principais acontecimentos da manh\u00e3 - Portal Tela Portugal\",\"isPartOf\":{\"@id\":\"https:\/\/portaltela.pt\/#website\"},\"primaryImageOfPage\":{\"@id\":\"https:\/\/portaltela.pt\/noticias\/2026\/01\/18\/resumo-das-noticias-das-6h-principais-acontecimentos-da-manha-2\/#primaryimage\"},\"image\":{\"@id\":\"https:\/\/portaltela.pt\/noticias\/2026\/01\/18\/resumo-das-noticias-das-6h-principais-acontecimentos-da-manha-2\/#primaryimage\"},\"thumbnailUrl\":\"https:\/\/portaltela.pt\/s.01k8rhncp4jt1\/2026\/01\/770-podcast-noticiario-269.jpg\",\"datePublished\":\"2026-01-19T00:00:00+00:00\",\"author\":{\"@id\":\"https:\/\/portaltela.pt\/#\/schema\/person\/c4278d4a6028830caff9ee44b42d32ed\"},\"breadcrumb\":{\"@id\":\"https:\/\/portaltela.pt\/noticias\/2026\/01\/18\/resumo-das-noticias-das-6h-principais-acontecimentos-da-manha-2\/#breadcrumb\"},\"inLanguage\":\"pt-PT\",\"potentialAction\":[{\"@type\":\"ReadAction\",\"target\":[\"https:\/\/portaltela.pt\/noticias\/2026\/01\/18\/resumo-das-noticias-das-6h-principais-acontecimentos-da-manha-2\/\"]}]},{\"@type\":\"ImageObject\",\"inLanguage\":\"pt-PT\",\"@id\":\"https:\/\/portaltela.pt\/noticias\/2026\/01\/18\/resumo-das-noticias-das-6h-principais-acontecimentos-da-manha-2\/#primaryimage\",\"url\":\"https:\/\/portaltela.pt\/s.01k8rhncp4jt1\/2026\/01\/770-podcast-noticiario-269.jpg\",\"contentUrl\":\"https:\/\/portaltela.pt\/s.01k8rhncp4jt1\/2026\/01\/770-podcast-noticiario-269.jpg\",\"width\":796,\"height\":448,\"caption\":\"Capa do programa\"},{\"@type\":\"BreadcrumbList\",\"@id\":\"https:\/\/portaltela.pt\/noticias\/2026\/01\/18\/resumo-das-noticias-das-6h-principais-acontecimentos-da-manha-2\/#breadcrumb\",\"itemListElement\":[{\"@type\":\"ListItem\",\"position\":1,\"name\":\"In\u00edcio\",\"item\":\"https:\/\/portaltela.pt\/\"},{\"@type\":\"ListItem\",\"position\":2,\"name\":\"Resumo das not\u00edcias das 6h, principais acontecimentos da manh\u00e3\"}]},{\"@type\":\"WebSite\",\"@id\":\"https:\/\/portaltela.pt\/#website\",\"url\":\"https:\/\/portaltela.pt\/\",\"name\":\"Portal Tela Portugal\",\"description\":\"\",\"potentialAction\":[{\"@type\":\"SearchAction\",\"target\":{\"@type\":\"EntryPoint\",\"urlTemplate\":\"https:\/\/portaltela.pt\/?s={search_term_string}\"},\"query-input\":{\"@type\":\"PropertyValueSpecification\",\"valueRequired\":true,\"valueName\":\"search_term_string\"}}],\"inLanguage\":\"pt-PT\"},{\"@type\":\"Person\",\"@id\":\"https:\/\/portaltela.pt\/#\/schema\/person\/c4278d4a6028830caff9ee44b42d32ed\",\"name\":\"Telinha\",\"image\":{\"@type\":\"ImageObject\",\"inLanguage\":\"pt-PT\",\"@id\":\"https:\/\/portaltela.pt\/s.01k8rhncp4jt1\/2025\/11\/talking-bot-125x125.png\",\"url\":\"https:\/\/portaltela.pt\/s.01k8rhncp4jt1\/2025\/11\/talking-bot-125x125.png\",\"contentUrl\":\"https:\/\/portaltela.pt\/s.01k8rhncp4jt1\/2025\/11\/talking-bot-125x125.png\",\"caption\":\"Telinha\"},\"sameAs\":[\"https:\/\/portaltela.pt\/\"],\"url\":\"https:\/\/portaltela.pt\/por\/367410592786\/\"}]}<\/script>\n<!-- \/ Yoast SEO plugin. -->","yoast_head_json":{"title":"Resumo das not\u00edcias das 6h, principais acontecimentos da manh\u00e3 - Portal Tela Portugal","robots":{"index":"index","follow":"follow","max-snippet":"max-snippet:-1","max-image-preview":"max-image-preview:large","max-video-preview":"max-video-preview:-1"},"og_locale":"pt_PT","og_type":"article","og_title":"Resumo das not\u00edcias das 6h, principais acontecimentos da manh\u00e3 - Portal Tela Portugal","og_description":"A R\u00e1dio Observador apresenta as not\u00edcias das 6h, com formato de resumo di\u00e1rio das principais atualidades. Data do boletim: 19 janeiro de 2026, com v\u00e1rias sec\u00e7\u00f5es ligadas a epis\u00f3dios, recentes e em destaque. Em \u201cem destaque\u201d surgem conte\u00fados sobre o olhar de jornalistas para os acontecimentos do dia, com participa\u00e7\u00e3o de ouvintes mediante inscri\u00e7\u00e3o por telefone. O programa inclui avalia\u00e7\u00f5es de figuras p\u00fablicas, coment\u00e1rios da reda\u00e7\u00e3o e especialistas, al\u00e9m de resumos r\u00e1pidos das not\u00edcias mais importantes. Nos conte\u00fados repetidos, destacam-se as Manh\u00e3s 360 e a Tarde Pol\u00edtica como espa\u00e7os de debate com os protagonistas do dia.","og_url":"https:\/\/portaltela.pt\/noticias\/2026\/01\/18\/resumo-das-noticias-das-6h-principais-acontecimentos-da-manha-2\/","og_site_name":"Portal Tela Portugal","article_published_time":"2026-01-19T00:00:00+00:00","author":"Telinha","twitter_card":"summary_large_image","twitter_misc":{"Escrito por":"Telinha","Tempo estimado de leitura":"2 minutos"},"schema":{"@context":"https:\/\/schema.org","@graph":[{"@type":"Article","@id":"https:\/\/portaltela.pt\/noticias\/2026\/01\/18\/resumo-das-noticias-das-6h-principais-acontecimentos-da-manha-2\/#article","isPartOf":{"@id":"https:\/\/portaltela.pt\/noticias\/2026\/01\/18\/resumo-das-noticias-das-6h-principais-acontecimentos-da-manha-2\/"},"author":{"name":"Telinha","@id":"https:\/\/portaltela.pt\/#\/schema\/person\/c4278d4a6028830caff9ee44b42d32ed"},"headline":"Resumo das not\u00edcias das 6h, principais acontecimentos da manh\u00e3","datePublished":"2026-01-19T00:00:00+00:00","mainEntityOfPage":{"@id":"https:\/\/portaltela.pt\/noticias\/2026\/01\/18\/resumo-das-noticias-das-6h-principais-acontecimentos-da-manha-2\/"},"wordCount":348,"image":{"@id":"https:\/\/portaltela.pt\/noticias\/2026\/01\/18\/resumo-das-noticias-das-6h-principais-acontecimentos-da-manha-2\/#primaryimage"},"thumbnailUrl":"https:\/\/portaltela.pt\/s.01k8rhncp4jt1\/2026\/01\/770-podcast-noticiario-269.jpg","keywords":["Ant\u00f3nio Filipe","Catarina Martins","not\u00edcia","pol\u00edtica","Presidenciais","PSD\/CDS"],"articleSection":["Not\u00edcias","Pol\u00edtica"],"inLanguage":"pt-PT"},{"@type":"WebPage","@id":"https:\/\/portaltela.pt\/noticias\/2026\/01\/18\/resumo-das-noticias-das-6h-principais-acontecimentos-da-manha-2\/","url":"https:\/\/portaltela.pt\/noticias\/2026\/01\/18\/resumo-das-noticias-das-6h-principais-acontecimentos-da-manha-2\/","name":"Resumo das not\u00edcias das 6h, principais acontecimentos da manh\u00e3 - Portal Tela Portugal","isPartOf":{"@id":"https:\/\/portaltela.pt\/#website"},"primaryImageOfPage":{"@id":"https:\/\/portaltela.pt\/noticias\/2026\/01\/18\/resumo-das-noticias-das-6h-principais-acontecimentos-da-manha-2\/#primaryimage"},"image":{"@id":"https:\/\/portaltela.pt\/noticias\/2026\/01\/18\/resumo-das-noticias-das-6h-principais-acontecimentos-da-manha-2\/#primaryimage"},"thumbnailUrl":"https:\/\/portaltela.pt\/s.01k8rhncp4jt1\/2026\/01\/770-podcast-noticiario-269.jpg","datePublished":"2026-01-19T00:00:00+00:00","author":{"@id":"https:\/\/portaltela.pt\/#\/schema\/person\/c4278d4a6028830caff9ee44b42d32ed"},"breadcrumb":{"@id":"https:\/\/portaltela.pt\/noticias\/2026\/01\/18\/resumo-das-noticias-das-6h-principais-acontecimentos-da-manha-2\/#breadcrumb"},"inLanguage":"pt-PT","potentialAction":[{"@type":"ReadAction","target":["https:\/\/portaltela.pt\/noticias\/2026\/01\/18\/resumo-das-noticias-das-6h-principais-acontecimentos-da-manha-2\/"]}]},{"@type":"ImageObject","inLanguage":"pt-PT","@id":"https:\/\/portaltela.pt\/noticias\/2026\/01\/18\/resumo-das-noticias-das-6h-principais-acontecimentos-da-manha-2\/#primaryimage","url":"https:\/\/portaltela.pt\/s.01k8rhncp4jt1\/2026\/01\/770-podcast-noticiario-269.jpg","contentUrl":"https:\/\/portaltela.pt\/s.01k8rhncp4jt1\/2026\/01\/770-podcast-noticiario-269.jpg","width":796,"height":448,"caption":"Capa do programa"},{"@type":"BreadcrumbList","@id":"https:\/\/portaltela.pt\/noticias\/2026\/01\/18\/resumo-das-noticias-das-6h-principais-acontecimentos-da-manha-2\/#breadcrumb","itemListElement":[{"@type":"ListItem","position":1,"name":"In\u00edcio","item":"https:\/\/portaltela.pt\/"},{"@type":"ListItem","position":2,"name":"Resumo das not\u00edcias das 6h, principais acontecimentos da manh\u00e3"}]},{"@type":"WebSite","@id":"https:\/\/portaltela.pt\/#website","url":"https:\/\/portaltela.pt\/","name":"Portal Tela Portugal","description":"","potentialAction":[{"@type":"SearchAction","target":{"@type":"EntryPoint","urlTemplate":"https:\/\/portaltela.pt\/?s={search_term_string}"},"query-input":{"@type":"PropertyValueSpecification","valueRequired":true,"valueName":"search_term_string"}}],"inLanguage":"pt-PT"},{"@type":"Person","@id":"https:\/\/portaltela.pt\/#\/schema\/person\/c4278d4a6028830caff9ee44b42d32ed","name":"Telinha","image":{"@type":"ImageObject","inLanguage":"pt-PT","@id":"https:\/\/portaltela.pt\/s.01k8rhncp4jt1\/2025\/11\/talking-bot-125x125.png","url":"https:\/\/portaltela.pt\/s.01k8rhncp4jt1\/2025\/11\/talking-bot-125x125.png","contentUrl":"https:\/\/portaltela.pt\/s.01k8rhncp4jt1\/2025\/11\/talking-bot-125x125.png","caption":"Telinha"},"sameAs":["https:\/\/portaltela.pt\/"],"url":"https:\/\/portaltela.pt\/por\/367410592786\/"}]}},"_links":{"self":[{"href":"https:\/\/portaltela.pt\/api\/wp\/v2\/posts\/151968","targetHints":{"allow":["GET"]}}],"collection":[{"href":"https:\/\/portaltela.pt\/api\/wp\/v2\/posts"}],"about":[{"href":"https:\/\/portaltela.pt\/api\/wp\/v2\/types\/post"}],"author":[{"embeddable":true,"href":"https:\/\/portaltela.pt\/api\/wp\/v2\/users\/2"}],"replies":[{"embeddable":true,"href":"https:\/\/portaltela.pt\/api\/wp\/v2\/comments?post=151968"}],"version-history":[{"count":0,"href":"https:\/\/portaltela.pt\/api\/wp\/v2\/posts\/151968\/revisions"}],"wp:featuredmedia":[{"embeddable":true,"href":"https:\/\/portaltela.pt\/api\/wp\/v2\/media\/151970"}],"wp:attachment":[{"href":"https:\/\/portaltela.pt\/api\/wp\/v2\/media?parent=151968"}],"wp:term":[{"taxonomy":"category","embeddable":true,"href":"https:\/\/portaltela.pt\/api\/wp\/v2\/categories?post=151968"},{"taxonomy":"post_tag","embeddable":true,"href":"https:\/\/portaltela.pt\/api\/wp\/v2\/tags?post=151968"}],"curies":[{"name":"wp","href":"https:\/\/api.w.org\/{rel}","templated":true}]}}