{"id":151915,"date":"2026-01-18T23:43:00","date_gmt":"2026-01-19T02:43:00","guid":{"rendered":"https:\/\/portaltela.pt\/noticias\/2026\/01\/18\/presidenciais-a-noite-em-13-imagens\/"},"modified":"2026-01-18T23:43:00","modified_gmt":"2026-01-19T02:43:00","slug":"presidenciais-a-noite-em-13-imagens","status":"publish","type":"post","link":"https:\/\/portaltela.pt\/noticias\/politica\/2026\/01\/18\/presidenciais-a-noite-em-13-imagens\/","title":{"rendered":"Presidenciais: a noite em 13 imagens"},"content":{"rendered":"<p>A noite das presidenciais de 2026 regressa a uma segunda volta pela primeira vez desde 1986, com Ant\u00f3nio Jos\u00e9 Seguro e Andr\u00e9 Ventura na dianteira. Henrique Gouveia e Melo e Marques Mendes ficaram pelo caminho, em quarto e quinto lugares, respetivamente. A vota\u00e7\u00e3o decorreu na sequ\u00eancia de uma primeira volta disputada em todo o pa\u00eds.<\/p>\n<p>Seguro liderou com 31,14% dos votos, surpreendendo quem previra resultados mais modestos. Ventura seguiu-se, com 23,48%, consolidando uma segunda volta entre os dois candidatos. Cotrim Figueiredo ocupou o terceiro lugar, com 15,99%.<\/p>\n<h3>Resultados e protagonistas<\/h3>\n<p>No hotel Epic Sana, em Lisboa, Cotrim Figueiredo foi visto entre bandeiras e aplausos ao confirmar o terceiro posto. Henrique Gouveia e Melo registou 12,34% das prefer\u00eancias, falhando, de novo, a possibilidade de enfrentar Seguro na segunda volta. Marques Mendes recolheu 11,32%.<\/p>\n<p>Catarina Martins, apoiada pelo BE, ficou com 2,06%, enquanto Ant\u00f3nio Filipe terminou em s\u00e9timo, com 1,64%. Jorge Pinto, do Livre, teve 0,68%, ficando atr\u00e1s de Manuel Jo\u00e3o Vieira, com 1,08%.<\/p>\n<h3>Observadores e desdobramentos<\/h3>\n<p>A noite eleitoral prosseguiu com a chegada de candidatos a v\u00e1rios hot\u00e9is de capitais regionais, onde o ambiente foi de expectativa, bandeiras e apoios p\u00fablicos. A segunda volta entre Seguro e Ventura est\u00e1 marcada para preparar o alinhamento pol\u00edtico que se verifica no pa\u00eds. Fonte institucional e campanhas continuam a coordenar informa\u00e7\u00f5es coming de centros de resultados.<\/p>\n","protected":false},"excerpt":{"rendered":"<ul>\n<li>Pela primeira vez desde 1986 h\u00e1 segunda volta nas presidenciais, entre Ant\u00f3nio Jos\u00e9 Seguro e Andr\u00e9 Ventura, ap\u00f3s a primeira volta.<\/li>\n<li>Seguro venceu a primeira volta com 31,14% e Ventura ficou em segundo com 23,48%.<\/li>\n<li>Cotrim Figueiredo ficou em terceiro lugar com 15,99%.<\/li>\n<li>Henrique Gouveia e Melo ficou em quarto com 12,34% e Marques Mendes em quinto com 11,32%.<\/li>\n<li>Outros candidatos ficaram com menores percentagens: Catarina Martins 2,06%, Ant\u00f3nio Filipe 1,64%, Manuel Jo\u00e3o Vieira 1,08% e Jorge Pinto 0,68%.<\/li>\n<\/ul>\n","protected":false},"author":2,"featured_media":151916,"comment_status":"closed","ping_status":"closed","sticky":false,"template":"","format":"standard","meta":{"footnotes":""},"categories":[1,5],"tags":[68,2373,2832,30,3416,2558],"class_list":["post-151915","post","type-post","status-publish","format-standard","has-post-thumbnail","hentry","category-noticias","category-politica","tag-eleicoes","tag-livre","tag-politica","tag-presidente","tag-seguro","tag-ventura"],"yoast_head":"<!-- This site is optimized with the Yoast SEO plugin v27.2 - https:\/\/yoast.com\/product\/yoast-seo-wordpress\/ -->\n<title>Presidenciais: a noite em 13 imagens - Portal Tela Portugal<\/title>\n<meta name=\"robots\" content=\"index, follow, max-snippet:-1, max-image-preview:large, max-video-preview:-1\" \/>\n<meta property=\"og:locale\" content=\"pt_PT\" \/>\n<meta property=\"og:type\" content=\"article\" \/>\n<meta property=\"og:title\" content=\"Presidenciais: a noite em 13 imagens - Portal Tela Portugal\" \/>\n<meta property=\"og:description\" content=\"Pela primeira vez desde 1986 h\u00e1 segunda volta nas presidenciais, entre Ant\u00f3nio Jos\u00e9 Seguro e Andr\u00e9 Ventura, ap\u00f3s a primeira volta. Seguro venceu a primeira volta com 31,14% e Ventura ficou em segundo com 23,48%. Cotrim Figueiredo ficou em terceiro lugar com 15,99%. Henrique Gouveia e Melo ficou em quarto com 12,34% e Marques Mendes em quinto com 11,32%. Outros candidatos ficaram com menores percentagens: Catarina Martins 2,06%, Ant\u00f3nio Filipe 1,64%, Manuel Jo\u00e3o Vieira 1,08% e Jorge Pinto 0,68%.\" \/>\n<meta property=\"og:url\" content=\"https:\/\/portaltela.pt\/noticias\/2026\/01\/18\/presidenciais-a-noite-em-13-imagens\/\" \/>\n<meta property=\"og:site_name\" content=\"Portal Tela Portugal\" \/>\n<meta property=\"article:published_time\" content=\"2026-01-19T02:43:00+00:00\" \/>\n<meta name=\"author\" content=\"Telinha\" \/>\n<meta name=\"twitter:card\" content=\"summary_large_image\" \/>\n<meta name=\"twitter:label1\" content=\"Escrito por\" \/>\n\t<meta name=\"twitter:data1\" content=\"Telinha\" \/>\n\t<meta name=\"twitter:label2\" content=\"Tempo estimado de leitura\" \/>\n\t<meta name=\"twitter:data2\" content=\"1 minuto\" \/>\n<script type=\"application\/ld+json\" class=\"yoast-schema-graph\">{\"@context\":\"https:\/\/schema.org\",\"@graph\":[{\"@type\":\"Article\",\"@id\":\"https:\/\/portaltela.pt\/noticias\/2026\/01\/18\/presidenciais-a-noite-em-13-imagens\/#article\",\"isPartOf\":{\"@id\":\"https:\/\/portaltela.pt\/noticias\/2026\/01\/18\/presidenciais-a-noite-em-13-imagens\/\"},\"author\":{\"name\":\"Telinha\",\"@id\":\"https:\/\/portaltela.pt\/#\/schema\/person\/c4278d4a6028830caff9ee44b42d32ed\"},\"headline\":\"Presidenciais: a noite em 13 imagens\",\"datePublished\":\"2026-01-19T02:43:00+00:00\",\"mainEntityOfPage\":{\"@id\":\"https:\/\/portaltela.pt\/noticias\/2026\/01\/18\/presidenciais-a-noite-em-13-imagens\/\"},\"wordCount\":231,\"image\":{\"@id\":\"https:\/\/portaltela.pt\/noticias\/2026\/01\/18\/presidenciais-a-noite-em-13-imagens\/#primaryimage\"},\"thumbnailUrl\":\"https:\/\/portaltela.pt\/s.01k8rhncp4jt1\/2026\/01\/821265.jpg\",\"keywords\":[\"elei\u00e7\u00f5es\",\"Livre\",\"pol\u00edtica\",\"presidente\",\"Seguro\",\"Ventura\"],\"articleSection\":[\"Not\u00edcias\",\"Pol\u00edtica\"],\"inLanguage\":\"pt-PT\"},{\"@type\":\"WebPage\",\"@id\":\"https:\/\/portaltela.pt\/noticias\/2026\/01\/18\/presidenciais-a-noite-em-13-imagens\/\",\"url\":\"https:\/\/portaltela.pt\/noticias\/2026\/01\/18\/presidenciais-a-noite-em-13-imagens\/\",\"name\":\"Presidenciais: a noite em 13 imagens - Portal Tela Portugal\",\"isPartOf\":{\"@id\":\"https:\/\/portaltela.pt\/#website\"},\"primaryImageOfPage\":{\"@id\":\"https:\/\/portaltela.pt\/noticias\/2026\/01\/18\/presidenciais-a-noite-em-13-imagens\/#primaryimage\"},\"image\":{\"@id\":\"https:\/\/portaltela.pt\/noticias\/2026\/01\/18\/presidenciais-a-noite-em-13-imagens\/#primaryimage\"},\"thumbnailUrl\":\"https:\/\/portaltela.pt\/s.01k8rhncp4jt1\/2026\/01\/821265.jpg\",\"datePublished\":\"2026-01-19T02:43:00+00:00\",\"author\":{\"@id\":\"https:\/\/portaltela.pt\/#\/schema\/person\/c4278d4a6028830caff9ee44b42d32ed\"},\"breadcrumb\":{\"@id\":\"https:\/\/portaltela.pt\/noticias\/2026\/01\/18\/presidenciais-a-noite-em-13-imagens\/#breadcrumb\"},\"inLanguage\":\"pt-PT\",\"potentialAction\":[{\"@type\":\"ReadAction\",\"target\":[\"https:\/\/portaltela.pt\/noticias\/2026\/01\/18\/presidenciais-a-noite-em-13-imagens\/\"]}]},{\"@type\":\"ImageObject\",\"inLanguage\":\"pt-PT\",\"@id\":\"https:\/\/portaltela.pt\/noticias\/2026\/01\/18\/presidenciais-a-noite-em-13-imagens\/#primaryimage\",\"url\":\"https:\/\/portaltela.pt\/s.01k8rhncp4jt1\/2026\/01\/821265.jpg\",\"contentUrl\":\"https:\/\/portaltela.pt\/s.01k8rhncp4jt1\/2026\/01\/821265.jpg\",\"width\":796,\"height\":448,\"caption\":\"Ant\u00f3nio Jos\u00e9 Seguro festejou a vit\u00f3ria na primeira volta nas Caldas da Rainha\"},{\"@type\":\"BreadcrumbList\",\"@id\":\"https:\/\/portaltela.pt\/noticias\/2026\/01\/18\/presidenciais-a-noite-em-13-imagens\/#breadcrumb\",\"itemListElement\":[{\"@type\":\"ListItem\",\"position\":1,\"name\":\"In\u00edcio\",\"item\":\"https:\/\/portaltela.pt\/\"},{\"@type\":\"ListItem\",\"position\":2,\"name\":\"Presidenciais: a noite em 13 imagens\"}]},{\"@type\":\"WebSite\",\"@id\":\"https:\/\/portaltela.pt\/#website\",\"url\":\"https:\/\/portaltela.pt\/\",\"name\":\"Portal Tela Portugal\",\"description\":\"\",\"potentialAction\":[{\"@type\":\"SearchAction\",\"target\":{\"@type\":\"EntryPoint\",\"urlTemplate\":\"https:\/\/portaltela.pt\/?s={search_term_string}\"},\"query-input\":{\"@type\":\"PropertyValueSpecification\",\"valueRequired\":true,\"valueName\":\"search_term_string\"}}],\"inLanguage\":\"pt-PT\"},{\"@type\":\"Person\",\"@id\":\"https:\/\/portaltela.pt\/#\/schema\/person\/c4278d4a6028830caff9ee44b42d32ed\",\"name\":\"Telinha\",\"image\":{\"@type\":\"ImageObject\",\"inLanguage\":\"pt-PT\",\"@id\":\"https:\/\/portaltela.pt\/s.01k8rhncp4jt1\/2025\/11\/talking-bot-125x125.png\",\"url\":\"https:\/\/portaltela.pt\/s.01k8rhncp4jt1\/2025\/11\/talking-bot-125x125.png\",\"contentUrl\":\"https:\/\/portaltela.pt\/s.01k8rhncp4jt1\/2025\/11\/talking-bot-125x125.png\",\"caption\":\"Telinha\"},\"sameAs\":[\"https:\/\/portaltela.pt\/\"],\"url\":\"https:\/\/portaltela.pt\/por\/367410592786\/\"}]}<\/script>\n<!-- \/ Yoast SEO plugin. -->","yoast_head_json":{"title":"Presidenciais: a noite em 13 imagens - Portal Tela Portugal","robots":{"index":"index","follow":"follow","max-snippet":"max-snippet:-1","max-image-preview":"max-image-preview:large","max-video-preview":"max-video-preview:-1"},"og_locale":"pt_PT","og_type":"article","og_title":"Presidenciais: a noite em 13 imagens - Portal Tela Portugal","og_description":"Pela primeira vez desde 1986 h\u00e1 segunda volta nas presidenciais, entre Ant\u00f3nio Jos\u00e9 Seguro e Andr\u00e9 Ventura, ap\u00f3s a primeira volta. Seguro venceu a primeira volta com 31,14% e Ventura ficou em segundo com 23,48%. Cotrim Figueiredo ficou em terceiro lugar com 15,99%. Henrique Gouveia e Melo ficou em quarto com 12,34% e Marques Mendes em quinto com 11,32%. Outros candidatos ficaram com menores percentagens: Catarina Martins 2,06%, Ant\u00f3nio Filipe 1,64%, Manuel Jo\u00e3o Vieira 1,08% e Jorge Pinto 0,68%.","og_url":"https:\/\/portaltela.pt\/noticias\/2026\/01\/18\/presidenciais-a-noite-em-13-imagens\/","og_site_name":"Portal Tela Portugal","article_published_time":"2026-01-19T02:43:00+00:00","author":"Telinha","twitter_card":"summary_large_image","twitter_misc":{"Escrito por":"Telinha","Tempo estimado de leitura":"1 minuto"},"schema":{"@context":"https:\/\/schema.org","@graph":[{"@type":"Article","@id":"https:\/\/portaltela.pt\/noticias\/2026\/01\/18\/presidenciais-a-noite-em-13-imagens\/#article","isPartOf":{"@id":"https:\/\/portaltela.pt\/noticias\/2026\/01\/18\/presidenciais-a-noite-em-13-imagens\/"},"author":{"name":"Telinha","@id":"https:\/\/portaltela.pt\/#\/schema\/person\/c4278d4a6028830caff9ee44b42d32ed"},"headline":"Presidenciais: a noite em 13 imagens","datePublished":"2026-01-19T02:43:00+00:00","mainEntityOfPage":{"@id":"https:\/\/portaltela.pt\/noticias\/2026\/01\/18\/presidenciais-a-noite-em-13-imagens\/"},"wordCount":231,"image":{"@id":"https:\/\/portaltela.pt\/noticias\/2026\/01\/18\/presidenciais-a-noite-em-13-imagens\/#primaryimage"},"thumbnailUrl":"https:\/\/portaltela.pt\/s.01k8rhncp4jt1\/2026\/01\/821265.jpg","keywords":["elei\u00e7\u00f5es","Livre","pol\u00edtica","presidente","Seguro","Ventura"],"articleSection":["Not\u00edcias","Pol\u00edtica"],"inLanguage":"pt-PT"},{"@type":"WebPage","@id":"https:\/\/portaltela.pt\/noticias\/2026\/01\/18\/presidenciais-a-noite-em-13-imagens\/","url":"https:\/\/portaltela.pt\/noticias\/2026\/01\/18\/presidenciais-a-noite-em-13-imagens\/","name":"Presidenciais: a noite em 13 imagens - Portal Tela Portugal","isPartOf":{"@id":"https:\/\/portaltela.pt\/#website"},"primaryImageOfPage":{"@id":"https:\/\/portaltela.pt\/noticias\/2026\/01\/18\/presidenciais-a-noite-em-13-imagens\/#primaryimage"},"image":{"@id":"https:\/\/portaltela.pt\/noticias\/2026\/01\/18\/presidenciais-a-noite-em-13-imagens\/#primaryimage"},"thumbnailUrl":"https:\/\/portaltela.pt\/s.01k8rhncp4jt1\/2026\/01\/821265.jpg","datePublished":"2026-01-19T02:43:00+00:00","author":{"@id":"https:\/\/portaltela.pt\/#\/schema\/person\/c4278d4a6028830caff9ee44b42d32ed"},"breadcrumb":{"@id":"https:\/\/portaltela.pt\/noticias\/2026\/01\/18\/presidenciais-a-noite-em-13-imagens\/#breadcrumb"},"inLanguage":"pt-PT","potentialAction":[{"@type":"ReadAction","target":["https:\/\/portaltela.pt\/noticias\/2026\/01\/18\/presidenciais-a-noite-em-13-imagens\/"]}]},{"@type":"ImageObject","inLanguage":"pt-PT","@id":"https:\/\/portaltela.pt\/noticias\/2026\/01\/18\/presidenciais-a-noite-em-13-imagens\/#primaryimage","url":"https:\/\/portaltela.pt\/s.01k8rhncp4jt1\/2026\/01\/821265.jpg","contentUrl":"https:\/\/portaltela.pt\/s.01k8rhncp4jt1\/2026\/01\/821265.jpg","width":796,"height":448,"caption":"Ant\u00f3nio Jos\u00e9 Seguro festejou a vit\u00f3ria na primeira volta nas Caldas da Rainha"},{"@type":"BreadcrumbList","@id":"https:\/\/portaltela.pt\/noticias\/2026\/01\/18\/presidenciais-a-noite-em-13-imagens\/#breadcrumb","itemListElement":[{"@type":"ListItem","position":1,"name":"In\u00edcio","item":"https:\/\/portaltela.pt\/"},{"@type":"ListItem","position":2,"name":"Presidenciais: a noite em 13 imagens"}]},{"@type":"WebSite","@id":"https:\/\/portaltela.pt\/#website","url":"https:\/\/portaltela.pt\/","name":"Portal Tela Portugal","description":"","potentialAction":[{"@type":"SearchAction","target":{"@type":"EntryPoint","urlTemplate":"https:\/\/portaltela.pt\/?s={search_term_string}"},"query-input":{"@type":"PropertyValueSpecification","valueRequired":true,"valueName":"search_term_string"}}],"inLanguage":"pt-PT"},{"@type":"Person","@id":"https:\/\/portaltela.pt\/#\/schema\/person\/c4278d4a6028830caff9ee44b42d32ed","name":"Telinha","image":{"@type":"ImageObject","inLanguage":"pt-PT","@id":"https:\/\/portaltela.pt\/s.01k8rhncp4jt1\/2025\/11\/talking-bot-125x125.png","url":"https:\/\/portaltela.pt\/s.01k8rhncp4jt1\/2025\/11\/talking-bot-125x125.png","contentUrl":"https:\/\/portaltela.pt\/s.01k8rhncp4jt1\/2025\/11\/talking-bot-125x125.png","caption":"Telinha"},"sameAs":["https:\/\/portaltela.pt\/"],"url":"https:\/\/portaltela.pt\/por\/367410592786\/"}]}},"_links":{"self":[{"href":"https:\/\/portaltela.pt\/api\/wp\/v2\/posts\/151915","targetHints":{"allow":["GET"]}}],"collection":[{"href":"https:\/\/portaltela.pt\/api\/wp\/v2\/posts"}],"about":[{"href":"https:\/\/portaltela.pt\/api\/wp\/v2\/types\/post"}],"author":[{"embeddable":true,"href":"https:\/\/portaltela.pt\/api\/wp\/v2\/users\/2"}],"replies":[{"embeddable":true,"href":"https:\/\/portaltela.pt\/api\/wp\/v2\/comments?post=151915"}],"version-history":[{"count":0,"href":"https:\/\/portaltela.pt\/api\/wp\/v2\/posts\/151915\/revisions"}],"wp:featuredmedia":[{"embeddable":true,"href":"https:\/\/portaltela.pt\/api\/wp\/v2\/media\/151916"}],"wp:attachment":[{"href":"https:\/\/portaltela.pt\/api\/wp\/v2\/media?parent=151915"}],"wp:term":[{"taxonomy":"category","embeddable":true,"href":"https:\/\/portaltela.pt\/api\/wp\/v2\/categories?post=151915"},{"taxonomy":"post_tag","embeddable":true,"href":"https:\/\/portaltela.pt\/api\/wp\/v2\/tags?post=151915"}],"curies":[{"name":"wp","href":"https:\/\/api.w.org\/{rel}","templated":true}]}}