{"id":151869,"date":"2026-01-18T22:38:20","date_gmt":"2026-01-19T01:38:20","guid":{"rendered":"https:\/\/portaltela.pt\/noticias\/2026\/01\/18\/imprensa-internacional-destaca-resultados-das-presidenciais\/"},"modified":"2026-01-18T22:38:20","modified_gmt":"2026-01-19T01:38:20","slug":"imprensa-internacional-destaca-resultados-das-presidenciais","status":"publish","type":"post","link":"https:\/\/portaltela.pt\/noticias\/politica\/2026\/01\/18\/imprensa-internacional-destaca-resultados-das-presidenciais\/","title":{"rendered":"Imprensa internacional destaca resultados das presidenciais"},"content":{"rendered":"<p>O escrut\u00ednio de ontem em Portugal apresentou Ant\u00f3nio Jos\u00e9 Seguro como l\u00edder da primeira volta das presidenciais, com 31,14% dos votos. A contagem \u00e9 provis\u00f3ria e inclui 12 consulados por apurar. A volta est\u00e1 marcada para 8 de fevereiro.<\/p>\n<p>O segundo lugar coube a Andr\u00e9 Ventura, com 23,48% das prefer\u00eancias, seguido por Jo\u00e3o Cotrim de Figueiredo, com 15,99%. Os n\u00fameros oficiais s\u00e3o divulgados pela Secretaria-Geral do Minist\u00e9rio da Administra\u00e7\u00e3o Interna.<\/p>\n<p>A imprensa internacional destacou a exist\u00eancia de uma segunda volta com a presen\u00e7a de um candidato da extrema-direita, apontando sinais de mudan\u00e7a no panorama pol\u00edtico. Destaque parcial foi dado tamb\u00e9m \u00e0 derrota de Lu\u00eds Marques Mendes, que ficou em quinto lugar, em leituras de alguns jornais europeus.<\/p>\n<h3>Resultados provis\u00f3rios e pr\u00f3ximos passos<\/h3>\n<p>Entre os analistas, h\u00e1 refer\u00eancia \u00e0 fragilidade inicial de Seguro dentro do pr\u00f3prio partido e \u00e0 perce\u00e7\u00e3o de que Ventura representa uma evolu\u00e7\u00e3o expressiva do apoio ao Chega. A cobertura aponta ainda para o peso do voto centrado na rejei\u00e7\u00e3o \u00e0 extrema-direita como fator decisivo.<\/p>\n<p>Mais de 11 milh\u00f5es de eleitores estiveram chamados \u00e0s urnas no domingo, na 11.\u00aa elei\u00e7\u00e3o presidencial desde 1974. Marcelo Rebelo de Sousa encerra o mandato com o limite de dois mandatos.<\/p>\n","protected":false},"excerpt":{"rendered":"<ul>\n<li>Ant\u00f3nio Jos\u00e9 Seguro foi o candidato mais votado na primeira volta, com 31,14%, abrindo caminho para uma segunda volta contra Andr\u00e9 Ventura.<\/li>\n<li>Andr\u00e9 Ventura ficou em segundo com 23,48%, seguido de Jo\u00e3o Cotrim de Figueiredo com 15,99%.<\/li>\n<li>A segunda volta est\u00e1 marcada para 8 de fevereiro, entre Seguro (PS) e Ventura (Chega).<\/li>\n<li>A imprensa internacional real\u00e7a a presen\u00e7a da extrema-direita na corrida e descreve a derrota de Lu\u00eds Marques Mendes como um rev\u00e9s para o apoio governamental.<\/li>\n<li>Mais de 11 milh\u00f5es de eleitores estiveram chamados ao sufr\u00e1gio, na 11\u00aa elei\u00e7\u00e3o presidencial desde a instaura\u00e7\u00e3o da democracia em 1974.<\/li>\n<\/ul>\n","protected":false},"author":2,"featured_media":151872,"comment_status":"closed","ping_status":"closed","sticky":false,"template":"","format":"standard","meta":{"footnotes":""},"categories":[1,5],"tags":[2453,2655,68,3145,1014,3001],"class_list":["post-151869","post","type-post","status-publish","format-standard","has-post-thumbnail","hentry","category-noticias","category-politica","tag-andre-ventura","tag-antonio-jose-seguro","tag-eleicoes","tag-joao-cotrim-de-figueiredo","tag-portugal","tag-presidenciais"],"yoast_head":"<!-- This site is optimized with the Yoast SEO plugin v27.2 - https:\/\/yoast.com\/product\/yoast-seo-wordpress\/ -->\n<title>Imprensa internacional destaca resultados das presidenciais - Portal Tela Portugal<\/title>\n<meta name=\"robots\" content=\"index, follow, max-snippet:-1, max-image-preview:large, max-video-preview:-1\" \/>\n<meta property=\"og:locale\" content=\"pt_PT\" \/>\n<meta property=\"og:type\" content=\"article\" \/>\n<meta property=\"og:title\" content=\"Imprensa internacional destaca resultados das presidenciais - Portal Tela Portugal\" \/>\n<meta property=\"og:description\" content=\"Ant\u00f3nio Jos\u00e9 Seguro foi o candidato mais votado na primeira volta, com 31,14%, abrindo caminho para uma segunda volta contra Andr\u00e9 Ventura. Andr\u00e9 Ventura ficou em segundo com 23,48%, seguido de Jo\u00e3o Cotrim de Figueiredo com 15,99%. A segunda volta est\u00e1 marcada para 8 de fevereiro, entre Seguro (PS) e Ventura (Chega). A imprensa internacional real\u00e7a a presen\u00e7a da extrema-direita na corrida e descreve a derrota de Lu\u00eds Marques Mendes como um rev\u00e9s para o apoio governamental. Mais de 11 milh\u00f5es de eleitores estiveram chamados ao sufr\u00e1gio, na 11\u00aa elei\u00e7\u00e3o presidencial desde a instaura\u00e7\u00e3o da democracia em 1974.\" \/>\n<meta property=\"og:url\" content=\"https:\/\/portaltela.pt\/noticias\/2026\/01\/18\/imprensa-internacional-destaca-resultados-das-presidenciais\/\" \/>\n<meta property=\"og:site_name\" content=\"Portal Tela Portugal\" \/>\n<meta property=\"article:published_time\" content=\"2026-01-19T01:38:20+00:00\" \/>\n<meta name=\"author\" content=\"Telinha\" \/>\n<meta name=\"twitter:card\" content=\"summary_large_image\" \/>\n<meta name=\"twitter:label1\" content=\"Escrito por\" \/>\n\t<meta name=\"twitter:data1\" content=\"Telinha\" \/>\n\t<meta name=\"twitter:label2\" content=\"Tempo estimado de leitura\" \/>\n\t<meta name=\"twitter:data2\" content=\"1 minuto\" \/>\n<script type=\"application\/ld+json\" class=\"yoast-schema-graph\">{\"@context\":\"https:\/\/schema.org\",\"@graph\":[{\"@type\":\"Article\",\"@id\":\"https:\/\/portaltela.pt\/noticias\/2026\/01\/18\/imprensa-internacional-destaca-resultados-das-presidenciais\/#article\",\"isPartOf\":{\"@id\":\"https:\/\/portaltela.pt\/noticias\/2026\/01\/18\/imprensa-internacional-destaca-resultados-das-presidenciais\/\"},\"author\":{\"name\":\"Telinha\",\"@id\":\"https:\/\/portaltela.pt\/#\/schema\/person\/c4278d4a6028830caff9ee44b42d32ed\"},\"headline\":\"Imprensa internacional destaca resultados das presidenciais\",\"datePublished\":\"2026-01-19T01:38:20+00:00\",\"mainEntityOfPage\":{\"@id\":\"https:\/\/portaltela.pt\/noticias\/2026\/01\/18\/imprensa-internacional-destaca-resultados-das-presidenciais\/\"},\"wordCount\":216,\"image\":{\"@id\":\"https:\/\/portaltela.pt\/noticias\/2026\/01\/18\/imprensa-internacional-destaca-resultados-das-presidenciais\/#primaryimage\"},\"thumbnailUrl\":\"https:\/\/portaltela.pt\/s.01k8rhncp4jt1\/2026\/01\/imprensa-internacional-1-1.jpg\",\"keywords\":[\"Andr\u00e9 Ventura\",\"Ant\u00f3nio Jos\u00e9 Seguro\",\"elei\u00e7\u00f5es\",\"Jo\u00e3o Cotrim de Figueiredo\",\"Portugal\",\"Presidenciais\"],\"articleSection\":[\"Not\u00edcias\",\"Pol\u00edtica\"],\"inLanguage\":\"pt-PT\"},{\"@type\":\"WebPage\",\"@id\":\"https:\/\/portaltela.pt\/noticias\/2026\/01\/18\/imprensa-internacional-destaca-resultados-das-presidenciais\/\",\"url\":\"https:\/\/portaltela.pt\/noticias\/2026\/01\/18\/imprensa-internacional-destaca-resultados-das-presidenciais\/\",\"name\":\"Imprensa internacional destaca resultados das presidenciais - Portal Tela Portugal\",\"isPartOf\":{\"@id\":\"https:\/\/portaltela.pt\/#website\"},\"primaryImageOfPage\":{\"@id\":\"https:\/\/portaltela.pt\/noticias\/2026\/01\/18\/imprensa-internacional-destaca-resultados-das-presidenciais\/#primaryimage\"},\"image\":{\"@id\":\"https:\/\/portaltela.pt\/noticias\/2026\/01\/18\/imprensa-internacional-destaca-resultados-das-presidenciais\/#primaryimage\"},\"thumbnailUrl\":\"https:\/\/portaltela.pt\/s.01k8rhncp4jt1\/2026\/01\/imprensa-internacional-1-1.jpg\",\"datePublished\":\"2026-01-19T01:38:20+00:00\",\"author\":{\"@id\":\"https:\/\/portaltela.pt\/#\/schema\/person\/c4278d4a6028830caff9ee44b42d32ed\"},\"breadcrumb\":{\"@id\":\"https:\/\/portaltela.pt\/noticias\/2026\/01\/18\/imprensa-internacional-destaca-resultados-das-presidenciais\/#breadcrumb\"},\"inLanguage\":\"pt-PT\",\"potentialAction\":[{\"@type\":\"ReadAction\",\"target\":[\"https:\/\/portaltela.pt\/noticias\/2026\/01\/18\/imprensa-internacional-destaca-resultados-das-presidenciais\/\"]}]},{\"@type\":\"ImageObject\",\"inLanguage\":\"pt-PT\",\"@id\":\"https:\/\/portaltela.pt\/noticias\/2026\/01\/18\/imprensa-internacional-destaca-resultados-das-presidenciais\/#primaryimage\",\"url\":\"https:\/\/portaltela.pt\/s.01k8rhncp4jt1\/2026\/01\/imprensa-internacional-1-1.jpg\",\"contentUrl\":\"https:\/\/portaltela.pt\/s.01k8rhncp4jt1\/2026\/01\/imprensa-internacional-1-1.jpg\",\"width\":796,\"height\":448,\"caption\":\"Jornais como o espanhol El Pa\u00eds e o franc\u00eas Le Monde deram destaque \u00e0s elei\u00e7\u00f5es em Portugal\"},{\"@type\":\"BreadcrumbList\",\"@id\":\"https:\/\/portaltela.pt\/noticias\/2026\/01\/18\/imprensa-internacional-destaca-resultados-das-presidenciais\/#breadcrumb\",\"itemListElement\":[{\"@type\":\"ListItem\",\"position\":1,\"name\":\"In\u00edcio\",\"item\":\"https:\/\/portaltela.pt\/\"},{\"@type\":\"ListItem\",\"position\":2,\"name\":\"Imprensa internacional destaca resultados das presidenciais\"}]},{\"@type\":\"WebSite\",\"@id\":\"https:\/\/portaltela.pt\/#website\",\"url\":\"https:\/\/portaltela.pt\/\",\"name\":\"Portal Tela Portugal\",\"description\":\"\",\"potentialAction\":[{\"@type\":\"SearchAction\",\"target\":{\"@type\":\"EntryPoint\",\"urlTemplate\":\"https:\/\/portaltela.pt\/?s={search_term_string}\"},\"query-input\":{\"@type\":\"PropertyValueSpecification\",\"valueRequired\":true,\"valueName\":\"search_term_string\"}}],\"inLanguage\":\"pt-PT\"},{\"@type\":\"Person\",\"@id\":\"https:\/\/portaltela.pt\/#\/schema\/person\/c4278d4a6028830caff9ee44b42d32ed\",\"name\":\"Telinha\",\"image\":{\"@type\":\"ImageObject\",\"inLanguage\":\"pt-PT\",\"@id\":\"https:\/\/portaltela.pt\/s.01k8rhncp4jt1\/2025\/11\/talking-bot-125x125.png\",\"url\":\"https:\/\/portaltela.pt\/s.01k8rhncp4jt1\/2025\/11\/talking-bot-125x125.png\",\"contentUrl\":\"https:\/\/portaltela.pt\/s.01k8rhncp4jt1\/2025\/11\/talking-bot-125x125.png\",\"caption\":\"Telinha\"},\"sameAs\":[\"https:\/\/portaltela.pt\/\"],\"url\":\"https:\/\/portaltela.pt\/por\/367410592786\/\"}]}<\/script>\n<!-- \/ Yoast SEO plugin. -->","yoast_head_json":{"title":"Imprensa internacional destaca resultados das presidenciais - Portal Tela Portugal","robots":{"index":"index","follow":"follow","max-snippet":"max-snippet:-1","max-image-preview":"max-image-preview:large","max-video-preview":"max-video-preview:-1"},"og_locale":"pt_PT","og_type":"article","og_title":"Imprensa internacional destaca resultados das presidenciais - Portal Tela Portugal","og_description":"Ant\u00f3nio Jos\u00e9 Seguro foi o candidato mais votado na primeira volta, com 31,14%, abrindo caminho para uma segunda volta contra Andr\u00e9 Ventura. Andr\u00e9 Ventura ficou em segundo com 23,48%, seguido de Jo\u00e3o Cotrim de Figueiredo com 15,99%. A segunda volta est\u00e1 marcada para 8 de fevereiro, entre Seguro (PS) e Ventura (Chega). A imprensa internacional real\u00e7a a presen\u00e7a da extrema-direita na corrida e descreve a derrota de Lu\u00eds Marques Mendes como um rev\u00e9s para o apoio governamental. Mais de 11 milh\u00f5es de eleitores estiveram chamados ao sufr\u00e1gio, na 11\u00aa elei\u00e7\u00e3o presidencial desde a instaura\u00e7\u00e3o da democracia em 1974.","og_url":"https:\/\/portaltela.pt\/noticias\/2026\/01\/18\/imprensa-internacional-destaca-resultados-das-presidenciais\/","og_site_name":"Portal Tela Portugal","article_published_time":"2026-01-19T01:38:20+00:00","author":"Telinha","twitter_card":"summary_large_image","twitter_misc":{"Escrito por":"Telinha","Tempo estimado de leitura":"1 minuto"},"schema":{"@context":"https:\/\/schema.org","@graph":[{"@type":"Article","@id":"https:\/\/portaltela.pt\/noticias\/2026\/01\/18\/imprensa-internacional-destaca-resultados-das-presidenciais\/#article","isPartOf":{"@id":"https:\/\/portaltela.pt\/noticias\/2026\/01\/18\/imprensa-internacional-destaca-resultados-das-presidenciais\/"},"author":{"name":"Telinha","@id":"https:\/\/portaltela.pt\/#\/schema\/person\/c4278d4a6028830caff9ee44b42d32ed"},"headline":"Imprensa internacional destaca resultados das presidenciais","datePublished":"2026-01-19T01:38:20+00:00","mainEntityOfPage":{"@id":"https:\/\/portaltela.pt\/noticias\/2026\/01\/18\/imprensa-internacional-destaca-resultados-das-presidenciais\/"},"wordCount":216,"image":{"@id":"https:\/\/portaltela.pt\/noticias\/2026\/01\/18\/imprensa-internacional-destaca-resultados-das-presidenciais\/#primaryimage"},"thumbnailUrl":"https:\/\/portaltela.pt\/s.01k8rhncp4jt1\/2026\/01\/imprensa-internacional-1-1.jpg","keywords":["Andr\u00e9 Ventura","Ant\u00f3nio Jos\u00e9 Seguro","elei\u00e7\u00f5es","Jo\u00e3o Cotrim de Figueiredo","Portugal","Presidenciais"],"articleSection":["Not\u00edcias","Pol\u00edtica"],"inLanguage":"pt-PT"},{"@type":"WebPage","@id":"https:\/\/portaltela.pt\/noticias\/2026\/01\/18\/imprensa-internacional-destaca-resultados-das-presidenciais\/","url":"https:\/\/portaltela.pt\/noticias\/2026\/01\/18\/imprensa-internacional-destaca-resultados-das-presidenciais\/","name":"Imprensa internacional destaca resultados das presidenciais - Portal Tela Portugal","isPartOf":{"@id":"https:\/\/portaltela.pt\/#website"},"primaryImageOfPage":{"@id":"https:\/\/portaltela.pt\/noticias\/2026\/01\/18\/imprensa-internacional-destaca-resultados-das-presidenciais\/#primaryimage"},"image":{"@id":"https:\/\/portaltela.pt\/noticias\/2026\/01\/18\/imprensa-internacional-destaca-resultados-das-presidenciais\/#primaryimage"},"thumbnailUrl":"https:\/\/portaltela.pt\/s.01k8rhncp4jt1\/2026\/01\/imprensa-internacional-1-1.jpg","datePublished":"2026-01-19T01:38:20+00:00","author":{"@id":"https:\/\/portaltela.pt\/#\/schema\/person\/c4278d4a6028830caff9ee44b42d32ed"},"breadcrumb":{"@id":"https:\/\/portaltela.pt\/noticias\/2026\/01\/18\/imprensa-internacional-destaca-resultados-das-presidenciais\/#breadcrumb"},"inLanguage":"pt-PT","potentialAction":[{"@type":"ReadAction","target":["https:\/\/portaltela.pt\/noticias\/2026\/01\/18\/imprensa-internacional-destaca-resultados-das-presidenciais\/"]}]},{"@type":"ImageObject","inLanguage":"pt-PT","@id":"https:\/\/portaltela.pt\/noticias\/2026\/01\/18\/imprensa-internacional-destaca-resultados-das-presidenciais\/#primaryimage","url":"https:\/\/portaltela.pt\/s.01k8rhncp4jt1\/2026\/01\/imprensa-internacional-1-1.jpg","contentUrl":"https:\/\/portaltela.pt\/s.01k8rhncp4jt1\/2026\/01\/imprensa-internacional-1-1.jpg","width":796,"height":448,"caption":"Jornais como o espanhol El Pa\u00eds e o franc\u00eas Le Monde deram destaque \u00e0s elei\u00e7\u00f5es em Portugal"},{"@type":"BreadcrumbList","@id":"https:\/\/portaltela.pt\/noticias\/2026\/01\/18\/imprensa-internacional-destaca-resultados-das-presidenciais\/#breadcrumb","itemListElement":[{"@type":"ListItem","position":1,"name":"In\u00edcio","item":"https:\/\/portaltela.pt\/"},{"@type":"ListItem","position":2,"name":"Imprensa internacional destaca resultados das presidenciais"}]},{"@type":"WebSite","@id":"https:\/\/portaltela.pt\/#website","url":"https:\/\/portaltela.pt\/","name":"Portal Tela Portugal","description":"","potentialAction":[{"@type":"SearchAction","target":{"@type":"EntryPoint","urlTemplate":"https:\/\/portaltela.pt\/?s={search_term_string}"},"query-input":{"@type":"PropertyValueSpecification","valueRequired":true,"valueName":"search_term_string"}}],"inLanguage":"pt-PT"},{"@type":"Person","@id":"https:\/\/portaltela.pt\/#\/schema\/person\/c4278d4a6028830caff9ee44b42d32ed","name":"Telinha","image":{"@type":"ImageObject","inLanguage":"pt-PT","@id":"https:\/\/portaltela.pt\/s.01k8rhncp4jt1\/2025\/11\/talking-bot-125x125.png","url":"https:\/\/portaltela.pt\/s.01k8rhncp4jt1\/2025\/11\/talking-bot-125x125.png","contentUrl":"https:\/\/portaltela.pt\/s.01k8rhncp4jt1\/2025\/11\/talking-bot-125x125.png","caption":"Telinha"},"sameAs":["https:\/\/portaltela.pt\/"],"url":"https:\/\/portaltela.pt\/por\/367410592786\/"}]}},"_links":{"self":[{"href":"https:\/\/portaltela.pt\/api\/wp\/v2\/posts\/151869","targetHints":{"allow":["GET"]}}],"collection":[{"href":"https:\/\/portaltela.pt\/api\/wp\/v2\/posts"}],"about":[{"href":"https:\/\/portaltela.pt\/api\/wp\/v2\/types\/post"}],"author":[{"embeddable":true,"href":"https:\/\/portaltela.pt\/api\/wp\/v2\/users\/2"}],"replies":[{"embeddable":true,"href":"https:\/\/portaltela.pt\/api\/wp\/v2\/comments?post=151869"}],"version-history":[{"count":0,"href":"https:\/\/portaltela.pt\/api\/wp\/v2\/posts\/151869\/revisions"}],"wp:featuredmedia":[{"embeddable":true,"href":"https:\/\/portaltela.pt\/api\/wp\/v2\/media\/151872"}],"wp:attachment":[{"href":"https:\/\/portaltela.pt\/api\/wp\/v2\/media?parent=151869"}],"wp:term":[{"taxonomy":"category","embeddable":true,"href":"https:\/\/portaltela.pt\/api\/wp\/v2\/categories?post=151869"},{"taxonomy":"post_tag","embeddable":true,"href":"https:\/\/portaltela.pt\/api\/wp\/v2\/tags?post=151869"}],"curies":[{"name":"wp","href":"https:\/\/api.w.org\/{rel}","templated":true}]}}