{"id":151850,"date":"2026-01-18T22:38:00","date_gmt":"2026-01-19T01:38:00","guid":{"rendered":"https:\/\/portaltela.pt\/noticias\/2026\/01\/18\/imprensa-internacional-destaca-resultados-das-eleicoes-presidenciais\/"},"modified":"2026-01-18T22:38:00","modified_gmt":"2026-01-19T01:38:00","slug":"imprensa-internacional-destaca-resultados-das-eleicoes-presidenciais","status":"publish","type":"post","link":"https:\/\/portaltela.pt\/noticias\/internacional\/2026\/01\/18\/imprensa-internacional-destaca-resultados-das-eleicoes-presidenciais\/","title":{"rendered":"Imprensa internacional destaca resultados das elei\u00e7\u00f5es presidenciais"},"content":{"rendered":"<p>O confronto na segunda volta das presidenciais de Portugal coloca Ant\u00f3nio Jos\u00e9 Seguro, do Partido Socialista, frente a Andr\u00e9 Ventura, candidato de perfil de extrema-direita, num duelo que ganha destaque na imprensa internacional. A vit\u00f3ria de Seguro na primeira volta, disputada neste domingo, acontece num contexto em que Lu\u00eds Montenegro, representante da coliga\u00e7\u00e3o que inclu\u00eda o PSD, ficou em quinto lugar.<\/p>\n<p>Seguro foi o mais votado com 31,14% dos votos em contagem provis\u00f3ria, segundo a Secretaria-Geral do Minist\u00e9rio da Administra\u00e7\u00e3o Interna \u2013 Administra\u00e7\u00e3o Eleitoral. Ventura \u00e9 o segundo, com 23,48%, seguido de Jo\u00e3o Cotrim de Figueiredo, com 15,99%. Faltam 12 consulados por apurar entre os 109 presentes.<\/p>\n<p>A segunda volta est\u00e1 marcada para 8 de fevereiro, mantendo-se a hegemonia do PS na corrida ao Pal\u00e1cio de Bel\u00e9m. O escrut\u00ednio envolveu mais de 11 milh\u00f5es de eleitores, que escolher\u00e3o o substituto de Marcelo Rebelo de Sousa, que encerra dois mandatos.<\/p>\n<h3>Repercuss\u00f5es internacionais<\/h3>\n<p>O espanhol El Pa\u00eds destaca que Seguro, \u201cretirado da pol\u00edtica nos \u00faltimos dez anos\u201d e com pouco apoio inicial no seu partido, ultrapassou previs\u00f5es ao enfrentar Ventura. La Vanguardia descreve o resultado como um rev\u00e9s para Montenegro, apontando a sua figura como obscura de lobista de alto n\u00edvel.<\/p>\n<p>El Mundo prev\u00ea, a permanecer sem altera\u00e7\u00f5es, a vit\u00f3ria de Seguro na segunda volta, ao concentrar o voto contra a extrema-direita. O Le Monde features o confronto entre Socialismo e direita radical, enquanto o Le Soir sublinha que Ventura n\u00e3o foi a grande vencedora da noite.<\/p>\n<p>O Politico, com enfoque europeu, assinala uma vit\u00f3ria surpreendente da centro-esquerda e acrescenta que o peso de Ventura, tendo assegurado quase um quarto dos votos, evidencia o crescimento do Chega em Portugal.<\/p>\n","protected":false},"excerpt":{"rendered":"<ul>\n<li>Seguro foi o candidato mais votado na primeira ronda com 31,14%, seguido de Ventura com 23,48% e Cotrim de Figueiredo com 15,99% (resultados provis\u00f3rios).<\/li>\n<li>A segunda volta ficou marcada para 8 de fevereiro, entre Ant\u00f3nio Jos\u00e9 Seguro, apoiado pelo Partido Socialista, e Andr\u00e9 Ventura, candidato da extrema-direita do Chega.<\/li>\n<li>A imprensa internacional destaca a perspetiva de Seguro vencer, descrevendo-o como prov\u00e1vel presidente em Portugal num pa\u00eds com mudan\u00e7a de tom pol\u00edtico.<\/li>\n<li>Lu\u00eds Marques Mendes ficou em quinto lugar; o notici\u00e1rio espanhol classifica a derrota como um grande rev\u00e9s para o candidato apoiado pelo primeiro-ministro.<\/li>\n<li>Reac\u00e7\u00f5es variadas: Le Monde e Le Soir referem o confronto na segunda volta; o Politico salienta a vit\u00f3ria surpreendente do centro-esquerda e o crescimento do Chega; mais de 11 milh\u00f5es de eleitores foram chamados.<\/li>\n<\/ul>\n","protected":false},"author":2,"featured_media":151859,"comment_status":"closed","ping_status":"closed","sticky":false,"template":"","format":"standard","meta":{"footnotes":""},"categories":[4,1],"tags":[68,2832,1014,2347,3416,2558],"class_list":["post-151850","post","type-post","status-publish","format-standard","has-post-thumbnail","hentry","category-internacional","category-noticias","tag-eleicoes","tag-politica","tag-portugal","tag-repercussoes-internacionais","tag-seguro","tag-ventura"],"yoast_head":"<!-- This site is optimized with the Yoast SEO plugin v27.2 - https:\/\/yoast.com\/product\/yoast-seo-wordpress\/ -->\n<title>Imprensa internacional destaca resultados das elei\u00e7\u00f5es presidenciais - Portal Tela Portugal<\/title>\n<meta name=\"robots\" content=\"index, follow, max-snippet:-1, max-image-preview:large, max-video-preview:-1\" \/>\n<meta property=\"og:locale\" content=\"pt_PT\" \/>\n<meta property=\"og:type\" content=\"article\" \/>\n<meta property=\"og:title\" content=\"Imprensa internacional destaca resultados das elei\u00e7\u00f5es presidenciais - Portal Tela Portugal\" \/>\n<meta property=\"og:description\" content=\"Seguro foi o candidato mais votado na primeira ronda com 31,14%, seguido de Ventura com 23,48% e Cotrim de Figueiredo com 15,99% (resultados provis\u00f3rios). A segunda volta ficou marcada para 8 de fevereiro, entre Ant\u00f3nio Jos\u00e9 Seguro, apoiado pelo Partido Socialista, e Andr\u00e9 Ventura, candidato da extrema-direita do Chega. A imprensa internacional destaca a perspetiva de Seguro vencer, descrevendo-o como prov\u00e1vel presidente em Portugal num pa\u00eds com mudan\u00e7a de tom pol\u00edtico. Lu\u00eds Marques Mendes ficou em quinto lugar; o notici\u00e1rio espanhol classifica a derrota como um grande rev\u00e9s para o candidato apoiado pelo primeiro-ministro. Reac\u00e7\u00f5es variadas: Le Monde e Le Soir referem o confronto na segunda volta; o Politico salienta a vit\u00f3ria surpreendente do centro-esquerda e o crescimento do Chega; mais de 11 milh\u00f5es de eleitores foram chamados.\" \/>\n<meta property=\"og:url\" content=\"https:\/\/portaltela.pt\/noticias\/2026\/01\/18\/imprensa-internacional-destaca-resultados-das-eleicoes-presidenciais\/\" \/>\n<meta property=\"og:site_name\" content=\"Portal Tela Portugal\" \/>\n<meta property=\"article:published_time\" content=\"2026-01-19T01:38:00+00:00\" \/>\n<meta name=\"author\" content=\"Telinha\" \/>\n<meta name=\"twitter:card\" content=\"summary_large_image\" \/>\n<meta name=\"twitter:label1\" content=\"Escrito por\" \/>\n\t<meta name=\"twitter:data1\" content=\"Telinha\" \/>\n\t<meta name=\"twitter:label2\" content=\"Tempo estimado de leitura\" \/>\n\t<meta name=\"twitter:data2\" content=\"1 minuto\" \/>\n<script type=\"application\/ld+json\" class=\"yoast-schema-graph\">{\"@context\":\"https:\/\/schema.org\",\"@graph\":[{\"@type\":\"Article\",\"@id\":\"https:\/\/portaltela.pt\/noticias\/2026\/01\/18\/imprensa-internacional-destaca-resultados-das-eleicoes-presidenciais\/#article\",\"isPartOf\":{\"@id\":\"https:\/\/portaltela.pt\/noticias\/2026\/01\/18\/imprensa-internacional-destaca-resultados-das-eleicoes-presidenciais\/\"},\"author\":{\"name\":\"Telinha\",\"@id\":\"https:\/\/portaltela.pt\/#\/schema\/person\/c4278d4a6028830caff9ee44b42d32ed\"},\"headline\":\"Imprensa internacional destaca resultados das elei\u00e7\u00f5es presidenciais\",\"datePublished\":\"2026-01-19T01:38:00+00:00\",\"mainEntityOfPage\":{\"@id\":\"https:\/\/portaltela.pt\/noticias\/2026\/01\/18\/imprensa-internacional-destaca-resultados-das-eleicoes-presidenciais\/\"},\"wordCount\":301,\"image\":{\"@id\":\"https:\/\/portaltela.pt\/noticias\/2026\/01\/18\/imprensa-internacional-destaca-resultados-das-eleicoes-presidenciais\/#primaryimage\"},\"thumbnailUrl\":\"https:\/\/portaltela.pt\/s.01k8rhncp4jt1\/2026\/01\/imprensa-internacional-1.jpg\",\"keywords\":[\"elei\u00e7\u00f5es\",\"pol\u00edtica\",\"Portugal\",\"Repercuss\u00f5es internacionais\",\"Seguro\",\"Ventura\"],\"articleSection\":[\"Internacional\",\"Not\u00edcias\"],\"inLanguage\":\"pt-PT\"},{\"@type\":\"WebPage\",\"@id\":\"https:\/\/portaltela.pt\/noticias\/2026\/01\/18\/imprensa-internacional-destaca-resultados-das-eleicoes-presidenciais\/\",\"url\":\"https:\/\/portaltela.pt\/noticias\/2026\/01\/18\/imprensa-internacional-destaca-resultados-das-eleicoes-presidenciais\/\",\"name\":\"Imprensa internacional destaca resultados das elei\u00e7\u00f5es presidenciais - Portal Tela Portugal\",\"isPartOf\":{\"@id\":\"https:\/\/portaltela.pt\/#website\"},\"primaryImageOfPage\":{\"@id\":\"https:\/\/portaltela.pt\/noticias\/2026\/01\/18\/imprensa-internacional-destaca-resultados-das-eleicoes-presidenciais\/#primaryimage\"},\"image\":{\"@id\":\"https:\/\/portaltela.pt\/noticias\/2026\/01\/18\/imprensa-internacional-destaca-resultados-das-eleicoes-presidenciais\/#primaryimage\"},\"thumbnailUrl\":\"https:\/\/portaltela.pt\/s.01k8rhncp4jt1\/2026\/01\/imprensa-internacional-1.jpg\",\"datePublished\":\"2026-01-19T01:38:00+00:00\",\"author\":{\"@id\":\"https:\/\/portaltela.pt\/#\/schema\/person\/c4278d4a6028830caff9ee44b42d32ed\"},\"breadcrumb\":{\"@id\":\"https:\/\/portaltela.pt\/noticias\/2026\/01\/18\/imprensa-internacional-destaca-resultados-das-eleicoes-presidenciais\/#breadcrumb\"},\"inLanguage\":\"pt-PT\",\"potentialAction\":[{\"@type\":\"ReadAction\",\"target\":[\"https:\/\/portaltela.pt\/noticias\/2026\/01\/18\/imprensa-internacional-destaca-resultados-das-eleicoes-presidenciais\/\"]}]},{\"@type\":\"ImageObject\",\"inLanguage\":\"pt-PT\",\"@id\":\"https:\/\/portaltela.pt\/noticias\/2026\/01\/18\/imprensa-internacional-destaca-resultados-das-eleicoes-presidenciais\/#primaryimage\",\"url\":\"https:\/\/portaltela.pt\/s.01k8rhncp4jt1\/2026\/01\/imprensa-internacional-1.jpg\",\"contentUrl\":\"https:\/\/portaltela.pt\/s.01k8rhncp4jt1\/2026\/01\/imprensa-internacional-1.jpg\",\"width\":796,\"height\":448,\"caption\":\"Photo\"},{\"@type\":\"BreadcrumbList\",\"@id\":\"https:\/\/portaltela.pt\/noticias\/2026\/01\/18\/imprensa-internacional-destaca-resultados-das-eleicoes-presidenciais\/#breadcrumb\",\"itemListElement\":[{\"@type\":\"ListItem\",\"position\":1,\"name\":\"In\u00edcio\",\"item\":\"https:\/\/portaltela.pt\/\"},{\"@type\":\"ListItem\",\"position\":2,\"name\":\"Imprensa internacional destaca resultados das elei\u00e7\u00f5es presidenciais\"}]},{\"@type\":\"WebSite\",\"@id\":\"https:\/\/portaltela.pt\/#website\",\"url\":\"https:\/\/portaltela.pt\/\",\"name\":\"Portal Tela Portugal\",\"description\":\"\",\"potentialAction\":[{\"@type\":\"SearchAction\",\"target\":{\"@type\":\"EntryPoint\",\"urlTemplate\":\"https:\/\/portaltela.pt\/?s={search_term_string}\"},\"query-input\":{\"@type\":\"PropertyValueSpecification\",\"valueRequired\":true,\"valueName\":\"search_term_string\"}}],\"inLanguage\":\"pt-PT\"},{\"@type\":\"Person\",\"@id\":\"https:\/\/portaltela.pt\/#\/schema\/person\/c4278d4a6028830caff9ee44b42d32ed\",\"name\":\"Telinha\",\"image\":{\"@type\":\"ImageObject\",\"inLanguage\":\"pt-PT\",\"@id\":\"https:\/\/portaltela.pt\/s.01k8rhncp4jt1\/2025\/11\/talking-bot-125x125.png\",\"url\":\"https:\/\/portaltela.pt\/s.01k8rhncp4jt1\/2025\/11\/talking-bot-125x125.png\",\"contentUrl\":\"https:\/\/portaltela.pt\/s.01k8rhncp4jt1\/2025\/11\/talking-bot-125x125.png\",\"caption\":\"Telinha\"},\"sameAs\":[\"https:\/\/portaltela.pt\/\"],\"url\":\"https:\/\/portaltela.pt\/por\/367410592786\/\"}]}<\/script>\n<!-- \/ Yoast SEO plugin. -->","yoast_head_json":{"title":"Imprensa internacional destaca resultados das elei\u00e7\u00f5es presidenciais - Portal Tela Portugal","robots":{"index":"index","follow":"follow","max-snippet":"max-snippet:-1","max-image-preview":"max-image-preview:large","max-video-preview":"max-video-preview:-1"},"og_locale":"pt_PT","og_type":"article","og_title":"Imprensa internacional destaca resultados das elei\u00e7\u00f5es presidenciais - Portal Tela Portugal","og_description":"Seguro foi o candidato mais votado na primeira ronda com 31,14%, seguido de Ventura com 23,48% e Cotrim de Figueiredo com 15,99% (resultados provis\u00f3rios). A segunda volta ficou marcada para 8 de fevereiro, entre Ant\u00f3nio Jos\u00e9 Seguro, apoiado pelo Partido Socialista, e Andr\u00e9 Ventura, candidato da extrema-direita do Chega. A imprensa internacional destaca a perspetiva de Seguro vencer, descrevendo-o como prov\u00e1vel presidente em Portugal num pa\u00eds com mudan\u00e7a de tom pol\u00edtico. Lu\u00eds Marques Mendes ficou em quinto lugar; o notici\u00e1rio espanhol classifica a derrota como um grande rev\u00e9s para o candidato apoiado pelo primeiro-ministro. Reac\u00e7\u00f5es variadas: Le Monde e Le Soir referem o confronto na segunda volta; o Politico salienta a vit\u00f3ria surpreendente do centro-esquerda e o crescimento do Chega; mais de 11 milh\u00f5es de eleitores foram chamados.","og_url":"https:\/\/portaltela.pt\/noticias\/2026\/01\/18\/imprensa-internacional-destaca-resultados-das-eleicoes-presidenciais\/","og_site_name":"Portal Tela Portugal","article_published_time":"2026-01-19T01:38:00+00:00","author":"Telinha","twitter_card":"summary_large_image","twitter_misc":{"Escrito por":"Telinha","Tempo estimado de leitura":"1 minuto"},"schema":{"@context":"https:\/\/schema.org","@graph":[{"@type":"Article","@id":"https:\/\/portaltela.pt\/noticias\/2026\/01\/18\/imprensa-internacional-destaca-resultados-das-eleicoes-presidenciais\/#article","isPartOf":{"@id":"https:\/\/portaltela.pt\/noticias\/2026\/01\/18\/imprensa-internacional-destaca-resultados-das-eleicoes-presidenciais\/"},"author":{"name":"Telinha","@id":"https:\/\/portaltela.pt\/#\/schema\/person\/c4278d4a6028830caff9ee44b42d32ed"},"headline":"Imprensa internacional destaca resultados das elei\u00e7\u00f5es presidenciais","datePublished":"2026-01-19T01:38:00+00:00","mainEntityOfPage":{"@id":"https:\/\/portaltela.pt\/noticias\/2026\/01\/18\/imprensa-internacional-destaca-resultados-das-eleicoes-presidenciais\/"},"wordCount":301,"image":{"@id":"https:\/\/portaltela.pt\/noticias\/2026\/01\/18\/imprensa-internacional-destaca-resultados-das-eleicoes-presidenciais\/#primaryimage"},"thumbnailUrl":"https:\/\/portaltela.pt\/s.01k8rhncp4jt1\/2026\/01\/imprensa-internacional-1.jpg","keywords":["elei\u00e7\u00f5es","pol\u00edtica","Portugal","Repercuss\u00f5es internacionais","Seguro","Ventura"],"articleSection":["Internacional","Not\u00edcias"],"inLanguage":"pt-PT"},{"@type":"WebPage","@id":"https:\/\/portaltela.pt\/noticias\/2026\/01\/18\/imprensa-internacional-destaca-resultados-das-eleicoes-presidenciais\/","url":"https:\/\/portaltela.pt\/noticias\/2026\/01\/18\/imprensa-internacional-destaca-resultados-das-eleicoes-presidenciais\/","name":"Imprensa internacional destaca resultados das elei\u00e7\u00f5es presidenciais - Portal Tela Portugal","isPartOf":{"@id":"https:\/\/portaltela.pt\/#website"},"primaryImageOfPage":{"@id":"https:\/\/portaltela.pt\/noticias\/2026\/01\/18\/imprensa-internacional-destaca-resultados-das-eleicoes-presidenciais\/#primaryimage"},"image":{"@id":"https:\/\/portaltela.pt\/noticias\/2026\/01\/18\/imprensa-internacional-destaca-resultados-das-eleicoes-presidenciais\/#primaryimage"},"thumbnailUrl":"https:\/\/portaltela.pt\/s.01k8rhncp4jt1\/2026\/01\/imprensa-internacional-1.jpg","datePublished":"2026-01-19T01:38:00+00:00","author":{"@id":"https:\/\/portaltela.pt\/#\/schema\/person\/c4278d4a6028830caff9ee44b42d32ed"},"breadcrumb":{"@id":"https:\/\/portaltela.pt\/noticias\/2026\/01\/18\/imprensa-internacional-destaca-resultados-das-eleicoes-presidenciais\/#breadcrumb"},"inLanguage":"pt-PT","potentialAction":[{"@type":"ReadAction","target":["https:\/\/portaltela.pt\/noticias\/2026\/01\/18\/imprensa-internacional-destaca-resultados-das-eleicoes-presidenciais\/"]}]},{"@type":"ImageObject","inLanguage":"pt-PT","@id":"https:\/\/portaltela.pt\/noticias\/2026\/01\/18\/imprensa-internacional-destaca-resultados-das-eleicoes-presidenciais\/#primaryimage","url":"https:\/\/portaltela.pt\/s.01k8rhncp4jt1\/2026\/01\/imprensa-internacional-1.jpg","contentUrl":"https:\/\/portaltela.pt\/s.01k8rhncp4jt1\/2026\/01\/imprensa-internacional-1.jpg","width":796,"height":448,"caption":"Photo"},{"@type":"BreadcrumbList","@id":"https:\/\/portaltela.pt\/noticias\/2026\/01\/18\/imprensa-internacional-destaca-resultados-das-eleicoes-presidenciais\/#breadcrumb","itemListElement":[{"@type":"ListItem","position":1,"name":"In\u00edcio","item":"https:\/\/portaltela.pt\/"},{"@type":"ListItem","position":2,"name":"Imprensa internacional destaca resultados das elei\u00e7\u00f5es presidenciais"}]},{"@type":"WebSite","@id":"https:\/\/portaltela.pt\/#website","url":"https:\/\/portaltela.pt\/","name":"Portal Tela Portugal","description":"","potentialAction":[{"@type":"SearchAction","target":{"@type":"EntryPoint","urlTemplate":"https:\/\/portaltela.pt\/?s={search_term_string}"},"query-input":{"@type":"PropertyValueSpecification","valueRequired":true,"valueName":"search_term_string"}}],"inLanguage":"pt-PT"},{"@type":"Person","@id":"https:\/\/portaltela.pt\/#\/schema\/person\/c4278d4a6028830caff9ee44b42d32ed","name":"Telinha","image":{"@type":"ImageObject","inLanguage":"pt-PT","@id":"https:\/\/portaltela.pt\/s.01k8rhncp4jt1\/2025\/11\/talking-bot-125x125.png","url":"https:\/\/portaltela.pt\/s.01k8rhncp4jt1\/2025\/11\/talking-bot-125x125.png","contentUrl":"https:\/\/portaltela.pt\/s.01k8rhncp4jt1\/2025\/11\/talking-bot-125x125.png","caption":"Telinha"},"sameAs":["https:\/\/portaltela.pt\/"],"url":"https:\/\/portaltela.pt\/por\/367410592786\/"}]}},"_links":{"self":[{"href":"https:\/\/portaltela.pt\/api\/wp\/v2\/posts\/151850","targetHints":{"allow":["GET"]}}],"collection":[{"href":"https:\/\/portaltela.pt\/api\/wp\/v2\/posts"}],"about":[{"href":"https:\/\/portaltela.pt\/api\/wp\/v2\/types\/post"}],"author":[{"embeddable":true,"href":"https:\/\/portaltela.pt\/api\/wp\/v2\/users\/2"}],"replies":[{"embeddable":true,"href":"https:\/\/portaltela.pt\/api\/wp\/v2\/comments?post=151850"}],"version-history":[{"count":0,"href":"https:\/\/portaltela.pt\/api\/wp\/v2\/posts\/151850\/revisions"}],"wp:featuredmedia":[{"embeddable":true,"href":"https:\/\/portaltela.pt\/api\/wp\/v2\/media\/151859"}],"wp:attachment":[{"href":"https:\/\/portaltela.pt\/api\/wp\/v2\/media?parent=151850"}],"wp:term":[{"taxonomy":"category","embeddable":true,"href":"https:\/\/portaltela.pt\/api\/wp\/v2\/categories?post=151850"},{"taxonomy":"post_tag","embeddable":true,"href":"https:\/\/portaltela.pt\/api\/wp\/v2\/tags?post=151850"}],"curies":[{"name":"wp","href":"https:\/\/api.w.org\/{rel}","templated":true}]}}