{"id":151844,"date":"2026-01-18T22:30:00","date_gmt":"2026-01-19T01:30:00","guid":{"rendered":"https:\/\/portaltela.pt\/noticias\/2026\/01\/18\/catarina-nao-impede-fuga-de-votos-do-be\/"},"modified":"2026-01-18T22:30:00","modified_gmt":"2026-01-19T01:30:00","slug":"catarina-nao-impede-fuga-de-votos-do-be","status":"publish","type":"post","link":"https:\/\/portaltela.pt\/noticias\/politica\/2026\/01\/18\/catarina-nao-impede-fuga-de-votos-do-be\/","title":{"rendered":"Catarina n\u00e3o impede fuga de votos do BE"},"content":{"rendered":"<p>Catarina Martins n\u00e3o atingiu o m\u00ednimo para aceder \u00e0 subven\u00e7\u00e3o estatal e a campanha do Bloco de Esquerda v\u00ea uma nova dor de cabe\u00e7a nas contas do partido. O resultado da antiga l\u00edder do BE em presidencial foi inferior a 5%. A deputada europeia mant\u00e9m a candidatura com foco no objetivo de uma mulher a chegar a Bel\u00e9m.<\/p>\n<p>Segundo o novo coordenador do BE, Jos\u00e9 Manuel Pureza, o desenrolar eleitoral seria determinante para o futuro do partido. Na reta final, a l\u00edder hist\u00f3rica do BE viu-se confrontada com uma fuga de votos para outras op\u00e7\u00f5es. O recorte \u00e9 interpretado pelo BE como parte do quadro eleitoral da primeira volta.<\/p>\n<p>Catarina Martins reconheceu ficar aqu\u00e9m do que esperava, admitiu que o resultado fica muito abaixo do planeado e afirmou que a campanha contribuiu para discutir tabus, como a possibilidade de uma mulher ocupar a Presid\u00eancia da Rep\u00fablica. A eurodeputada n\u00e3o abandonou o objetivo pol\u00edtico, mantendo o foco na promo\u00e7\u00e3o de mudan\u00e7as estruturais.<\/p>\n<h3>Resultados e posicionamento do BE<\/h3>\n<p>As contas do BE podem ficar impactadas pela n\u00e3o obten\u00e7\u00e3o de subven\u00e7\u00e3o, uma vez que o limiar de 5% \u00e9 decisivo para o acesso a apoios estatais. A candidata terminou a vota\u00e7\u00e3o com a quinta posi\u00e7\u00e3o entre as candidaturas femininas, refor\u00e7ando a historicidade do resultado no partido.<\/p>\n<p>Catarina Martins pontuou que, para a segunda volta, apoiar\u00e1 Ant\u00f3nio Jos\u00e9 Seguro, o candidato apoiado pelo PS, cuja vota\u00e7\u00e3o \u00e9 negociada entre for\u00e7as de centro-esquerda. A l\u00edder reiterou que o voto \u00fatil pode influenciar o desfecho da contenda entre os dois candidatos.<\/p>\n","protected":false},"excerpt":{"rendered":"<ul>\n<li>Catarina Martins teve menos de cinco por cento dos votos, n\u00e3o atingindo m\u00ednimos para subven\u00e7\u00e3o estatal.<\/li>\n<li>O resultado refor\u00e7ou a leitura de fuga de votos do Bloco de Esquerda (BE) na primeira volta.<\/li>\n<li>Martins reconheceu que o resultado ficou aqu\u00e9m do esperado e disse que vai manter o trabalho para que uma mulher chegue \u00e0 Presid\u00eancia.<\/li>\n<li>A candidata revelou que votar\u00e1 em Ant\u00f3nio Jos\u00e9 Seguro na segunda volta.<\/li>\n<li>O BE mant\u00e9m a lideran\u00e7a com o novo coordenador Jos\u00e9 Manuel Pureza a dizer que o desempenho de Martins seria \u201cimportante\u201d para o futuro do partido.<\/li>\n<\/ul>\n","protected":false},"author":2,"featured_media":151858,"comment_status":"closed","ping_status":"closed","sticky":false,"template":"","format":"standard","meta":{"footnotes":""},"categories":[1,5],"tags":[2578,68,1242,1732,2832,30],"class_list":["post-151844","post","type-post","status-publish","format-standard","has-post-thumbnail","hentry","category-noticias","category-politica","tag-catarina-martins","tag-eleicoes","tag-feminino","tag-partidos","tag-politica","tag-presidente"],"yoast_head":"<!-- This site is optimized with the Yoast SEO plugin v27.2 - https:\/\/yoast.com\/product\/yoast-seo-wordpress\/ -->\n<title>Catarina n\u00e3o impede fuga de votos do BE - Portal Tela Portugal<\/title>\n<meta name=\"robots\" content=\"index, follow, max-snippet:-1, max-image-preview:large, max-video-preview:-1\" \/>\n<meta property=\"og:locale\" content=\"pt_PT\" \/>\n<meta property=\"og:type\" content=\"article\" \/>\n<meta property=\"og:title\" content=\"Catarina n\u00e3o impede fuga de votos do BE - Portal Tela Portugal\" \/>\n<meta property=\"og:description\" content=\"Catarina Martins teve menos de cinco por cento dos votos, n\u00e3o atingindo m\u00ednimos para subven\u00e7\u00e3o estatal. O resultado refor\u00e7ou a leitura de fuga de votos do Bloco de Esquerda (BE) na primeira volta. Martins reconheceu que o resultado ficou aqu\u00e9m do esperado e disse que vai manter o trabalho para que uma mulher chegue \u00e0 Presid\u00eancia. A candidata revelou que votar\u00e1 em Ant\u00f3nio Jos\u00e9 Seguro na segunda volta. O BE mant\u00e9m a lideran\u00e7a com o novo coordenador Jos\u00e9 Manuel Pureza a dizer que o desempenho de Martins seria \u201cimportante\u201d para o futuro do partido.\" \/>\n<meta property=\"og:url\" content=\"https:\/\/portaltela.pt\/noticias\/2026\/01\/18\/catarina-nao-impede-fuga-de-votos-do-be\/\" \/>\n<meta property=\"og:site_name\" content=\"Portal Tela Portugal\" \/>\n<meta property=\"article:published_time\" content=\"2026-01-19T01:30:00+00:00\" \/>\n<meta name=\"author\" content=\"Telinha\" \/>\n<meta name=\"twitter:card\" content=\"summary_large_image\" \/>\n<meta name=\"twitter:label1\" content=\"Escrito por\" \/>\n\t<meta name=\"twitter:data1\" content=\"Telinha\" \/>\n\t<meta name=\"twitter:label2\" content=\"Tempo estimado de leitura\" \/>\n\t<meta name=\"twitter:data2\" content=\"1 minuto\" \/>\n<script type=\"application\/ld+json\" class=\"yoast-schema-graph\">{\"@context\":\"https:\/\/schema.org\",\"@graph\":[{\"@type\":\"Article\",\"@id\":\"https:\/\/portaltela.pt\/noticias\/2026\/01\/18\/catarina-nao-impede-fuga-de-votos-do-be\/#article\",\"isPartOf\":{\"@id\":\"https:\/\/portaltela.pt\/noticias\/2026\/01\/18\/catarina-nao-impede-fuga-de-votos-do-be\/\"},\"author\":{\"name\":\"Telinha\",\"@id\":\"https:\/\/portaltela.pt\/#\/schema\/person\/c4278d4a6028830caff9ee44b42d32ed\"},\"headline\":\"Catarina n\u00e3o impede fuga de votos do BE\",\"datePublished\":\"2026-01-19T01:30:00+00:00\",\"mainEntityOfPage\":{\"@id\":\"https:\/\/portaltela.pt\/noticias\/2026\/01\/18\/catarina-nao-impede-fuga-de-votos-do-be\/\"},\"wordCount\":285,\"image\":{\"@id\":\"https:\/\/portaltela.pt\/noticias\/2026\/01\/18\/catarina-nao-impede-fuga-de-votos-do-be\/#primaryimage\"},\"thumbnailUrl\":\"https:\/\/portaltela.pt\/s.01k8rhncp4jt1\/2026\/01\/img_1500x1000uu2026-01-19-00-15-32-2261238-1.jpg\",\"keywords\":[\"Catarina Martins\",\"elei\u00e7\u00f5es\",\"feminino\",\"partidos\",\"pol\u00edtica\",\"presidente\"],\"articleSection\":[\"Not\u00edcias\",\"Pol\u00edtica\"],\"inLanguage\":\"pt-PT\"},{\"@type\":\"WebPage\",\"@id\":\"https:\/\/portaltela.pt\/noticias\/2026\/01\/18\/catarina-nao-impede-fuga-de-votos-do-be\/\",\"url\":\"https:\/\/portaltela.pt\/noticias\/2026\/01\/18\/catarina-nao-impede-fuga-de-votos-do-be\/\",\"name\":\"Catarina n\u00e3o impede fuga de votos do BE - Portal Tela Portugal\",\"isPartOf\":{\"@id\":\"https:\/\/portaltela.pt\/#website\"},\"primaryImageOfPage\":{\"@id\":\"https:\/\/portaltela.pt\/noticias\/2026\/01\/18\/catarina-nao-impede-fuga-de-votos-do-be\/#primaryimage\"},\"image\":{\"@id\":\"https:\/\/portaltela.pt\/noticias\/2026\/01\/18\/catarina-nao-impede-fuga-de-votos-do-be\/#primaryimage\"},\"thumbnailUrl\":\"https:\/\/portaltela.pt\/s.01k8rhncp4jt1\/2026\/01\/img_1500x1000uu2026-01-19-00-15-32-2261238-1.jpg\",\"datePublished\":\"2026-01-19T01:30:00+00:00\",\"author\":{\"@id\":\"https:\/\/portaltela.pt\/#\/schema\/person\/c4278d4a6028830caff9ee44b42d32ed\"},\"breadcrumb\":{\"@id\":\"https:\/\/portaltela.pt\/noticias\/2026\/01\/18\/catarina-nao-impede-fuga-de-votos-do-be\/#breadcrumb\"},\"inLanguage\":\"pt-PT\",\"potentialAction\":[{\"@type\":\"ReadAction\",\"target\":[\"https:\/\/portaltela.pt\/noticias\/2026\/01\/18\/catarina-nao-impede-fuga-de-votos-do-be\/\"]}]},{\"@type\":\"ImageObject\",\"inLanguage\":\"pt-PT\",\"@id\":\"https:\/\/portaltela.pt\/noticias\/2026\/01\/18\/catarina-nao-impede-fuga-de-votos-do-be\/#primaryimage\",\"url\":\"https:\/\/portaltela.pt\/s.01k8rhncp4jt1\/2026\/01\/img_1500x1000uu2026-01-19-00-15-32-2261238-1.jpg\",\"contentUrl\":\"https:\/\/portaltela.pt\/s.01k8rhncp4jt1\/2026\/01\/img_1500x1000uu2026-01-19-00-15-32-2261238-1.jpg\",\"width\":796,\"height\":448,\"caption\":\"Catarina Martins discursa com o mote \\\"Contigo\\\"\"},{\"@type\":\"BreadcrumbList\",\"@id\":\"https:\/\/portaltela.pt\/noticias\/2026\/01\/18\/catarina-nao-impede-fuga-de-votos-do-be\/#breadcrumb\",\"itemListElement\":[{\"@type\":\"ListItem\",\"position\":1,\"name\":\"In\u00edcio\",\"item\":\"https:\/\/portaltela.pt\/\"},{\"@type\":\"ListItem\",\"position\":2,\"name\":\"Catarina n\u00e3o impede fuga de votos do BE\"}]},{\"@type\":\"WebSite\",\"@id\":\"https:\/\/portaltela.pt\/#website\",\"url\":\"https:\/\/portaltela.pt\/\",\"name\":\"Portal Tela Portugal\",\"description\":\"\",\"potentialAction\":[{\"@type\":\"SearchAction\",\"target\":{\"@type\":\"EntryPoint\",\"urlTemplate\":\"https:\/\/portaltela.pt\/?s={search_term_string}\"},\"query-input\":{\"@type\":\"PropertyValueSpecification\",\"valueRequired\":true,\"valueName\":\"search_term_string\"}}],\"inLanguage\":\"pt-PT\"},{\"@type\":\"Person\",\"@id\":\"https:\/\/portaltela.pt\/#\/schema\/person\/c4278d4a6028830caff9ee44b42d32ed\",\"name\":\"Telinha\",\"image\":{\"@type\":\"ImageObject\",\"inLanguage\":\"pt-PT\",\"@id\":\"https:\/\/portaltela.pt\/s.01k8rhncp4jt1\/2025\/11\/talking-bot-125x125.png\",\"url\":\"https:\/\/portaltela.pt\/s.01k8rhncp4jt1\/2025\/11\/talking-bot-125x125.png\",\"contentUrl\":\"https:\/\/portaltela.pt\/s.01k8rhncp4jt1\/2025\/11\/talking-bot-125x125.png\",\"caption\":\"Telinha\"},\"sameAs\":[\"https:\/\/portaltela.pt\/\"],\"url\":\"https:\/\/portaltela.pt\/por\/367410592786\/\"}]}<\/script>\n<!-- \/ Yoast SEO plugin. -->","yoast_head_json":{"title":"Catarina n\u00e3o impede fuga de votos do BE - Portal Tela Portugal","robots":{"index":"index","follow":"follow","max-snippet":"max-snippet:-1","max-image-preview":"max-image-preview:large","max-video-preview":"max-video-preview:-1"},"og_locale":"pt_PT","og_type":"article","og_title":"Catarina n\u00e3o impede fuga de votos do BE - Portal Tela Portugal","og_description":"Catarina Martins teve menos de cinco por cento dos votos, n\u00e3o atingindo m\u00ednimos para subven\u00e7\u00e3o estatal. O resultado refor\u00e7ou a leitura de fuga de votos do Bloco de Esquerda (BE) na primeira volta. Martins reconheceu que o resultado ficou aqu\u00e9m do esperado e disse que vai manter o trabalho para que uma mulher chegue \u00e0 Presid\u00eancia. A candidata revelou que votar\u00e1 em Ant\u00f3nio Jos\u00e9 Seguro na segunda volta. O BE mant\u00e9m a lideran\u00e7a com o novo coordenador Jos\u00e9 Manuel Pureza a dizer que o desempenho de Martins seria \u201cimportante\u201d para o futuro do partido.","og_url":"https:\/\/portaltela.pt\/noticias\/2026\/01\/18\/catarina-nao-impede-fuga-de-votos-do-be\/","og_site_name":"Portal Tela Portugal","article_published_time":"2026-01-19T01:30:00+00:00","author":"Telinha","twitter_card":"summary_large_image","twitter_misc":{"Escrito por":"Telinha","Tempo estimado de leitura":"1 minuto"},"schema":{"@context":"https:\/\/schema.org","@graph":[{"@type":"Article","@id":"https:\/\/portaltela.pt\/noticias\/2026\/01\/18\/catarina-nao-impede-fuga-de-votos-do-be\/#article","isPartOf":{"@id":"https:\/\/portaltela.pt\/noticias\/2026\/01\/18\/catarina-nao-impede-fuga-de-votos-do-be\/"},"author":{"name":"Telinha","@id":"https:\/\/portaltela.pt\/#\/schema\/person\/c4278d4a6028830caff9ee44b42d32ed"},"headline":"Catarina n\u00e3o impede fuga de votos do BE","datePublished":"2026-01-19T01:30:00+00:00","mainEntityOfPage":{"@id":"https:\/\/portaltela.pt\/noticias\/2026\/01\/18\/catarina-nao-impede-fuga-de-votos-do-be\/"},"wordCount":285,"image":{"@id":"https:\/\/portaltela.pt\/noticias\/2026\/01\/18\/catarina-nao-impede-fuga-de-votos-do-be\/#primaryimage"},"thumbnailUrl":"https:\/\/portaltela.pt\/s.01k8rhncp4jt1\/2026\/01\/img_1500x1000uu2026-01-19-00-15-32-2261238-1.jpg","keywords":["Catarina Martins","elei\u00e7\u00f5es","feminino","partidos","pol\u00edtica","presidente"],"articleSection":["Not\u00edcias","Pol\u00edtica"],"inLanguage":"pt-PT"},{"@type":"WebPage","@id":"https:\/\/portaltela.pt\/noticias\/2026\/01\/18\/catarina-nao-impede-fuga-de-votos-do-be\/","url":"https:\/\/portaltela.pt\/noticias\/2026\/01\/18\/catarina-nao-impede-fuga-de-votos-do-be\/","name":"Catarina n\u00e3o impede fuga de votos do BE - Portal Tela Portugal","isPartOf":{"@id":"https:\/\/portaltela.pt\/#website"},"primaryImageOfPage":{"@id":"https:\/\/portaltela.pt\/noticias\/2026\/01\/18\/catarina-nao-impede-fuga-de-votos-do-be\/#primaryimage"},"image":{"@id":"https:\/\/portaltela.pt\/noticias\/2026\/01\/18\/catarina-nao-impede-fuga-de-votos-do-be\/#primaryimage"},"thumbnailUrl":"https:\/\/portaltela.pt\/s.01k8rhncp4jt1\/2026\/01\/img_1500x1000uu2026-01-19-00-15-32-2261238-1.jpg","datePublished":"2026-01-19T01:30:00+00:00","author":{"@id":"https:\/\/portaltela.pt\/#\/schema\/person\/c4278d4a6028830caff9ee44b42d32ed"},"breadcrumb":{"@id":"https:\/\/portaltela.pt\/noticias\/2026\/01\/18\/catarina-nao-impede-fuga-de-votos-do-be\/#breadcrumb"},"inLanguage":"pt-PT","potentialAction":[{"@type":"ReadAction","target":["https:\/\/portaltela.pt\/noticias\/2026\/01\/18\/catarina-nao-impede-fuga-de-votos-do-be\/"]}]},{"@type":"ImageObject","inLanguage":"pt-PT","@id":"https:\/\/portaltela.pt\/noticias\/2026\/01\/18\/catarina-nao-impede-fuga-de-votos-do-be\/#primaryimage","url":"https:\/\/portaltela.pt\/s.01k8rhncp4jt1\/2026\/01\/img_1500x1000uu2026-01-19-00-15-32-2261238-1.jpg","contentUrl":"https:\/\/portaltela.pt\/s.01k8rhncp4jt1\/2026\/01\/img_1500x1000uu2026-01-19-00-15-32-2261238-1.jpg","width":796,"height":448,"caption":"Catarina Martins discursa com o mote \"Contigo\""},{"@type":"BreadcrumbList","@id":"https:\/\/portaltela.pt\/noticias\/2026\/01\/18\/catarina-nao-impede-fuga-de-votos-do-be\/#breadcrumb","itemListElement":[{"@type":"ListItem","position":1,"name":"In\u00edcio","item":"https:\/\/portaltela.pt\/"},{"@type":"ListItem","position":2,"name":"Catarina n\u00e3o impede fuga de votos do BE"}]},{"@type":"WebSite","@id":"https:\/\/portaltela.pt\/#website","url":"https:\/\/portaltela.pt\/","name":"Portal Tela Portugal","description":"","potentialAction":[{"@type":"SearchAction","target":{"@type":"EntryPoint","urlTemplate":"https:\/\/portaltela.pt\/?s={search_term_string}"},"query-input":{"@type":"PropertyValueSpecification","valueRequired":true,"valueName":"search_term_string"}}],"inLanguage":"pt-PT"},{"@type":"Person","@id":"https:\/\/portaltela.pt\/#\/schema\/person\/c4278d4a6028830caff9ee44b42d32ed","name":"Telinha","image":{"@type":"ImageObject","inLanguage":"pt-PT","@id":"https:\/\/portaltela.pt\/s.01k8rhncp4jt1\/2025\/11\/talking-bot-125x125.png","url":"https:\/\/portaltela.pt\/s.01k8rhncp4jt1\/2025\/11\/talking-bot-125x125.png","contentUrl":"https:\/\/portaltela.pt\/s.01k8rhncp4jt1\/2025\/11\/talking-bot-125x125.png","caption":"Telinha"},"sameAs":["https:\/\/portaltela.pt\/"],"url":"https:\/\/portaltela.pt\/por\/367410592786\/"}]}},"_links":{"self":[{"href":"https:\/\/portaltela.pt\/api\/wp\/v2\/posts\/151844","targetHints":{"allow":["GET"]}}],"collection":[{"href":"https:\/\/portaltela.pt\/api\/wp\/v2\/posts"}],"about":[{"href":"https:\/\/portaltela.pt\/api\/wp\/v2\/types\/post"}],"author":[{"embeddable":true,"href":"https:\/\/portaltela.pt\/api\/wp\/v2\/users\/2"}],"replies":[{"embeddable":true,"href":"https:\/\/portaltela.pt\/api\/wp\/v2\/comments?post=151844"}],"version-history":[{"count":0,"href":"https:\/\/portaltela.pt\/api\/wp\/v2\/posts\/151844\/revisions"}],"wp:featuredmedia":[{"embeddable":true,"href":"https:\/\/portaltela.pt\/api\/wp\/v2\/media\/151858"}],"wp:attachment":[{"href":"https:\/\/portaltela.pt\/api\/wp\/v2\/media?parent=151844"}],"wp:term":[{"taxonomy":"category","embeddable":true,"href":"https:\/\/portaltela.pt\/api\/wp\/v2\/categories?post=151844"},{"taxonomy":"post_tag","embeddable":true,"href":"https:\/\/portaltela.pt\/api\/wp\/v2\/tags?post=151844"}],"curies":[{"name":"wp","href":"https:\/\/api.w.org\/{rel}","templated":true}]}}