{"id":151831,"date":"2026-01-18T22:30:00","date_gmt":"2026-01-19T01:30:00","guid":{"rendered":"https:\/\/portaltela.pt\/noticias\/2026\/01\/18\/ramalho-eanes-e-considerado-o-melhor-presidente-cavaco-silva-o-pior\/"},"modified":"2026-01-18T22:30:00","modified_gmt":"2026-01-19T01:30:00","slug":"ramalho-eanes-e-considerado-o-melhor-presidente-cavaco-silva-o-pior","status":"publish","type":"post","link":"https:\/\/portaltela.pt\/noticias\/politica\/2026\/01\/18\/ramalho-eanes-e-considerado-o-melhor-presidente-cavaco-silva-o-pior\/","title":{"rendered":"Ramalho Eanes \u00e9 considerado o melhor Presidente, Cavaco Silva o pior"},"content":{"rendered":"<p>General Ramalho Eanes \u00e9 apontado como o melhor Presidente da Rep\u00fablica numa sondagem realizada para o CM pela Intercampus. O estudo analisa o per\u00edodo p\u00f3s-25 de Abril, destacando o desempenho de quem chegou \u00e0 chefia de Estado por sufr\u00e1gio universal.<\/p>\n<p>O general assumiu a Presid\u00eancia entre 1976 e 1986, sucedendo a Francisco da Costa Gomes. Eanes foi eleito \u00e0 primeira volta com 61,59% dos votos e, cinco anos depois, reconduzido tamb\u00e9m na primeira volta com 56,44%. O mandato ocorreu num contexto de transi\u00e7\u00e3o e consolida\u00e7\u00e3o democr\u00e1tica.<\/p>\n<p>Segundo o CM, M\u00e1rio Soares e Cavaco Silva integram o conjunto de presidentes contemplados no ranking, com Cavaco Silva identificado pelo inqu\u00e9rito como o menos bem avaliado entre os escolhidos. A sondagem recorre a dados hist\u00f3ricos para classificar a perspetiva p\u00fablica sobre os seus desempenhos.<\/p>\n<p>Em Alcains, o hist\u00f3rico presidente \u00e9 lembrado pela sua participa\u00e7\u00e3o c\u00edvica e cultural na vida p\u00fablica, mesmo ap\u00f3s deixar o cargo. O site da Presid\u00eancia da Rep\u00fablica destaca a sua atua\u00e7\u00e3o em congressos, confer\u00eancias e apresenta\u00e7\u00f5es em Portugal e no estrangeiro.<\/p>\n<p>Em 2000, Ramalho Eanes recusou a promo\u00e7\u00e3o a marechal, mantendo-se na vida civil. A sondagem em quest\u00e3o coincide com um momento em que os eleitores s\u00e3o chamados a escolher o 21.\u00ba Presidente da Rep\u00fablica, sem que o estudo atribua a obra de governo a um conjunto de a\u00e7\u00f5es espec\u00edficas.<\/p>\n","protected":false},"excerpt":{"rendered":"<ul>\n<li>O CM publicou um ranking de presidentes, apontando Ramalho Eanes como o melhor e Cavaco Silva como o pior, com base numa sondagem da Intercampus.<\/li>\n<li>Ramalho Eanes foi presidente de Portugal entre 1976 e 1986, sucedendo Francisco da Costa Gomes.<\/li>\n<li>Foi o primeiro presidente eleito por sufr\u00e1gio universal ap\u00f3s o 25 de abril de 1974; \u00e9 natural de Alcains.<\/li>\n<li>Foi eleito \u00e0 primeira volta com 61,59% dos votos e, cinco anos depois, reelegeu-se tamb\u00e9m \u00e0 primeira volta, com 56,44%.<\/li>\n<li>Em 2000 recusou a promo\u00e7\u00e3o a marechal e mant\u00e9m atividade c\u00edvica e cultural, em Portugal e no estrangeiro.<\/li>\n<\/ul>\n","protected":false},"author":2,"featured_media":151834,"comment_status":"closed","ping_status":"closed","sticky":false,"template":"","format":"standard","meta":{"footnotes":""},"categories":[1,5],"tags":[2795,299,3400,1014,30,3086],"class_list":["post-151831","post","type-post","status-publish","format-standard","has-post-thumbnail","hentry","category-noticias","category-politica","tag-democracia","tag-historia","tag-intercampus","tag-portugal","tag-presidente","tag-ramalho-eanes"],"yoast_head":"<!-- This site is optimized with the Yoast SEO plugin v27.2 - https:\/\/yoast.com\/product\/yoast-seo-wordpress\/ -->\n<title>Ramalho Eanes \u00e9 considerado o melhor Presidente, Cavaco Silva o pior - Portal Tela Portugal<\/title>\n<meta name=\"robots\" content=\"index, follow, max-snippet:-1, max-image-preview:large, max-video-preview:-1\" \/>\n<meta property=\"og:locale\" content=\"pt_PT\" \/>\n<meta property=\"og:type\" content=\"article\" \/>\n<meta property=\"og:title\" content=\"Ramalho Eanes \u00e9 considerado o melhor Presidente, Cavaco Silva o pior - Portal Tela Portugal\" \/>\n<meta property=\"og:description\" content=\"O CM publicou um ranking de presidentes, apontando Ramalho Eanes como o melhor e Cavaco Silva como o pior, com base numa sondagem da Intercampus. Ramalho Eanes foi presidente de Portugal entre 1976 e 1986, sucedendo Francisco da Costa Gomes. Foi o primeiro presidente eleito por sufr\u00e1gio universal ap\u00f3s o 25 de abril de 1974; \u00e9 natural de Alcains. Foi eleito \u00e0 primeira volta com 61,59% dos votos e, cinco anos depois, reelegeu-se tamb\u00e9m \u00e0 primeira volta, com 56,44%. Em 2000 recusou a promo\u00e7\u00e3o a marechal e mant\u00e9m atividade c\u00edvica e cultural, em Portugal e no estrangeiro.\" \/>\n<meta property=\"og:url\" content=\"https:\/\/portaltela.pt\/noticias\/2026\/01\/18\/ramalho-eanes-e-considerado-o-melhor-presidente-cavaco-silva-o-pior\/\" \/>\n<meta property=\"og:site_name\" content=\"Portal Tela Portugal\" \/>\n<meta property=\"article:published_time\" content=\"2026-01-19T01:30:00+00:00\" \/>\n<meta name=\"author\" content=\"Telinha\" \/>\n<meta name=\"twitter:card\" content=\"summary_large_image\" \/>\n<meta name=\"twitter:label1\" content=\"Escrito por\" \/>\n\t<meta name=\"twitter:data1\" content=\"Telinha\" \/>\n\t<meta name=\"twitter:label2\" content=\"Tempo estimado de leitura\" \/>\n\t<meta name=\"twitter:data2\" content=\"1 minuto\" \/>\n<script type=\"application\/ld+json\" class=\"yoast-schema-graph\">{\"@context\":\"https:\/\/schema.org\",\"@graph\":[{\"@type\":\"Article\",\"@id\":\"https:\/\/portaltela.pt\/noticias\/2026\/01\/18\/ramalho-eanes-e-considerado-o-melhor-presidente-cavaco-silva-o-pior\/#article\",\"isPartOf\":{\"@id\":\"https:\/\/portaltela.pt\/noticias\/2026\/01\/18\/ramalho-eanes-e-considerado-o-melhor-presidente-cavaco-silva-o-pior\/\"},\"author\":{\"name\":\"Telinha\",\"@id\":\"https:\/\/portaltela.pt\/#\/schema\/person\/c4278d4a6028830caff9ee44b42d32ed\"},\"headline\":\"Ramalho Eanes \u00e9 considerado o melhor Presidente, Cavaco Silva o pior\",\"datePublished\":\"2026-01-19T01:30:00+00:00\",\"mainEntityOfPage\":{\"@id\":\"https:\/\/portaltela.pt\/noticias\/2026\/01\/18\/ramalho-eanes-e-considerado-o-melhor-presidente-cavaco-silva-o-pior\/\"},\"wordCount\":250,\"image\":{\"@id\":\"https:\/\/portaltela.pt\/noticias\/2026\/01\/18\/ramalho-eanes-e-considerado-o-melhor-presidente-cavaco-silva-o-pior\/#primaryimage\"},\"thumbnailUrl\":\"https:\/\/portaltela.pt\/s.01k8rhncp4jt1\/2026\/01\/img_1500x1000uu2021-09-23-19-13-30-1083130.jpg\",\"keywords\":[\"democracia\",\"hist\u00f3ria\",\"Intercampus\",\"Portugal\",\"presidente\",\"Ramalho Eanes\"],\"articleSection\":[\"Not\u00edcias\",\"Pol\u00edtica\"],\"inLanguage\":\"pt-PT\"},{\"@type\":\"WebPage\",\"@id\":\"https:\/\/portaltela.pt\/noticias\/2026\/01\/18\/ramalho-eanes-e-considerado-o-melhor-presidente-cavaco-silva-o-pior\/\",\"url\":\"https:\/\/portaltela.pt\/noticias\/2026\/01\/18\/ramalho-eanes-e-considerado-o-melhor-presidente-cavaco-silva-o-pior\/\",\"name\":\"Ramalho Eanes \u00e9 considerado o melhor Presidente, Cavaco Silva o pior - Portal Tela Portugal\",\"isPartOf\":{\"@id\":\"https:\/\/portaltela.pt\/#website\"},\"primaryImageOfPage\":{\"@id\":\"https:\/\/portaltela.pt\/noticias\/2026\/01\/18\/ramalho-eanes-e-considerado-o-melhor-presidente-cavaco-silva-o-pior\/#primaryimage\"},\"image\":{\"@id\":\"https:\/\/portaltela.pt\/noticias\/2026\/01\/18\/ramalho-eanes-e-considerado-o-melhor-presidente-cavaco-silva-o-pior\/#primaryimage\"},\"thumbnailUrl\":\"https:\/\/portaltela.pt\/s.01k8rhncp4jt1\/2026\/01\/img_1500x1000uu2021-09-23-19-13-30-1083130.jpg\",\"datePublished\":\"2026-01-19T01:30:00+00:00\",\"author\":{\"@id\":\"https:\/\/portaltela.pt\/#\/schema\/person\/c4278d4a6028830caff9ee44b42d32ed\"},\"breadcrumb\":{\"@id\":\"https:\/\/portaltela.pt\/noticias\/2026\/01\/18\/ramalho-eanes-e-considerado-o-melhor-presidente-cavaco-silva-o-pior\/#breadcrumb\"},\"inLanguage\":\"pt-PT\",\"potentialAction\":[{\"@type\":\"ReadAction\",\"target\":[\"https:\/\/portaltela.pt\/noticias\/2026\/01\/18\/ramalho-eanes-e-considerado-o-melhor-presidente-cavaco-silva-o-pior\/\"]}]},{\"@type\":\"ImageObject\",\"inLanguage\":\"pt-PT\",\"@id\":\"https:\/\/portaltela.pt\/noticias\/2026\/01\/18\/ramalho-eanes-e-considerado-o-melhor-presidente-cavaco-silva-o-pior\/#primaryimage\",\"url\":\"https:\/\/portaltela.pt\/s.01k8rhncp4jt1\/2026\/01\/img_1500x1000uu2021-09-23-19-13-30-1083130.jpg\",\"contentUrl\":\"https:\/\/portaltela.pt\/s.01k8rhncp4jt1\/2026\/01\/img_1500x1000uu2021-09-23-19-13-30-1083130.jpg\",\"width\":796,\"height\":448,\"caption\":\"Ramalho Eanes\"},{\"@type\":\"BreadcrumbList\",\"@id\":\"https:\/\/portaltela.pt\/noticias\/2026\/01\/18\/ramalho-eanes-e-considerado-o-melhor-presidente-cavaco-silva-o-pior\/#breadcrumb\",\"itemListElement\":[{\"@type\":\"ListItem\",\"position\":1,\"name\":\"In\u00edcio\",\"item\":\"https:\/\/portaltela.pt\/\"},{\"@type\":\"ListItem\",\"position\":2,\"name\":\"Ramalho Eanes \u00e9 considerado o melhor Presidente, Cavaco Silva o pior\"}]},{\"@type\":\"WebSite\",\"@id\":\"https:\/\/portaltela.pt\/#website\",\"url\":\"https:\/\/portaltela.pt\/\",\"name\":\"Portal Tela Portugal\",\"description\":\"\",\"potentialAction\":[{\"@type\":\"SearchAction\",\"target\":{\"@type\":\"EntryPoint\",\"urlTemplate\":\"https:\/\/portaltela.pt\/?s={search_term_string}\"},\"query-input\":{\"@type\":\"PropertyValueSpecification\",\"valueRequired\":true,\"valueName\":\"search_term_string\"}}],\"inLanguage\":\"pt-PT\"},{\"@type\":\"Person\",\"@id\":\"https:\/\/portaltela.pt\/#\/schema\/person\/c4278d4a6028830caff9ee44b42d32ed\",\"name\":\"Telinha\",\"image\":{\"@type\":\"ImageObject\",\"inLanguage\":\"pt-PT\",\"@id\":\"https:\/\/portaltela.pt\/s.01k8rhncp4jt1\/2025\/11\/talking-bot-125x125.png\",\"url\":\"https:\/\/portaltela.pt\/s.01k8rhncp4jt1\/2025\/11\/talking-bot-125x125.png\",\"contentUrl\":\"https:\/\/portaltela.pt\/s.01k8rhncp4jt1\/2025\/11\/talking-bot-125x125.png\",\"caption\":\"Telinha\"},\"sameAs\":[\"https:\/\/portaltela.pt\/\"],\"url\":\"https:\/\/portaltela.pt\/por\/367410592786\/\"}]}<\/script>\n<!-- \/ Yoast SEO plugin. -->","yoast_head_json":{"title":"Ramalho Eanes \u00e9 considerado o melhor Presidente, Cavaco Silva o pior - Portal Tela Portugal","robots":{"index":"index","follow":"follow","max-snippet":"max-snippet:-1","max-image-preview":"max-image-preview:large","max-video-preview":"max-video-preview:-1"},"og_locale":"pt_PT","og_type":"article","og_title":"Ramalho Eanes \u00e9 considerado o melhor Presidente, Cavaco Silva o pior - Portal Tela Portugal","og_description":"O CM publicou um ranking de presidentes, apontando Ramalho Eanes como o melhor e Cavaco Silva como o pior, com base numa sondagem da Intercampus. Ramalho Eanes foi presidente de Portugal entre 1976 e 1986, sucedendo Francisco da Costa Gomes. Foi o primeiro presidente eleito por sufr\u00e1gio universal ap\u00f3s o 25 de abril de 1974; \u00e9 natural de Alcains. Foi eleito \u00e0 primeira volta com 61,59% dos votos e, cinco anos depois, reelegeu-se tamb\u00e9m \u00e0 primeira volta, com 56,44%. Em 2000 recusou a promo\u00e7\u00e3o a marechal e mant\u00e9m atividade c\u00edvica e cultural, em Portugal e no estrangeiro.","og_url":"https:\/\/portaltela.pt\/noticias\/2026\/01\/18\/ramalho-eanes-e-considerado-o-melhor-presidente-cavaco-silva-o-pior\/","og_site_name":"Portal Tela Portugal","article_published_time":"2026-01-19T01:30:00+00:00","author":"Telinha","twitter_card":"summary_large_image","twitter_misc":{"Escrito por":"Telinha","Tempo estimado de leitura":"1 minuto"},"schema":{"@context":"https:\/\/schema.org","@graph":[{"@type":"Article","@id":"https:\/\/portaltela.pt\/noticias\/2026\/01\/18\/ramalho-eanes-e-considerado-o-melhor-presidente-cavaco-silva-o-pior\/#article","isPartOf":{"@id":"https:\/\/portaltela.pt\/noticias\/2026\/01\/18\/ramalho-eanes-e-considerado-o-melhor-presidente-cavaco-silva-o-pior\/"},"author":{"name":"Telinha","@id":"https:\/\/portaltela.pt\/#\/schema\/person\/c4278d4a6028830caff9ee44b42d32ed"},"headline":"Ramalho Eanes \u00e9 considerado o melhor Presidente, Cavaco Silva o pior","datePublished":"2026-01-19T01:30:00+00:00","mainEntityOfPage":{"@id":"https:\/\/portaltela.pt\/noticias\/2026\/01\/18\/ramalho-eanes-e-considerado-o-melhor-presidente-cavaco-silva-o-pior\/"},"wordCount":250,"image":{"@id":"https:\/\/portaltela.pt\/noticias\/2026\/01\/18\/ramalho-eanes-e-considerado-o-melhor-presidente-cavaco-silva-o-pior\/#primaryimage"},"thumbnailUrl":"https:\/\/portaltela.pt\/s.01k8rhncp4jt1\/2026\/01\/img_1500x1000uu2021-09-23-19-13-30-1083130.jpg","keywords":["democracia","hist\u00f3ria","Intercampus","Portugal","presidente","Ramalho Eanes"],"articleSection":["Not\u00edcias","Pol\u00edtica"],"inLanguage":"pt-PT"},{"@type":"WebPage","@id":"https:\/\/portaltela.pt\/noticias\/2026\/01\/18\/ramalho-eanes-e-considerado-o-melhor-presidente-cavaco-silva-o-pior\/","url":"https:\/\/portaltela.pt\/noticias\/2026\/01\/18\/ramalho-eanes-e-considerado-o-melhor-presidente-cavaco-silva-o-pior\/","name":"Ramalho Eanes \u00e9 considerado o melhor Presidente, Cavaco Silva o pior - Portal Tela Portugal","isPartOf":{"@id":"https:\/\/portaltela.pt\/#website"},"primaryImageOfPage":{"@id":"https:\/\/portaltela.pt\/noticias\/2026\/01\/18\/ramalho-eanes-e-considerado-o-melhor-presidente-cavaco-silva-o-pior\/#primaryimage"},"image":{"@id":"https:\/\/portaltela.pt\/noticias\/2026\/01\/18\/ramalho-eanes-e-considerado-o-melhor-presidente-cavaco-silva-o-pior\/#primaryimage"},"thumbnailUrl":"https:\/\/portaltela.pt\/s.01k8rhncp4jt1\/2026\/01\/img_1500x1000uu2021-09-23-19-13-30-1083130.jpg","datePublished":"2026-01-19T01:30:00+00:00","author":{"@id":"https:\/\/portaltela.pt\/#\/schema\/person\/c4278d4a6028830caff9ee44b42d32ed"},"breadcrumb":{"@id":"https:\/\/portaltela.pt\/noticias\/2026\/01\/18\/ramalho-eanes-e-considerado-o-melhor-presidente-cavaco-silva-o-pior\/#breadcrumb"},"inLanguage":"pt-PT","potentialAction":[{"@type":"ReadAction","target":["https:\/\/portaltela.pt\/noticias\/2026\/01\/18\/ramalho-eanes-e-considerado-o-melhor-presidente-cavaco-silva-o-pior\/"]}]},{"@type":"ImageObject","inLanguage":"pt-PT","@id":"https:\/\/portaltela.pt\/noticias\/2026\/01\/18\/ramalho-eanes-e-considerado-o-melhor-presidente-cavaco-silva-o-pior\/#primaryimage","url":"https:\/\/portaltela.pt\/s.01k8rhncp4jt1\/2026\/01\/img_1500x1000uu2021-09-23-19-13-30-1083130.jpg","contentUrl":"https:\/\/portaltela.pt\/s.01k8rhncp4jt1\/2026\/01\/img_1500x1000uu2021-09-23-19-13-30-1083130.jpg","width":796,"height":448,"caption":"Ramalho Eanes"},{"@type":"BreadcrumbList","@id":"https:\/\/portaltela.pt\/noticias\/2026\/01\/18\/ramalho-eanes-e-considerado-o-melhor-presidente-cavaco-silva-o-pior\/#breadcrumb","itemListElement":[{"@type":"ListItem","position":1,"name":"In\u00edcio","item":"https:\/\/portaltela.pt\/"},{"@type":"ListItem","position":2,"name":"Ramalho Eanes \u00e9 considerado o melhor Presidente, Cavaco Silva o pior"}]},{"@type":"WebSite","@id":"https:\/\/portaltela.pt\/#website","url":"https:\/\/portaltela.pt\/","name":"Portal Tela Portugal","description":"","potentialAction":[{"@type":"SearchAction","target":{"@type":"EntryPoint","urlTemplate":"https:\/\/portaltela.pt\/?s={search_term_string}"},"query-input":{"@type":"PropertyValueSpecification","valueRequired":true,"valueName":"search_term_string"}}],"inLanguage":"pt-PT"},{"@type":"Person","@id":"https:\/\/portaltela.pt\/#\/schema\/person\/c4278d4a6028830caff9ee44b42d32ed","name":"Telinha","image":{"@type":"ImageObject","inLanguage":"pt-PT","@id":"https:\/\/portaltela.pt\/s.01k8rhncp4jt1\/2025\/11\/talking-bot-125x125.png","url":"https:\/\/portaltela.pt\/s.01k8rhncp4jt1\/2025\/11\/talking-bot-125x125.png","contentUrl":"https:\/\/portaltela.pt\/s.01k8rhncp4jt1\/2025\/11\/talking-bot-125x125.png","caption":"Telinha"},"sameAs":["https:\/\/portaltela.pt\/"],"url":"https:\/\/portaltela.pt\/por\/367410592786\/"}]}},"_links":{"self":[{"href":"https:\/\/portaltela.pt\/api\/wp\/v2\/posts\/151831","targetHints":{"allow":["GET"]}}],"collection":[{"href":"https:\/\/portaltela.pt\/api\/wp\/v2\/posts"}],"about":[{"href":"https:\/\/portaltela.pt\/api\/wp\/v2\/types\/post"}],"author":[{"embeddable":true,"href":"https:\/\/portaltela.pt\/api\/wp\/v2\/users\/2"}],"replies":[{"embeddable":true,"href":"https:\/\/portaltela.pt\/api\/wp\/v2\/comments?post=151831"}],"version-history":[{"count":0,"href":"https:\/\/portaltela.pt\/api\/wp\/v2\/posts\/151831\/revisions"}],"wp:featuredmedia":[{"embeddable":true,"href":"https:\/\/portaltela.pt\/api\/wp\/v2\/media\/151834"}],"wp:attachment":[{"href":"https:\/\/portaltela.pt\/api\/wp\/v2\/media?parent=151831"}],"wp:term":[{"taxonomy":"category","embeddable":true,"href":"https:\/\/portaltela.pt\/api\/wp\/v2\/categories?post=151831"},{"taxonomy":"post_tag","embeddable":true,"href":"https:\/\/portaltela.pt\/api\/wp\/v2\/tags?post=151831"}],"curies":[{"name":"wp","href":"https:\/\/api.w.org\/{rel}","templated":true}]}}