{"id":151804,"date":"2026-01-18T21:30:00","date_gmt":"2026-01-19T00:30:00","guid":{"rendered":"https:\/\/portaltela.pt\/noticias\/2026\/01\/18\/apos-derrota-almirante-afirma-estar-disponivel-para-portugal\/"},"modified":"2026-01-18T21:30:00","modified_gmt":"2026-01-19T00:30:00","slug":"apos-derrota-almirante-afirma-estar-disponivel-para-portugal","status":"publish","type":"post","link":"https:\/\/portaltela.pt\/noticias\/politica\/2026\/01\/18\/apos-derrota-almirante-afirma-estar-disponivel-para-portugal\/","title":{"rendered":"Ap\u00f3s derrota, Almirante afirma estar dispon\u00edvel para Portugal"},"content":{"rendered":"<p>Gouveia e Melo assumiu a responsabilidade pela derrota na elei\u00e7\u00e3o presidencial e afirmou estar dispon\u00edvel para servir Portugal. O militar, uma das figuras mais medi\u00e1ticas da campanha, disse aceitar a derrota com humildade e responsabilidade.<\/p>\n<p>O oficial parabenizou Ventura e Seguro pela passagem \u00e0 segunda volta, destacando que a vit\u00f3ria \u00e9 resultado do registo que tiveram junto dos cidad\u00e3os. Mant\u00e9m, contudo, a disponibilidade para colaborar com o pa\u00eds, conforme solicitado.<\/p>\n<p>Questionado sobre eventual apoio a um dos candidatos na 2.\u00aa volta, respondeu que n\u00e3o se pronunciar\u00e1 de imediato e que s\u00f3 falar\u00e1 no momento adequado. A postura transmitida foi de prud\u00eancia e conten\u00e7\u00e3o.<\/p>\n<p>O militar salientou ainda que a experi\u00eancia da sua candidatura foi enriquecedora e que pode contribuir para Portugal de outras formas, sempre que for solicitado pelas institui\u00e7\u00f5es do pa\u00eds.<\/p>\n<h3>Poss\u00edvel apoio na 2.\u00aa volta<\/h3>\n<p>Apenas referiu que, se houver pedido, avaliar\u00e1 a melhor forma de colaborar, mantendo sempre neutralidade institucional. N\u00e3o informou planos ou condi\u00e7\u00f5es para apoio definitivo a qualquer candidato.<\/p>\n","protected":false},"excerpt":{"rendered":"<ul>\n<li>O almirante Gouveia e Melo assumiu a responsabilidade pela derrota na elei\u00e7\u00e3o presidencial e disse estar dispon\u00edvel para servir Portugal.<\/li>\n<li>Felicitou Ventura e Seguro, que passaram \u00e0 segunda volta, e afirmou que est\u00e1 dispon\u00edvel para servir Portugal.<\/li>\n<li>Questionado sobre um poss\u00edvel apoio a um dos candidatos na segunda volta, comentou que \u201cfalarei\u201d quando chegar a altura.<\/li>\n<li>Considerou a candidatura uma experi\u00eancia enriquecedora e que continuar\u00e1 a contribuir para o pa\u00eds quando solicitado.<\/li>\n<li>Apresentou-se com humildade e responsabilidade, aceitando a derrota com dignidade e mantendo-se dispon\u00edvel para colaborar conforme necess\u00e1rio.<\/li>\n<\/ul>\n","protected":false},"author":2,"featured_media":151809,"comment_status":"closed","ping_status":"closed","sticky":false,"template":"","format":"standard","meta":{"footnotes":""},"categories":[1,5],"tags":[1738,68,1779,2890,1144,30],"class_list":["post-151804","post","type-post","status-publish","format-standard","has-post-thumbnail","hentry","category-noticias","category-politica","tag-apoio-institucional","tag-eleicoes","tag-forcas-armadas","tag-gouveia-e-melo","tag-instituicoes","tag-presidente"],"yoast_head":"<!-- This site is optimized with the Yoast SEO plugin v27.2 - https:\/\/yoast.com\/product\/yoast-seo-wordpress\/ -->\n<title>Ap\u00f3s derrota, Almirante afirma estar dispon\u00edvel para Portugal - Portal Tela Portugal<\/title>\n<meta name=\"robots\" content=\"index, follow, max-snippet:-1, max-image-preview:large, max-video-preview:-1\" \/>\n<meta property=\"og:locale\" content=\"pt_PT\" \/>\n<meta property=\"og:type\" content=\"article\" \/>\n<meta property=\"og:title\" content=\"Ap\u00f3s derrota, Almirante afirma estar dispon\u00edvel para Portugal - Portal Tela Portugal\" \/>\n<meta property=\"og:description\" content=\"O almirante Gouveia e Melo assumiu a responsabilidade pela derrota na elei\u00e7\u00e3o presidencial e disse estar dispon\u00edvel para servir Portugal. Felicitou Ventura e Seguro, que passaram \u00e0 segunda volta, e afirmou que est\u00e1 dispon\u00edvel para servir Portugal. Questionado sobre um poss\u00edvel apoio a um dos candidatos na segunda volta, comentou que \u201cfalarei\u201d quando chegar a altura. Considerou a candidatura uma experi\u00eancia enriquecedora e que continuar\u00e1 a contribuir para o pa\u00eds quando solicitado. Apresentou-se com humildade e responsabilidade, aceitando a derrota com dignidade e mantendo-se dispon\u00edvel para colaborar conforme necess\u00e1rio.\" \/>\n<meta property=\"og:url\" content=\"https:\/\/portaltela.pt\/noticias\/2026\/01\/18\/apos-derrota-almirante-afirma-estar-disponivel-para-portugal\/\" \/>\n<meta property=\"og:site_name\" content=\"Portal Tela Portugal\" \/>\n<meta property=\"article:published_time\" content=\"2026-01-19T00:30:00+00:00\" \/>\n<meta name=\"author\" content=\"Telinha\" \/>\n<meta name=\"twitter:card\" content=\"summary_large_image\" \/>\n<meta name=\"twitter:label1\" content=\"Escrito por\" \/>\n\t<meta name=\"twitter:data1\" content=\"Telinha\" \/>\n\t<meta name=\"twitter:label2\" content=\"Tempo estimado de leitura\" \/>\n\t<meta name=\"twitter:data2\" content=\"1 minuto\" \/>\n<script type=\"application\/ld+json\" class=\"yoast-schema-graph\">{\"@context\":\"https:\/\/schema.org\",\"@graph\":[{\"@type\":\"Article\",\"@id\":\"https:\/\/portaltela.pt\/noticias\/2026\/01\/18\/apos-derrota-almirante-afirma-estar-disponivel-para-portugal\/#article\",\"isPartOf\":{\"@id\":\"https:\/\/portaltela.pt\/noticias\/2026\/01\/18\/apos-derrota-almirante-afirma-estar-disponivel-para-portugal\/\"},\"author\":{\"name\":\"Telinha\",\"@id\":\"https:\/\/portaltela.pt\/#\/schema\/person\/c4278d4a6028830caff9ee44b42d32ed\"},\"headline\":\"Ap\u00f3s derrota, Almirante afirma estar dispon\u00edvel para Portugal\",\"datePublished\":\"2026-01-19T00:30:00+00:00\",\"mainEntityOfPage\":{\"@id\":\"https:\/\/portaltela.pt\/noticias\/2026\/01\/18\/apos-derrota-almirante-afirma-estar-disponivel-para-portugal\/\"},\"wordCount\":186,\"image\":{\"@id\":\"https:\/\/portaltela.pt\/noticias\/2026\/01\/18\/apos-derrota-almirante-afirma-estar-disponivel-para-portugal\/#primaryimage\"},\"thumbnailUrl\":\"https:\/\/portaltela.pt\/s.01k8rhncp4jt1\/2026\/01\/dventura-noite-eleitoral-gouveia-melo-dia12-21-scaled-1.jpg\",\"keywords\":[\"apoio institucional\",\"elei\u00e7\u00f5es\",\"For\u00e7as Armadas\",\"Gouveia e Melo\",\"institui\u00e7\u00f5es\",\"presidente\"],\"articleSection\":[\"Not\u00edcias\",\"Pol\u00edtica\"],\"inLanguage\":\"pt-PT\"},{\"@type\":\"WebPage\",\"@id\":\"https:\/\/portaltela.pt\/noticias\/2026\/01\/18\/apos-derrota-almirante-afirma-estar-disponivel-para-portugal\/\",\"url\":\"https:\/\/portaltela.pt\/noticias\/2026\/01\/18\/apos-derrota-almirante-afirma-estar-disponivel-para-portugal\/\",\"name\":\"Ap\u00f3s derrota, Almirante afirma estar dispon\u00edvel para Portugal - Portal Tela Portugal\",\"isPartOf\":{\"@id\":\"https:\/\/portaltela.pt\/#website\"},\"primaryImageOfPage\":{\"@id\":\"https:\/\/portaltela.pt\/noticias\/2026\/01\/18\/apos-derrota-almirante-afirma-estar-disponivel-para-portugal\/#primaryimage\"},\"image\":{\"@id\":\"https:\/\/portaltela.pt\/noticias\/2026\/01\/18\/apos-derrota-almirante-afirma-estar-disponivel-para-portugal\/#primaryimage\"},\"thumbnailUrl\":\"https:\/\/portaltela.pt\/s.01k8rhncp4jt1\/2026\/01\/dventura-noite-eleitoral-gouveia-melo-dia12-21-scaled-1.jpg\",\"datePublished\":\"2026-01-19T00:30:00+00:00\",\"author\":{\"@id\":\"https:\/\/portaltela.pt\/#\/schema\/person\/c4278d4a6028830caff9ee44b42d32ed\"},\"breadcrumb\":{\"@id\":\"https:\/\/portaltela.pt\/noticias\/2026\/01\/18\/apos-derrota-almirante-afirma-estar-disponivel-para-portugal\/#breadcrumb\"},\"inLanguage\":\"pt-PT\",\"potentialAction\":[{\"@type\":\"ReadAction\",\"target\":[\"https:\/\/portaltela.pt\/noticias\/2026\/01\/18\/apos-derrota-almirante-afirma-estar-disponivel-para-portugal\/\"]}]},{\"@type\":\"ImageObject\",\"inLanguage\":\"pt-PT\",\"@id\":\"https:\/\/portaltela.pt\/noticias\/2026\/01\/18\/apos-derrota-almirante-afirma-estar-disponivel-para-portugal\/#primaryimage\",\"url\":\"https:\/\/portaltela.pt\/s.01k8rhncp4jt1\/2026\/01\/dventura-noite-eleitoral-gouveia-melo-dia12-21-scaled-1.jpg\",\"contentUrl\":\"https:\/\/portaltela.pt\/s.01k8rhncp4jt1\/2026\/01\/dventura-noite-eleitoral-gouveia-melo-dia12-21-scaled-1.jpg\",\"width\":796,\"height\":448,\"caption\":\"Photo\"},{\"@type\":\"BreadcrumbList\",\"@id\":\"https:\/\/portaltela.pt\/noticias\/2026\/01\/18\/apos-derrota-almirante-afirma-estar-disponivel-para-portugal\/#breadcrumb\",\"itemListElement\":[{\"@type\":\"ListItem\",\"position\":1,\"name\":\"In\u00edcio\",\"item\":\"https:\/\/portaltela.pt\/\"},{\"@type\":\"ListItem\",\"position\":2,\"name\":\"Ap\u00f3s derrota, Almirante afirma estar dispon\u00edvel para Portugal\"}]},{\"@type\":\"WebSite\",\"@id\":\"https:\/\/portaltela.pt\/#website\",\"url\":\"https:\/\/portaltela.pt\/\",\"name\":\"Portal Tela Portugal\",\"description\":\"\",\"potentialAction\":[{\"@type\":\"SearchAction\",\"target\":{\"@type\":\"EntryPoint\",\"urlTemplate\":\"https:\/\/portaltela.pt\/?s={search_term_string}\"},\"query-input\":{\"@type\":\"PropertyValueSpecification\",\"valueRequired\":true,\"valueName\":\"search_term_string\"}}],\"inLanguage\":\"pt-PT\"},{\"@type\":\"Person\",\"@id\":\"https:\/\/portaltela.pt\/#\/schema\/person\/c4278d4a6028830caff9ee44b42d32ed\",\"name\":\"Telinha\",\"image\":{\"@type\":\"ImageObject\",\"inLanguage\":\"pt-PT\",\"@id\":\"https:\/\/portaltela.pt\/s.01k8rhncp4jt1\/2025\/11\/talking-bot-125x125.png\",\"url\":\"https:\/\/portaltela.pt\/s.01k8rhncp4jt1\/2025\/11\/talking-bot-125x125.png\",\"contentUrl\":\"https:\/\/portaltela.pt\/s.01k8rhncp4jt1\/2025\/11\/talking-bot-125x125.png\",\"caption\":\"Telinha\"},\"sameAs\":[\"https:\/\/portaltela.pt\/\"],\"url\":\"https:\/\/portaltela.pt\/por\/367410592786\/\"}]}<\/script>\n<!-- \/ Yoast SEO plugin. -->","yoast_head_json":{"title":"Ap\u00f3s derrota, Almirante afirma estar dispon\u00edvel para Portugal - Portal Tela Portugal","robots":{"index":"index","follow":"follow","max-snippet":"max-snippet:-1","max-image-preview":"max-image-preview:large","max-video-preview":"max-video-preview:-1"},"og_locale":"pt_PT","og_type":"article","og_title":"Ap\u00f3s derrota, Almirante afirma estar dispon\u00edvel para Portugal - Portal Tela Portugal","og_description":"O almirante Gouveia e Melo assumiu a responsabilidade pela derrota na elei\u00e7\u00e3o presidencial e disse estar dispon\u00edvel para servir Portugal. Felicitou Ventura e Seguro, que passaram \u00e0 segunda volta, e afirmou que est\u00e1 dispon\u00edvel para servir Portugal. Questionado sobre um poss\u00edvel apoio a um dos candidatos na segunda volta, comentou que \u201cfalarei\u201d quando chegar a altura. Considerou a candidatura uma experi\u00eancia enriquecedora e que continuar\u00e1 a contribuir para o pa\u00eds quando solicitado. Apresentou-se com humildade e responsabilidade, aceitando a derrota com dignidade e mantendo-se dispon\u00edvel para colaborar conforme necess\u00e1rio.","og_url":"https:\/\/portaltela.pt\/noticias\/2026\/01\/18\/apos-derrota-almirante-afirma-estar-disponivel-para-portugal\/","og_site_name":"Portal Tela Portugal","article_published_time":"2026-01-19T00:30:00+00:00","author":"Telinha","twitter_card":"summary_large_image","twitter_misc":{"Escrito por":"Telinha","Tempo estimado de leitura":"1 minuto"},"schema":{"@context":"https:\/\/schema.org","@graph":[{"@type":"Article","@id":"https:\/\/portaltela.pt\/noticias\/2026\/01\/18\/apos-derrota-almirante-afirma-estar-disponivel-para-portugal\/#article","isPartOf":{"@id":"https:\/\/portaltela.pt\/noticias\/2026\/01\/18\/apos-derrota-almirante-afirma-estar-disponivel-para-portugal\/"},"author":{"name":"Telinha","@id":"https:\/\/portaltela.pt\/#\/schema\/person\/c4278d4a6028830caff9ee44b42d32ed"},"headline":"Ap\u00f3s derrota, Almirante afirma estar dispon\u00edvel para Portugal","datePublished":"2026-01-19T00:30:00+00:00","mainEntityOfPage":{"@id":"https:\/\/portaltela.pt\/noticias\/2026\/01\/18\/apos-derrota-almirante-afirma-estar-disponivel-para-portugal\/"},"wordCount":186,"image":{"@id":"https:\/\/portaltela.pt\/noticias\/2026\/01\/18\/apos-derrota-almirante-afirma-estar-disponivel-para-portugal\/#primaryimage"},"thumbnailUrl":"https:\/\/portaltela.pt\/s.01k8rhncp4jt1\/2026\/01\/dventura-noite-eleitoral-gouveia-melo-dia12-21-scaled-1.jpg","keywords":["apoio institucional","elei\u00e7\u00f5es","For\u00e7as Armadas","Gouveia e Melo","institui\u00e7\u00f5es","presidente"],"articleSection":["Not\u00edcias","Pol\u00edtica"],"inLanguage":"pt-PT"},{"@type":"WebPage","@id":"https:\/\/portaltela.pt\/noticias\/2026\/01\/18\/apos-derrota-almirante-afirma-estar-disponivel-para-portugal\/","url":"https:\/\/portaltela.pt\/noticias\/2026\/01\/18\/apos-derrota-almirante-afirma-estar-disponivel-para-portugal\/","name":"Ap\u00f3s derrota, Almirante afirma estar dispon\u00edvel para Portugal - Portal Tela Portugal","isPartOf":{"@id":"https:\/\/portaltela.pt\/#website"},"primaryImageOfPage":{"@id":"https:\/\/portaltela.pt\/noticias\/2026\/01\/18\/apos-derrota-almirante-afirma-estar-disponivel-para-portugal\/#primaryimage"},"image":{"@id":"https:\/\/portaltela.pt\/noticias\/2026\/01\/18\/apos-derrota-almirante-afirma-estar-disponivel-para-portugal\/#primaryimage"},"thumbnailUrl":"https:\/\/portaltela.pt\/s.01k8rhncp4jt1\/2026\/01\/dventura-noite-eleitoral-gouveia-melo-dia12-21-scaled-1.jpg","datePublished":"2026-01-19T00:30:00+00:00","author":{"@id":"https:\/\/portaltela.pt\/#\/schema\/person\/c4278d4a6028830caff9ee44b42d32ed"},"breadcrumb":{"@id":"https:\/\/portaltela.pt\/noticias\/2026\/01\/18\/apos-derrota-almirante-afirma-estar-disponivel-para-portugal\/#breadcrumb"},"inLanguage":"pt-PT","potentialAction":[{"@type":"ReadAction","target":["https:\/\/portaltela.pt\/noticias\/2026\/01\/18\/apos-derrota-almirante-afirma-estar-disponivel-para-portugal\/"]}]},{"@type":"ImageObject","inLanguage":"pt-PT","@id":"https:\/\/portaltela.pt\/noticias\/2026\/01\/18\/apos-derrota-almirante-afirma-estar-disponivel-para-portugal\/#primaryimage","url":"https:\/\/portaltela.pt\/s.01k8rhncp4jt1\/2026\/01\/dventura-noite-eleitoral-gouveia-melo-dia12-21-scaled-1.jpg","contentUrl":"https:\/\/portaltela.pt\/s.01k8rhncp4jt1\/2026\/01\/dventura-noite-eleitoral-gouveia-melo-dia12-21-scaled-1.jpg","width":796,"height":448,"caption":"Photo"},{"@type":"BreadcrumbList","@id":"https:\/\/portaltela.pt\/noticias\/2026\/01\/18\/apos-derrota-almirante-afirma-estar-disponivel-para-portugal\/#breadcrumb","itemListElement":[{"@type":"ListItem","position":1,"name":"In\u00edcio","item":"https:\/\/portaltela.pt\/"},{"@type":"ListItem","position":2,"name":"Ap\u00f3s derrota, Almirante afirma estar dispon\u00edvel para Portugal"}]},{"@type":"WebSite","@id":"https:\/\/portaltela.pt\/#website","url":"https:\/\/portaltela.pt\/","name":"Portal Tela Portugal","description":"","potentialAction":[{"@type":"SearchAction","target":{"@type":"EntryPoint","urlTemplate":"https:\/\/portaltela.pt\/?s={search_term_string}"},"query-input":{"@type":"PropertyValueSpecification","valueRequired":true,"valueName":"search_term_string"}}],"inLanguage":"pt-PT"},{"@type":"Person","@id":"https:\/\/portaltela.pt\/#\/schema\/person\/c4278d4a6028830caff9ee44b42d32ed","name":"Telinha","image":{"@type":"ImageObject","inLanguage":"pt-PT","@id":"https:\/\/portaltela.pt\/s.01k8rhncp4jt1\/2025\/11\/talking-bot-125x125.png","url":"https:\/\/portaltela.pt\/s.01k8rhncp4jt1\/2025\/11\/talking-bot-125x125.png","contentUrl":"https:\/\/portaltela.pt\/s.01k8rhncp4jt1\/2025\/11\/talking-bot-125x125.png","caption":"Telinha"},"sameAs":["https:\/\/portaltela.pt\/"],"url":"https:\/\/portaltela.pt\/por\/367410592786\/"}]}},"_links":{"self":[{"href":"https:\/\/portaltela.pt\/api\/wp\/v2\/posts\/151804","targetHints":{"allow":["GET"]}}],"collection":[{"href":"https:\/\/portaltela.pt\/api\/wp\/v2\/posts"}],"about":[{"href":"https:\/\/portaltela.pt\/api\/wp\/v2\/types\/post"}],"author":[{"embeddable":true,"href":"https:\/\/portaltela.pt\/api\/wp\/v2\/users\/2"}],"replies":[{"embeddable":true,"href":"https:\/\/portaltela.pt\/api\/wp\/v2\/comments?post=151804"}],"version-history":[{"count":0,"href":"https:\/\/portaltela.pt\/api\/wp\/v2\/posts\/151804\/revisions"}],"wp:featuredmedia":[{"embeddable":true,"href":"https:\/\/portaltela.pt\/api\/wp\/v2\/media\/151809"}],"wp:attachment":[{"href":"https:\/\/portaltela.pt\/api\/wp\/v2\/media?parent=151804"}],"wp:term":[{"taxonomy":"category","embeddable":true,"href":"https:\/\/portaltela.pt\/api\/wp\/v2\/categories?post=151804"},{"taxonomy":"post_tag","embeddable":true,"href":"https:\/\/portaltela.pt\/api\/wp\/v2\/tags?post=151804"}],"curies":[{"name":"wp","href":"https:\/\/api.w.org\/{rel}","templated":true}]}}