{"id":151802,"date":"2026-01-18T21:00:00","date_gmt":"2026-01-19T00:00:00","guid":{"rendered":"https:\/\/portaltela.pt\/noticias\/2026\/01\/18\/as-noticias-da-1h-atualizacoes-em-destaque-desta-hora\/"},"modified":"2026-01-18T21:00:00","modified_gmt":"2026-01-19T00:00:00","slug":"as-noticias-da-1h-atualizacoes-em-destaque-desta-hora","status":"publish","type":"post","link":"https:\/\/portaltela.pt\/noticias\/politica\/2026\/01\/18\/as-noticias-da-1h-atualizacoes-em-destaque-desta-hora\/","title":{"rendered":"As not\u00edcias da 1h: atualiza\u00e7\u00f5es em destaque desta hora"},"content":{"rendered":"<p>Na manh\u00e3 de 19 jan 2026, Gouveia e Melo reconheceu a derrota nas elei\u00e7\u00f5es e afirmou estar dispon\u00edvel para servir Portugal. A informa\u00e7\u00e3o \u00e9 partilhada pela R\u00e1dio Observador.<\/p>\n<p>A not\u00edcia acompanha o contexto da segunda volta, com v\u00e1rias figuras pol\u00edticas a comentar resultados, apoios recusados e previs\u00f5es para o desfecho do processo. O conte\u00fado est\u00e1 pautado pela cobertura em tempo real da reportagem.<\/p>\n<p>Gouveia e Melo acrescentou que a disponibiliza\u00e7\u00e3o para servir mant\u00e9m-se, independentemente do resultado. A posi\u00e7\u00e3o surge num momento de leitura sobre o que se segue para o pa\u00eds e as institui\u00e7\u00f5es.<\/p>\n<h3>Desfechos eleitorais<\/h3>\n<p>Cristina Rodrigues disse que Andr\u00e9 Ventura n\u00e3o ser\u00e1 t\u00e3o moderado, refletindo o tom do debate p\u00fablico. Outras declara\u00e7\u00f5es apontam para posi\u00e7\u00f5es distintas entre os blocos partid\u00e1rios.<\/p>\n<h3>Rea\u00e7\u00f5es e cen\u00e1rios<\/h3>\n<p>Duarte Pacheco afirmou que o resultado \u00e9 muito pouco face ao que j\u00e1 foi feito pelo pa\u00eds. Montenegro recusou declarar apoios na segunda volta, sinalizando uma postura de neutralidade at\u00e9 novas defini\u00e7\u00f5es.<\/p>\n","protected":false},"excerpt":{"rendered":"<ul>\n<li>Gouveia e Melo admite derrota e afirma estar dispon\u00edvel para servir Portugal.<\/li>\n<li>Segunda volta: Montenegro recusa declarar apoios.<\/li>\n<li>Duarte Pacheco diz que o resultado \u00e9 muito pouco face ao que j\u00e1 deu ao pa\u00eds.<\/li>\n<li>Cristina Rodrigues afirma que Andr\u00e9 Ventura n\u00e3o ser\u00e1 t\u00e3o moderado na segunda volta.<\/li>\n<li>Marr\u00e3o informa que Seguro vai manter-se consistente na segunda volta.<\/li>\n<\/ul>\n","protected":false},"author":2,"featured_media":151807,"comment_status":"closed","ping_status":"closed","sticky":false,"template":"","format":"standard","meta":{"footnotes":""},"categories":[1,5],"tags":[2453,68,2890,1144,3111,2832],"class_list":["post-151802","post","type-post","status-publish","format-standard","has-post-thumbnail","hentry","category-noticias","category-politica","tag-andre-ventura","tag-eleicoes","tag-gouveia-e-melo","tag-instituicoes","tag-montenegro","tag-politica"],"yoast_head":"<!-- This site is optimized with the Yoast SEO plugin v27.2 - https:\/\/yoast.com\/product\/yoast-seo-wordpress\/ -->\n<title>As not\u00edcias da 1h: atualiza\u00e7\u00f5es em destaque desta hora - Portal Tela Portugal<\/title>\n<meta name=\"robots\" content=\"index, follow, max-snippet:-1, max-image-preview:large, max-video-preview:-1\" \/>\n<meta property=\"og:locale\" content=\"pt_PT\" \/>\n<meta property=\"og:type\" content=\"article\" \/>\n<meta property=\"og:title\" content=\"As not\u00edcias da 1h: atualiza\u00e7\u00f5es em destaque desta hora - Portal Tela Portugal\" \/>\n<meta property=\"og:description\" content=\"Gouveia e Melo admite derrota e afirma estar dispon\u00edvel para servir Portugal. Segunda volta: Montenegro recusa declarar apoios. Duarte Pacheco diz que o resultado \u00e9 muito pouco face ao que j\u00e1 deu ao pa\u00eds. Cristina Rodrigues afirma que Andr\u00e9 Ventura n\u00e3o ser\u00e1 t\u00e3o moderado na segunda volta. Marr\u00e3o informa que Seguro vai manter-se consistente na segunda volta.\" \/>\n<meta property=\"og:url\" content=\"https:\/\/portaltela.pt\/noticias\/2026\/01\/18\/as-noticias-da-1h-atualizacoes-em-destaque-desta-hora\/\" \/>\n<meta property=\"og:site_name\" content=\"Portal Tela Portugal\" \/>\n<meta property=\"article:published_time\" content=\"2026-01-19T00:00:00+00:00\" \/>\n<meta name=\"author\" content=\"Telinha\" \/>\n<meta name=\"twitter:card\" content=\"summary_large_image\" \/>\n<meta name=\"twitter:label1\" content=\"Escrito por\" \/>\n\t<meta name=\"twitter:data1\" content=\"Telinha\" \/>\n\t<meta name=\"twitter:label2\" content=\"Tempo estimado de leitura\" \/>\n\t<meta name=\"twitter:data2\" content=\"1 minuto\" \/>\n<script type=\"application\/ld+json\" class=\"yoast-schema-graph\">{\"@context\":\"https:\/\/schema.org\",\"@graph\":[{\"@type\":\"Article\",\"@id\":\"https:\/\/portaltela.pt\/noticias\/2026\/01\/18\/as-noticias-da-1h-atualizacoes-em-destaque-desta-hora\/#article\",\"isPartOf\":{\"@id\":\"https:\/\/portaltela.pt\/noticias\/2026\/01\/18\/as-noticias-da-1h-atualizacoes-em-destaque-desta-hora\/\"},\"author\":{\"name\":\"Telinha\",\"@id\":\"https:\/\/portaltela.pt\/#\/schema\/person\/c4278d4a6028830caff9ee44b42d32ed\"},\"headline\":\"As not\u00edcias da 1h: atualiza\u00e7\u00f5es em destaque desta hora\",\"datePublished\":\"2026-01-19T00:00:00+00:00\",\"mainEntityOfPage\":{\"@id\":\"https:\/\/portaltela.pt\/noticias\/2026\/01\/18\/as-noticias-da-1h-atualizacoes-em-destaque-desta-hora\/\"},\"wordCount\":188,\"image\":{\"@id\":\"https:\/\/portaltela.pt\/noticias\/2026\/01\/18\/as-noticias-da-1h-atualizacoes-em-destaque-desta-hora\/#primaryimage\"},\"thumbnailUrl\":\"https:\/\/portaltela.pt\/s.01k8rhncp4jt1\/2026\/01\/770-podcast-noticiario-264.jpg\",\"keywords\":[\"Andr\u00e9 Ventura\",\"elei\u00e7\u00f5es\",\"Gouveia e Melo\",\"institui\u00e7\u00f5es\",\"Montenegro\",\"pol\u00edtica\"],\"articleSection\":[\"Not\u00edcias\",\"Pol\u00edtica\"],\"inLanguage\":\"pt-PT\"},{\"@type\":\"WebPage\",\"@id\":\"https:\/\/portaltela.pt\/noticias\/2026\/01\/18\/as-noticias-da-1h-atualizacoes-em-destaque-desta-hora\/\",\"url\":\"https:\/\/portaltela.pt\/noticias\/2026\/01\/18\/as-noticias-da-1h-atualizacoes-em-destaque-desta-hora\/\",\"name\":\"As not\u00edcias da 1h: atualiza\u00e7\u00f5es em destaque desta hora - Portal Tela Portugal\",\"isPartOf\":{\"@id\":\"https:\/\/portaltela.pt\/#website\"},\"primaryImageOfPage\":{\"@id\":\"https:\/\/portaltela.pt\/noticias\/2026\/01\/18\/as-noticias-da-1h-atualizacoes-em-destaque-desta-hora\/#primaryimage\"},\"image\":{\"@id\":\"https:\/\/portaltela.pt\/noticias\/2026\/01\/18\/as-noticias-da-1h-atualizacoes-em-destaque-desta-hora\/#primaryimage\"},\"thumbnailUrl\":\"https:\/\/portaltela.pt\/s.01k8rhncp4jt1\/2026\/01\/770-podcast-noticiario-264.jpg\",\"datePublished\":\"2026-01-19T00:00:00+00:00\",\"author\":{\"@id\":\"https:\/\/portaltela.pt\/#\/schema\/person\/c4278d4a6028830caff9ee44b42d32ed\"},\"breadcrumb\":{\"@id\":\"https:\/\/portaltela.pt\/noticias\/2026\/01\/18\/as-noticias-da-1h-atualizacoes-em-destaque-desta-hora\/#breadcrumb\"},\"inLanguage\":\"pt-PT\",\"potentialAction\":[{\"@type\":\"ReadAction\",\"target\":[\"https:\/\/portaltela.pt\/noticias\/2026\/01\/18\/as-noticias-da-1h-atualizacoes-em-destaque-desta-hora\/\"]}]},{\"@type\":\"ImageObject\",\"inLanguage\":\"pt-PT\",\"@id\":\"https:\/\/portaltela.pt\/noticias\/2026\/01\/18\/as-noticias-da-1h-atualizacoes-em-destaque-desta-hora\/#primaryimage\",\"url\":\"https:\/\/portaltela.pt\/s.01k8rhncp4jt1\/2026\/01\/770-podcast-noticiario-264.jpg\",\"contentUrl\":\"https:\/\/portaltela.pt\/s.01k8rhncp4jt1\/2026\/01\/770-podcast-noticiario-264.jpg\",\"width\":796,\"height\":448,\"caption\":\"Capa do programa\"},{\"@type\":\"BreadcrumbList\",\"@id\":\"https:\/\/portaltela.pt\/noticias\/2026\/01\/18\/as-noticias-da-1h-atualizacoes-em-destaque-desta-hora\/#breadcrumb\",\"itemListElement\":[{\"@type\":\"ListItem\",\"position\":1,\"name\":\"In\u00edcio\",\"item\":\"https:\/\/portaltela.pt\/\"},{\"@type\":\"ListItem\",\"position\":2,\"name\":\"As not\u00edcias da 1h: atualiza\u00e7\u00f5es em destaque desta hora\"}]},{\"@type\":\"WebSite\",\"@id\":\"https:\/\/portaltela.pt\/#website\",\"url\":\"https:\/\/portaltela.pt\/\",\"name\":\"Portal Tela Portugal\",\"description\":\"\",\"potentialAction\":[{\"@type\":\"SearchAction\",\"target\":{\"@type\":\"EntryPoint\",\"urlTemplate\":\"https:\/\/portaltela.pt\/?s={search_term_string}\"},\"query-input\":{\"@type\":\"PropertyValueSpecification\",\"valueRequired\":true,\"valueName\":\"search_term_string\"}}],\"inLanguage\":\"pt-PT\"},{\"@type\":\"Person\",\"@id\":\"https:\/\/portaltela.pt\/#\/schema\/person\/c4278d4a6028830caff9ee44b42d32ed\",\"name\":\"Telinha\",\"image\":{\"@type\":\"ImageObject\",\"inLanguage\":\"pt-PT\",\"@id\":\"https:\/\/portaltela.pt\/s.01k8rhncp4jt1\/2025\/11\/talking-bot-125x125.png\",\"url\":\"https:\/\/portaltela.pt\/s.01k8rhncp4jt1\/2025\/11\/talking-bot-125x125.png\",\"contentUrl\":\"https:\/\/portaltela.pt\/s.01k8rhncp4jt1\/2025\/11\/talking-bot-125x125.png\",\"caption\":\"Telinha\"},\"sameAs\":[\"https:\/\/portaltela.pt\/\"],\"url\":\"https:\/\/portaltela.pt\/por\/367410592786\/\"}]}<\/script>\n<!-- \/ Yoast SEO plugin. -->","yoast_head_json":{"title":"As not\u00edcias da 1h: atualiza\u00e7\u00f5es em destaque desta hora - Portal Tela Portugal","robots":{"index":"index","follow":"follow","max-snippet":"max-snippet:-1","max-image-preview":"max-image-preview:large","max-video-preview":"max-video-preview:-1"},"og_locale":"pt_PT","og_type":"article","og_title":"As not\u00edcias da 1h: atualiza\u00e7\u00f5es em destaque desta hora - Portal Tela Portugal","og_description":"Gouveia e Melo admite derrota e afirma estar dispon\u00edvel para servir Portugal. Segunda volta: Montenegro recusa declarar apoios. Duarte Pacheco diz que o resultado \u00e9 muito pouco face ao que j\u00e1 deu ao pa\u00eds. Cristina Rodrigues afirma que Andr\u00e9 Ventura n\u00e3o ser\u00e1 t\u00e3o moderado na segunda volta. Marr\u00e3o informa que Seguro vai manter-se consistente na segunda volta.","og_url":"https:\/\/portaltela.pt\/noticias\/2026\/01\/18\/as-noticias-da-1h-atualizacoes-em-destaque-desta-hora\/","og_site_name":"Portal Tela Portugal","article_published_time":"2026-01-19T00:00:00+00:00","author":"Telinha","twitter_card":"summary_large_image","twitter_misc":{"Escrito por":"Telinha","Tempo estimado de leitura":"1 minuto"},"schema":{"@context":"https:\/\/schema.org","@graph":[{"@type":"Article","@id":"https:\/\/portaltela.pt\/noticias\/2026\/01\/18\/as-noticias-da-1h-atualizacoes-em-destaque-desta-hora\/#article","isPartOf":{"@id":"https:\/\/portaltela.pt\/noticias\/2026\/01\/18\/as-noticias-da-1h-atualizacoes-em-destaque-desta-hora\/"},"author":{"name":"Telinha","@id":"https:\/\/portaltela.pt\/#\/schema\/person\/c4278d4a6028830caff9ee44b42d32ed"},"headline":"As not\u00edcias da 1h: atualiza\u00e7\u00f5es em destaque desta hora","datePublished":"2026-01-19T00:00:00+00:00","mainEntityOfPage":{"@id":"https:\/\/portaltela.pt\/noticias\/2026\/01\/18\/as-noticias-da-1h-atualizacoes-em-destaque-desta-hora\/"},"wordCount":188,"image":{"@id":"https:\/\/portaltela.pt\/noticias\/2026\/01\/18\/as-noticias-da-1h-atualizacoes-em-destaque-desta-hora\/#primaryimage"},"thumbnailUrl":"https:\/\/portaltela.pt\/s.01k8rhncp4jt1\/2026\/01\/770-podcast-noticiario-264.jpg","keywords":["Andr\u00e9 Ventura","elei\u00e7\u00f5es","Gouveia e Melo","institui\u00e7\u00f5es","Montenegro","pol\u00edtica"],"articleSection":["Not\u00edcias","Pol\u00edtica"],"inLanguage":"pt-PT"},{"@type":"WebPage","@id":"https:\/\/portaltela.pt\/noticias\/2026\/01\/18\/as-noticias-da-1h-atualizacoes-em-destaque-desta-hora\/","url":"https:\/\/portaltela.pt\/noticias\/2026\/01\/18\/as-noticias-da-1h-atualizacoes-em-destaque-desta-hora\/","name":"As not\u00edcias da 1h: atualiza\u00e7\u00f5es em destaque desta hora - Portal Tela Portugal","isPartOf":{"@id":"https:\/\/portaltela.pt\/#website"},"primaryImageOfPage":{"@id":"https:\/\/portaltela.pt\/noticias\/2026\/01\/18\/as-noticias-da-1h-atualizacoes-em-destaque-desta-hora\/#primaryimage"},"image":{"@id":"https:\/\/portaltela.pt\/noticias\/2026\/01\/18\/as-noticias-da-1h-atualizacoes-em-destaque-desta-hora\/#primaryimage"},"thumbnailUrl":"https:\/\/portaltela.pt\/s.01k8rhncp4jt1\/2026\/01\/770-podcast-noticiario-264.jpg","datePublished":"2026-01-19T00:00:00+00:00","author":{"@id":"https:\/\/portaltela.pt\/#\/schema\/person\/c4278d4a6028830caff9ee44b42d32ed"},"breadcrumb":{"@id":"https:\/\/portaltela.pt\/noticias\/2026\/01\/18\/as-noticias-da-1h-atualizacoes-em-destaque-desta-hora\/#breadcrumb"},"inLanguage":"pt-PT","potentialAction":[{"@type":"ReadAction","target":["https:\/\/portaltela.pt\/noticias\/2026\/01\/18\/as-noticias-da-1h-atualizacoes-em-destaque-desta-hora\/"]}]},{"@type":"ImageObject","inLanguage":"pt-PT","@id":"https:\/\/portaltela.pt\/noticias\/2026\/01\/18\/as-noticias-da-1h-atualizacoes-em-destaque-desta-hora\/#primaryimage","url":"https:\/\/portaltela.pt\/s.01k8rhncp4jt1\/2026\/01\/770-podcast-noticiario-264.jpg","contentUrl":"https:\/\/portaltela.pt\/s.01k8rhncp4jt1\/2026\/01\/770-podcast-noticiario-264.jpg","width":796,"height":448,"caption":"Capa do programa"},{"@type":"BreadcrumbList","@id":"https:\/\/portaltela.pt\/noticias\/2026\/01\/18\/as-noticias-da-1h-atualizacoes-em-destaque-desta-hora\/#breadcrumb","itemListElement":[{"@type":"ListItem","position":1,"name":"In\u00edcio","item":"https:\/\/portaltela.pt\/"},{"@type":"ListItem","position":2,"name":"As not\u00edcias da 1h: atualiza\u00e7\u00f5es em destaque desta hora"}]},{"@type":"WebSite","@id":"https:\/\/portaltela.pt\/#website","url":"https:\/\/portaltela.pt\/","name":"Portal Tela Portugal","description":"","potentialAction":[{"@type":"SearchAction","target":{"@type":"EntryPoint","urlTemplate":"https:\/\/portaltela.pt\/?s={search_term_string}"},"query-input":{"@type":"PropertyValueSpecification","valueRequired":true,"valueName":"search_term_string"}}],"inLanguage":"pt-PT"},{"@type":"Person","@id":"https:\/\/portaltela.pt\/#\/schema\/person\/c4278d4a6028830caff9ee44b42d32ed","name":"Telinha","image":{"@type":"ImageObject","inLanguage":"pt-PT","@id":"https:\/\/portaltela.pt\/s.01k8rhncp4jt1\/2025\/11\/talking-bot-125x125.png","url":"https:\/\/portaltela.pt\/s.01k8rhncp4jt1\/2025\/11\/talking-bot-125x125.png","contentUrl":"https:\/\/portaltela.pt\/s.01k8rhncp4jt1\/2025\/11\/talking-bot-125x125.png","caption":"Telinha"},"sameAs":["https:\/\/portaltela.pt\/"],"url":"https:\/\/portaltela.pt\/por\/367410592786\/"}]}},"_links":{"self":[{"href":"https:\/\/portaltela.pt\/api\/wp\/v2\/posts\/151802","targetHints":{"allow":["GET"]}}],"collection":[{"href":"https:\/\/portaltela.pt\/api\/wp\/v2\/posts"}],"about":[{"href":"https:\/\/portaltela.pt\/api\/wp\/v2\/types\/post"}],"author":[{"embeddable":true,"href":"https:\/\/portaltela.pt\/api\/wp\/v2\/users\/2"}],"replies":[{"embeddable":true,"href":"https:\/\/portaltela.pt\/api\/wp\/v2\/comments?post=151802"}],"version-history":[{"count":0,"href":"https:\/\/portaltela.pt\/api\/wp\/v2\/posts\/151802\/revisions"}],"wp:featuredmedia":[{"embeddable":true,"href":"https:\/\/portaltela.pt\/api\/wp\/v2\/media\/151807"}],"wp:attachment":[{"href":"https:\/\/portaltela.pt\/api\/wp\/v2\/media?parent=151802"}],"wp:term":[{"taxonomy":"category","embeddable":true,"href":"https:\/\/portaltela.pt\/api\/wp\/v2\/categories?post=151802"},{"taxonomy":"post_tag","embeddable":true,"href":"https:\/\/portaltela.pt\/api\/wp\/v2\/tags?post=151802"}],"curies":[{"name":"wp","href":"https:\/\/api.w.org\/{rel}","templated":true}]}}