{"id":151753,"date":"2026-01-18T21:26:55","date_gmt":"2026-01-19T00:26:55","guid":{"rendered":"https:\/\/portaltela.pt\/noticias\/2026\/01\/18\/cotrim-2-o-antonio-filipe-6-o-e-vieira-8-o-em-lisboa-onde-nasceram-2\/"},"modified":"2026-01-18T21:26:55","modified_gmt":"2026-01-19T00:26:55","slug":"cotrim-2-o-antonio-filipe-6-o-e-vieira-8-o-em-lisboa-onde-nasceram-2","status":"publish","type":"post","link":"https:\/\/portaltela.pt\/noticias\/2026\/01\/18\/cotrim-2-o-antonio-filipe-6-o-e-vieira-8-o-em-lisboa-onde-nasceram-2\/","title":{"rendered":"Cotrim 2.\u00ba, Ant\u00f3nio Filipe 6.\u00ba e Vieira 8.\u00ba, em Lisboa, onde nasceram"},"content":{"rendered":"<p>Como se l\u00ea nos dados provis\u00f3rios da Secretaria-Geral do Minist\u00e9rio da Administra\u00e7\u00e3o Interna &#8211; Administra\u00e7\u00e3o Eleitoral, em Lisboa o candidato Jo\u00e3o Cotrim Figueiredo ficou em segundo lugar, com 22,79% e 67.862 votos. O conjunto de 24 freguesias j\u00e1 est\u00e1 apurado na capital.<\/p>\n<p>Ant\u00f3nio Jos\u00e9 Seguro lidera as presidenciais com 35,15% dos votos em Lisboa, somando 104.661. Seguro foi o mais votado a n\u00edvel nacional e consolidou vantagem na capital. Cotrim figura abaixo de Seguro na cidade.<\/p>\n<p>Na capital, Ant\u00f3nio Filipe, natural de Lisboa e apoiado pelo PCP, teve 2,33% (6.925 votos). Manuel Jo\u00e3o Vieira, tamb\u00e9m nascido em Lisboa, agregou 1,57% (4.688 votos). Os dois aparecem em posi\u00e7\u00f5es inferiores dentro da cidade.<\/p>\n<h3>Resultados em Lisboa<\/h3>\n<p>Ao todo, votaram em Lisboa 302.617 dos 457.956 eleitores inscritos, correspondendo a 66,08% de participa\u00e7\u00e3o. A absten\u00e7\u00e3o registada foi de 33,92%. Os n\u00fameros refletem o desempenho relativo entre os candidatos na capital.<\/p>\n<h3>Resultados nacionais em perspetiva<\/h3>\n<p>Entre os 11 candidatos, a soma de votos indica uma distribui\u00e7\u00e3o divergente face aos totais nacionais. Andr\u00e9 Ventura ficou em segundo lugar com 23,47%, enquanto Cotrim de Figueiredo recebeu 16,00% a n\u00edvel nacional, segundo dados provis\u00f3rios. O escrut\u00ednio abrange 3.255 freguesias de 3.259, com 97 consulados j\u00e1 contados.<\/p>\n","protected":false},"excerpt":{"rendered":"<ul>\n<li>Em Lisboa, j\u00e1 apuradas as 24 freguesias, Jo\u00e3o Cotrim Figueiredo obteve 22,79% (67.862 votos) nas presidenciais.<\/li>\n<li>O ex-l\u00edder da Iniciativa Liberal ficou em segundo lugar em Lisboa; Ant\u00f3nio Filipe (2,33%, 6.925 votos) ficou em sexto e Manuel Jo\u00e3o Vieira (1,57%, 4.688 votos) em oitavo.<\/li>\n<li>Nacionalmente, Ant\u00f3nio Jos\u00e9 Seguro \u00e9 o candidato mais votado, com 35,15% (104.661 votos).<\/li>\n<li>Andr\u00e9 Ventura ficou em segundo a n\u00edvel nacional, com 23,47%, e Jo\u00e3o Cotrim de Figueiredo em terceiro com 16,00%.<\/li>\n<li>Em Lisboa votaram 302.617 dos 457.956 eleitores inscritos, sendo a absten\u00e7\u00e3o de 33,92%.<\/li>\n<\/ul>\n","protected":false},"author":2,"featured_media":151773,"comment_status":"closed","ping_status":"closed","sticky":false,"template":"","format":"standard","meta":{"footnotes":""},"categories":[1],"tags":[2766,2655,2678,68,981,2832],"class_list":["post-151753","post","type-post","status-publish","format-standard","has-post-thumbnail","hentry","category-noticias","tag-antonio-filipe","tag-antonio-jose-seguro","tag-cotrim-de-figueiredo","tag-eleicoes","tag-lisboa","tag-politica"],"yoast_head":"<!-- This site is optimized with the Yoast SEO plugin v27.2 - https:\/\/yoast.com\/product\/yoast-seo-wordpress\/ -->\n<title>Cotrim 2.\u00ba, Ant\u00f3nio Filipe 6.\u00ba e Vieira 8.\u00ba, em Lisboa, onde nasceram - Portal Tela Portugal<\/title>\n<meta name=\"robots\" content=\"index, follow, max-snippet:-1, max-image-preview:large, max-video-preview:-1\" \/>\n<meta property=\"og:locale\" content=\"pt_PT\" \/>\n<meta property=\"og:type\" content=\"article\" \/>\n<meta property=\"og:title\" content=\"Cotrim 2.\u00ba, Ant\u00f3nio Filipe 6.\u00ba e Vieira 8.\u00ba, em Lisboa, onde nasceram - Portal Tela Portugal\" \/>\n<meta property=\"og:description\" content=\"Em Lisboa, j\u00e1 apuradas as 24 freguesias, Jo\u00e3o Cotrim Figueiredo obteve 22,79% (67.862 votos) nas presidenciais. O ex-l\u00edder da Iniciativa Liberal ficou em segundo lugar em Lisboa; Ant\u00f3nio Filipe (2,33%, 6.925 votos) ficou em sexto e Manuel Jo\u00e3o Vieira (1,57%, 4.688 votos) em oitavo. Nacionalmente, Ant\u00f3nio Jos\u00e9 Seguro \u00e9 o candidato mais votado, com 35,15% (104.661 votos). Andr\u00e9 Ventura ficou em segundo a n\u00edvel nacional, com 23,47%, e Jo\u00e3o Cotrim de Figueiredo em terceiro com 16,00%. Em Lisboa votaram 302.617 dos 457.956 eleitores inscritos, sendo a absten\u00e7\u00e3o de 33,92%.\" \/>\n<meta property=\"og:url\" content=\"https:\/\/portaltela.pt\/noticias\/2026\/01\/18\/cotrim-2-o-antonio-filipe-6-o-e-vieira-8-o-em-lisboa-onde-nasceram-2\/\" \/>\n<meta property=\"og:site_name\" content=\"Portal Tela Portugal\" \/>\n<meta property=\"article:published_time\" content=\"2026-01-19T00:26:55+00:00\" \/>\n<meta name=\"author\" content=\"Telinha\" \/>\n<meta name=\"twitter:card\" content=\"summary_large_image\" \/>\n<meta name=\"twitter:label1\" content=\"Escrito por\" \/>\n\t<meta name=\"twitter:data1\" content=\"Telinha\" \/>\n\t<meta name=\"twitter:label2\" content=\"Tempo estimado de leitura\" \/>\n\t<meta name=\"twitter:data2\" content=\"1 minuto\" \/>\n<script type=\"application\/ld+json\" class=\"yoast-schema-graph\">{\"@context\":\"https:\/\/schema.org\",\"@graph\":[{\"@type\":\"Article\",\"@id\":\"https:\/\/portaltela.pt\/noticias\/2026\/01\/18\/cotrim-2-o-antonio-filipe-6-o-e-vieira-8-o-em-lisboa-onde-nasceram-2\/#article\",\"isPartOf\":{\"@id\":\"https:\/\/portaltela.pt\/noticias\/2026\/01\/18\/cotrim-2-o-antonio-filipe-6-o-e-vieira-8-o-em-lisboa-onde-nasceram-2\/\"},\"author\":{\"name\":\"Telinha\",\"@id\":\"https:\/\/portaltela.pt\/#\/schema\/person\/c4278d4a6028830caff9ee44b42d32ed\"},\"headline\":\"Cotrim 2.\u00ba, Ant\u00f3nio Filipe 6.\u00ba e Vieira 8.\u00ba, em Lisboa, onde nasceram\",\"datePublished\":\"2026-01-19T00:26:55+00:00\",\"mainEntityOfPage\":{\"@id\":\"https:\/\/portaltela.pt\/noticias\/2026\/01\/18\/cotrim-2-o-antonio-filipe-6-o-e-vieira-8-o-em-lisboa-onde-nasceram-2\/\"},\"wordCount\":207,\"image\":{\"@id\":\"https:\/\/portaltela.pt\/noticias\/2026\/01\/18\/cotrim-2-o-antonio-filipe-6-o-e-vieira-8-o-em-lisboa-onde-nasceram-2\/#primaryimage\"},\"thumbnailUrl\":\"https:\/\/portaltela.pt\/s.01k8rhncp4jt1\/2026\/01\/unnamed-file-3773.jpg\",\"keywords\":[\"Ant\u00f3nio Filipe\",\"Ant\u00f3nio Jos\u00e9 Seguro\",\"Cotrim de Figueiredo\",\"elei\u00e7\u00f5es\",\"Lisboa\",\"pol\u00edtica\"],\"articleSection\":[\"Not\u00edcias\"],\"inLanguage\":\"pt-PT\"},{\"@type\":\"WebPage\",\"@id\":\"https:\/\/portaltela.pt\/noticias\/2026\/01\/18\/cotrim-2-o-antonio-filipe-6-o-e-vieira-8-o-em-lisboa-onde-nasceram-2\/\",\"url\":\"https:\/\/portaltela.pt\/noticias\/2026\/01\/18\/cotrim-2-o-antonio-filipe-6-o-e-vieira-8-o-em-lisboa-onde-nasceram-2\/\",\"name\":\"Cotrim 2.\u00ba, Ant\u00f3nio Filipe 6.\u00ba e Vieira 8.\u00ba, em Lisboa, onde nasceram - Portal Tela Portugal\",\"isPartOf\":{\"@id\":\"https:\/\/portaltela.pt\/#website\"},\"primaryImageOfPage\":{\"@id\":\"https:\/\/portaltela.pt\/noticias\/2026\/01\/18\/cotrim-2-o-antonio-filipe-6-o-e-vieira-8-o-em-lisboa-onde-nasceram-2\/#primaryimage\"},\"image\":{\"@id\":\"https:\/\/portaltela.pt\/noticias\/2026\/01\/18\/cotrim-2-o-antonio-filipe-6-o-e-vieira-8-o-em-lisboa-onde-nasceram-2\/#primaryimage\"},\"thumbnailUrl\":\"https:\/\/portaltela.pt\/s.01k8rhncp4jt1\/2026\/01\/unnamed-file-3773.jpg\",\"datePublished\":\"2026-01-19T00:26:55+00:00\",\"author\":{\"@id\":\"https:\/\/portaltela.pt\/#\/schema\/person\/c4278d4a6028830caff9ee44b42d32ed\"},\"breadcrumb\":{\"@id\":\"https:\/\/portaltela.pt\/noticias\/2026\/01\/18\/cotrim-2-o-antonio-filipe-6-o-e-vieira-8-o-em-lisboa-onde-nasceram-2\/#breadcrumb\"},\"inLanguage\":\"pt-PT\",\"potentialAction\":[{\"@type\":\"ReadAction\",\"target\":[\"https:\/\/portaltela.pt\/noticias\/2026\/01\/18\/cotrim-2-o-antonio-filipe-6-o-e-vieira-8-o-em-lisboa-onde-nasceram-2\/\"]}]},{\"@type\":\"ImageObject\",\"inLanguage\":\"pt-PT\",\"@id\":\"https:\/\/portaltela.pt\/noticias\/2026\/01\/18\/cotrim-2-o-antonio-filipe-6-o-e-vieira-8-o-em-lisboa-onde-nasceram-2\/#primaryimage\",\"url\":\"https:\/\/portaltela.pt\/s.01k8rhncp4jt1\/2026\/01\/unnamed-file-3773.jpg\",\"contentUrl\":\"https:\/\/portaltela.pt\/s.01k8rhncp4jt1\/2026\/01\/unnamed-file-3773.jpg\",\"width\":796,\"height\":448,\"caption\":\"Cotrim em 2.\u00ba, Ant\u00f3nio Filipe em 6.\u00ba e Vieira em 8.\u00ba em Lisboa, onde nasceram\"},{\"@type\":\"BreadcrumbList\",\"@id\":\"https:\/\/portaltela.pt\/noticias\/2026\/01\/18\/cotrim-2-o-antonio-filipe-6-o-e-vieira-8-o-em-lisboa-onde-nasceram-2\/#breadcrumb\",\"itemListElement\":[{\"@type\":\"ListItem\",\"position\":1,\"name\":\"In\u00edcio\",\"item\":\"https:\/\/portaltela.pt\/\"},{\"@type\":\"ListItem\",\"position\":2,\"name\":\"Cotrim 2.\u00ba, Ant\u00f3nio Filipe 6.\u00ba e Vieira 8.\u00ba, em Lisboa, onde nasceram\"}]},{\"@type\":\"WebSite\",\"@id\":\"https:\/\/portaltela.pt\/#website\",\"url\":\"https:\/\/portaltela.pt\/\",\"name\":\"Portal Tela Portugal\",\"description\":\"\",\"potentialAction\":[{\"@type\":\"SearchAction\",\"target\":{\"@type\":\"EntryPoint\",\"urlTemplate\":\"https:\/\/portaltela.pt\/?s={search_term_string}\"},\"query-input\":{\"@type\":\"PropertyValueSpecification\",\"valueRequired\":true,\"valueName\":\"search_term_string\"}}],\"inLanguage\":\"pt-PT\"},{\"@type\":\"Person\",\"@id\":\"https:\/\/portaltela.pt\/#\/schema\/person\/c4278d4a6028830caff9ee44b42d32ed\",\"name\":\"Telinha\",\"image\":{\"@type\":\"ImageObject\",\"inLanguage\":\"pt-PT\",\"@id\":\"https:\/\/portaltela.pt\/s.01k8rhncp4jt1\/2025\/11\/talking-bot-125x125.png\",\"url\":\"https:\/\/portaltela.pt\/s.01k8rhncp4jt1\/2025\/11\/talking-bot-125x125.png\",\"contentUrl\":\"https:\/\/portaltela.pt\/s.01k8rhncp4jt1\/2025\/11\/talking-bot-125x125.png\",\"caption\":\"Telinha\"},\"sameAs\":[\"https:\/\/portaltela.pt\/\"],\"url\":\"https:\/\/portaltela.pt\/por\/367410592786\/\"}]}<\/script>\n<!-- \/ Yoast SEO plugin. -->","yoast_head_json":{"title":"Cotrim 2.\u00ba, Ant\u00f3nio Filipe 6.\u00ba e Vieira 8.\u00ba, em Lisboa, onde nasceram - Portal Tela Portugal","robots":{"index":"index","follow":"follow","max-snippet":"max-snippet:-1","max-image-preview":"max-image-preview:large","max-video-preview":"max-video-preview:-1"},"og_locale":"pt_PT","og_type":"article","og_title":"Cotrim 2.\u00ba, Ant\u00f3nio Filipe 6.\u00ba e Vieira 8.\u00ba, em Lisboa, onde nasceram - Portal Tela Portugal","og_description":"Em Lisboa, j\u00e1 apuradas as 24 freguesias, Jo\u00e3o Cotrim Figueiredo obteve 22,79% (67.862 votos) nas presidenciais. O ex-l\u00edder da Iniciativa Liberal ficou em segundo lugar em Lisboa; Ant\u00f3nio Filipe (2,33%, 6.925 votos) ficou em sexto e Manuel Jo\u00e3o Vieira (1,57%, 4.688 votos) em oitavo. Nacionalmente, Ant\u00f3nio Jos\u00e9 Seguro \u00e9 o candidato mais votado, com 35,15% (104.661 votos). Andr\u00e9 Ventura ficou em segundo a n\u00edvel nacional, com 23,47%, e Jo\u00e3o Cotrim de Figueiredo em terceiro com 16,00%. Em Lisboa votaram 302.617 dos 457.956 eleitores inscritos, sendo a absten\u00e7\u00e3o de 33,92%.","og_url":"https:\/\/portaltela.pt\/noticias\/2026\/01\/18\/cotrim-2-o-antonio-filipe-6-o-e-vieira-8-o-em-lisboa-onde-nasceram-2\/","og_site_name":"Portal Tela Portugal","article_published_time":"2026-01-19T00:26:55+00:00","author":"Telinha","twitter_card":"summary_large_image","twitter_misc":{"Escrito por":"Telinha","Tempo estimado de leitura":"1 minuto"},"schema":{"@context":"https:\/\/schema.org","@graph":[{"@type":"Article","@id":"https:\/\/portaltela.pt\/noticias\/2026\/01\/18\/cotrim-2-o-antonio-filipe-6-o-e-vieira-8-o-em-lisboa-onde-nasceram-2\/#article","isPartOf":{"@id":"https:\/\/portaltela.pt\/noticias\/2026\/01\/18\/cotrim-2-o-antonio-filipe-6-o-e-vieira-8-o-em-lisboa-onde-nasceram-2\/"},"author":{"name":"Telinha","@id":"https:\/\/portaltela.pt\/#\/schema\/person\/c4278d4a6028830caff9ee44b42d32ed"},"headline":"Cotrim 2.\u00ba, Ant\u00f3nio Filipe 6.\u00ba e Vieira 8.\u00ba, em Lisboa, onde nasceram","datePublished":"2026-01-19T00:26:55+00:00","mainEntityOfPage":{"@id":"https:\/\/portaltela.pt\/noticias\/2026\/01\/18\/cotrim-2-o-antonio-filipe-6-o-e-vieira-8-o-em-lisboa-onde-nasceram-2\/"},"wordCount":207,"image":{"@id":"https:\/\/portaltela.pt\/noticias\/2026\/01\/18\/cotrim-2-o-antonio-filipe-6-o-e-vieira-8-o-em-lisboa-onde-nasceram-2\/#primaryimage"},"thumbnailUrl":"https:\/\/portaltela.pt\/s.01k8rhncp4jt1\/2026\/01\/unnamed-file-3773.jpg","keywords":["Ant\u00f3nio Filipe","Ant\u00f3nio Jos\u00e9 Seguro","Cotrim de Figueiredo","elei\u00e7\u00f5es","Lisboa","pol\u00edtica"],"articleSection":["Not\u00edcias"],"inLanguage":"pt-PT"},{"@type":"WebPage","@id":"https:\/\/portaltela.pt\/noticias\/2026\/01\/18\/cotrim-2-o-antonio-filipe-6-o-e-vieira-8-o-em-lisboa-onde-nasceram-2\/","url":"https:\/\/portaltela.pt\/noticias\/2026\/01\/18\/cotrim-2-o-antonio-filipe-6-o-e-vieira-8-o-em-lisboa-onde-nasceram-2\/","name":"Cotrim 2.\u00ba, Ant\u00f3nio Filipe 6.\u00ba e Vieira 8.\u00ba, em Lisboa, onde nasceram - Portal Tela Portugal","isPartOf":{"@id":"https:\/\/portaltela.pt\/#website"},"primaryImageOfPage":{"@id":"https:\/\/portaltela.pt\/noticias\/2026\/01\/18\/cotrim-2-o-antonio-filipe-6-o-e-vieira-8-o-em-lisboa-onde-nasceram-2\/#primaryimage"},"image":{"@id":"https:\/\/portaltela.pt\/noticias\/2026\/01\/18\/cotrim-2-o-antonio-filipe-6-o-e-vieira-8-o-em-lisboa-onde-nasceram-2\/#primaryimage"},"thumbnailUrl":"https:\/\/portaltela.pt\/s.01k8rhncp4jt1\/2026\/01\/unnamed-file-3773.jpg","datePublished":"2026-01-19T00:26:55+00:00","author":{"@id":"https:\/\/portaltela.pt\/#\/schema\/person\/c4278d4a6028830caff9ee44b42d32ed"},"breadcrumb":{"@id":"https:\/\/portaltela.pt\/noticias\/2026\/01\/18\/cotrim-2-o-antonio-filipe-6-o-e-vieira-8-o-em-lisboa-onde-nasceram-2\/#breadcrumb"},"inLanguage":"pt-PT","potentialAction":[{"@type":"ReadAction","target":["https:\/\/portaltela.pt\/noticias\/2026\/01\/18\/cotrim-2-o-antonio-filipe-6-o-e-vieira-8-o-em-lisboa-onde-nasceram-2\/"]}]},{"@type":"ImageObject","inLanguage":"pt-PT","@id":"https:\/\/portaltela.pt\/noticias\/2026\/01\/18\/cotrim-2-o-antonio-filipe-6-o-e-vieira-8-o-em-lisboa-onde-nasceram-2\/#primaryimage","url":"https:\/\/portaltela.pt\/s.01k8rhncp4jt1\/2026\/01\/unnamed-file-3773.jpg","contentUrl":"https:\/\/portaltela.pt\/s.01k8rhncp4jt1\/2026\/01\/unnamed-file-3773.jpg","width":796,"height":448,"caption":"Cotrim em 2.\u00ba, Ant\u00f3nio Filipe em 6.\u00ba e Vieira em 8.\u00ba em Lisboa, onde nasceram"},{"@type":"BreadcrumbList","@id":"https:\/\/portaltela.pt\/noticias\/2026\/01\/18\/cotrim-2-o-antonio-filipe-6-o-e-vieira-8-o-em-lisboa-onde-nasceram-2\/#breadcrumb","itemListElement":[{"@type":"ListItem","position":1,"name":"In\u00edcio","item":"https:\/\/portaltela.pt\/"},{"@type":"ListItem","position":2,"name":"Cotrim 2.\u00ba, Ant\u00f3nio Filipe 6.\u00ba e Vieira 8.\u00ba, em Lisboa, onde nasceram"}]},{"@type":"WebSite","@id":"https:\/\/portaltela.pt\/#website","url":"https:\/\/portaltela.pt\/","name":"Portal Tela Portugal","description":"","potentialAction":[{"@type":"SearchAction","target":{"@type":"EntryPoint","urlTemplate":"https:\/\/portaltela.pt\/?s={search_term_string}"},"query-input":{"@type":"PropertyValueSpecification","valueRequired":true,"valueName":"search_term_string"}}],"inLanguage":"pt-PT"},{"@type":"Person","@id":"https:\/\/portaltela.pt\/#\/schema\/person\/c4278d4a6028830caff9ee44b42d32ed","name":"Telinha","image":{"@type":"ImageObject","inLanguage":"pt-PT","@id":"https:\/\/portaltela.pt\/s.01k8rhncp4jt1\/2025\/11\/talking-bot-125x125.png","url":"https:\/\/portaltela.pt\/s.01k8rhncp4jt1\/2025\/11\/talking-bot-125x125.png","contentUrl":"https:\/\/portaltela.pt\/s.01k8rhncp4jt1\/2025\/11\/talking-bot-125x125.png","caption":"Telinha"},"sameAs":["https:\/\/portaltela.pt\/"],"url":"https:\/\/portaltela.pt\/por\/367410592786\/"}]}},"_links":{"self":[{"href":"https:\/\/portaltela.pt\/api\/wp\/v2\/posts\/151753","targetHints":{"allow":["GET"]}}],"collection":[{"href":"https:\/\/portaltela.pt\/api\/wp\/v2\/posts"}],"about":[{"href":"https:\/\/portaltela.pt\/api\/wp\/v2\/types\/post"}],"author":[{"embeddable":true,"href":"https:\/\/portaltela.pt\/api\/wp\/v2\/users\/2"}],"replies":[{"embeddable":true,"href":"https:\/\/portaltela.pt\/api\/wp\/v2\/comments?post=151753"}],"version-history":[{"count":0,"href":"https:\/\/portaltela.pt\/api\/wp\/v2\/posts\/151753\/revisions"}],"wp:featuredmedia":[{"embeddable":true,"href":"https:\/\/portaltela.pt\/api\/wp\/v2\/media\/151773"}],"wp:attachment":[{"href":"https:\/\/portaltela.pt\/api\/wp\/v2\/media?parent=151753"}],"wp:term":[{"taxonomy":"category","embeddable":true,"href":"https:\/\/portaltela.pt\/api\/wp\/v2\/categories?post=151753"},{"taxonomy":"post_tag","embeddable":true,"href":"https:\/\/portaltela.pt\/api\/wp\/v2\/tags?post=151753"}],"curies":[{"name":"wp","href":"https:\/\/api.w.org\/{rel}","templated":true}]}}