{"id":151735,"date":"2026-01-18T21:45:00","date_gmt":"2026-01-19T00:45:00","guid":{"rendered":"https:\/\/portaltela.pt\/noticias\/2026\/01\/18\/ac-milan-vence-lecce-e-sobe-ao-2-o-lugar\/"},"modified":"2026-01-18T21:45:00","modified_gmt":"2026-01-19T00:45:00","slug":"ac-milan-vence-lecce-e-sobe-ao-2-o-lugar","status":"publish","type":"post","link":"https:\/\/portaltela.pt\/desporto\/futebol\/2026\/01\/18\/ac-milan-vence-lecce-e-sobe-ao-2-o-lugar\/","title":{"rendered":"AC Milan vence Lecce e sobe ao 2.\u00ba lugar"},"content":{"rendered":"<p>O AC Milan venceu o Lecce por 1-0, em San Siro, na 21.\u00aa jornada da Serie A. Rafael Le\u00e3o foi titular e o \u00fanico golo foi apontado por F\u00fcllkrug aos 73 minutos. O Lecce, com Tiago Gabriel desde o in\u00edcio, terminou o jogo com quatro remates, nenhum deles enquadrado.<\/p>\n<p>O triunfo coloca o Milan no segundo posto, com 46 pontos, a tr\u00eas do l\u00edder Inter, que venceu em Udine. O Lecce continua em zona de despromo\u00e7\u00e3o, 18.\u00ba, com 17 pontos.<\/p>\n<h3>Roma sobe ao 4.\u00ba lugar<\/h3>\n<p>Na capital, a Roma derrotou o Torino por 2-0, com Malen a abrir o marcador aos 4 minutos e Dybala a fazer o segundo aos 72. A equipa romana sobe ao 4.\u00ba lugar, com 32 pontos.<\/p>\n<h3>Outros jogos da jornada<\/h3>\n<p>O Parma empatou 0-0 com o G\u00e9nova no Ennio Tardini. Edoardo Corvi foi decisivo, impedindo o triunfo dos anfitri\u00f5es. Parma (13.\u00ba) mant\u00e9m 23 pontos, o G\u00e9nova fica pr\u00f3ximo do rebaixamento, com 20.<\/p>\n<p>A Fiorentina venceu o Bologna fora, por 2-1, com Mandragora e Piccoli a marcar, antes de o Bologna reduzir atrav\u00e9s de Fabbian aos 88&#8242;. A Fiorentina est\u00e1 em recupera\u00e7\u00e3o, mantendo-se na 8.\u00aa posi\u00e7\u00e3o com 30 pontos. O jogo decorreu numa manh\u00e3 marcada pelo falecimento do presidente do Bologna, Rocco Commisso.<\/p>\n","protected":false},"excerpt":{"rendered":"<ul>\n<li>O AC Milan venceu o Lecce por 1-0 em San Siro, com golo de F\u00fcllkrug aos 73 minutos, e assumiu o 2.\u00ba lugar com 46 pontos, a tr\u00eas do l\u00edder Inter.<\/li>\n<li>O Lecce ficou em 18.\u00ba, com 17 pontos, e aproximou-se da zona de despromo\u00e7\u00e3o ap\u00f3s a derrota.<\/li>\n<li>Em Turim, a Roma venceu o Torino por 2-0, com Malen a marcar aos 3 minutos e Dybala aos 72, subida ao 4.\u00ba lugar com 32 pontos.<\/li>\n<li>A Juventus perdeu em casa com o Cagliari, por 2-1, mantendo-se fora dos lugares de Liga dos Campe\u00f5es.<\/li>\n<li>Parma e G\u00e9nova empataram 0-0 em Parma; Fiorentina venceu o Bolonha por 2-1, aproximando-se dos lugares europeus.<\/li>\n<\/ul>\n","protected":false},"author":2,"featured_media":151757,"comment_status":"closed","ping_status":"closed","sticky":false,"template":"","format":"standard","meta":{"footnotes":""},"categories":[21,24],"tags":[2120,3425,3252,32,2499],"class_list":["post-151735","post","type-post","status-publish","format-standard","has-post-thumbnail","hentry","category-desporto","category-futebol","tag-ac-milan","tag-bologna","tag-fiorentina","tag-futebol","tag-genova"],"yoast_head":"<!-- This site is optimized with the Yoast SEO plugin v27.2 - https:\/\/yoast.com\/product\/yoast-seo-wordpress\/ -->\n<title>AC Milan vence Lecce e sobe ao 2.\u00ba lugar - Portal Tela Portugal<\/title>\n<meta name=\"robots\" content=\"index, follow, max-snippet:-1, max-image-preview:large, max-video-preview:-1\" \/>\n<meta property=\"og:locale\" content=\"pt_PT\" \/>\n<meta property=\"og:type\" content=\"article\" \/>\n<meta property=\"og:title\" content=\"AC Milan vence Lecce e sobe ao 2.\u00ba lugar - Portal Tela Portugal\" \/>\n<meta property=\"og:description\" content=\"O AC Milan venceu o Lecce por 1-0 em San Siro, com golo de F\u00fcllkrug aos 73 minutos, e assumiu o 2.\u00ba lugar com 46 pontos, a tr\u00eas do l\u00edder Inter. O Lecce ficou em 18.\u00ba, com 17 pontos, e aproximou-se da zona de despromo\u00e7\u00e3o ap\u00f3s a derrota. Em Turim, a Roma venceu o Torino por 2-0, com Malen a marcar aos 3 minutos e Dybala aos 72, subida ao 4.\u00ba lugar com 32 pontos. A Juventus perdeu em casa com o Cagliari, por 2-1, mantendo-se fora dos lugares de Liga dos Campe\u00f5es. Parma e G\u00e9nova empataram 0-0 em Parma; Fiorentina venceu o Bolonha por 2-1, aproximando-se dos lugares europeus.\" \/>\n<meta property=\"og:url\" content=\"https:\/\/portaltela.pt\/noticias\/2026\/01\/18\/ac-milan-vence-lecce-e-sobe-ao-2-o-lugar\/\" \/>\n<meta property=\"og:site_name\" content=\"Portal Tela Portugal\" \/>\n<meta property=\"article:published_time\" content=\"2026-01-19T00:45:00+00:00\" \/>\n<meta name=\"author\" content=\"Telinha\" \/>\n<meta name=\"twitter:card\" content=\"summary_large_image\" \/>\n<meta name=\"twitter:label1\" content=\"Escrito por\" \/>\n\t<meta name=\"twitter:data1\" content=\"Telinha\" \/>\n\t<meta name=\"twitter:label2\" content=\"Tempo estimado de leitura\" \/>\n\t<meta name=\"twitter:data2\" content=\"1 minuto\" \/>\n<script type=\"application\/ld+json\" class=\"yoast-schema-graph\">{\"@context\":\"https:\/\/schema.org\",\"@graph\":[{\"@type\":\"Article\",\"@id\":\"https:\/\/portaltela.pt\/noticias\/2026\/01\/18\/ac-milan-vence-lecce-e-sobe-ao-2-o-lugar\/#article\",\"isPartOf\":{\"@id\":\"https:\/\/portaltela.pt\/noticias\/2026\/01\/18\/ac-milan-vence-lecce-e-sobe-ao-2-o-lugar\/\"},\"author\":{\"name\":\"Telinha\",\"@id\":\"https:\/\/portaltela.pt\/#\/schema\/person\/c4278d4a6028830caff9ee44b42d32ed\"},\"headline\":\"AC Milan vence Lecce e sobe ao 2.\u00ba lugar\",\"datePublished\":\"2026-01-19T00:45:00+00:00\",\"mainEntityOfPage\":{\"@id\":\"https:\/\/portaltela.pt\/noticias\/2026\/01\/18\/ac-milan-vence-lecce-e-sobe-ao-2-o-lugar\/\"},\"wordCount\":213,\"image\":{\"@id\":\"https:\/\/portaltela.pt\/noticias\/2026\/01\/18\/ac-milan-vence-lecce-e-sobe-ao-2-o-lugar\/#primaryimage\"},\"thumbnailUrl\":\"https:\/\/portaltela.pt\/s.01k8rhncp4jt1\/2026\/01\/46377275.jpg\",\"keywords\":[\"AC Milan\",\"Bologna\",\"Fiorentina\",\"futebol\",\"G\u00eanova\"],\"articleSection\":[\"Desporto\",\"Futebol\"],\"inLanguage\":\"pt-PT\"},{\"@type\":\"WebPage\",\"@id\":\"https:\/\/portaltela.pt\/noticias\/2026\/01\/18\/ac-milan-vence-lecce-e-sobe-ao-2-o-lugar\/\",\"url\":\"https:\/\/portaltela.pt\/noticias\/2026\/01\/18\/ac-milan-vence-lecce-e-sobe-ao-2-o-lugar\/\",\"name\":\"AC Milan vence Lecce e sobe ao 2.\u00ba lugar - Portal Tela Portugal\",\"isPartOf\":{\"@id\":\"https:\/\/portaltela.pt\/#website\"},\"primaryImageOfPage\":{\"@id\":\"https:\/\/portaltela.pt\/noticias\/2026\/01\/18\/ac-milan-vence-lecce-e-sobe-ao-2-o-lugar\/#primaryimage\"},\"image\":{\"@id\":\"https:\/\/portaltela.pt\/noticias\/2026\/01\/18\/ac-milan-vence-lecce-e-sobe-ao-2-o-lugar\/#primaryimage\"},\"thumbnailUrl\":\"https:\/\/portaltela.pt\/s.01k8rhncp4jt1\/2026\/01\/46377275.jpg\",\"datePublished\":\"2026-01-19T00:45:00+00:00\",\"author\":{\"@id\":\"https:\/\/portaltela.pt\/#\/schema\/person\/c4278d4a6028830caff9ee44b42d32ed\"},\"breadcrumb\":{\"@id\":\"https:\/\/portaltela.pt\/noticias\/2026\/01\/18\/ac-milan-vence-lecce-e-sobe-ao-2-o-lugar\/#breadcrumb\"},\"inLanguage\":\"pt-PT\",\"potentialAction\":[{\"@type\":\"ReadAction\",\"target\":[\"https:\/\/portaltela.pt\/noticias\/2026\/01\/18\/ac-milan-vence-lecce-e-sobe-ao-2-o-lugar\/\"]}]},{\"@type\":\"ImageObject\",\"inLanguage\":\"pt-PT\",\"@id\":\"https:\/\/portaltela.pt\/noticias\/2026\/01\/18\/ac-milan-vence-lecce-e-sobe-ao-2-o-lugar\/#primaryimage\",\"url\":\"https:\/\/portaltela.pt\/s.01k8rhncp4jt1\/2026\/01\/46377275.jpg\",\"contentUrl\":\"https:\/\/portaltela.pt\/s.01k8rhncp4jt1\/2026\/01\/46377275.jpg\",\"width\":796,\"height\":448,\"caption\":\"AC Milan mant\u00e9m persegui\u00e7\u00e3o ao l\u00edder Inter depois do triunfo dos nerazzurri na desloca\u00e7\u00e3o a Udine\"},{\"@type\":\"BreadcrumbList\",\"@id\":\"https:\/\/portaltela.pt\/noticias\/2026\/01\/18\/ac-milan-vence-lecce-e-sobe-ao-2-o-lugar\/#breadcrumb\",\"itemListElement\":[{\"@type\":\"ListItem\",\"position\":1,\"name\":\"In\u00edcio\",\"item\":\"https:\/\/portaltela.pt\/\"},{\"@type\":\"ListItem\",\"position\":2,\"name\":\"AC Milan vence Lecce e sobe ao 2.\u00ba lugar\"}]},{\"@type\":\"WebSite\",\"@id\":\"https:\/\/portaltela.pt\/#website\",\"url\":\"https:\/\/portaltela.pt\/\",\"name\":\"Portal Tela Portugal\",\"description\":\"\",\"potentialAction\":[{\"@type\":\"SearchAction\",\"target\":{\"@type\":\"EntryPoint\",\"urlTemplate\":\"https:\/\/portaltela.pt\/?s={search_term_string}\"},\"query-input\":{\"@type\":\"PropertyValueSpecification\",\"valueRequired\":true,\"valueName\":\"search_term_string\"}}],\"inLanguage\":\"pt-PT\"},{\"@type\":\"Person\",\"@id\":\"https:\/\/portaltela.pt\/#\/schema\/person\/c4278d4a6028830caff9ee44b42d32ed\",\"name\":\"Telinha\",\"image\":{\"@type\":\"ImageObject\",\"inLanguage\":\"pt-PT\",\"@id\":\"https:\/\/portaltela.pt\/s.01k8rhncp4jt1\/2025\/11\/talking-bot-125x125.png\",\"url\":\"https:\/\/portaltela.pt\/s.01k8rhncp4jt1\/2025\/11\/talking-bot-125x125.png\",\"contentUrl\":\"https:\/\/portaltela.pt\/s.01k8rhncp4jt1\/2025\/11\/talking-bot-125x125.png\",\"caption\":\"Telinha\"},\"sameAs\":[\"https:\/\/portaltela.pt\/\"],\"url\":\"https:\/\/portaltela.pt\/por\/367410592786\/\"}]}<\/script>\n<!-- \/ Yoast SEO plugin. -->","yoast_head_json":{"title":"AC Milan vence Lecce e sobe ao 2.\u00ba lugar - Portal Tela Portugal","robots":{"index":"index","follow":"follow","max-snippet":"max-snippet:-1","max-image-preview":"max-image-preview:large","max-video-preview":"max-video-preview:-1"},"og_locale":"pt_PT","og_type":"article","og_title":"AC Milan vence Lecce e sobe ao 2.\u00ba lugar - Portal Tela Portugal","og_description":"O AC Milan venceu o Lecce por 1-0 em San Siro, com golo de F\u00fcllkrug aos 73 minutos, e assumiu o 2.\u00ba lugar com 46 pontos, a tr\u00eas do l\u00edder Inter. O Lecce ficou em 18.\u00ba, com 17 pontos, e aproximou-se da zona de despromo\u00e7\u00e3o ap\u00f3s a derrota. Em Turim, a Roma venceu o Torino por 2-0, com Malen a marcar aos 3 minutos e Dybala aos 72, subida ao 4.\u00ba lugar com 32 pontos. A Juventus perdeu em casa com o Cagliari, por 2-1, mantendo-se fora dos lugares de Liga dos Campe\u00f5es. Parma e G\u00e9nova empataram 0-0 em Parma; Fiorentina venceu o Bolonha por 2-1, aproximando-se dos lugares europeus.","og_url":"https:\/\/portaltela.pt\/noticias\/2026\/01\/18\/ac-milan-vence-lecce-e-sobe-ao-2-o-lugar\/","og_site_name":"Portal Tela Portugal","article_published_time":"2026-01-19T00:45:00+00:00","author":"Telinha","twitter_card":"summary_large_image","twitter_misc":{"Escrito por":"Telinha","Tempo estimado de leitura":"1 minuto"},"schema":{"@context":"https:\/\/schema.org","@graph":[{"@type":"Article","@id":"https:\/\/portaltela.pt\/noticias\/2026\/01\/18\/ac-milan-vence-lecce-e-sobe-ao-2-o-lugar\/#article","isPartOf":{"@id":"https:\/\/portaltela.pt\/noticias\/2026\/01\/18\/ac-milan-vence-lecce-e-sobe-ao-2-o-lugar\/"},"author":{"name":"Telinha","@id":"https:\/\/portaltela.pt\/#\/schema\/person\/c4278d4a6028830caff9ee44b42d32ed"},"headline":"AC Milan vence Lecce e sobe ao 2.\u00ba lugar","datePublished":"2026-01-19T00:45:00+00:00","mainEntityOfPage":{"@id":"https:\/\/portaltela.pt\/noticias\/2026\/01\/18\/ac-milan-vence-lecce-e-sobe-ao-2-o-lugar\/"},"wordCount":213,"image":{"@id":"https:\/\/portaltela.pt\/noticias\/2026\/01\/18\/ac-milan-vence-lecce-e-sobe-ao-2-o-lugar\/#primaryimage"},"thumbnailUrl":"https:\/\/portaltela.pt\/s.01k8rhncp4jt1\/2026\/01\/46377275.jpg","keywords":["AC Milan","Bologna","Fiorentina","futebol","G\u00eanova"],"articleSection":["Desporto","Futebol"],"inLanguage":"pt-PT"},{"@type":"WebPage","@id":"https:\/\/portaltela.pt\/noticias\/2026\/01\/18\/ac-milan-vence-lecce-e-sobe-ao-2-o-lugar\/","url":"https:\/\/portaltela.pt\/noticias\/2026\/01\/18\/ac-milan-vence-lecce-e-sobe-ao-2-o-lugar\/","name":"AC Milan vence Lecce e sobe ao 2.\u00ba lugar - Portal Tela Portugal","isPartOf":{"@id":"https:\/\/portaltela.pt\/#website"},"primaryImageOfPage":{"@id":"https:\/\/portaltela.pt\/noticias\/2026\/01\/18\/ac-milan-vence-lecce-e-sobe-ao-2-o-lugar\/#primaryimage"},"image":{"@id":"https:\/\/portaltela.pt\/noticias\/2026\/01\/18\/ac-milan-vence-lecce-e-sobe-ao-2-o-lugar\/#primaryimage"},"thumbnailUrl":"https:\/\/portaltela.pt\/s.01k8rhncp4jt1\/2026\/01\/46377275.jpg","datePublished":"2026-01-19T00:45:00+00:00","author":{"@id":"https:\/\/portaltela.pt\/#\/schema\/person\/c4278d4a6028830caff9ee44b42d32ed"},"breadcrumb":{"@id":"https:\/\/portaltela.pt\/noticias\/2026\/01\/18\/ac-milan-vence-lecce-e-sobe-ao-2-o-lugar\/#breadcrumb"},"inLanguage":"pt-PT","potentialAction":[{"@type":"ReadAction","target":["https:\/\/portaltela.pt\/noticias\/2026\/01\/18\/ac-milan-vence-lecce-e-sobe-ao-2-o-lugar\/"]}]},{"@type":"ImageObject","inLanguage":"pt-PT","@id":"https:\/\/portaltela.pt\/noticias\/2026\/01\/18\/ac-milan-vence-lecce-e-sobe-ao-2-o-lugar\/#primaryimage","url":"https:\/\/portaltela.pt\/s.01k8rhncp4jt1\/2026\/01\/46377275.jpg","contentUrl":"https:\/\/portaltela.pt\/s.01k8rhncp4jt1\/2026\/01\/46377275.jpg","width":796,"height":448,"caption":"AC Milan mant\u00e9m persegui\u00e7\u00e3o ao l\u00edder Inter depois do triunfo dos nerazzurri na desloca\u00e7\u00e3o a Udine"},{"@type":"BreadcrumbList","@id":"https:\/\/portaltela.pt\/noticias\/2026\/01\/18\/ac-milan-vence-lecce-e-sobe-ao-2-o-lugar\/#breadcrumb","itemListElement":[{"@type":"ListItem","position":1,"name":"In\u00edcio","item":"https:\/\/portaltela.pt\/"},{"@type":"ListItem","position":2,"name":"AC Milan vence Lecce e sobe ao 2.\u00ba lugar"}]},{"@type":"WebSite","@id":"https:\/\/portaltela.pt\/#website","url":"https:\/\/portaltela.pt\/","name":"Portal Tela Portugal","description":"","potentialAction":[{"@type":"SearchAction","target":{"@type":"EntryPoint","urlTemplate":"https:\/\/portaltela.pt\/?s={search_term_string}"},"query-input":{"@type":"PropertyValueSpecification","valueRequired":true,"valueName":"search_term_string"}}],"inLanguage":"pt-PT"},{"@type":"Person","@id":"https:\/\/portaltela.pt\/#\/schema\/person\/c4278d4a6028830caff9ee44b42d32ed","name":"Telinha","image":{"@type":"ImageObject","inLanguage":"pt-PT","@id":"https:\/\/portaltela.pt\/s.01k8rhncp4jt1\/2025\/11\/talking-bot-125x125.png","url":"https:\/\/portaltela.pt\/s.01k8rhncp4jt1\/2025\/11\/talking-bot-125x125.png","contentUrl":"https:\/\/portaltela.pt\/s.01k8rhncp4jt1\/2025\/11\/talking-bot-125x125.png","caption":"Telinha"},"sameAs":["https:\/\/portaltela.pt\/"],"url":"https:\/\/portaltela.pt\/por\/367410592786\/"}]}},"_links":{"self":[{"href":"https:\/\/portaltela.pt\/api\/wp\/v2\/posts\/151735","targetHints":{"allow":["GET"]}}],"collection":[{"href":"https:\/\/portaltela.pt\/api\/wp\/v2\/posts"}],"about":[{"href":"https:\/\/portaltela.pt\/api\/wp\/v2\/types\/post"}],"author":[{"embeddable":true,"href":"https:\/\/portaltela.pt\/api\/wp\/v2\/users\/2"}],"replies":[{"embeddable":true,"href":"https:\/\/portaltela.pt\/api\/wp\/v2\/comments?post=151735"}],"version-history":[{"count":0,"href":"https:\/\/portaltela.pt\/api\/wp\/v2\/posts\/151735\/revisions"}],"wp:featuredmedia":[{"embeddable":true,"href":"https:\/\/portaltela.pt\/api\/wp\/v2\/media\/151757"}],"wp:attachment":[{"href":"https:\/\/portaltela.pt\/api\/wp\/v2\/media?parent=151735"}],"wp:term":[{"taxonomy":"category","embeddable":true,"href":"https:\/\/portaltela.pt\/api\/wp\/v2\/categories?post=151735"},{"taxonomy":"post_tag","embeddable":true,"href":"https:\/\/portaltela.pt\/api\/wp\/v2\/tags?post=151735"}],"curies":[{"name":"wp","href":"https:\/\/api.w.org\/{rel}","templated":true}]}}