{"id":151734,"date":"2026-01-18T21:43:21","date_gmt":"2026-01-19T00:43:21","guid":{"rendered":"https:\/\/portaltela.pt\/noticias\/2026\/01\/18\/catarina-martins-e-a-bloquista-menos-votada\/"},"modified":"2026-01-18T21:43:21","modified_gmt":"2026-01-19T00:43:21","slug":"catarina-martins-e-a-bloquista-menos-votada","status":"publish","type":"post","link":"https:\/\/portaltela.pt\/noticias\/politica\/2026\/01\/18\/catarina-martins-e-a-bloquista-menos-votada\/","title":{"rendered":"Catarina Martins \u00e9 a bloquista menos votada"},"content":{"rendered":"<p>Catarina Martins ficou entre os menos votados na primeira volta das presidenciais, com cerca de 2%. A bloquista recebeu 116.184 votos, representando 2,06% entre 11 candidatos. Falta apurar apenas nove consulados a n\u00edvel nacional.<\/p>\n<p>A candidata apoiada pelo Bloco de Esquerda (BE) reconheceu desilus\u00e3o com o resultado, admitindo ter ficado muito abaixo do esperado. A alia\u00e7a de esquerda atribui parte da derrota ao voto \u00fatil ao socialista Ant\u00f3nio Jos\u00e9 Seguro.<\/p>\n<p>Em compara\u00e7\u00e3o com elei\u00e7\u00f5es anteriores, o BE n\u00e3o superou o resultado de 2025, quando elegeu apenas 1 deputado com 1,99%. Em termos nacionais, o BE conquistou cerca de 119 mil votos, frente aos 114.468 de Martins.<\/p>\n<h3>Desempenho por territ\u00f3rio<\/h3>\n<p>Nos distritos do sul, Catarina Martins atingiu os melhores valores; Madeira (3,81%) e A\u00e7ores (2,65%) destacaram-se. O distrito com menor resultado foi Bragan\u00e7a, com 1,09%.<\/p>\n<p>No estrangeiro, a candidata destacou-se na Finl\u00e2ndia, Gr\u00e9cia e Su\u00e9cia (terceira), e na Dinamarca (4.\u00ba). Em outros locais orbitou entre 2.\u00ba e 4.\u00ba lugares.<\/p>\n","protected":false},"excerpt":{"rendered":"<ul>\n<li>Catarina Martins encerrou a contagem com 116.184 votos (2,06%) entre 11 candidatos.<\/li>\n<li>\u00c9 a bloquista com menos votos nas presidenciais e ficou abaixo do BE nas legislativas de 2025.<\/li>\n<li>A candidata admitiu desilus\u00e3o, dizendo ter ficado muito abaixo do que esperava e que perdeu apoios para o voto \u00fatil \u00e0 esquerda.<\/li>\n<li>Em termos nacionais, o BE teve cerca de 119 mil votos; Catarina somou 114.468 votos nas mais de tr\u00eas mil freguesias.<\/li>\n<li>Madeira (3,81%) e A\u00e7ores (2,65%) foram as melhores regi\u00f5es; Bragan\u00e7a foi a pior (1,09%). No exterior, Finl\u00e2ndia, Gr\u00e9cia e Su\u00e9cia ficaram entre os melhores; Dinamarca ficou em quarto.<\/li>\n<\/ul>\n","protected":false},"author":2,"featured_media":151758,"comment_status":"closed","ping_status":"closed","sticky":false,"template":"","format":"standard","meta":{"footnotes":""},"categories":[1,5],"tags":[822,3371,906,2578,68,859],"class_list":["post-151734","post","type-post","status-publish","format-standard","has-post-thumbnail","hentry","category-noticias","category-politica","tag-acores","tag-bloco-de-esquerda","tag-braganca","tag-catarina-martins","tag-eleicoes","tag-madeira"],"yoast_head":"<!-- This site is optimized with the Yoast SEO plugin v27.2 - https:\/\/yoast.com\/product\/yoast-seo-wordpress\/ -->\n<title>Catarina Martins \u00e9 a bloquista menos votada - Portal Tela Portugal<\/title>\n<meta name=\"robots\" content=\"index, follow, max-snippet:-1, max-image-preview:large, max-video-preview:-1\" \/>\n<meta property=\"og:locale\" content=\"pt_PT\" \/>\n<meta property=\"og:type\" content=\"article\" \/>\n<meta property=\"og:title\" content=\"Catarina Martins \u00e9 a bloquista menos votada - Portal Tela Portugal\" \/>\n<meta property=\"og:description\" content=\"Catarina Martins encerrou a contagem com 116.184 votos (2,06%) entre 11 candidatos. \u00c9 a bloquista com menos votos nas presidenciais e ficou abaixo do BE nas legislativas de 2025. A candidata admitiu desilus\u00e3o, dizendo ter ficado muito abaixo do que esperava e que perdeu apoios para o voto \u00fatil \u00e0 esquerda. Em termos nacionais, o BE teve cerca de 119 mil votos; Catarina somou 114.468 votos nas mais de tr\u00eas mil freguesias. Madeira (3,81%) e A\u00e7ores (2,65%) foram as melhores regi\u00f5es; Bragan\u00e7a foi a pior (1,09%). No exterior, Finl\u00e2ndia, Gr\u00e9cia e Su\u00e9cia ficaram entre os melhores; Dinamarca ficou em quarto.\" \/>\n<meta property=\"og:url\" content=\"https:\/\/portaltela.pt\/noticias\/2026\/01\/18\/catarina-martins-e-a-bloquista-menos-votada\/\" \/>\n<meta property=\"og:site_name\" content=\"Portal Tela Portugal\" \/>\n<meta property=\"article:published_time\" content=\"2026-01-19T00:43:21+00:00\" \/>\n<meta name=\"author\" content=\"Telinha\" \/>\n<meta name=\"twitter:card\" content=\"summary_large_image\" \/>\n<meta name=\"twitter:label1\" content=\"Escrito por\" \/>\n\t<meta name=\"twitter:data1\" content=\"Telinha\" \/>\n\t<meta name=\"twitter:label2\" content=\"Tempo estimado de leitura\" \/>\n\t<meta name=\"twitter:data2\" content=\"1 minuto\" \/>\n<script type=\"application\/ld+json\" class=\"yoast-schema-graph\">{\"@context\":\"https:\/\/schema.org\",\"@graph\":[{\"@type\":\"Article\",\"@id\":\"https:\/\/portaltela.pt\/noticias\/2026\/01\/18\/catarina-martins-e-a-bloquista-menos-votada\/#article\",\"isPartOf\":{\"@id\":\"https:\/\/portaltela.pt\/noticias\/2026\/01\/18\/catarina-martins-e-a-bloquista-menos-votada\/\"},\"author\":{\"name\":\"Telinha\",\"@id\":\"https:\/\/portaltela.pt\/#\/schema\/person\/c4278d4a6028830caff9ee44b42d32ed\"},\"headline\":\"Catarina Martins \u00e9 a bloquista menos votada\",\"datePublished\":\"2026-01-19T00:43:21+00:00\",\"mainEntityOfPage\":{\"@id\":\"https:\/\/portaltela.pt\/noticias\/2026\/01\/18\/catarina-martins-e-a-bloquista-menos-votada\/\"},\"wordCount\":162,\"image\":{\"@id\":\"https:\/\/portaltela.pt\/noticias\/2026\/01\/18\/catarina-martins-e-a-bloquista-menos-votada\/#primaryimage\"},\"thumbnailUrl\":\"https:\/\/portaltela.pt\/s.01k8rhncp4jt1\/2026\/01\/46374069.jpg\",\"keywords\":[\"A\u00e7ores\",\"Bloco de Esquerda\",\"Bragan\u00e7a\",\"Catarina Martins\",\"elei\u00e7\u00f5es\",\"Madeira\"],\"articleSection\":[\"Not\u00edcias\",\"Pol\u00edtica\"],\"inLanguage\":\"pt-PT\"},{\"@type\":\"WebPage\",\"@id\":\"https:\/\/portaltela.pt\/noticias\/2026\/01\/18\/catarina-martins-e-a-bloquista-menos-votada\/\",\"url\":\"https:\/\/portaltela.pt\/noticias\/2026\/01\/18\/catarina-martins-e-a-bloquista-menos-votada\/\",\"name\":\"Catarina Martins \u00e9 a bloquista menos votada - Portal Tela Portugal\",\"isPartOf\":{\"@id\":\"https:\/\/portaltela.pt\/#website\"},\"primaryImageOfPage\":{\"@id\":\"https:\/\/portaltela.pt\/noticias\/2026\/01\/18\/catarina-martins-e-a-bloquista-menos-votada\/#primaryimage\"},\"image\":{\"@id\":\"https:\/\/portaltela.pt\/noticias\/2026\/01\/18\/catarina-martins-e-a-bloquista-menos-votada\/#primaryimage\"},\"thumbnailUrl\":\"https:\/\/portaltela.pt\/s.01k8rhncp4jt1\/2026\/01\/46374069.jpg\",\"datePublished\":\"2026-01-19T00:43:21+00:00\",\"author\":{\"@id\":\"https:\/\/portaltela.pt\/#\/schema\/person\/c4278d4a6028830caff9ee44b42d32ed\"},\"breadcrumb\":{\"@id\":\"https:\/\/portaltela.pt\/noticias\/2026\/01\/18\/catarina-martins-e-a-bloquista-menos-votada\/#breadcrumb\"},\"inLanguage\":\"pt-PT\",\"potentialAction\":[{\"@type\":\"ReadAction\",\"target\":[\"https:\/\/portaltela.pt\/noticias\/2026\/01\/18\/catarina-martins-e-a-bloquista-menos-votada\/\"]}]},{\"@type\":\"ImageObject\",\"inLanguage\":\"pt-PT\",\"@id\":\"https:\/\/portaltela.pt\/noticias\/2026\/01\/18\/catarina-martins-e-a-bloquista-menos-votada\/#primaryimage\",\"url\":\"https:\/\/portaltela.pt\/s.01k8rhncp4jt1\/2026\/01\/46374069.jpg\",\"contentUrl\":\"https:\/\/portaltela.pt\/s.01k8rhncp4jt1\/2026\/01\/46374069.jpg\",\"width\":796,\"height\":448,\"caption\":\"O partido conquistou cerca de 119 mil votos, enquanto Catarina Martins obteve 114.468 votos no total das mais de tr\u00eas mil freguesias\"},{\"@type\":\"BreadcrumbList\",\"@id\":\"https:\/\/portaltela.pt\/noticias\/2026\/01\/18\/catarina-martins-e-a-bloquista-menos-votada\/#breadcrumb\",\"itemListElement\":[{\"@type\":\"ListItem\",\"position\":1,\"name\":\"In\u00edcio\",\"item\":\"https:\/\/portaltela.pt\/\"},{\"@type\":\"ListItem\",\"position\":2,\"name\":\"Catarina Martins \u00e9 a bloquista menos votada\"}]},{\"@type\":\"WebSite\",\"@id\":\"https:\/\/portaltela.pt\/#website\",\"url\":\"https:\/\/portaltela.pt\/\",\"name\":\"Portal Tela Portugal\",\"description\":\"\",\"potentialAction\":[{\"@type\":\"SearchAction\",\"target\":{\"@type\":\"EntryPoint\",\"urlTemplate\":\"https:\/\/portaltela.pt\/?s={search_term_string}\"},\"query-input\":{\"@type\":\"PropertyValueSpecification\",\"valueRequired\":true,\"valueName\":\"search_term_string\"}}],\"inLanguage\":\"pt-PT\"},{\"@type\":\"Person\",\"@id\":\"https:\/\/portaltela.pt\/#\/schema\/person\/c4278d4a6028830caff9ee44b42d32ed\",\"name\":\"Telinha\",\"image\":{\"@type\":\"ImageObject\",\"inLanguage\":\"pt-PT\",\"@id\":\"https:\/\/portaltela.pt\/s.01k8rhncp4jt1\/2025\/11\/talking-bot-125x125.png\",\"url\":\"https:\/\/portaltela.pt\/s.01k8rhncp4jt1\/2025\/11\/talking-bot-125x125.png\",\"contentUrl\":\"https:\/\/portaltela.pt\/s.01k8rhncp4jt1\/2025\/11\/talking-bot-125x125.png\",\"caption\":\"Telinha\"},\"sameAs\":[\"https:\/\/portaltela.pt\/\"],\"url\":\"https:\/\/portaltela.pt\/por\/367410592786\/\"}]}<\/script>\n<!-- \/ Yoast SEO plugin. -->","yoast_head_json":{"title":"Catarina Martins \u00e9 a bloquista menos votada - Portal Tela Portugal","robots":{"index":"index","follow":"follow","max-snippet":"max-snippet:-1","max-image-preview":"max-image-preview:large","max-video-preview":"max-video-preview:-1"},"og_locale":"pt_PT","og_type":"article","og_title":"Catarina Martins \u00e9 a bloquista menos votada - Portal Tela Portugal","og_description":"Catarina Martins encerrou a contagem com 116.184 votos (2,06%) entre 11 candidatos. \u00c9 a bloquista com menos votos nas presidenciais e ficou abaixo do BE nas legislativas de 2025. A candidata admitiu desilus\u00e3o, dizendo ter ficado muito abaixo do que esperava e que perdeu apoios para o voto \u00fatil \u00e0 esquerda. Em termos nacionais, o BE teve cerca de 119 mil votos; Catarina somou 114.468 votos nas mais de tr\u00eas mil freguesias. Madeira (3,81%) e A\u00e7ores (2,65%) foram as melhores regi\u00f5es; Bragan\u00e7a foi a pior (1,09%). No exterior, Finl\u00e2ndia, Gr\u00e9cia e Su\u00e9cia ficaram entre os melhores; Dinamarca ficou em quarto.","og_url":"https:\/\/portaltela.pt\/noticias\/2026\/01\/18\/catarina-martins-e-a-bloquista-menos-votada\/","og_site_name":"Portal Tela Portugal","article_published_time":"2026-01-19T00:43:21+00:00","author":"Telinha","twitter_card":"summary_large_image","twitter_misc":{"Escrito por":"Telinha","Tempo estimado de leitura":"1 minuto"},"schema":{"@context":"https:\/\/schema.org","@graph":[{"@type":"Article","@id":"https:\/\/portaltela.pt\/noticias\/2026\/01\/18\/catarina-martins-e-a-bloquista-menos-votada\/#article","isPartOf":{"@id":"https:\/\/portaltela.pt\/noticias\/2026\/01\/18\/catarina-martins-e-a-bloquista-menos-votada\/"},"author":{"name":"Telinha","@id":"https:\/\/portaltela.pt\/#\/schema\/person\/c4278d4a6028830caff9ee44b42d32ed"},"headline":"Catarina Martins \u00e9 a bloquista menos votada","datePublished":"2026-01-19T00:43:21+00:00","mainEntityOfPage":{"@id":"https:\/\/portaltela.pt\/noticias\/2026\/01\/18\/catarina-martins-e-a-bloquista-menos-votada\/"},"wordCount":162,"image":{"@id":"https:\/\/portaltela.pt\/noticias\/2026\/01\/18\/catarina-martins-e-a-bloquista-menos-votada\/#primaryimage"},"thumbnailUrl":"https:\/\/portaltela.pt\/s.01k8rhncp4jt1\/2026\/01\/46374069.jpg","keywords":["A\u00e7ores","Bloco de Esquerda","Bragan\u00e7a","Catarina Martins","elei\u00e7\u00f5es","Madeira"],"articleSection":["Not\u00edcias","Pol\u00edtica"],"inLanguage":"pt-PT"},{"@type":"WebPage","@id":"https:\/\/portaltela.pt\/noticias\/2026\/01\/18\/catarina-martins-e-a-bloquista-menos-votada\/","url":"https:\/\/portaltela.pt\/noticias\/2026\/01\/18\/catarina-martins-e-a-bloquista-menos-votada\/","name":"Catarina Martins \u00e9 a bloquista menos votada - Portal Tela Portugal","isPartOf":{"@id":"https:\/\/portaltela.pt\/#website"},"primaryImageOfPage":{"@id":"https:\/\/portaltela.pt\/noticias\/2026\/01\/18\/catarina-martins-e-a-bloquista-menos-votada\/#primaryimage"},"image":{"@id":"https:\/\/portaltela.pt\/noticias\/2026\/01\/18\/catarina-martins-e-a-bloquista-menos-votada\/#primaryimage"},"thumbnailUrl":"https:\/\/portaltela.pt\/s.01k8rhncp4jt1\/2026\/01\/46374069.jpg","datePublished":"2026-01-19T00:43:21+00:00","author":{"@id":"https:\/\/portaltela.pt\/#\/schema\/person\/c4278d4a6028830caff9ee44b42d32ed"},"breadcrumb":{"@id":"https:\/\/portaltela.pt\/noticias\/2026\/01\/18\/catarina-martins-e-a-bloquista-menos-votada\/#breadcrumb"},"inLanguage":"pt-PT","potentialAction":[{"@type":"ReadAction","target":["https:\/\/portaltela.pt\/noticias\/2026\/01\/18\/catarina-martins-e-a-bloquista-menos-votada\/"]}]},{"@type":"ImageObject","inLanguage":"pt-PT","@id":"https:\/\/portaltela.pt\/noticias\/2026\/01\/18\/catarina-martins-e-a-bloquista-menos-votada\/#primaryimage","url":"https:\/\/portaltela.pt\/s.01k8rhncp4jt1\/2026\/01\/46374069.jpg","contentUrl":"https:\/\/portaltela.pt\/s.01k8rhncp4jt1\/2026\/01\/46374069.jpg","width":796,"height":448,"caption":"O partido conquistou cerca de 119 mil votos, enquanto Catarina Martins obteve 114.468 votos no total das mais de tr\u00eas mil freguesias"},{"@type":"BreadcrumbList","@id":"https:\/\/portaltela.pt\/noticias\/2026\/01\/18\/catarina-martins-e-a-bloquista-menos-votada\/#breadcrumb","itemListElement":[{"@type":"ListItem","position":1,"name":"In\u00edcio","item":"https:\/\/portaltela.pt\/"},{"@type":"ListItem","position":2,"name":"Catarina Martins \u00e9 a bloquista menos votada"}]},{"@type":"WebSite","@id":"https:\/\/portaltela.pt\/#website","url":"https:\/\/portaltela.pt\/","name":"Portal Tela Portugal","description":"","potentialAction":[{"@type":"SearchAction","target":{"@type":"EntryPoint","urlTemplate":"https:\/\/portaltela.pt\/?s={search_term_string}"},"query-input":{"@type":"PropertyValueSpecification","valueRequired":true,"valueName":"search_term_string"}}],"inLanguage":"pt-PT"},{"@type":"Person","@id":"https:\/\/portaltela.pt\/#\/schema\/person\/c4278d4a6028830caff9ee44b42d32ed","name":"Telinha","image":{"@type":"ImageObject","inLanguage":"pt-PT","@id":"https:\/\/portaltela.pt\/s.01k8rhncp4jt1\/2025\/11\/talking-bot-125x125.png","url":"https:\/\/portaltela.pt\/s.01k8rhncp4jt1\/2025\/11\/talking-bot-125x125.png","contentUrl":"https:\/\/portaltela.pt\/s.01k8rhncp4jt1\/2025\/11\/talking-bot-125x125.png","caption":"Telinha"},"sameAs":["https:\/\/portaltela.pt\/"],"url":"https:\/\/portaltela.pt\/por\/367410592786\/"}]}},"_links":{"self":[{"href":"https:\/\/portaltela.pt\/api\/wp\/v2\/posts\/151734","targetHints":{"allow":["GET"]}}],"collection":[{"href":"https:\/\/portaltela.pt\/api\/wp\/v2\/posts"}],"about":[{"href":"https:\/\/portaltela.pt\/api\/wp\/v2\/types\/post"}],"author":[{"embeddable":true,"href":"https:\/\/portaltela.pt\/api\/wp\/v2\/users\/2"}],"replies":[{"embeddable":true,"href":"https:\/\/portaltela.pt\/api\/wp\/v2\/comments?post=151734"}],"version-history":[{"count":0,"href":"https:\/\/portaltela.pt\/api\/wp\/v2\/posts\/151734\/revisions"}],"wp:featuredmedia":[{"embeddable":true,"href":"https:\/\/portaltela.pt\/api\/wp\/v2\/media\/151758"}],"wp:attachment":[{"href":"https:\/\/portaltela.pt\/api\/wp\/v2\/media?parent=151734"}],"wp:term":[{"taxonomy":"category","embeddable":true,"href":"https:\/\/portaltela.pt\/api\/wp\/v2\/categories?post=151734"},{"taxonomy":"post_tag","embeddable":true,"href":"https:\/\/portaltela.pt\/api\/wp\/v2\/tags?post=151734"}],"curies":[{"name":"wp","href":"https:\/\/api.w.org\/{rel}","templated":true}]}}