{"id":151688,"date":"2026-01-18T21:18:00","date_gmt":"2026-01-19T00:18:00","guid":{"rendered":"https:\/\/portaltela.pt\/noticias\/2026\/01\/18\/almirante-naufraga-em-quarta-posicao-e-falha-travessia-ate-belem\/"},"modified":"2026-01-18T21:18:00","modified_gmt":"2026-01-19T00:18:00","slug":"almirante-naufraga-em-quarta-posicao-e-falha-travessia-ate-belem","status":"publish","type":"post","link":"https:\/\/portaltela.pt\/noticias\/politica\/2026\/01\/18\/almirante-naufraga-em-quarta-posicao-e-falha-travessia-ate-belem\/","title":{"rendered":"Almirante naufraga em quarta posi\u00e7\u00e3o e falha travessia at\u00e9 Bel\u00e9m"},"content":{"rendered":"<p>O almirante Henrique Gouveia e Melo ficou em quarto lugar na corrida presidencial, com 12,34% dos votos, mais de 600 mil. Quarenta anos ap\u00f3s Ramalho Eanes, n\u00e3o houve entrada de militar no Pal\u00e1cio de Bel\u00e9m.<\/p>\n<p>\u00c0s 22h17, chegou ao Hotel Corinthia, em Lisboa, onde era aguardado por apoiantes. Numa altura de derrota, reconheceu ter concorrido em consci\u00eancia, num contexto de instabilidade internacional, e afirmou manter-se dispon\u00edvel para servir Portugal.<\/p>\n<p>Gouveia e Melo agradeceu aos mais de 600 mil portugueses que o apoiaram e declarou que o movimento que liderou reuniu pessoas de v\u00e1rias cores pol\u00edticas. Refere ainda n\u00e3o saber se apoiar\u00e1 o segundo turno e comentou que n\u00e3o devia haver sondagens no per\u00edodo eleitoral.<\/p>\n<p>Rui Rio, mandat\u00e1rio da candidatura, marcou presen\u00e7a entre as figuras pol\u00edticas, admitindo que a aus\u00eancia de estrutura partid\u00e1ria dificultou a vit\u00f3ria. O ex-l\u00edder do PSD destacou uma mudan\u00e7a significativa no panorama pol\u00edtico portugu\u00eas e a polariza\u00e7\u00e3o de votos entre v\u00e1rias candidaturas.<\/p>\n<p>O candidato chegou ao hotel sozinho, \u00e0s 19h04, com um gesto de confian\u00e7a. Questionado sobre o futuro, respondeu que pretende manter-se dispon\u00edvel para os portugueses, com dois caminhos poss\u00edveis: continuar ou encerrar a vida p\u00fablica e regressar \u00e0 privada.<\/p>\n<p>Entre jovens apoiantes, Sim\u00e3o, 21 anos, disse ter apoiado o almirante pela sua compet\u00eancia e personalidade, e Vit\u00f3ria, tamb\u00e9m de 21, afirmou que na pol\u00edtica \u00e9 essencial acreditar at\u00e9 ao fim. Ambos s\u00e3o militantes do PSD e estavam entre os presentes.<\/p>\n","protected":false},"excerpt":{"rendered":"<ul>\n<li>O almirante Henrique Gouveia e Melo ficou em quarto lugar, com 12,34% (mais de 600 mil votos), falhando a travessia para Bel\u00e9m.<\/li>\n<li>\u00c0s 22h17, chegou ao Hotel Corinthia, em Lisboa, onde reconheceu a derrota e disse ter concorrido em consci\u00eancia num contexto de grande instabilidade internacional, mantendo-se dispon\u00edvel para servir Portugal.<\/li>\n<li>Agradeceu aos apoiantes e destacou ter conseguido reunir pessoas de espectros pol\u00edticos distintos; n\u00e3o indicou j\u00e1 em quem ir\u00e1 votar na segunda volta.<\/li>\n<li>O mandat\u00e1rio do PSD, Rui Rio, comentou a mudan\u00e7a no panorama pol\u00edtico e disse que o almirante foi prejudicado pelas sondagens, sem revelar a sua decis\u00e3o sobre o voto na segunda volta.<\/li>\n<li>Gouveia e Melo chegou ao hotel \u00e0s 19h04, mostrou-se confiante apesar das sondagens desfavor\u00e1veis e afirmou ter dois planos para o futuro: continuar ou dedicar-se \u00e0 vida privada.<\/li>\n<\/ul>\n","protected":false},"author":2,"featured_media":151699,"comment_status":"closed","ping_status":"closed","sticky":false,"template":"","format":"standard","meta":{"footnotes":""},"categories":[1,5],"tags":[68,3146,981,2832,1014,2458],"class_list":["post-151688","post","type-post","status-publish","format-standard","has-post-thumbnail","hentry","category-noticias","category-politica","tag-eleicoes","tag-henrique-gouveia-e-melo","tag-lisboa","tag-politica","tag-portugal","tag-psd-cds"],"yoast_head":"<!-- This site is optimized with the Yoast SEO plugin v27.2 - https:\/\/yoast.com\/product\/yoast-seo-wordpress\/ -->\n<title>Almirante naufraga em quarta posi\u00e7\u00e3o e falha travessia at\u00e9 Bel\u00e9m - Portal Tela Portugal<\/title>\n<meta name=\"robots\" content=\"index, follow, max-snippet:-1, max-image-preview:large, max-video-preview:-1\" \/>\n<meta property=\"og:locale\" content=\"pt_PT\" \/>\n<meta property=\"og:type\" content=\"article\" \/>\n<meta property=\"og:title\" content=\"Almirante naufraga em quarta posi\u00e7\u00e3o e falha travessia at\u00e9 Bel\u00e9m - Portal Tela Portugal\" \/>\n<meta property=\"og:description\" content=\"O almirante Henrique Gouveia e Melo ficou em quarto lugar, com 12,34% (mais de 600 mil votos), falhando a travessia para Bel\u00e9m. \u00c0s 22h17, chegou ao Hotel Corinthia, em Lisboa, onde reconheceu a derrota e disse ter concorrido em consci\u00eancia num contexto de grande instabilidade internacional, mantendo-se dispon\u00edvel para servir Portugal. Agradeceu aos apoiantes e destacou ter conseguido reunir pessoas de espectros pol\u00edticos distintos; n\u00e3o indicou j\u00e1 em quem ir\u00e1 votar na segunda volta. O mandat\u00e1rio do PSD, Rui Rio, comentou a mudan\u00e7a no panorama pol\u00edtico e disse que o almirante foi prejudicado pelas sondagens, sem revelar a sua decis\u00e3o sobre o voto na segunda volta. Gouveia e Melo chegou ao hotel \u00e0s 19h04, mostrou-se confiante apesar das sondagens desfavor\u00e1veis e afirmou ter dois planos para o futuro: continuar ou dedicar-se \u00e0 vida privada.\" \/>\n<meta property=\"og:url\" content=\"https:\/\/portaltela.pt\/noticias\/2026\/01\/18\/almirante-naufraga-em-quarta-posicao-e-falha-travessia-ate-belem\/\" \/>\n<meta property=\"og:site_name\" content=\"Portal Tela Portugal\" \/>\n<meta property=\"article:published_time\" content=\"2026-01-19T00:18:00+00:00\" \/>\n<meta name=\"author\" content=\"Telinha\" \/>\n<meta name=\"twitter:card\" content=\"summary_large_image\" \/>\n<meta name=\"twitter:label1\" content=\"Escrito por\" \/>\n\t<meta name=\"twitter:data1\" content=\"Telinha\" \/>\n\t<meta name=\"twitter:label2\" content=\"Tempo estimado de leitura\" \/>\n\t<meta name=\"twitter:data2\" content=\"1 minuto\" \/>\n<script type=\"application\/ld+json\" class=\"yoast-schema-graph\">{\"@context\":\"https:\/\/schema.org\",\"@graph\":[{\"@type\":\"Article\",\"@id\":\"https:\/\/portaltela.pt\/noticias\/2026\/01\/18\/almirante-naufraga-em-quarta-posicao-e-falha-travessia-ate-belem\/#article\",\"isPartOf\":{\"@id\":\"https:\/\/portaltela.pt\/noticias\/2026\/01\/18\/almirante-naufraga-em-quarta-posicao-e-falha-travessia-ate-belem\/\"},\"author\":{\"name\":\"Telinha\",\"@id\":\"https:\/\/portaltela.pt\/#\/schema\/person\/c4278d4a6028830caff9ee44b42d32ed\"},\"headline\":\"Almirante naufraga em quarta posi\u00e7\u00e3o e falha travessia at\u00e9 Bel\u00e9m\",\"datePublished\":\"2026-01-19T00:18:00+00:00\",\"mainEntityOfPage\":{\"@id\":\"https:\/\/portaltela.pt\/noticias\/2026\/01\/18\/almirante-naufraga-em-quarta-posicao-e-falha-travessia-ate-belem\/\"},\"wordCount\":273,\"image\":{\"@id\":\"https:\/\/portaltela.pt\/noticias\/2026\/01\/18\/almirante-naufraga-em-quarta-posicao-e-falha-travessia-ate-belem\/#primaryimage\"},\"thumbnailUrl\":\"https:\/\/portaltela.pt\/s.01k8rhncp4jt1\/2026\/01\/image-1115.jpg\",\"keywords\":[\"elei\u00e7\u00f5es\",\"Henrique Gouveia e Melo\",\"Lisboa\",\"pol\u00edtica\",\"Portugal\",\"PSD\/CDS\"],\"articleSection\":[\"Not\u00edcias\",\"Pol\u00edtica\"],\"inLanguage\":\"pt-PT\"},{\"@type\":\"WebPage\",\"@id\":\"https:\/\/portaltela.pt\/noticias\/2026\/01\/18\/almirante-naufraga-em-quarta-posicao-e-falha-travessia-ate-belem\/\",\"url\":\"https:\/\/portaltela.pt\/noticias\/2026\/01\/18\/almirante-naufraga-em-quarta-posicao-e-falha-travessia-ate-belem\/\",\"name\":\"Almirante naufraga em quarta posi\u00e7\u00e3o e falha travessia at\u00e9 Bel\u00e9m - Portal Tela Portugal\",\"isPartOf\":{\"@id\":\"https:\/\/portaltela.pt\/#website\"},\"primaryImageOfPage\":{\"@id\":\"https:\/\/portaltela.pt\/noticias\/2026\/01\/18\/almirante-naufraga-em-quarta-posicao-e-falha-travessia-ate-belem\/#primaryimage\"},\"image\":{\"@id\":\"https:\/\/portaltela.pt\/noticias\/2026\/01\/18\/almirante-naufraga-em-quarta-posicao-e-falha-travessia-ate-belem\/#primaryimage\"},\"thumbnailUrl\":\"https:\/\/portaltela.pt\/s.01k8rhncp4jt1\/2026\/01\/image-1115.jpg\",\"datePublished\":\"2026-01-19T00:18:00+00:00\",\"author\":{\"@id\":\"https:\/\/portaltela.pt\/#\/schema\/person\/c4278d4a6028830caff9ee44b42d32ed\"},\"breadcrumb\":{\"@id\":\"https:\/\/portaltela.pt\/noticias\/2026\/01\/18\/almirante-naufraga-em-quarta-posicao-e-falha-travessia-ate-belem\/#breadcrumb\"},\"inLanguage\":\"pt-PT\",\"potentialAction\":[{\"@type\":\"ReadAction\",\"target\":[\"https:\/\/portaltela.pt\/noticias\/2026\/01\/18\/almirante-naufraga-em-quarta-posicao-e-falha-travessia-ate-belem\/\"]}]},{\"@type\":\"ImageObject\",\"inLanguage\":\"pt-PT\",\"@id\":\"https:\/\/portaltela.pt\/noticias\/2026\/01\/18\/almirante-naufraga-em-quarta-posicao-e-falha-travessia-ate-belem\/#primaryimage\",\"url\":\"https:\/\/portaltela.pt\/s.01k8rhncp4jt1\/2026\/01\/image-1115.jpg\",\"contentUrl\":\"https:\/\/portaltela.pt\/s.01k8rhncp4jt1\/2026\/01\/image-1115.jpg\",\"width\":796,\"height\":448,\"caption\":\"Almirante n\u00e3o revelou se vai apoiar algum candidato na segunda volta\"},{\"@type\":\"BreadcrumbList\",\"@id\":\"https:\/\/portaltela.pt\/noticias\/2026\/01\/18\/almirante-naufraga-em-quarta-posicao-e-falha-travessia-ate-belem\/#breadcrumb\",\"itemListElement\":[{\"@type\":\"ListItem\",\"position\":1,\"name\":\"In\u00edcio\",\"item\":\"https:\/\/portaltela.pt\/\"},{\"@type\":\"ListItem\",\"position\":2,\"name\":\"Almirante naufraga em quarta posi\u00e7\u00e3o e falha travessia at\u00e9 Bel\u00e9m\"}]},{\"@type\":\"WebSite\",\"@id\":\"https:\/\/portaltela.pt\/#website\",\"url\":\"https:\/\/portaltela.pt\/\",\"name\":\"Portal Tela Portugal\",\"description\":\"\",\"potentialAction\":[{\"@type\":\"SearchAction\",\"target\":{\"@type\":\"EntryPoint\",\"urlTemplate\":\"https:\/\/portaltela.pt\/?s={search_term_string}\"},\"query-input\":{\"@type\":\"PropertyValueSpecification\",\"valueRequired\":true,\"valueName\":\"search_term_string\"}}],\"inLanguage\":\"pt-PT\"},{\"@type\":\"Person\",\"@id\":\"https:\/\/portaltela.pt\/#\/schema\/person\/c4278d4a6028830caff9ee44b42d32ed\",\"name\":\"Telinha\",\"image\":{\"@type\":\"ImageObject\",\"inLanguage\":\"pt-PT\",\"@id\":\"https:\/\/portaltela.pt\/s.01k8rhncp4jt1\/2025\/11\/talking-bot-125x125.png\",\"url\":\"https:\/\/portaltela.pt\/s.01k8rhncp4jt1\/2025\/11\/talking-bot-125x125.png\",\"contentUrl\":\"https:\/\/portaltela.pt\/s.01k8rhncp4jt1\/2025\/11\/talking-bot-125x125.png\",\"caption\":\"Telinha\"},\"sameAs\":[\"https:\/\/portaltela.pt\/\"],\"url\":\"https:\/\/portaltela.pt\/por\/367410592786\/\"}]}<\/script>\n<!-- \/ Yoast SEO plugin. -->","yoast_head_json":{"title":"Almirante naufraga em quarta posi\u00e7\u00e3o e falha travessia at\u00e9 Bel\u00e9m - Portal Tela Portugal","robots":{"index":"index","follow":"follow","max-snippet":"max-snippet:-1","max-image-preview":"max-image-preview:large","max-video-preview":"max-video-preview:-1"},"og_locale":"pt_PT","og_type":"article","og_title":"Almirante naufraga em quarta posi\u00e7\u00e3o e falha travessia at\u00e9 Bel\u00e9m - Portal Tela Portugal","og_description":"O almirante Henrique Gouveia e Melo ficou em quarto lugar, com 12,34% (mais de 600 mil votos), falhando a travessia para Bel\u00e9m. \u00c0s 22h17, chegou ao Hotel Corinthia, em Lisboa, onde reconheceu a derrota e disse ter concorrido em consci\u00eancia num contexto de grande instabilidade internacional, mantendo-se dispon\u00edvel para servir Portugal. Agradeceu aos apoiantes e destacou ter conseguido reunir pessoas de espectros pol\u00edticos distintos; n\u00e3o indicou j\u00e1 em quem ir\u00e1 votar na segunda volta. O mandat\u00e1rio do PSD, Rui Rio, comentou a mudan\u00e7a no panorama pol\u00edtico e disse que o almirante foi prejudicado pelas sondagens, sem revelar a sua decis\u00e3o sobre o voto na segunda volta. Gouveia e Melo chegou ao hotel \u00e0s 19h04, mostrou-se confiante apesar das sondagens desfavor\u00e1veis e afirmou ter dois planos para o futuro: continuar ou dedicar-se \u00e0 vida privada.","og_url":"https:\/\/portaltela.pt\/noticias\/2026\/01\/18\/almirante-naufraga-em-quarta-posicao-e-falha-travessia-ate-belem\/","og_site_name":"Portal Tela Portugal","article_published_time":"2026-01-19T00:18:00+00:00","author":"Telinha","twitter_card":"summary_large_image","twitter_misc":{"Escrito por":"Telinha","Tempo estimado de leitura":"1 minuto"},"schema":{"@context":"https:\/\/schema.org","@graph":[{"@type":"Article","@id":"https:\/\/portaltela.pt\/noticias\/2026\/01\/18\/almirante-naufraga-em-quarta-posicao-e-falha-travessia-ate-belem\/#article","isPartOf":{"@id":"https:\/\/portaltela.pt\/noticias\/2026\/01\/18\/almirante-naufraga-em-quarta-posicao-e-falha-travessia-ate-belem\/"},"author":{"name":"Telinha","@id":"https:\/\/portaltela.pt\/#\/schema\/person\/c4278d4a6028830caff9ee44b42d32ed"},"headline":"Almirante naufraga em quarta posi\u00e7\u00e3o e falha travessia at\u00e9 Bel\u00e9m","datePublished":"2026-01-19T00:18:00+00:00","mainEntityOfPage":{"@id":"https:\/\/portaltela.pt\/noticias\/2026\/01\/18\/almirante-naufraga-em-quarta-posicao-e-falha-travessia-ate-belem\/"},"wordCount":273,"image":{"@id":"https:\/\/portaltela.pt\/noticias\/2026\/01\/18\/almirante-naufraga-em-quarta-posicao-e-falha-travessia-ate-belem\/#primaryimage"},"thumbnailUrl":"https:\/\/portaltela.pt\/s.01k8rhncp4jt1\/2026\/01\/image-1115.jpg","keywords":["elei\u00e7\u00f5es","Henrique Gouveia e Melo","Lisboa","pol\u00edtica","Portugal","PSD\/CDS"],"articleSection":["Not\u00edcias","Pol\u00edtica"],"inLanguage":"pt-PT"},{"@type":"WebPage","@id":"https:\/\/portaltela.pt\/noticias\/2026\/01\/18\/almirante-naufraga-em-quarta-posicao-e-falha-travessia-ate-belem\/","url":"https:\/\/portaltela.pt\/noticias\/2026\/01\/18\/almirante-naufraga-em-quarta-posicao-e-falha-travessia-ate-belem\/","name":"Almirante naufraga em quarta posi\u00e7\u00e3o e falha travessia at\u00e9 Bel\u00e9m - Portal Tela Portugal","isPartOf":{"@id":"https:\/\/portaltela.pt\/#website"},"primaryImageOfPage":{"@id":"https:\/\/portaltela.pt\/noticias\/2026\/01\/18\/almirante-naufraga-em-quarta-posicao-e-falha-travessia-ate-belem\/#primaryimage"},"image":{"@id":"https:\/\/portaltela.pt\/noticias\/2026\/01\/18\/almirante-naufraga-em-quarta-posicao-e-falha-travessia-ate-belem\/#primaryimage"},"thumbnailUrl":"https:\/\/portaltela.pt\/s.01k8rhncp4jt1\/2026\/01\/image-1115.jpg","datePublished":"2026-01-19T00:18:00+00:00","author":{"@id":"https:\/\/portaltela.pt\/#\/schema\/person\/c4278d4a6028830caff9ee44b42d32ed"},"breadcrumb":{"@id":"https:\/\/portaltela.pt\/noticias\/2026\/01\/18\/almirante-naufraga-em-quarta-posicao-e-falha-travessia-ate-belem\/#breadcrumb"},"inLanguage":"pt-PT","potentialAction":[{"@type":"ReadAction","target":["https:\/\/portaltela.pt\/noticias\/2026\/01\/18\/almirante-naufraga-em-quarta-posicao-e-falha-travessia-ate-belem\/"]}]},{"@type":"ImageObject","inLanguage":"pt-PT","@id":"https:\/\/portaltela.pt\/noticias\/2026\/01\/18\/almirante-naufraga-em-quarta-posicao-e-falha-travessia-ate-belem\/#primaryimage","url":"https:\/\/portaltela.pt\/s.01k8rhncp4jt1\/2026\/01\/image-1115.jpg","contentUrl":"https:\/\/portaltela.pt\/s.01k8rhncp4jt1\/2026\/01\/image-1115.jpg","width":796,"height":448,"caption":"Almirante n\u00e3o revelou se vai apoiar algum candidato na segunda volta"},{"@type":"BreadcrumbList","@id":"https:\/\/portaltela.pt\/noticias\/2026\/01\/18\/almirante-naufraga-em-quarta-posicao-e-falha-travessia-ate-belem\/#breadcrumb","itemListElement":[{"@type":"ListItem","position":1,"name":"In\u00edcio","item":"https:\/\/portaltela.pt\/"},{"@type":"ListItem","position":2,"name":"Almirante naufraga em quarta posi\u00e7\u00e3o e falha travessia at\u00e9 Bel\u00e9m"}]},{"@type":"WebSite","@id":"https:\/\/portaltela.pt\/#website","url":"https:\/\/portaltela.pt\/","name":"Portal Tela Portugal","description":"","potentialAction":[{"@type":"SearchAction","target":{"@type":"EntryPoint","urlTemplate":"https:\/\/portaltela.pt\/?s={search_term_string}"},"query-input":{"@type":"PropertyValueSpecification","valueRequired":true,"valueName":"search_term_string"}}],"inLanguage":"pt-PT"},{"@type":"Person","@id":"https:\/\/portaltela.pt\/#\/schema\/person\/c4278d4a6028830caff9ee44b42d32ed","name":"Telinha","image":{"@type":"ImageObject","inLanguage":"pt-PT","@id":"https:\/\/portaltela.pt\/s.01k8rhncp4jt1\/2025\/11\/talking-bot-125x125.png","url":"https:\/\/portaltela.pt\/s.01k8rhncp4jt1\/2025\/11\/talking-bot-125x125.png","contentUrl":"https:\/\/portaltela.pt\/s.01k8rhncp4jt1\/2025\/11\/talking-bot-125x125.png","caption":"Telinha"},"sameAs":["https:\/\/portaltela.pt\/"],"url":"https:\/\/portaltela.pt\/por\/367410592786\/"}]}},"_links":{"self":[{"href":"https:\/\/portaltela.pt\/api\/wp\/v2\/posts\/151688","targetHints":{"allow":["GET"]}}],"collection":[{"href":"https:\/\/portaltela.pt\/api\/wp\/v2\/posts"}],"about":[{"href":"https:\/\/portaltela.pt\/api\/wp\/v2\/types\/post"}],"author":[{"embeddable":true,"href":"https:\/\/portaltela.pt\/api\/wp\/v2\/users\/2"}],"replies":[{"embeddable":true,"href":"https:\/\/portaltela.pt\/api\/wp\/v2\/comments?post=151688"}],"version-history":[{"count":0,"href":"https:\/\/portaltela.pt\/api\/wp\/v2\/posts\/151688\/revisions"}],"wp:featuredmedia":[{"embeddable":true,"href":"https:\/\/portaltela.pt\/api\/wp\/v2\/media\/151699"}],"wp:attachment":[{"href":"https:\/\/portaltela.pt\/api\/wp\/v2\/media?parent=151688"}],"wp:term":[{"taxonomy":"category","embeddable":true,"href":"https:\/\/portaltela.pt\/api\/wp\/v2\/categories?post=151688"},{"taxonomy":"post_tag","embeddable":true,"href":"https:\/\/portaltela.pt\/api\/wp\/v2\/tags?post=151688"}],"curies":[{"name":"wp","href":"https:\/\/api.w.org\/{rel}","templated":true}]}}