{"id":151644,"date":"2026-01-18T21:01:00","date_gmt":"2026-01-19T00:01:00","guid":{"rendered":"https:\/\/portaltela.pt\/noticias\/2026\/01\/18\/matosinhos-recebe-o-evento-mar-de-desporto\/"},"modified":"2026-01-18T21:01:00","modified_gmt":"2026-01-19T00:01:00","slug":"matosinhos-recebe-o-evento-mar-de-desporto","status":"publish","type":"post","link":"https:\/\/portaltela.pt\/desporto\/2026\/01\/18\/matosinhos-recebe-o-evento-mar-de-desporto\/","title":{"rendered":"Matosinhos recebe o evento Mar de Desporto"},"content":{"rendered":"<p>Matosinhos encerrou o ano da Cidade Europeia do Desporto 2025 com a certeza de que os objetivos da candidatura foram atingidos e ultrapassados, refor\u00e7ando o empenho comunit\u00e1rio por uma vila mais saud\u00e1vel e com mais qualidade de vida. Foram mais de mil eventos desportivos envolvendo praticantes e p\u00fablico.<\/p>\n<p>A cidade destaca o papel das associa\u00e7\u00f5es e coletividades como motores da dinamiza\u00e7\u00e3o desportiva, com a C\u00e2mara Municipal e a Matosinhos Sport a manterem investimento cont\u00ednuo. Os resultados s\u00e3o comprovados por milhares de utilizadores dos equipamentos e das modalidades dispon\u00edveis.<\/p>\n<p>Este \u00e9 um compromisso com todas as gera\u00e7\u00f5es, centrado na preven\u00e7\u00e3o, na promo\u00e7\u00e3o da sa\u00fade e na igualdade de oportunidades. O desporto \u00e9 visto como pilar da sa\u00fade hol\u00edstica e da participa\u00e7\u00e3o intergeracional.<\/p>\n<h3>Desporto como motor de sa\u00fade e inclus\u00e3o<\/h3>\n<p>A aposta em concelhos mais saud\u00e1veis passa pela preven\u00e7\u00e3o de doen\u00e7a, envelhecimento ativo e estilos de vida saud\u00e1veis para crian\u00e7as e jovens. A rede p\u00fablica de sa\u00fade, destacada pela ULS de Matosinhos, \u00e9 parte integrante da estrat\u00e9gia de bem-estar.<\/p>\n<p>Apoiar a forma\u00e7\u00e3o desportiva revela-se fundamental, com exemplos como o ensino de nata\u00e7\u00e3o a todas as crian\u00e7as do concelho. Este esfor\u00e7o visa garantir acesso universal \u00e0 pr\u00e1tica desportiva e momentos de frui\u00e7\u00e3o em fam\u00edlia.<\/p>\n<p>O balan\u00e7o evidencia uma comunidade solid\u00e1ria, persistente e unida, valores considerados cruciais nos tempos atuais. O foco permanece na promo\u00e7\u00e3o do desporto como ferramenta de inclus\u00e3o e qualidade de vida para todos.<\/p>\n","protected":false},"excerpt":{"rendered":"<ul>\n<li>Matosinhos encerrou o ano como Cidade Europeia do Desporto 2025 com mais de mil eventos desportivos.<\/li>\n<li>A iniciativa refor\u00e7ou o compromisso com uma comunidade mais saud\u00e1vel, com mais qualidade de vida e apoio cont\u00ednuo a associa\u00e7\u00f5es e coletividades.<\/li>\n<li>A C\u00e2mara Municipal e a Matosinhos Sport mant\u00eam investimento continuado, refletido no movimento de milhares de utilizadores dos equipamentos desportivos e das modalidades dispon\u00edveis.<\/li>\n<li>O desporto \u00e9 visto como pilar de igualdade de oportunidades, aproxima\u00e7\u00e3o intergeracional e promo\u00e7\u00e3o de estilos de vida saud\u00e1veis, incluindo preven\u00e7\u00e3o de doen\u00e7as e envelhecimento ativo.<\/li>\n<li>Como marco educativo, todas as crian\u00e7as de Matosinhos aprendem a nadar, integrando tamb\u00e9m a aposta na sa\u00fade hol\u00edstica atrav\u00e9s da Unidade Local de Sa\u00fade de Matosinhos (ULS de Matosinhos).<\/li>\n<\/ul>\n","protected":false},"author":2,"featured_media":151646,"comment_status":"closed","ping_status":"closed","sticky":false,"template":"","format":"standard","meta":{"footnotes":""},"categories":[21],"tags":[679,1595,152,186,1709,172],"class_list":["post-151644","post","type-post","status-publish","format-standard","has-post-thumbnail","hentry","category-desporto","tag-associacoes","tag-coletividades","tag-desporto","tag-desportos","tag-matosinhos","tag-saude"],"yoast_head":"<!-- This site is optimized with the Yoast SEO plugin v27.2 - https:\/\/yoast.com\/product\/yoast-seo-wordpress\/ -->\n<title>Matosinhos recebe o evento Mar de Desporto - Portal Tela Portugal<\/title>\n<meta name=\"robots\" content=\"index, follow, max-snippet:-1, max-image-preview:large, max-video-preview:-1\" \/>\n<meta property=\"og:locale\" content=\"pt_PT\" \/>\n<meta property=\"og:type\" content=\"article\" \/>\n<meta property=\"og:title\" content=\"Matosinhos recebe o evento Mar de Desporto - Portal Tela Portugal\" \/>\n<meta property=\"og:description\" content=\"Matosinhos encerrou o ano como Cidade Europeia do Desporto 2025 com mais de mil eventos desportivos. A iniciativa refor\u00e7ou o compromisso com uma comunidade mais saud\u00e1vel, com mais qualidade de vida e apoio cont\u00ednuo a associa\u00e7\u00f5es e coletividades. A C\u00e2mara Municipal e a Matosinhos Sport mant\u00eam investimento continuado, refletido no movimento de milhares de utilizadores dos equipamentos desportivos e das modalidades dispon\u00edveis. O desporto \u00e9 visto como pilar de igualdade de oportunidades, aproxima\u00e7\u00e3o intergeracional e promo\u00e7\u00e3o de estilos de vida saud\u00e1veis, incluindo preven\u00e7\u00e3o de doen\u00e7as e envelhecimento ativo. Como marco educativo, todas as crian\u00e7as de Matosinhos aprendem a nadar, integrando tamb\u00e9m a aposta na sa\u00fade hol\u00edstica atrav\u00e9s da Unidade Local de Sa\u00fade de Matosinhos (ULS de Matosinhos).\" \/>\n<meta property=\"og:url\" content=\"https:\/\/portaltela.pt\/noticias\/2026\/01\/18\/matosinhos-recebe-o-evento-mar-de-desporto\/\" \/>\n<meta property=\"og:site_name\" content=\"Portal Tela Portugal\" \/>\n<meta property=\"article:published_time\" content=\"2026-01-19T00:01:00+00:00\" \/>\n<meta name=\"author\" content=\"Telinha\" \/>\n<meta name=\"twitter:card\" content=\"summary_large_image\" \/>\n<meta name=\"twitter:label1\" content=\"Escrito por\" \/>\n\t<meta name=\"twitter:data1\" content=\"Telinha\" \/>\n\t<meta name=\"twitter:label2\" content=\"Tempo estimado de leitura\" \/>\n\t<meta name=\"twitter:data2\" content=\"1 minuto\" \/>\n<script type=\"application\/ld+json\" class=\"yoast-schema-graph\">{\"@context\":\"https:\/\/schema.org\",\"@graph\":[{\"@type\":\"Article\",\"@id\":\"https:\/\/portaltela.pt\/noticias\/2026\/01\/18\/matosinhos-recebe-o-evento-mar-de-desporto\/#article\",\"isPartOf\":{\"@id\":\"https:\/\/portaltela.pt\/noticias\/2026\/01\/18\/matosinhos-recebe-o-evento-mar-de-desporto\/\"},\"author\":{\"name\":\"Telinha\",\"@id\":\"https:\/\/portaltela.pt\/#\/schema\/person\/c4278d4a6028830caff9ee44b42d32ed\"},\"headline\":\"Matosinhos recebe o evento Mar de Desporto\",\"datePublished\":\"2026-01-19T00:01:00+00:00\",\"mainEntityOfPage\":{\"@id\":\"https:\/\/portaltela.pt\/noticias\/2026\/01\/18\/matosinhos-recebe-o-evento-mar-de-desporto\/\"},\"wordCount\":273,\"image\":{\"@id\":\"https:\/\/portaltela.pt\/noticias\/2026\/01\/18\/matosinhos-recebe-o-evento-mar-de-desporto\/#primaryimage\"},\"thumbnailUrl\":\"https:\/\/portaltela.pt\/s.01k8rhncp4jt1\/2026\/01\/1f0b862b-52d9-4547-a4ff-8ea8fcf7ac80_1200x675.jpg\",\"keywords\":[\"associa\u00e7\u00f5es\",\"coletividades\",\"desporto\",\"desportos\",\"Matosinhos\",\"sa\u00fade\"],\"articleSection\":[\"Desporto\"],\"inLanguage\":\"pt-PT\"},{\"@type\":\"WebPage\",\"@id\":\"https:\/\/portaltela.pt\/noticias\/2026\/01\/18\/matosinhos-recebe-o-evento-mar-de-desporto\/\",\"url\":\"https:\/\/portaltela.pt\/noticias\/2026\/01\/18\/matosinhos-recebe-o-evento-mar-de-desporto\/\",\"name\":\"Matosinhos recebe o evento Mar de Desporto - Portal Tela Portugal\",\"isPartOf\":{\"@id\":\"https:\/\/portaltela.pt\/#website\"},\"primaryImageOfPage\":{\"@id\":\"https:\/\/portaltela.pt\/noticias\/2026\/01\/18\/matosinhos-recebe-o-evento-mar-de-desporto\/#primaryimage\"},\"image\":{\"@id\":\"https:\/\/portaltela.pt\/noticias\/2026\/01\/18\/matosinhos-recebe-o-evento-mar-de-desporto\/#primaryimage\"},\"thumbnailUrl\":\"https:\/\/portaltela.pt\/s.01k8rhncp4jt1\/2026\/01\/1f0b862b-52d9-4547-a4ff-8ea8fcf7ac80_1200x675.jpg\",\"datePublished\":\"2026-01-19T00:01:00+00:00\",\"author\":{\"@id\":\"https:\/\/portaltela.pt\/#\/schema\/person\/c4278d4a6028830caff9ee44b42d32ed\"},\"breadcrumb\":{\"@id\":\"https:\/\/portaltela.pt\/noticias\/2026\/01\/18\/matosinhos-recebe-o-evento-mar-de-desporto\/#breadcrumb\"},\"inLanguage\":\"pt-PT\",\"potentialAction\":[{\"@type\":\"ReadAction\",\"target\":[\"https:\/\/portaltela.pt\/noticias\/2026\/01\/18\/matosinhos-recebe-o-evento-mar-de-desporto\/\"]}]},{\"@type\":\"ImageObject\",\"inLanguage\":\"pt-PT\",\"@id\":\"https:\/\/portaltela.pt\/noticias\/2026\/01\/18\/matosinhos-recebe-o-evento-mar-de-desporto\/#primaryimage\",\"url\":\"https:\/\/portaltela.pt\/s.01k8rhncp4jt1\/2026\/01\/1f0b862b-52d9-4547-a4ff-8ea8fcf7ac80_1200x675.jpg\",\"contentUrl\":\"https:\/\/portaltela.pt\/s.01k8rhncp4jt1\/2026\/01\/1f0b862b-52d9-4547-a4ff-8ea8fcf7ac80_1200x675.jpg\",\"width\":796,\"height\":448,\"caption\":\"Photo\"},{\"@type\":\"BreadcrumbList\",\"@id\":\"https:\/\/portaltela.pt\/noticias\/2026\/01\/18\/matosinhos-recebe-o-evento-mar-de-desporto\/#breadcrumb\",\"itemListElement\":[{\"@type\":\"ListItem\",\"position\":1,\"name\":\"In\u00edcio\",\"item\":\"https:\/\/portaltela.pt\/\"},{\"@type\":\"ListItem\",\"position\":2,\"name\":\"Matosinhos recebe o evento Mar de Desporto\"}]},{\"@type\":\"WebSite\",\"@id\":\"https:\/\/portaltela.pt\/#website\",\"url\":\"https:\/\/portaltela.pt\/\",\"name\":\"Portal Tela Portugal\",\"description\":\"\",\"potentialAction\":[{\"@type\":\"SearchAction\",\"target\":{\"@type\":\"EntryPoint\",\"urlTemplate\":\"https:\/\/portaltela.pt\/?s={search_term_string}\"},\"query-input\":{\"@type\":\"PropertyValueSpecification\",\"valueRequired\":true,\"valueName\":\"search_term_string\"}}],\"inLanguage\":\"pt-PT\"},{\"@type\":\"Person\",\"@id\":\"https:\/\/portaltela.pt\/#\/schema\/person\/c4278d4a6028830caff9ee44b42d32ed\",\"name\":\"Telinha\",\"image\":{\"@type\":\"ImageObject\",\"inLanguage\":\"pt-PT\",\"@id\":\"https:\/\/portaltela.pt\/s.01k8rhncp4jt1\/2025\/11\/talking-bot-125x125.png\",\"url\":\"https:\/\/portaltela.pt\/s.01k8rhncp4jt1\/2025\/11\/talking-bot-125x125.png\",\"contentUrl\":\"https:\/\/portaltela.pt\/s.01k8rhncp4jt1\/2025\/11\/talking-bot-125x125.png\",\"caption\":\"Telinha\"},\"sameAs\":[\"https:\/\/portaltela.pt\/\"],\"url\":\"https:\/\/portaltela.pt\/por\/367410592786\/\"}]}<\/script>\n<!-- \/ Yoast SEO plugin. -->","yoast_head_json":{"title":"Matosinhos recebe o evento Mar de Desporto - Portal Tela Portugal","robots":{"index":"index","follow":"follow","max-snippet":"max-snippet:-1","max-image-preview":"max-image-preview:large","max-video-preview":"max-video-preview:-1"},"og_locale":"pt_PT","og_type":"article","og_title":"Matosinhos recebe o evento Mar de Desporto - Portal Tela Portugal","og_description":"Matosinhos encerrou o ano como Cidade Europeia do Desporto 2025 com mais de mil eventos desportivos. A iniciativa refor\u00e7ou o compromisso com uma comunidade mais saud\u00e1vel, com mais qualidade de vida e apoio cont\u00ednuo a associa\u00e7\u00f5es e coletividades. A C\u00e2mara Municipal e a Matosinhos Sport mant\u00eam investimento continuado, refletido no movimento de milhares de utilizadores dos equipamentos desportivos e das modalidades dispon\u00edveis. O desporto \u00e9 visto como pilar de igualdade de oportunidades, aproxima\u00e7\u00e3o intergeracional e promo\u00e7\u00e3o de estilos de vida saud\u00e1veis, incluindo preven\u00e7\u00e3o de doen\u00e7as e envelhecimento ativo. Como marco educativo, todas as crian\u00e7as de Matosinhos aprendem a nadar, integrando tamb\u00e9m a aposta na sa\u00fade hol\u00edstica atrav\u00e9s da Unidade Local de Sa\u00fade de Matosinhos (ULS de Matosinhos).","og_url":"https:\/\/portaltela.pt\/noticias\/2026\/01\/18\/matosinhos-recebe-o-evento-mar-de-desporto\/","og_site_name":"Portal Tela Portugal","article_published_time":"2026-01-19T00:01:00+00:00","author":"Telinha","twitter_card":"summary_large_image","twitter_misc":{"Escrito por":"Telinha","Tempo estimado de leitura":"1 minuto"},"schema":{"@context":"https:\/\/schema.org","@graph":[{"@type":"Article","@id":"https:\/\/portaltela.pt\/noticias\/2026\/01\/18\/matosinhos-recebe-o-evento-mar-de-desporto\/#article","isPartOf":{"@id":"https:\/\/portaltela.pt\/noticias\/2026\/01\/18\/matosinhos-recebe-o-evento-mar-de-desporto\/"},"author":{"name":"Telinha","@id":"https:\/\/portaltela.pt\/#\/schema\/person\/c4278d4a6028830caff9ee44b42d32ed"},"headline":"Matosinhos recebe o evento Mar de Desporto","datePublished":"2026-01-19T00:01:00+00:00","mainEntityOfPage":{"@id":"https:\/\/portaltela.pt\/noticias\/2026\/01\/18\/matosinhos-recebe-o-evento-mar-de-desporto\/"},"wordCount":273,"image":{"@id":"https:\/\/portaltela.pt\/noticias\/2026\/01\/18\/matosinhos-recebe-o-evento-mar-de-desporto\/#primaryimage"},"thumbnailUrl":"https:\/\/portaltela.pt\/s.01k8rhncp4jt1\/2026\/01\/1f0b862b-52d9-4547-a4ff-8ea8fcf7ac80_1200x675.jpg","keywords":["associa\u00e7\u00f5es","coletividades","desporto","desportos","Matosinhos","sa\u00fade"],"articleSection":["Desporto"],"inLanguage":"pt-PT"},{"@type":"WebPage","@id":"https:\/\/portaltela.pt\/noticias\/2026\/01\/18\/matosinhos-recebe-o-evento-mar-de-desporto\/","url":"https:\/\/portaltela.pt\/noticias\/2026\/01\/18\/matosinhos-recebe-o-evento-mar-de-desporto\/","name":"Matosinhos recebe o evento Mar de Desporto - Portal Tela Portugal","isPartOf":{"@id":"https:\/\/portaltela.pt\/#website"},"primaryImageOfPage":{"@id":"https:\/\/portaltela.pt\/noticias\/2026\/01\/18\/matosinhos-recebe-o-evento-mar-de-desporto\/#primaryimage"},"image":{"@id":"https:\/\/portaltela.pt\/noticias\/2026\/01\/18\/matosinhos-recebe-o-evento-mar-de-desporto\/#primaryimage"},"thumbnailUrl":"https:\/\/portaltela.pt\/s.01k8rhncp4jt1\/2026\/01\/1f0b862b-52d9-4547-a4ff-8ea8fcf7ac80_1200x675.jpg","datePublished":"2026-01-19T00:01:00+00:00","author":{"@id":"https:\/\/portaltela.pt\/#\/schema\/person\/c4278d4a6028830caff9ee44b42d32ed"},"breadcrumb":{"@id":"https:\/\/portaltela.pt\/noticias\/2026\/01\/18\/matosinhos-recebe-o-evento-mar-de-desporto\/#breadcrumb"},"inLanguage":"pt-PT","potentialAction":[{"@type":"ReadAction","target":["https:\/\/portaltela.pt\/noticias\/2026\/01\/18\/matosinhos-recebe-o-evento-mar-de-desporto\/"]}]},{"@type":"ImageObject","inLanguage":"pt-PT","@id":"https:\/\/portaltela.pt\/noticias\/2026\/01\/18\/matosinhos-recebe-o-evento-mar-de-desporto\/#primaryimage","url":"https:\/\/portaltela.pt\/s.01k8rhncp4jt1\/2026\/01\/1f0b862b-52d9-4547-a4ff-8ea8fcf7ac80_1200x675.jpg","contentUrl":"https:\/\/portaltela.pt\/s.01k8rhncp4jt1\/2026\/01\/1f0b862b-52d9-4547-a4ff-8ea8fcf7ac80_1200x675.jpg","width":796,"height":448,"caption":"Photo"},{"@type":"BreadcrumbList","@id":"https:\/\/portaltela.pt\/noticias\/2026\/01\/18\/matosinhos-recebe-o-evento-mar-de-desporto\/#breadcrumb","itemListElement":[{"@type":"ListItem","position":1,"name":"In\u00edcio","item":"https:\/\/portaltela.pt\/"},{"@type":"ListItem","position":2,"name":"Matosinhos recebe o evento Mar de Desporto"}]},{"@type":"WebSite","@id":"https:\/\/portaltela.pt\/#website","url":"https:\/\/portaltela.pt\/","name":"Portal Tela Portugal","description":"","potentialAction":[{"@type":"SearchAction","target":{"@type":"EntryPoint","urlTemplate":"https:\/\/portaltela.pt\/?s={search_term_string}"},"query-input":{"@type":"PropertyValueSpecification","valueRequired":true,"valueName":"search_term_string"}}],"inLanguage":"pt-PT"},{"@type":"Person","@id":"https:\/\/portaltela.pt\/#\/schema\/person\/c4278d4a6028830caff9ee44b42d32ed","name":"Telinha","image":{"@type":"ImageObject","inLanguage":"pt-PT","@id":"https:\/\/portaltela.pt\/s.01k8rhncp4jt1\/2025\/11\/talking-bot-125x125.png","url":"https:\/\/portaltela.pt\/s.01k8rhncp4jt1\/2025\/11\/talking-bot-125x125.png","contentUrl":"https:\/\/portaltela.pt\/s.01k8rhncp4jt1\/2025\/11\/talking-bot-125x125.png","caption":"Telinha"},"sameAs":["https:\/\/portaltela.pt\/"],"url":"https:\/\/portaltela.pt\/por\/367410592786\/"}]}},"_links":{"self":[{"href":"https:\/\/portaltela.pt\/api\/wp\/v2\/posts\/151644","targetHints":{"allow":["GET"]}}],"collection":[{"href":"https:\/\/portaltela.pt\/api\/wp\/v2\/posts"}],"about":[{"href":"https:\/\/portaltela.pt\/api\/wp\/v2\/types\/post"}],"author":[{"embeddable":true,"href":"https:\/\/portaltela.pt\/api\/wp\/v2\/users\/2"}],"replies":[{"embeddable":true,"href":"https:\/\/portaltela.pt\/api\/wp\/v2\/comments?post=151644"}],"version-history":[{"count":0,"href":"https:\/\/portaltela.pt\/api\/wp\/v2\/posts\/151644\/revisions"}],"wp:featuredmedia":[{"embeddable":true,"href":"https:\/\/portaltela.pt\/api\/wp\/v2\/media\/151646"}],"wp:attachment":[{"href":"https:\/\/portaltela.pt\/api\/wp\/v2\/media?parent=151644"}],"wp:term":[{"taxonomy":"category","embeddable":true,"href":"https:\/\/portaltela.pt\/api\/wp\/v2\/categories?post=151644"},{"taxonomy":"post_tag","embeddable":true,"href":"https:\/\/portaltela.pt\/api\/wp\/v2\/tags?post=151644"}],"curies":[{"name":"wp","href":"https:\/\/api.w.org\/{rel}","templated":true}]}}