{"id":151579,"date":"2026-01-18T20:49:31","date_gmt":"2026-01-18T23:49:31","guid":{"rendered":"https:\/\/portaltela.pt\/noticias\/2026\/01\/18\/marques-mendes-teve-pior-resultado-entre-candidatos-apoiados-pelo-psd\/"},"modified":"2026-01-18T20:49:31","modified_gmt":"2026-01-18T23:49:31","slug":"marques-mendes-teve-pior-resultado-entre-candidatos-apoiados-pelo-psd","status":"publish","type":"post","link":"https:\/\/portaltela.pt\/noticias\/politica\/2026\/01\/18\/marques-mendes-teve-pior-resultado-entre-candidatos-apoiados-pelo-psd\/","title":{"rendered":"Marques Mendes teve pior resultado entre candidatos apoiados pelo PSD"},"content":{"rendered":"<p>Marques Mendes ficou em quinto lugar, com 11% dos votos, na elei\u00e7\u00e3o presidencial de domingo. O resultado ficou longe do melhor desempenho de um candidato apoiado pelo PSD, que \u00e9 34,6%. O PSD\/CDS-PP ficou atr\u00e1s de Seguro, Ventura, Cotrim Figueiredo e Gouveia e Melo, segundo os resultados provis\u00f3rios \u00e0s 23h.<\/p>\n<p>O pacote de 11 candidatos tornou a corrida muito dispersa. O l\u00edder da coliga\u00e7\u00e3o com maior vota\u00e7\u00e3o foi Ant\u00f3nio Jos\u00e9 Seguro, com 31%. Jo\u00e3o Cotrim Figueiredo, apoiado pela IL, teve 16%, quase o dobro do que obteve nas europeias de 2024.<\/p>\n<p>Os dados indicam uma dispers\u00e3o de votos na centro-direita, com Mendes superando apenas candidatos apoiados por PSD\/ CDS-PP em elei\u00e7\u00f5es anteriores. A lideran\u00e7a de Montenegro, contudo, afirmou que o espa\u00e7o pol\u00edtico do partido n\u00e3o estar\u00e1 representado na segunda volta.<\/p>\n<p>Marques Mendes contactou o candidato apoiado pelo PS, sem anunciar qualquer endosso para a segunda volta. O primeiro-ministro Lu\u00eds Montenegro acompanhou a noite eleitoral, visitando Mendes e sugerindo que o PSD n\u00e3o apoiar\u00e1 nenhum advers\u00e1rio na segunda volta.<\/p>\n<p>Ap\u00f3s o encerramento da vota\u00e7\u00e3o, o presidente do PSD enfatizou que o partido n\u00e3o indicar\u00e1 voto para Seguro nem para Ventura. Mendes encerrou a noite sem responder a jornalistas, acompanhado pela fam\u00edlia e por membros da comitiva.<\/p>\n<p>O hist\u00f3rico do PSD em Bel\u00e9m mostra que, nos \u00faltimos anos, os candidatos apoiados pelo partido costumavam vencer na primeira volta ou chegar ao segundo turno com votos expressivos. Este domingo, por\u00e9m, houve uma exce\u00e7\u00e3o com um conjunto de candidatos a obter menores percentuais.<\/p>\n<p>A dire\u00e7\u00e3o do PSD tenta consolidar a posi\u00e7\u00e3o de Montenegro, que j\u00e1 governou com vit\u00f3rias eleitorais significativas nas legislativas de 2025 e 2024, mas a atual edi\u00e7\u00e3o n\u00e3o apresentou um resultado favor\u00e1vel para a corrente social-democrata.<\/p>\n<p>Em 1976, o PSD apoiou Ramalho Eanes, que venceu com mais de 60% na primeira volta. Ao longo dos anos seguintes, o partido alternou entre apoiar candidatos de maior express\u00e3o e registrar desempenhos mais baixos em v\u00e1rias elei\u00e7\u00f5es presidenciais.<\/p>\n<p>Fonte: resultados provis\u00f3rios, com cobertura de LUSA e RECORD, destacando a aus\u00eancia de um representante do PSD na segunda volta, com Mendes a manter a posi\u00e7\u00e3o de n\u00e3o endossar nenhum dos advers\u00e1rios.<\/p>\n","protected":false},"excerpt":{"rendered":"<ul>\n<li>Marques Mendes teve 11% nas presidenciais, em quinto lugar entre candidatos apoiados pelo PSD.<\/li>\n<li>O total de votos foi cerca de 630 mil; ficou atr\u00e1s de Ant\u00f3nio Jos\u00e9 Seguro e Andr\u00e9 Ventura que passaram \u00e0 segunda volta.<\/li>\n<li>A dispers\u00e3o na centro-direita destacou-se, com Jo\u00e3o Cotrim Figueiredo a obter 16% dos votos.<\/li>\n<li>O presidente do PSD, Lu\u00eds Montenegro, afirmou que o espa\u00e7o pol\u00edtico do partido n\u00e3o estar\u00e1 representado na segunda volta e n\u00e3o haver\u00e1 indica\u00e7\u00e3o de voto.<\/li>\n<li>Mendes n\u00e3o endossou nenhum dos dois candidatos na segunda volta e informou ter falado com o candidato apoiado pelo PS, sem apoiar publicamente qualquer advers\u00e1rio.<\/li>\n<\/ul>\n","protected":false},"author":2,"featured_media":151596,"comment_status":"closed","ping_status":"closed","sticky":false,"template":"","format":"standard","meta":{"footnotes":""},"categories":[1,5],"tags":[2655,68,2890,3145,2458,2558],"class_list":["post-151579","post","type-post","status-publish","format-standard","has-post-thumbnail","hentry","category-noticias","category-politica","tag-antonio-jose-seguro","tag-eleicoes","tag-gouveia-e-melo","tag-joao-cotrim-de-figueiredo","tag-psd-cds","tag-ventura"],"yoast_head":"<!-- This site is optimized with the Yoast SEO plugin v27.2 - https:\/\/yoast.com\/product\/yoast-seo-wordpress\/ -->\n<title>Marques Mendes teve pior resultado entre candidatos apoiados pelo PSD - Portal Tela Portugal<\/title>\n<meta name=\"robots\" content=\"index, follow, max-snippet:-1, max-image-preview:large, max-video-preview:-1\" \/>\n<meta property=\"og:locale\" content=\"pt_PT\" \/>\n<meta property=\"og:type\" content=\"article\" \/>\n<meta property=\"og:title\" content=\"Marques Mendes teve pior resultado entre candidatos apoiados pelo PSD - Portal Tela Portugal\" \/>\n<meta property=\"og:description\" content=\"Marques Mendes teve 11% nas presidenciais, em quinto lugar entre candidatos apoiados pelo PSD. O total de votos foi cerca de 630 mil; ficou atr\u00e1s de Ant\u00f3nio Jos\u00e9 Seguro e Andr\u00e9 Ventura que passaram \u00e0 segunda volta. A dispers\u00e3o na centro-direita destacou-se, com Jo\u00e3o Cotrim Figueiredo a obter 16% dos votos. O presidente do PSD, Lu\u00eds Montenegro, afirmou que o espa\u00e7o pol\u00edtico do partido n\u00e3o estar\u00e1 representado na segunda volta e n\u00e3o haver\u00e1 indica\u00e7\u00e3o de voto. Mendes n\u00e3o endossou nenhum dos dois candidatos na segunda volta e informou ter falado com o candidato apoiado pelo PS, sem apoiar publicamente qualquer advers\u00e1rio.\" \/>\n<meta property=\"og:url\" content=\"https:\/\/portaltela.pt\/noticias\/2026\/01\/18\/marques-mendes-teve-pior-resultado-entre-candidatos-apoiados-pelo-psd\/\" \/>\n<meta property=\"og:site_name\" content=\"Portal Tela Portugal\" \/>\n<meta property=\"article:published_time\" content=\"2026-01-18T23:49:31+00:00\" \/>\n<meta name=\"author\" content=\"Telinha\" \/>\n<meta name=\"twitter:card\" content=\"summary_large_image\" \/>\n<meta name=\"twitter:label1\" content=\"Escrito por\" \/>\n\t<meta name=\"twitter:data1\" content=\"Telinha\" \/>\n\t<meta name=\"twitter:label2\" content=\"Tempo estimado de leitura\" \/>\n\t<meta name=\"twitter:data2\" content=\"2 minutos\" \/>\n<script type=\"application\/ld+json\" class=\"yoast-schema-graph\">{\"@context\":\"https:\/\/schema.org\",\"@graph\":[{\"@type\":\"Article\",\"@id\":\"https:\/\/portaltela.pt\/noticias\/2026\/01\/18\/marques-mendes-teve-pior-resultado-entre-candidatos-apoiados-pelo-psd\/#article\",\"isPartOf\":{\"@id\":\"https:\/\/portaltela.pt\/noticias\/2026\/01\/18\/marques-mendes-teve-pior-resultado-entre-candidatos-apoiados-pelo-psd\/\"},\"author\":{\"name\":\"Telinha\",\"@id\":\"https:\/\/portaltela.pt\/#\/schema\/person\/c4278d4a6028830caff9ee44b42d32ed\"},\"headline\":\"Marques Mendes teve pior resultado entre candidatos apoiados pelo PSD\",\"datePublished\":\"2026-01-18T23:49:31+00:00\",\"mainEntityOfPage\":{\"@id\":\"https:\/\/portaltela.pt\/noticias\/2026\/01\/18\/marques-mendes-teve-pior-resultado-entre-candidatos-apoiados-pelo-psd\/\"},\"wordCount\":395,\"image\":{\"@id\":\"https:\/\/portaltela.pt\/noticias\/2026\/01\/18\/marques-mendes-teve-pior-resultado-entre-candidatos-apoiados-pelo-psd\/#primaryimage\"},\"thumbnailUrl\":\"https:\/\/portaltela.pt\/s.01k8rhncp4jt1\/2026\/01\/img_920x518uu2026-01-18-23-48-36-2415682.jpg\",\"keywords\":[\"Ant\u00f3nio Jos\u00e9 Seguro\",\"elei\u00e7\u00f5es\",\"Gouveia e Melo\",\"Jo\u00e3o Cotrim de Figueiredo\",\"PSD\/CDS\",\"Ventura\"],\"articleSection\":[\"Not\u00edcias\",\"Pol\u00edtica\"],\"inLanguage\":\"pt-PT\"},{\"@type\":\"WebPage\",\"@id\":\"https:\/\/portaltela.pt\/noticias\/2026\/01\/18\/marques-mendes-teve-pior-resultado-entre-candidatos-apoiados-pelo-psd\/\",\"url\":\"https:\/\/portaltela.pt\/noticias\/2026\/01\/18\/marques-mendes-teve-pior-resultado-entre-candidatos-apoiados-pelo-psd\/\",\"name\":\"Marques Mendes teve pior resultado entre candidatos apoiados pelo PSD - Portal Tela Portugal\",\"isPartOf\":{\"@id\":\"https:\/\/portaltela.pt\/#website\"},\"primaryImageOfPage\":{\"@id\":\"https:\/\/portaltela.pt\/noticias\/2026\/01\/18\/marques-mendes-teve-pior-resultado-entre-candidatos-apoiados-pelo-psd\/#primaryimage\"},\"image\":{\"@id\":\"https:\/\/portaltela.pt\/noticias\/2026\/01\/18\/marques-mendes-teve-pior-resultado-entre-candidatos-apoiados-pelo-psd\/#primaryimage\"},\"thumbnailUrl\":\"https:\/\/portaltela.pt\/s.01k8rhncp4jt1\/2026\/01\/img_920x518uu2026-01-18-23-48-36-2415682.jpg\",\"datePublished\":\"2026-01-18T23:49:31+00:00\",\"author\":{\"@id\":\"https:\/\/portaltela.pt\/#\/schema\/person\/c4278d4a6028830caff9ee44b42d32ed\"},\"breadcrumb\":{\"@id\":\"https:\/\/portaltela.pt\/noticias\/2026\/01\/18\/marques-mendes-teve-pior-resultado-entre-candidatos-apoiados-pelo-psd\/#breadcrumb\"},\"inLanguage\":\"pt-PT\",\"potentialAction\":[{\"@type\":\"ReadAction\",\"target\":[\"https:\/\/portaltela.pt\/noticias\/2026\/01\/18\/marques-mendes-teve-pior-resultado-entre-candidatos-apoiados-pelo-psd\/\"]}]},{\"@type\":\"ImageObject\",\"inLanguage\":\"pt-PT\",\"@id\":\"https:\/\/portaltela.pt\/noticias\/2026\/01\/18\/marques-mendes-teve-pior-resultado-entre-candidatos-apoiados-pelo-psd\/#primaryimage\",\"url\":\"https:\/\/portaltela.pt\/s.01k8rhncp4jt1\/2026\/01\/img_920x518uu2026-01-18-23-48-36-2415682.jpg\",\"contentUrl\":\"https:\/\/portaltela.pt\/s.01k8rhncp4jt1\/2026\/01\/img_920x518uu2026-01-18-23-48-36-2415682.jpg\",\"width\":796,\"height\":448,\"caption\":\"Marques Mendes, candidato presidencial, discursa sobre resultados\"},{\"@type\":\"BreadcrumbList\",\"@id\":\"https:\/\/portaltela.pt\/noticias\/2026\/01\/18\/marques-mendes-teve-pior-resultado-entre-candidatos-apoiados-pelo-psd\/#breadcrumb\",\"itemListElement\":[{\"@type\":\"ListItem\",\"position\":1,\"name\":\"In\u00edcio\",\"item\":\"https:\/\/portaltela.pt\/\"},{\"@type\":\"ListItem\",\"position\":2,\"name\":\"Marques Mendes teve pior resultado entre candidatos apoiados pelo PSD\"}]},{\"@type\":\"WebSite\",\"@id\":\"https:\/\/portaltela.pt\/#website\",\"url\":\"https:\/\/portaltela.pt\/\",\"name\":\"Portal Tela Portugal\",\"description\":\"\",\"potentialAction\":[{\"@type\":\"SearchAction\",\"target\":{\"@type\":\"EntryPoint\",\"urlTemplate\":\"https:\/\/portaltela.pt\/?s={search_term_string}\"},\"query-input\":{\"@type\":\"PropertyValueSpecification\",\"valueRequired\":true,\"valueName\":\"search_term_string\"}}],\"inLanguage\":\"pt-PT\"},{\"@type\":\"Person\",\"@id\":\"https:\/\/portaltela.pt\/#\/schema\/person\/c4278d4a6028830caff9ee44b42d32ed\",\"name\":\"Telinha\",\"image\":{\"@type\":\"ImageObject\",\"inLanguage\":\"pt-PT\",\"@id\":\"https:\/\/portaltela.pt\/s.01k8rhncp4jt1\/2025\/11\/talking-bot-125x125.png\",\"url\":\"https:\/\/portaltela.pt\/s.01k8rhncp4jt1\/2025\/11\/talking-bot-125x125.png\",\"contentUrl\":\"https:\/\/portaltela.pt\/s.01k8rhncp4jt1\/2025\/11\/talking-bot-125x125.png\",\"caption\":\"Telinha\"},\"sameAs\":[\"https:\/\/portaltela.pt\/\"],\"url\":\"https:\/\/portaltela.pt\/por\/367410592786\/\"}]}<\/script>\n<!-- \/ Yoast SEO plugin. -->","yoast_head_json":{"title":"Marques Mendes teve pior resultado entre candidatos apoiados pelo PSD - Portal Tela Portugal","robots":{"index":"index","follow":"follow","max-snippet":"max-snippet:-1","max-image-preview":"max-image-preview:large","max-video-preview":"max-video-preview:-1"},"og_locale":"pt_PT","og_type":"article","og_title":"Marques Mendes teve pior resultado entre candidatos apoiados pelo PSD - Portal Tela Portugal","og_description":"Marques Mendes teve 11% nas presidenciais, em quinto lugar entre candidatos apoiados pelo PSD. O total de votos foi cerca de 630 mil; ficou atr\u00e1s de Ant\u00f3nio Jos\u00e9 Seguro e Andr\u00e9 Ventura que passaram \u00e0 segunda volta. A dispers\u00e3o na centro-direita destacou-se, com Jo\u00e3o Cotrim Figueiredo a obter 16% dos votos. O presidente do PSD, Lu\u00eds Montenegro, afirmou que o espa\u00e7o pol\u00edtico do partido n\u00e3o estar\u00e1 representado na segunda volta e n\u00e3o haver\u00e1 indica\u00e7\u00e3o de voto. Mendes n\u00e3o endossou nenhum dos dois candidatos na segunda volta e informou ter falado com o candidato apoiado pelo PS, sem apoiar publicamente qualquer advers\u00e1rio.","og_url":"https:\/\/portaltela.pt\/noticias\/2026\/01\/18\/marques-mendes-teve-pior-resultado-entre-candidatos-apoiados-pelo-psd\/","og_site_name":"Portal Tela Portugal","article_published_time":"2026-01-18T23:49:31+00:00","author":"Telinha","twitter_card":"summary_large_image","twitter_misc":{"Escrito por":"Telinha","Tempo estimado de leitura":"2 minutos"},"schema":{"@context":"https:\/\/schema.org","@graph":[{"@type":"Article","@id":"https:\/\/portaltela.pt\/noticias\/2026\/01\/18\/marques-mendes-teve-pior-resultado-entre-candidatos-apoiados-pelo-psd\/#article","isPartOf":{"@id":"https:\/\/portaltela.pt\/noticias\/2026\/01\/18\/marques-mendes-teve-pior-resultado-entre-candidatos-apoiados-pelo-psd\/"},"author":{"name":"Telinha","@id":"https:\/\/portaltela.pt\/#\/schema\/person\/c4278d4a6028830caff9ee44b42d32ed"},"headline":"Marques Mendes teve pior resultado entre candidatos apoiados pelo PSD","datePublished":"2026-01-18T23:49:31+00:00","mainEntityOfPage":{"@id":"https:\/\/portaltela.pt\/noticias\/2026\/01\/18\/marques-mendes-teve-pior-resultado-entre-candidatos-apoiados-pelo-psd\/"},"wordCount":395,"image":{"@id":"https:\/\/portaltela.pt\/noticias\/2026\/01\/18\/marques-mendes-teve-pior-resultado-entre-candidatos-apoiados-pelo-psd\/#primaryimage"},"thumbnailUrl":"https:\/\/portaltela.pt\/s.01k8rhncp4jt1\/2026\/01\/img_920x518uu2026-01-18-23-48-36-2415682.jpg","keywords":["Ant\u00f3nio Jos\u00e9 Seguro","elei\u00e7\u00f5es","Gouveia e Melo","Jo\u00e3o Cotrim de Figueiredo","PSD\/CDS","Ventura"],"articleSection":["Not\u00edcias","Pol\u00edtica"],"inLanguage":"pt-PT"},{"@type":"WebPage","@id":"https:\/\/portaltela.pt\/noticias\/2026\/01\/18\/marques-mendes-teve-pior-resultado-entre-candidatos-apoiados-pelo-psd\/","url":"https:\/\/portaltela.pt\/noticias\/2026\/01\/18\/marques-mendes-teve-pior-resultado-entre-candidatos-apoiados-pelo-psd\/","name":"Marques Mendes teve pior resultado entre candidatos apoiados pelo PSD - Portal Tela Portugal","isPartOf":{"@id":"https:\/\/portaltela.pt\/#website"},"primaryImageOfPage":{"@id":"https:\/\/portaltela.pt\/noticias\/2026\/01\/18\/marques-mendes-teve-pior-resultado-entre-candidatos-apoiados-pelo-psd\/#primaryimage"},"image":{"@id":"https:\/\/portaltela.pt\/noticias\/2026\/01\/18\/marques-mendes-teve-pior-resultado-entre-candidatos-apoiados-pelo-psd\/#primaryimage"},"thumbnailUrl":"https:\/\/portaltela.pt\/s.01k8rhncp4jt1\/2026\/01\/img_920x518uu2026-01-18-23-48-36-2415682.jpg","datePublished":"2026-01-18T23:49:31+00:00","author":{"@id":"https:\/\/portaltela.pt\/#\/schema\/person\/c4278d4a6028830caff9ee44b42d32ed"},"breadcrumb":{"@id":"https:\/\/portaltela.pt\/noticias\/2026\/01\/18\/marques-mendes-teve-pior-resultado-entre-candidatos-apoiados-pelo-psd\/#breadcrumb"},"inLanguage":"pt-PT","potentialAction":[{"@type":"ReadAction","target":["https:\/\/portaltela.pt\/noticias\/2026\/01\/18\/marques-mendes-teve-pior-resultado-entre-candidatos-apoiados-pelo-psd\/"]}]},{"@type":"ImageObject","inLanguage":"pt-PT","@id":"https:\/\/portaltela.pt\/noticias\/2026\/01\/18\/marques-mendes-teve-pior-resultado-entre-candidatos-apoiados-pelo-psd\/#primaryimage","url":"https:\/\/portaltela.pt\/s.01k8rhncp4jt1\/2026\/01\/img_920x518uu2026-01-18-23-48-36-2415682.jpg","contentUrl":"https:\/\/portaltela.pt\/s.01k8rhncp4jt1\/2026\/01\/img_920x518uu2026-01-18-23-48-36-2415682.jpg","width":796,"height":448,"caption":"Marques Mendes, candidato presidencial, discursa sobre resultados"},{"@type":"BreadcrumbList","@id":"https:\/\/portaltela.pt\/noticias\/2026\/01\/18\/marques-mendes-teve-pior-resultado-entre-candidatos-apoiados-pelo-psd\/#breadcrumb","itemListElement":[{"@type":"ListItem","position":1,"name":"In\u00edcio","item":"https:\/\/portaltela.pt\/"},{"@type":"ListItem","position":2,"name":"Marques Mendes teve pior resultado entre candidatos apoiados pelo PSD"}]},{"@type":"WebSite","@id":"https:\/\/portaltela.pt\/#website","url":"https:\/\/portaltela.pt\/","name":"Portal Tela Portugal","description":"","potentialAction":[{"@type":"SearchAction","target":{"@type":"EntryPoint","urlTemplate":"https:\/\/portaltela.pt\/?s={search_term_string}"},"query-input":{"@type":"PropertyValueSpecification","valueRequired":true,"valueName":"search_term_string"}}],"inLanguage":"pt-PT"},{"@type":"Person","@id":"https:\/\/portaltela.pt\/#\/schema\/person\/c4278d4a6028830caff9ee44b42d32ed","name":"Telinha","image":{"@type":"ImageObject","inLanguage":"pt-PT","@id":"https:\/\/portaltela.pt\/s.01k8rhncp4jt1\/2025\/11\/talking-bot-125x125.png","url":"https:\/\/portaltela.pt\/s.01k8rhncp4jt1\/2025\/11\/talking-bot-125x125.png","contentUrl":"https:\/\/portaltela.pt\/s.01k8rhncp4jt1\/2025\/11\/talking-bot-125x125.png","caption":"Telinha"},"sameAs":["https:\/\/portaltela.pt\/"],"url":"https:\/\/portaltela.pt\/por\/367410592786\/"}]}},"_links":{"self":[{"href":"https:\/\/portaltela.pt\/api\/wp\/v2\/posts\/151579","targetHints":{"allow":["GET"]}}],"collection":[{"href":"https:\/\/portaltela.pt\/api\/wp\/v2\/posts"}],"about":[{"href":"https:\/\/portaltela.pt\/api\/wp\/v2\/types\/post"}],"author":[{"embeddable":true,"href":"https:\/\/portaltela.pt\/api\/wp\/v2\/users\/2"}],"replies":[{"embeddable":true,"href":"https:\/\/portaltela.pt\/api\/wp\/v2\/comments?post=151579"}],"version-history":[{"count":0,"href":"https:\/\/portaltela.pt\/api\/wp\/v2\/posts\/151579\/revisions"}],"wp:featuredmedia":[{"embeddable":true,"href":"https:\/\/portaltela.pt\/api\/wp\/v2\/media\/151596"}],"wp:attachment":[{"href":"https:\/\/portaltela.pt\/api\/wp\/v2\/media?parent=151579"}],"wp:term":[{"taxonomy":"category","embeddable":true,"href":"https:\/\/portaltela.pt\/api\/wp\/v2\/categories?post=151579"},{"taxonomy":"post_tag","embeddable":true,"href":"https:\/\/portaltela.pt\/api\/wp\/v2\/tags?post=151579"}],"curies":[{"name":"wp","href":"https:\/\/api.w.org\/{rel}","templated":true}]}}