{"id":151576,"date":"2026-01-18T20:31:42","date_gmt":"2026-01-18T23:31:42","guid":{"rendered":"https:\/\/portaltela.pt\/noticias\/2026\/01\/18\/cotrim-2-o-antonio-filipe-6-o-e-vieira-8-o-em-lisboa-onde-nasceram\/"},"modified":"2026-01-18T20:31:42","modified_gmt":"2026-01-18T23:31:42","slug":"cotrim-2-o-antonio-filipe-6-o-e-vieira-8-o-em-lisboa-onde-nasceram","status":"publish","type":"post","link":"https:\/\/portaltela.pt\/noticias\/politica\/2026\/01\/18\/cotrim-2-o-antonio-filipe-6-o-e-vieira-8-o-em-lisboa-onde-nasceram\/","title":{"rendered":"Cotrim 2.\u00ba, Ant\u00f3nio Filipe 6.\u00ba e Vieira 8.\u00ba em Lisboa, onde nasceram"},"content":{"rendered":"<p>Jo\u00e3o Cotrim Figueiredo ficou em segundo lugar em Lisboa, o concelho onde nasceu, segundo os dados provis\u00f3rios da Secretaria-Geral da Administra\u00e7\u00e3o Interna. Ant\u00f3nio Filipe e Manuel Jo\u00e3o Vieira, tamb\u00e9m nascidos na capital, ficaram em sexto e oitavo lugar, respetivamente, nas elei\u00e7\u00f5es presidenciais.<\/p>\n<p>Em Lisboa, com as 24 freguesias j\u00e1 apuradas, Cotrim Figueiredo reuniu 22,79% dos votos, correspondentes a 67.862 votos. Seguro lidera a n\u00edvel nacional com 31,14% (dados provis\u00f3rios de 3.255 freguesias apuradas).<\/p>\n<p>Ant\u00f3nio Filipe, apoiado pelo PCP, obteve na cidade 2,33% (6.925 votos). Manuel Jo\u00e3o Vieira obteve 1,57% (4.688 votos). No total, votaram em Lisboa 302.617 eleitores de um universo de 457.956 inscritos, equivalentes a 66,08% de participa\u00e7\u00e3o, com 33,92% de absten\u00e7\u00e3o.<\/p>\n<h3>Resultados nacionais (provis\u00f3rios)<\/h3>\n<p>Em cen\u00e1rio global, Ant\u00f3nio Jos\u00e9 Seguro \u00e9 o candidato mais votado, com 31,14%. Andr\u00e9 Ventura surge em segundo, com 23,47%, e Cotrim de Figueiredo fica em terceiro, com 16,00%, segundo os dados provis\u00f3rios dispon\u00edveis. O processo encontra-se em 97 dos 109 consulados e em 3.255 de 3.259 freguesias apuradas.<\/p>\n","protected":false},"excerpt":{"rendered":"<ul>\n<li>Em Lisboa, onde nasceram, Jo\u00e3o Cotrim Figueiredo ficou em segundo lugar nas presidenciais, com 22,79% (67.862 votos).<\/li>\n<li>Ant\u00f3nio Filipe, tamb\u00e9m nascido em Lisboa, ficou em sexto lugar na capital, com 2,33% (6.925 votos).<\/li>\n<li>Manuel Jo\u00e3o Vieira, nascido em Lisboa, ficou em oitavo lugar no concelho, com 1,57% (4.688 votos).<\/li>\n<li>Ao todo votaram em Lisboa 302.617 dos 457.956 eleitores inscritos, numa absten\u00e7\u00e3o de 33,92%.<\/li>\n<li>A n\u00edvel nacional, Ant\u00f3nio Jos\u00e9 Seguro lidera com 31,14%, seguido de Andr\u00e9 Ventura com 23,47% e Jo\u00e3o Cotrim de Figueiredo com 16,00% (resultados provis\u00f3rios nas freguesias).<\/li>\n<\/ul>\n","protected":false},"author":2,"featured_media":151580,"comment_status":"closed","ping_status":"closed","sticky":false,"template":"","format":"standard","meta":{"footnotes":""},"categories":[1,5],"tags":[2766,2678,68,981,3001,3416],"class_list":["post-151576","post","type-post","status-publish","format-standard","has-post-thumbnail","hentry","category-noticias","category-politica","tag-antonio-filipe","tag-cotrim-de-figueiredo","tag-eleicoes","tag-lisboa","tag-presidenciais","tag-seguro"],"yoast_head":"<!-- This site is optimized with the Yoast SEO plugin v27.2 - https:\/\/yoast.com\/product\/yoast-seo-wordpress\/ -->\n<title>Cotrim 2.\u00ba, Ant\u00f3nio Filipe 6.\u00ba e Vieira 8.\u00ba em Lisboa, onde nasceram - Portal Tela Portugal<\/title>\n<meta name=\"robots\" content=\"index, follow, max-snippet:-1, max-image-preview:large, max-video-preview:-1\" \/>\n<meta property=\"og:locale\" content=\"pt_PT\" \/>\n<meta property=\"og:type\" content=\"article\" \/>\n<meta property=\"og:title\" content=\"Cotrim 2.\u00ba, Ant\u00f3nio Filipe 6.\u00ba e Vieira 8.\u00ba em Lisboa, onde nasceram - Portal Tela Portugal\" \/>\n<meta property=\"og:description\" content=\"Em Lisboa, onde nasceram, Jo\u00e3o Cotrim Figueiredo ficou em segundo lugar nas presidenciais, com 22,79% (67.862 votos). Ant\u00f3nio Filipe, tamb\u00e9m nascido em Lisboa, ficou em sexto lugar na capital, com 2,33% (6.925 votos). Manuel Jo\u00e3o Vieira, nascido em Lisboa, ficou em oitavo lugar no concelho, com 1,57% (4.688 votos). Ao todo votaram em Lisboa 302.617 dos 457.956 eleitores inscritos, numa absten\u00e7\u00e3o de 33,92%. A n\u00edvel nacional, Ant\u00f3nio Jos\u00e9 Seguro lidera com 31,14%, seguido de Andr\u00e9 Ventura com 23,47% e Jo\u00e3o Cotrim de Figueiredo com 16,00% (resultados provis\u00f3rios nas freguesias).\" \/>\n<meta property=\"og:url\" content=\"https:\/\/portaltela.pt\/noticias\/2026\/01\/18\/cotrim-2-o-antonio-filipe-6-o-e-vieira-8-o-em-lisboa-onde-nasceram\/\" \/>\n<meta property=\"og:site_name\" content=\"Portal Tela Portugal\" \/>\n<meta property=\"article:published_time\" content=\"2026-01-18T23:31:42+00:00\" \/>\n<meta name=\"author\" content=\"Telinha\" \/>\n<meta name=\"twitter:card\" content=\"summary_large_image\" \/>\n<meta name=\"twitter:label1\" content=\"Escrito por\" \/>\n\t<meta name=\"twitter:data1\" content=\"Telinha\" \/>\n\t<meta name=\"twitter:label2\" content=\"Tempo estimado de leitura\" \/>\n\t<meta name=\"twitter:data2\" content=\"1 minuto\" \/>\n<script type=\"application\/ld+json\" class=\"yoast-schema-graph\">{\"@context\":\"https:\/\/schema.org\",\"@graph\":[{\"@type\":\"Article\",\"@id\":\"https:\/\/portaltela.pt\/noticias\/2026\/01\/18\/cotrim-2-o-antonio-filipe-6-o-e-vieira-8-o-em-lisboa-onde-nasceram\/#article\",\"isPartOf\":{\"@id\":\"https:\/\/portaltela.pt\/noticias\/2026\/01\/18\/cotrim-2-o-antonio-filipe-6-o-e-vieira-8-o-em-lisboa-onde-nasceram\/\"},\"author\":{\"name\":\"Telinha\",\"@id\":\"https:\/\/portaltela.pt\/#\/schema\/person\/c4278d4a6028830caff9ee44b42d32ed\"},\"headline\":\"Cotrim 2.\u00ba, Ant\u00f3nio Filipe 6.\u00ba e Vieira 8.\u00ba em Lisboa, onde nasceram\",\"datePublished\":\"2026-01-18T23:31:42+00:00\",\"mainEntityOfPage\":{\"@id\":\"https:\/\/portaltela.pt\/noticias\/2026\/01\/18\/cotrim-2-o-antonio-filipe-6-o-e-vieira-8-o-em-lisboa-onde-nasceram\/\"},\"wordCount\":172,\"image\":{\"@id\":\"https:\/\/portaltela.pt\/noticias\/2026\/01\/18\/cotrim-2-o-antonio-filipe-6-o-e-vieira-8-o-em-lisboa-onde-nasceram\/#primaryimage\"},\"thumbnailUrl\":\"https:\/\/portaltela.pt\/s.01k8rhncp4jt1\/2026\/01\/img_1500x1000uu2026-01-18-22-44-30-2261199.jpg\",\"keywords\":[\"Ant\u00f3nio Filipe\",\"Cotrim de Figueiredo\",\"elei\u00e7\u00f5es\",\"Lisboa\",\"Presidenciais\",\"Seguro\"],\"articleSection\":[\"Not\u00edcias\",\"Pol\u00edtica\"],\"inLanguage\":\"pt-PT\"},{\"@type\":\"WebPage\",\"@id\":\"https:\/\/portaltela.pt\/noticias\/2026\/01\/18\/cotrim-2-o-antonio-filipe-6-o-e-vieira-8-o-em-lisboa-onde-nasceram\/\",\"url\":\"https:\/\/portaltela.pt\/noticias\/2026\/01\/18\/cotrim-2-o-antonio-filipe-6-o-e-vieira-8-o-em-lisboa-onde-nasceram\/\",\"name\":\"Cotrim 2.\u00ba, Ant\u00f3nio Filipe 6.\u00ba e Vieira 8.\u00ba em Lisboa, onde nasceram - Portal Tela Portugal\",\"isPartOf\":{\"@id\":\"https:\/\/portaltela.pt\/#website\"},\"primaryImageOfPage\":{\"@id\":\"https:\/\/portaltela.pt\/noticias\/2026\/01\/18\/cotrim-2-o-antonio-filipe-6-o-e-vieira-8-o-em-lisboa-onde-nasceram\/#primaryimage\"},\"image\":{\"@id\":\"https:\/\/portaltela.pt\/noticias\/2026\/01\/18\/cotrim-2-o-antonio-filipe-6-o-e-vieira-8-o-em-lisboa-onde-nasceram\/#primaryimage\"},\"thumbnailUrl\":\"https:\/\/portaltela.pt\/s.01k8rhncp4jt1\/2026\/01\/img_1500x1000uu2026-01-18-22-44-30-2261199.jpg\",\"datePublished\":\"2026-01-18T23:31:42+00:00\",\"author\":{\"@id\":\"https:\/\/portaltela.pt\/#\/schema\/person\/c4278d4a6028830caff9ee44b42d32ed\"},\"breadcrumb\":{\"@id\":\"https:\/\/portaltela.pt\/noticias\/2026\/01\/18\/cotrim-2-o-antonio-filipe-6-o-e-vieira-8-o-em-lisboa-onde-nasceram\/#breadcrumb\"},\"inLanguage\":\"pt-PT\",\"potentialAction\":[{\"@type\":\"ReadAction\",\"target\":[\"https:\/\/portaltela.pt\/noticias\/2026\/01\/18\/cotrim-2-o-antonio-filipe-6-o-e-vieira-8-o-em-lisboa-onde-nasceram\/\"]}]},{\"@type\":\"ImageObject\",\"inLanguage\":\"pt-PT\",\"@id\":\"https:\/\/portaltela.pt\/noticias\/2026\/01\/18\/cotrim-2-o-antonio-filipe-6-o-e-vieira-8-o-em-lisboa-onde-nasceram\/#primaryimage\",\"url\":\"https:\/\/portaltela.pt\/s.01k8rhncp4jt1\/2026\/01\/img_1500x1000uu2026-01-18-22-44-30-2261199.jpg\",\"contentUrl\":\"https:\/\/portaltela.pt\/s.01k8rhncp4jt1\/2026\/01\/img_1500x1000uu2026-01-18-22-44-30-2261199.jpg\",\"width\":796,\"height\":448,\"caption\":\"Cotrim de Figueiredo\"},{\"@type\":\"BreadcrumbList\",\"@id\":\"https:\/\/portaltela.pt\/noticias\/2026\/01\/18\/cotrim-2-o-antonio-filipe-6-o-e-vieira-8-o-em-lisboa-onde-nasceram\/#breadcrumb\",\"itemListElement\":[{\"@type\":\"ListItem\",\"position\":1,\"name\":\"In\u00edcio\",\"item\":\"https:\/\/portaltela.pt\/\"},{\"@type\":\"ListItem\",\"position\":2,\"name\":\"Cotrim 2.\u00ba, Ant\u00f3nio Filipe 6.\u00ba e Vieira 8.\u00ba em Lisboa, onde nasceram\"}]},{\"@type\":\"WebSite\",\"@id\":\"https:\/\/portaltela.pt\/#website\",\"url\":\"https:\/\/portaltela.pt\/\",\"name\":\"Portal Tela Portugal\",\"description\":\"\",\"potentialAction\":[{\"@type\":\"SearchAction\",\"target\":{\"@type\":\"EntryPoint\",\"urlTemplate\":\"https:\/\/portaltela.pt\/?s={search_term_string}\"},\"query-input\":{\"@type\":\"PropertyValueSpecification\",\"valueRequired\":true,\"valueName\":\"search_term_string\"}}],\"inLanguage\":\"pt-PT\"},{\"@type\":\"Person\",\"@id\":\"https:\/\/portaltela.pt\/#\/schema\/person\/c4278d4a6028830caff9ee44b42d32ed\",\"name\":\"Telinha\",\"image\":{\"@type\":\"ImageObject\",\"inLanguage\":\"pt-PT\",\"@id\":\"https:\/\/portaltela.pt\/s.01k8rhncp4jt1\/2025\/11\/talking-bot-125x125.png\",\"url\":\"https:\/\/portaltela.pt\/s.01k8rhncp4jt1\/2025\/11\/talking-bot-125x125.png\",\"contentUrl\":\"https:\/\/portaltela.pt\/s.01k8rhncp4jt1\/2025\/11\/talking-bot-125x125.png\",\"caption\":\"Telinha\"},\"sameAs\":[\"https:\/\/portaltela.pt\/\"],\"url\":\"https:\/\/portaltela.pt\/por\/367410592786\/\"}]}<\/script>\n<!-- \/ Yoast SEO plugin. -->","yoast_head_json":{"title":"Cotrim 2.\u00ba, Ant\u00f3nio Filipe 6.\u00ba e Vieira 8.\u00ba em Lisboa, onde nasceram - Portal Tela Portugal","robots":{"index":"index","follow":"follow","max-snippet":"max-snippet:-1","max-image-preview":"max-image-preview:large","max-video-preview":"max-video-preview:-1"},"og_locale":"pt_PT","og_type":"article","og_title":"Cotrim 2.\u00ba, Ant\u00f3nio Filipe 6.\u00ba e Vieira 8.\u00ba em Lisboa, onde nasceram - Portal Tela Portugal","og_description":"Em Lisboa, onde nasceram, Jo\u00e3o Cotrim Figueiredo ficou em segundo lugar nas presidenciais, com 22,79% (67.862 votos). Ant\u00f3nio Filipe, tamb\u00e9m nascido em Lisboa, ficou em sexto lugar na capital, com 2,33% (6.925 votos). Manuel Jo\u00e3o Vieira, nascido em Lisboa, ficou em oitavo lugar no concelho, com 1,57% (4.688 votos). Ao todo votaram em Lisboa 302.617 dos 457.956 eleitores inscritos, numa absten\u00e7\u00e3o de 33,92%. A n\u00edvel nacional, Ant\u00f3nio Jos\u00e9 Seguro lidera com 31,14%, seguido de Andr\u00e9 Ventura com 23,47% e Jo\u00e3o Cotrim de Figueiredo com 16,00% (resultados provis\u00f3rios nas freguesias).","og_url":"https:\/\/portaltela.pt\/noticias\/2026\/01\/18\/cotrim-2-o-antonio-filipe-6-o-e-vieira-8-o-em-lisboa-onde-nasceram\/","og_site_name":"Portal Tela Portugal","article_published_time":"2026-01-18T23:31:42+00:00","author":"Telinha","twitter_card":"summary_large_image","twitter_misc":{"Escrito por":"Telinha","Tempo estimado de leitura":"1 minuto"},"schema":{"@context":"https:\/\/schema.org","@graph":[{"@type":"Article","@id":"https:\/\/portaltela.pt\/noticias\/2026\/01\/18\/cotrim-2-o-antonio-filipe-6-o-e-vieira-8-o-em-lisboa-onde-nasceram\/#article","isPartOf":{"@id":"https:\/\/portaltela.pt\/noticias\/2026\/01\/18\/cotrim-2-o-antonio-filipe-6-o-e-vieira-8-o-em-lisboa-onde-nasceram\/"},"author":{"name":"Telinha","@id":"https:\/\/portaltela.pt\/#\/schema\/person\/c4278d4a6028830caff9ee44b42d32ed"},"headline":"Cotrim 2.\u00ba, Ant\u00f3nio Filipe 6.\u00ba e Vieira 8.\u00ba em Lisboa, onde nasceram","datePublished":"2026-01-18T23:31:42+00:00","mainEntityOfPage":{"@id":"https:\/\/portaltela.pt\/noticias\/2026\/01\/18\/cotrim-2-o-antonio-filipe-6-o-e-vieira-8-o-em-lisboa-onde-nasceram\/"},"wordCount":172,"image":{"@id":"https:\/\/portaltela.pt\/noticias\/2026\/01\/18\/cotrim-2-o-antonio-filipe-6-o-e-vieira-8-o-em-lisboa-onde-nasceram\/#primaryimage"},"thumbnailUrl":"https:\/\/portaltela.pt\/s.01k8rhncp4jt1\/2026\/01\/img_1500x1000uu2026-01-18-22-44-30-2261199.jpg","keywords":["Ant\u00f3nio Filipe","Cotrim de Figueiredo","elei\u00e7\u00f5es","Lisboa","Presidenciais","Seguro"],"articleSection":["Not\u00edcias","Pol\u00edtica"],"inLanguage":"pt-PT"},{"@type":"WebPage","@id":"https:\/\/portaltela.pt\/noticias\/2026\/01\/18\/cotrim-2-o-antonio-filipe-6-o-e-vieira-8-o-em-lisboa-onde-nasceram\/","url":"https:\/\/portaltela.pt\/noticias\/2026\/01\/18\/cotrim-2-o-antonio-filipe-6-o-e-vieira-8-o-em-lisboa-onde-nasceram\/","name":"Cotrim 2.\u00ba, Ant\u00f3nio Filipe 6.\u00ba e Vieira 8.\u00ba em Lisboa, onde nasceram - Portal Tela Portugal","isPartOf":{"@id":"https:\/\/portaltela.pt\/#website"},"primaryImageOfPage":{"@id":"https:\/\/portaltela.pt\/noticias\/2026\/01\/18\/cotrim-2-o-antonio-filipe-6-o-e-vieira-8-o-em-lisboa-onde-nasceram\/#primaryimage"},"image":{"@id":"https:\/\/portaltela.pt\/noticias\/2026\/01\/18\/cotrim-2-o-antonio-filipe-6-o-e-vieira-8-o-em-lisboa-onde-nasceram\/#primaryimage"},"thumbnailUrl":"https:\/\/portaltela.pt\/s.01k8rhncp4jt1\/2026\/01\/img_1500x1000uu2026-01-18-22-44-30-2261199.jpg","datePublished":"2026-01-18T23:31:42+00:00","author":{"@id":"https:\/\/portaltela.pt\/#\/schema\/person\/c4278d4a6028830caff9ee44b42d32ed"},"breadcrumb":{"@id":"https:\/\/portaltela.pt\/noticias\/2026\/01\/18\/cotrim-2-o-antonio-filipe-6-o-e-vieira-8-o-em-lisboa-onde-nasceram\/#breadcrumb"},"inLanguage":"pt-PT","potentialAction":[{"@type":"ReadAction","target":["https:\/\/portaltela.pt\/noticias\/2026\/01\/18\/cotrim-2-o-antonio-filipe-6-o-e-vieira-8-o-em-lisboa-onde-nasceram\/"]}]},{"@type":"ImageObject","inLanguage":"pt-PT","@id":"https:\/\/portaltela.pt\/noticias\/2026\/01\/18\/cotrim-2-o-antonio-filipe-6-o-e-vieira-8-o-em-lisboa-onde-nasceram\/#primaryimage","url":"https:\/\/portaltela.pt\/s.01k8rhncp4jt1\/2026\/01\/img_1500x1000uu2026-01-18-22-44-30-2261199.jpg","contentUrl":"https:\/\/portaltela.pt\/s.01k8rhncp4jt1\/2026\/01\/img_1500x1000uu2026-01-18-22-44-30-2261199.jpg","width":796,"height":448,"caption":"Cotrim de Figueiredo"},{"@type":"BreadcrumbList","@id":"https:\/\/portaltela.pt\/noticias\/2026\/01\/18\/cotrim-2-o-antonio-filipe-6-o-e-vieira-8-o-em-lisboa-onde-nasceram\/#breadcrumb","itemListElement":[{"@type":"ListItem","position":1,"name":"In\u00edcio","item":"https:\/\/portaltela.pt\/"},{"@type":"ListItem","position":2,"name":"Cotrim 2.\u00ba, Ant\u00f3nio Filipe 6.\u00ba e Vieira 8.\u00ba em Lisboa, onde nasceram"}]},{"@type":"WebSite","@id":"https:\/\/portaltela.pt\/#website","url":"https:\/\/portaltela.pt\/","name":"Portal Tela Portugal","description":"","potentialAction":[{"@type":"SearchAction","target":{"@type":"EntryPoint","urlTemplate":"https:\/\/portaltela.pt\/?s={search_term_string}"},"query-input":{"@type":"PropertyValueSpecification","valueRequired":true,"valueName":"search_term_string"}}],"inLanguage":"pt-PT"},{"@type":"Person","@id":"https:\/\/portaltela.pt\/#\/schema\/person\/c4278d4a6028830caff9ee44b42d32ed","name":"Telinha","image":{"@type":"ImageObject","inLanguage":"pt-PT","@id":"https:\/\/portaltela.pt\/s.01k8rhncp4jt1\/2025\/11\/talking-bot-125x125.png","url":"https:\/\/portaltela.pt\/s.01k8rhncp4jt1\/2025\/11\/talking-bot-125x125.png","contentUrl":"https:\/\/portaltela.pt\/s.01k8rhncp4jt1\/2025\/11\/talking-bot-125x125.png","caption":"Telinha"},"sameAs":["https:\/\/portaltela.pt\/"],"url":"https:\/\/portaltela.pt\/por\/367410592786\/"}]}},"_links":{"self":[{"href":"https:\/\/portaltela.pt\/api\/wp\/v2\/posts\/151576","targetHints":{"allow":["GET"]}}],"collection":[{"href":"https:\/\/portaltela.pt\/api\/wp\/v2\/posts"}],"about":[{"href":"https:\/\/portaltela.pt\/api\/wp\/v2\/types\/post"}],"author":[{"embeddable":true,"href":"https:\/\/portaltela.pt\/api\/wp\/v2\/users\/2"}],"replies":[{"embeddable":true,"href":"https:\/\/portaltela.pt\/api\/wp\/v2\/comments?post=151576"}],"version-history":[{"count":0,"href":"https:\/\/portaltela.pt\/api\/wp\/v2\/posts\/151576\/revisions"}],"wp:featuredmedia":[{"embeddable":true,"href":"https:\/\/portaltela.pt\/api\/wp\/v2\/media\/151580"}],"wp:attachment":[{"href":"https:\/\/portaltela.pt\/api\/wp\/v2\/media?parent=151576"}],"wp:term":[{"taxonomy":"category","embeddable":true,"href":"https:\/\/portaltela.pt\/api\/wp\/v2\/categories?post=151576"},{"taxonomy":"post_tag","embeddable":true,"href":"https:\/\/portaltela.pt\/api\/wp\/v2\/tags?post=151576"}],"curies":[{"name":"wp","href":"https:\/\/api.w.org\/{rel}","templated":true}]}}