{"id":151573,"date":"2026-01-18T20:48:00","date_gmt":"2026-01-18T23:48:00","guid":{"rendered":"https:\/\/portaltela.pt\/noticias\/2026\/01\/18\/final-da-can-vencida-pelo-senegal-foi-marcada-por-caos-e-dramatismo\/"},"modified":"2026-01-18T20:48:00","modified_gmt":"2026-01-18T23:48:00","slug":"final-da-can-vencida-pelo-senegal-foi-marcada-por-caos-e-dramatismo","status":"publish","type":"post","link":"https:\/\/portaltela.pt\/desporto\/futebol\/2026\/01\/18\/final-da-can-vencida-pelo-senegal-foi-marcada-por-caos-e-dramatismo\/","title":{"rendered":"Final da CAN vencida pelo Senegal foi marcada por caos e dramatismo"},"content":{"rendered":"<p>O Senegal venceu a final da CAN, assumindo pela segunda vez o t\u00edtulo africano, ap\u00f3s um encontro marcado por dram\u00e1ticos momentos de conviv\u00eancia entre o \u00e1rbitro e a equipa. No \u00faltimo lance regulamentar, aos 90+24 minutos, Brahim D\u00edaz falhou uma pen\u00e1lti em estilo Panenka frente ao guarda-redes Mendy, ap\u00f3s uma longa s\u00e9rie de decis\u00f5es contestadas e de um recolher parcial dos jogadores senegaleses ao balne\u00e1rio. A vit\u00f3ria foi celebrada em Rabat, onde o Senegal garantiu o bicampeonato.<\/p>\n<p>A partida envolveu momentos de press\u00e3o e volatilidade, com decis\u00f5es arbitr\u00e1rias que acenderam pol\u00e9mica entre os adeptos e a equipa senegalesa. O autor do \u00faltimo toque decisivo ficou marcado pela falha, transformando-se no centro da conversa, numa jogada que poderia ter usado o caminho para o t\u00edtulo. Em vez disso, Papa Gueye acabou por ser visto como o her\u00f3i da vit\u00f3ria, ao faz\u00ea-lo soar como o vencedor do t\u00edtulo em terras marroquinas.<\/p>\n<p>No desfecho, o Senegal consolidou a conquista na presen\u00e7a de f\u00e3s e de autoridades locais, celebrando a remontagem de uma campanha que j\u00e1 o havia visto erguer o trof\u00e9u em 2021. A equipa senegalesa retorna \u00e0 ribalta africana com o t\u00edtulo, enquanto o p\u00fablico acompanha as rea\u00e7\u00f5es a uma final carregada de tens\u00e3o e, sobretudo, de momentos decisivos.<\/p>\n","protected":false},"excerpt":{"rendered":"<ul>\n<li>Senegal sagrou-se campe\u00e3o africano pela segunda vez, igualando o feito de 2021, ap\u00f3s a final disputada em Rabat.<\/li>\n<li>No tempo regulamentar, aos 90+24 minutos, Brahim D\u00edaz cobrou uma grande penalidade em Panenka que foi defesa de Mendy.<\/li>\n<li>A decis\u00e3o de arbitragem gerou controv\u00e9rsia e houve recolha parcial da sele\u00e7\u00e3o senegalesa ao balne\u00e1rio como sinal de protesto.<\/li>\n<li>A festa da vit\u00f3ria aconteceu em Rabat, com o Senegal a celebrar o bicampeonato.<\/li>\n<li>Marrocos continua \u00e0 espera do primeiro t\u00edtulo desde 1976.<\/li>\n<\/ul>\n","protected":false},"author":2,"featured_media":151575,"comment_status":"closed","ping_status":"closed","sticky":false,"template":"","format":"standard","meta":{"footnotes":""},"categories":[21,24],"tags":[1289,32,3338,44,2508,1883],"class_list":["post-151573","post","type-post","status-publish","format-standard","has-post-thumbnail","hentry","category-desporto","category-futebol","tag-arbitragem","tag-futebol","tag-futebol-internacional","tag-polemicas","tag-rabat","tag-senegal"],"yoast_head":"<!-- This site is optimized with the Yoast SEO plugin v27.2 - https:\/\/yoast.com\/product\/yoast-seo-wordpress\/ -->\n<title>Final da CAN vencida pelo Senegal foi marcada por caos e dramatismo - Portal Tela Portugal<\/title>\n<meta name=\"robots\" content=\"index, follow, max-snippet:-1, max-image-preview:large, max-video-preview:-1\" \/>\n<meta property=\"og:locale\" content=\"pt_PT\" \/>\n<meta property=\"og:type\" content=\"article\" \/>\n<meta property=\"og:title\" content=\"Final da CAN vencida pelo Senegal foi marcada por caos e dramatismo - Portal Tela Portugal\" \/>\n<meta property=\"og:description\" content=\"Senegal sagrou-se campe\u00e3o africano pela segunda vez, igualando o feito de 2021, ap\u00f3s a final disputada em Rabat. No tempo regulamentar, aos 90+24 minutos, Brahim D\u00edaz cobrou uma grande penalidade em Panenka que foi defesa de Mendy. A decis\u00e3o de arbitragem gerou controv\u00e9rsia e houve recolha parcial da sele\u00e7\u00e3o senegalesa ao balne\u00e1rio como sinal de protesto. A festa da vit\u00f3ria aconteceu em Rabat, com o Senegal a celebrar o bicampeonato. Marrocos continua \u00e0 espera do primeiro t\u00edtulo desde 1976.\" \/>\n<meta property=\"og:url\" content=\"https:\/\/portaltela.pt\/noticias\/2026\/01\/18\/final-da-can-vencida-pelo-senegal-foi-marcada-por-caos-e-dramatismo\/\" \/>\n<meta property=\"og:site_name\" content=\"Portal Tela Portugal\" \/>\n<meta property=\"article:published_time\" content=\"2026-01-18T23:48:00+00:00\" \/>\n<meta name=\"author\" content=\"Telinha\" \/>\n<meta name=\"twitter:card\" content=\"summary_large_image\" \/>\n<meta name=\"twitter:label1\" content=\"Escrito por\" \/>\n\t<meta name=\"twitter:data1\" content=\"Telinha\" \/>\n\t<meta name=\"twitter:label2\" content=\"Tempo estimado de leitura\" \/>\n\t<meta name=\"twitter:data2\" content=\"1 minuto\" \/>\n<script type=\"application\/ld+json\" class=\"yoast-schema-graph\">{\"@context\":\"https:\/\/schema.org\",\"@graph\":[{\"@type\":\"Article\",\"@id\":\"https:\/\/portaltela.pt\/noticias\/2026\/01\/18\/final-da-can-vencida-pelo-senegal-foi-marcada-por-caos-e-dramatismo\/#article\",\"isPartOf\":{\"@id\":\"https:\/\/portaltela.pt\/noticias\/2026\/01\/18\/final-da-can-vencida-pelo-senegal-foi-marcada-por-caos-e-dramatismo\/\"},\"author\":{\"name\":\"Telinha\",\"@id\":\"https:\/\/portaltela.pt\/#\/schema\/person\/c4278d4a6028830caff9ee44b42d32ed\"},\"headline\":\"Final da CAN vencida pelo Senegal foi marcada por caos e dramatismo\",\"datePublished\":\"2026-01-18T23:48:00+00:00\",\"mainEntityOfPage\":{\"@id\":\"https:\/\/portaltela.pt\/noticias\/2026\/01\/18\/final-da-can-vencida-pelo-senegal-foi-marcada-por-caos-e-dramatismo\/\"},\"wordCount\":243,\"image\":{\"@id\":\"https:\/\/portaltela.pt\/noticias\/2026\/01\/18\/final-da-can-vencida-pelo-senegal-foi-marcada-por-caos-e-dramatismo\/#primaryimage\"},\"thumbnailUrl\":\"https:\/\/portaltela.pt\/s.01k8rhncp4jt1\/2026\/01\/image-1111.jpg\",\"keywords\":[\"arbitragem\",\"futebol\",\"futebol internacional\",\"pol\u00eamicas\",\"Rabat\",\"Senegal\"],\"articleSection\":[\"Desporto\",\"Futebol\"],\"inLanguage\":\"pt-PT\"},{\"@type\":\"WebPage\",\"@id\":\"https:\/\/portaltela.pt\/noticias\/2026\/01\/18\/final-da-can-vencida-pelo-senegal-foi-marcada-por-caos-e-dramatismo\/\",\"url\":\"https:\/\/portaltela.pt\/noticias\/2026\/01\/18\/final-da-can-vencida-pelo-senegal-foi-marcada-por-caos-e-dramatismo\/\",\"name\":\"Final da CAN vencida pelo Senegal foi marcada por caos e dramatismo - Portal Tela Portugal\",\"isPartOf\":{\"@id\":\"https:\/\/portaltela.pt\/#website\"},\"primaryImageOfPage\":{\"@id\":\"https:\/\/portaltela.pt\/noticias\/2026\/01\/18\/final-da-can-vencida-pelo-senegal-foi-marcada-por-caos-e-dramatismo\/#primaryimage\"},\"image\":{\"@id\":\"https:\/\/portaltela.pt\/noticias\/2026\/01\/18\/final-da-can-vencida-pelo-senegal-foi-marcada-por-caos-e-dramatismo\/#primaryimage\"},\"thumbnailUrl\":\"https:\/\/portaltela.pt\/s.01k8rhncp4jt1\/2026\/01\/image-1111.jpg\",\"datePublished\":\"2026-01-18T23:48:00+00:00\",\"author\":{\"@id\":\"https:\/\/portaltela.pt\/#\/schema\/person\/c4278d4a6028830caff9ee44b42d32ed\"},\"breadcrumb\":{\"@id\":\"https:\/\/portaltela.pt\/noticias\/2026\/01\/18\/final-da-can-vencida-pelo-senegal-foi-marcada-por-caos-e-dramatismo\/#breadcrumb\"},\"inLanguage\":\"pt-PT\",\"potentialAction\":[{\"@type\":\"ReadAction\",\"target\":[\"https:\/\/portaltela.pt\/noticias\/2026\/01\/18\/final-da-can-vencida-pelo-senegal-foi-marcada-por-caos-e-dramatismo\/\"]}]},{\"@type\":\"ImageObject\",\"inLanguage\":\"pt-PT\",\"@id\":\"https:\/\/portaltela.pt\/noticias\/2026\/01\/18\/final-da-can-vencida-pelo-senegal-foi-marcada-por-caos-e-dramatismo\/#primaryimage\",\"url\":\"https:\/\/portaltela.pt\/s.01k8rhncp4jt1\/2026\/01\/image-1111.jpg\",\"contentUrl\":\"https:\/\/portaltela.pt\/s.01k8rhncp4jt1\/2026\/01\/image-1111.jpg\",\"width\":796,\"height\":448,\"caption\":\"Caos reinou na final das Na\u00e7\u00f5es Africanas\"},{\"@type\":\"BreadcrumbList\",\"@id\":\"https:\/\/portaltela.pt\/noticias\/2026\/01\/18\/final-da-can-vencida-pelo-senegal-foi-marcada-por-caos-e-dramatismo\/#breadcrumb\",\"itemListElement\":[{\"@type\":\"ListItem\",\"position\":1,\"name\":\"In\u00edcio\",\"item\":\"https:\/\/portaltela.pt\/\"},{\"@type\":\"ListItem\",\"position\":2,\"name\":\"Final da CAN vencida pelo Senegal foi marcada por caos e dramatismo\"}]},{\"@type\":\"WebSite\",\"@id\":\"https:\/\/portaltela.pt\/#website\",\"url\":\"https:\/\/portaltela.pt\/\",\"name\":\"Portal Tela Portugal\",\"description\":\"\",\"potentialAction\":[{\"@type\":\"SearchAction\",\"target\":{\"@type\":\"EntryPoint\",\"urlTemplate\":\"https:\/\/portaltela.pt\/?s={search_term_string}\"},\"query-input\":{\"@type\":\"PropertyValueSpecification\",\"valueRequired\":true,\"valueName\":\"search_term_string\"}}],\"inLanguage\":\"pt-PT\"},{\"@type\":\"Person\",\"@id\":\"https:\/\/portaltela.pt\/#\/schema\/person\/c4278d4a6028830caff9ee44b42d32ed\",\"name\":\"Telinha\",\"image\":{\"@type\":\"ImageObject\",\"inLanguage\":\"pt-PT\",\"@id\":\"https:\/\/portaltela.pt\/s.01k8rhncp4jt1\/2025\/11\/talking-bot-125x125.png\",\"url\":\"https:\/\/portaltela.pt\/s.01k8rhncp4jt1\/2025\/11\/talking-bot-125x125.png\",\"contentUrl\":\"https:\/\/portaltela.pt\/s.01k8rhncp4jt1\/2025\/11\/talking-bot-125x125.png\",\"caption\":\"Telinha\"},\"sameAs\":[\"https:\/\/portaltela.pt\/\"],\"url\":\"https:\/\/portaltela.pt\/por\/367410592786\/\"}]}<\/script>\n<!-- \/ Yoast SEO plugin. -->","yoast_head_json":{"title":"Final da CAN vencida pelo Senegal foi marcada por caos e dramatismo - Portal Tela Portugal","robots":{"index":"index","follow":"follow","max-snippet":"max-snippet:-1","max-image-preview":"max-image-preview:large","max-video-preview":"max-video-preview:-1"},"og_locale":"pt_PT","og_type":"article","og_title":"Final da CAN vencida pelo Senegal foi marcada por caos e dramatismo - Portal Tela Portugal","og_description":"Senegal sagrou-se campe\u00e3o africano pela segunda vez, igualando o feito de 2021, ap\u00f3s a final disputada em Rabat. No tempo regulamentar, aos 90+24 minutos, Brahim D\u00edaz cobrou uma grande penalidade em Panenka que foi defesa de Mendy. A decis\u00e3o de arbitragem gerou controv\u00e9rsia e houve recolha parcial da sele\u00e7\u00e3o senegalesa ao balne\u00e1rio como sinal de protesto. A festa da vit\u00f3ria aconteceu em Rabat, com o Senegal a celebrar o bicampeonato. Marrocos continua \u00e0 espera do primeiro t\u00edtulo desde 1976.","og_url":"https:\/\/portaltela.pt\/noticias\/2026\/01\/18\/final-da-can-vencida-pelo-senegal-foi-marcada-por-caos-e-dramatismo\/","og_site_name":"Portal Tela Portugal","article_published_time":"2026-01-18T23:48:00+00:00","author":"Telinha","twitter_card":"summary_large_image","twitter_misc":{"Escrito por":"Telinha","Tempo estimado de leitura":"1 minuto"},"schema":{"@context":"https:\/\/schema.org","@graph":[{"@type":"Article","@id":"https:\/\/portaltela.pt\/noticias\/2026\/01\/18\/final-da-can-vencida-pelo-senegal-foi-marcada-por-caos-e-dramatismo\/#article","isPartOf":{"@id":"https:\/\/portaltela.pt\/noticias\/2026\/01\/18\/final-da-can-vencida-pelo-senegal-foi-marcada-por-caos-e-dramatismo\/"},"author":{"name":"Telinha","@id":"https:\/\/portaltela.pt\/#\/schema\/person\/c4278d4a6028830caff9ee44b42d32ed"},"headline":"Final da CAN vencida pelo Senegal foi marcada por caos e dramatismo","datePublished":"2026-01-18T23:48:00+00:00","mainEntityOfPage":{"@id":"https:\/\/portaltela.pt\/noticias\/2026\/01\/18\/final-da-can-vencida-pelo-senegal-foi-marcada-por-caos-e-dramatismo\/"},"wordCount":243,"image":{"@id":"https:\/\/portaltela.pt\/noticias\/2026\/01\/18\/final-da-can-vencida-pelo-senegal-foi-marcada-por-caos-e-dramatismo\/#primaryimage"},"thumbnailUrl":"https:\/\/portaltela.pt\/s.01k8rhncp4jt1\/2026\/01\/image-1111.jpg","keywords":["arbitragem","futebol","futebol internacional","pol\u00eamicas","Rabat","Senegal"],"articleSection":["Desporto","Futebol"],"inLanguage":"pt-PT"},{"@type":"WebPage","@id":"https:\/\/portaltela.pt\/noticias\/2026\/01\/18\/final-da-can-vencida-pelo-senegal-foi-marcada-por-caos-e-dramatismo\/","url":"https:\/\/portaltela.pt\/noticias\/2026\/01\/18\/final-da-can-vencida-pelo-senegal-foi-marcada-por-caos-e-dramatismo\/","name":"Final da CAN vencida pelo Senegal foi marcada por caos e dramatismo - Portal Tela Portugal","isPartOf":{"@id":"https:\/\/portaltela.pt\/#website"},"primaryImageOfPage":{"@id":"https:\/\/portaltela.pt\/noticias\/2026\/01\/18\/final-da-can-vencida-pelo-senegal-foi-marcada-por-caos-e-dramatismo\/#primaryimage"},"image":{"@id":"https:\/\/portaltela.pt\/noticias\/2026\/01\/18\/final-da-can-vencida-pelo-senegal-foi-marcada-por-caos-e-dramatismo\/#primaryimage"},"thumbnailUrl":"https:\/\/portaltela.pt\/s.01k8rhncp4jt1\/2026\/01\/image-1111.jpg","datePublished":"2026-01-18T23:48:00+00:00","author":{"@id":"https:\/\/portaltela.pt\/#\/schema\/person\/c4278d4a6028830caff9ee44b42d32ed"},"breadcrumb":{"@id":"https:\/\/portaltela.pt\/noticias\/2026\/01\/18\/final-da-can-vencida-pelo-senegal-foi-marcada-por-caos-e-dramatismo\/#breadcrumb"},"inLanguage":"pt-PT","potentialAction":[{"@type":"ReadAction","target":["https:\/\/portaltela.pt\/noticias\/2026\/01\/18\/final-da-can-vencida-pelo-senegal-foi-marcada-por-caos-e-dramatismo\/"]}]},{"@type":"ImageObject","inLanguage":"pt-PT","@id":"https:\/\/portaltela.pt\/noticias\/2026\/01\/18\/final-da-can-vencida-pelo-senegal-foi-marcada-por-caos-e-dramatismo\/#primaryimage","url":"https:\/\/portaltela.pt\/s.01k8rhncp4jt1\/2026\/01\/image-1111.jpg","contentUrl":"https:\/\/portaltela.pt\/s.01k8rhncp4jt1\/2026\/01\/image-1111.jpg","width":796,"height":448,"caption":"Caos reinou na final das Na\u00e7\u00f5es Africanas"},{"@type":"BreadcrumbList","@id":"https:\/\/portaltela.pt\/noticias\/2026\/01\/18\/final-da-can-vencida-pelo-senegal-foi-marcada-por-caos-e-dramatismo\/#breadcrumb","itemListElement":[{"@type":"ListItem","position":1,"name":"In\u00edcio","item":"https:\/\/portaltela.pt\/"},{"@type":"ListItem","position":2,"name":"Final da CAN vencida pelo Senegal foi marcada por caos e dramatismo"}]},{"@type":"WebSite","@id":"https:\/\/portaltela.pt\/#website","url":"https:\/\/portaltela.pt\/","name":"Portal Tela Portugal","description":"","potentialAction":[{"@type":"SearchAction","target":{"@type":"EntryPoint","urlTemplate":"https:\/\/portaltela.pt\/?s={search_term_string}"},"query-input":{"@type":"PropertyValueSpecification","valueRequired":true,"valueName":"search_term_string"}}],"inLanguage":"pt-PT"},{"@type":"Person","@id":"https:\/\/portaltela.pt\/#\/schema\/person\/c4278d4a6028830caff9ee44b42d32ed","name":"Telinha","image":{"@type":"ImageObject","inLanguage":"pt-PT","@id":"https:\/\/portaltela.pt\/s.01k8rhncp4jt1\/2025\/11\/talking-bot-125x125.png","url":"https:\/\/portaltela.pt\/s.01k8rhncp4jt1\/2025\/11\/talking-bot-125x125.png","contentUrl":"https:\/\/portaltela.pt\/s.01k8rhncp4jt1\/2025\/11\/talking-bot-125x125.png","caption":"Telinha"},"sameAs":["https:\/\/portaltela.pt\/"],"url":"https:\/\/portaltela.pt\/por\/367410592786\/"}]}},"_links":{"self":[{"href":"https:\/\/portaltela.pt\/api\/wp\/v2\/posts\/151573","targetHints":{"allow":["GET"]}}],"collection":[{"href":"https:\/\/portaltela.pt\/api\/wp\/v2\/posts"}],"about":[{"href":"https:\/\/portaltela.pt\/api\/wp\/v2\/types\/post"}],"author":[{"embeddable":true,"href":"https:\/\/portaltela.pt\/api\/wp\/v2\/users\/2"}],"replies":[{"embeddable":true,"href":"https:\/\/portaltela.pt\/api\/wp\/v2\/comments?post=151573"}],"version-history":[{"count":0,"href":"https:\/\/portaltela.pt\/api\/wp\/v2\/posts\/151573\/revisions"}],"wp:featuredmedia":[{"embeddable":true,"href":"https:\/\/portaltela.pt\/api\/wp\/v2\/media\/151575"}],"wp:attachment":[{"href":"https:\/\/portaltela.pt\/api\/wp\/v2\/media?parent=151573"}],"wp:term":[{"taxonomy":"category","embeddable":true,"href":"https:\/\/portaltela.pt\/api\/wp\/v2\/categories?post=151573"},{"taxonomy":"post_tag","embeddable":true,"href":"https:\/\/portaltela.pt\/api\/wp\/v2\/tags?post=151573"}],"curies":[{"name":"wp","href":"https:\/\/api.w.org\/{rel}","templated":true}]}}