{"id":151554,"date":"2026-01-18T20:41:00","date_gmt":"2026-01-18T23:41:00","guid":{"rendered":"https:\/\/portaltela.pt\/noticias\/2026\/01\/18\/apoiantes-destacam-vitoria-expressiva-e-linha-democratica-de-seguro\/"},"modified":"2026-01-18T20:41:00","modified_gmt":"2026-01-18T23:41:00","slug":"apoiantes-destacam-vitoria-expressiva-e-linha-democratica-de-seguro","status":"publish","type":"post","link":"https:\/\/portaltela.pt\/noticias\/politica\/2026\/01\/18\/apoiantes-destacam-vitoria-expressiva-e-linha-democratica-de-seguro\/","title":{"rendered":"Apoiantes destacam vit\u00f3ria expressiva e linha democr\u00e1tica de Seguro"},"content":{"rendered":"<p>No Centro Cultural das Caldas da Rainha, apoiantes pr\u00f3ximos de Ant\u00f3nio Jos\u00e9 Seguro reagiram aos primeiros resultados da noite eleitoral com satisfa\u00e7\u00e3o, destacando uma vit\u00f3ria clara e com margem acima do esperado. O ambiente mostrou-se contido, mas otimista entre figuras hist\u00f3ricas do PS presentes no local.<\/p>\n<p>Alberto Martins, antigo ministro da Justi\u00e7a, afirmou que o resultado oscilou entre 25% e 30%, interpretando a presta\u00e7\u00e3o de Seguro como uma grande vit\u00f3ria. O hist\u00f3rico socialista sublinhou que o desfecho refor\u00e7a a defesa da Constitui\u00e7\u00e3o, do Estado Social e da luta contra desigualdades, apontando a segunda volta como duelo entre projetos opostos.<\/p>\n<p>Marco Martins, ex-presidente da C\u00e2mara de Gondomar, descreveu o resultado como significativo e potencialmente surpreendente pela dimens\u00e3o. Acrescentou que a campanha foi limpa e sem pol\u00e9micas, interpretando o voto como confirma\u00e7\u00e3o da modera\u00e7\u00e3o defendida pelos apoiantes de Seguro. Afirmou que os portugueses desejam modera\u00e7\u00e3o na escolha entre candidatos.<\/p>\n<p>Ana Jorge, antiga ministra da Sa\u00fade, reconheceu que os n\u00fameros ultrapassaram as expectativas iniciais, destacando mobiliza\u00e7\u00e3o c\u00edvica e um resultado de primeira posi\u00e7\u00e3o para Seguro. Alertou, por\u00e9m, que tudo est\u00e1 ainda em aberto e que \u00e9 necess\u00e1ria mobiliza\u00e7\u00e3o para a segunda volta, defendendo o voto em defesa da democracia.<\/p>\n<p>Na leitura comum entre os presentes, os apoiantes consideram que a mensagem transmitida pela campanha mant\u00e9m-se fiel \u00e0 modera\u00e7\u00e3o, \u00e0 linha de Abril e a uma agenda reformista da democracia, alimentando expectativas para o embate decisivo da segunda volta.<\/p>\n<h3>Repercuss\u00f5es e leitura pol\u00edtica<\/h3>\n<ul>\n<li>O c\u00edrculo pr\u00f3ximo a Seguro refor\u00e7a a ideia de continuidade democr\u00e1tica frente a um confronto entre modelos pol\u00edticos.<\/li>\n<li>Os relatos indicam que a vit\u00f3ria seria interpretada como voto de confian\u00e7a na modera\u00e7\u00e3o e na defesa do Estado Social.<\/li>\n<\/ul>\n","protected":false},"excerpt":{"rendered":"<ul>\n<li>Apoiantes no Centro Cultural das Caldas da Rainha veem a vit\u00f3ria de Ant\u00f3nio Jos\u00e9 Seguro como expressiva, com margem acima do esperado.<\/li>\n<li>O ex-ministro Alberto Martins afirmou que o resultado ficou entre vinte e cinco e trinta por cento, classificando a presta\u00e7\u00e3o de Seguro como uma grande vit\u00f3ria e destacando-o como democrata, n\u00e3o extremista.<\/li>\n<li>O antigo autarca Marco Martins considerou o desfecho significativo e potencialmente surpreendente, atribuindo-o a uma campanha limpa e \u00e0 modera\u00e7\u00e3o.<\/li>\n<li>A ex-ministra Ana Jorge disse que os n\u00fameros superaram as expectativas, apontando mobiliza\u00e7\u00e3o e a necessidade de manter a campanha, sublinhando a escolha entre democracia e extremismo.<\/li>\n<li>A leitura comum \u00e9 que o resultado confirma uma campanha de modera\u00e7\u00e3o, com a linha de Abril e uma democracia reformista, criando uma expectativa para a segunda volta frente a um projeto oposto.<\/li>\n<\/ul>\n","protected":false},"author":2,"featured_media":151559,"comment_status":"closed","ping_status":"closed","sticky":false,"template":"","format":"standard","meta":{"footnotes":""},"categories":[1,5],"tags":[2399,2655,2795,2685,1732,2144],"class_list":["post-151554","post","type-post","status-publish","format-standard","has-post-thumbnail","hentry","category-noticias","category-politica","tag-abril","tag-antonio-jose-seguro","tag-democracia","tag-estado-social","tag-partidos","tag-ps"],"yoast_head":"<!-- This site is optimized with the Yoast SEO plugin v27.2 - https:\/\/yoast.com\/product\/yoast-seo-wordpress\/ -->\n<title>Apoiantes destacam vit\u00f3ria expressiva e linha democr\u00e1tica de Seguro - Portal Tela Portugal<\/title>\n<meta name=\"robots\" content=\"index, follow, max-snippet:-1, max-image-preview:large, max-video-preview:-1\" \/>\n<meta property=\"og:locale\" content=\"pt_PT\" \/>\n<meta property=\"og:type\" content=\"article\" \/>\n<meta property=\"og:title\" content=\"Apoiantes destacam vit\u00f3ria expressiva e linha democr\u00e1tica de Seguro - Portal Tela Portugal\" \/>\n<meta property=\"og:description\" content=\"Apoiantes no Centro Cultural das Caldas da Rainha veem a vit\u00f3ria de Ant\u00f3nio Jos\u00e9 Seguro como expressiva, com margem acima do esperado. O ex-ministro Alberto Martins afirmou que o resultado ficou entre vinte e cinco e trinta por cento, classificando a presta\u00e7\u00e3o de Seguro como uma grande vit\u00f3ria e destacando-o como democrata, n\u00e3o extremista. O antigo autarca Marco Martins considerou o desfecho significativo e potencialmente surpreendente, atribuindo-o a uma campanha limpa e \u00e0 modera\u00e7\u00e3o. A ex-ministra Ana Jorge disse que os n\u00fameros superaram as expectativas, apontando mobiliza\u00e7\u00e3o e a necessidade de manter a campanha, sublinhando a escolha entre democracia e extremismo. A leitura comum \u00e9 que o resultado confirma uma campanha de modera\u00e7\u00e3o, com a linha de Abril e uma democracia reformista, criando uma expectativa para a segunda volta frente a um projeto oposto.\" \/>\n<meta property=\"og:url\" content=\"https:\/\/portaltela.pt\/noticias\/2026\/01\/18\/apoiantes-destacam-vitoria-expressiva-e-linha-democratica-de-seguro\/\" \/>\n<meta property=\"og:site_name\" content=\"Portal Tela Portugal\" \/>\n<meta property=\"article:published_time\" content=\"2026-01-18T23:41:00+00:00\" \/>\n<meta name=\"author\" content=\"Telinha\" \/>\n<meta name=\"twitter:card\" content=\"summary_large_image\" \/>\n<meta name=\"twitter:label1\" content=\"Escrito por\" \/>\n\t<meta name=\"twitter:data1\" content=\"Telinha\" \/>\n\t<meta name=\"twitter:label2\" content=\"Tempo estimado de leitura\" \/>\n\t<meta name=\"twitter:data2\" content=\"2 minutos\" \/>\n<script type=\"application\/ld+json\" class=\"yoast-schema-graph\">{\"@context\":\"https:\/\/schema.org\",\"@graph\":[{\"@type\":\"Article\",\"@id\":\"https:\/\/portaltela.pt\/noticias\/2026\/01\/18\/apoiantes-destacam-vitoria-expressiva-e-linha-democratica-de-seguro\/#article\",\"isPartOf\":{\"@id\":\"https:\/\/portaltela.pt\/noticias\/2026\/01\/18\/apoiantes-destacam-vitoria-expressiva-e-linha-democratica-de-seguro\/\"},\"author\":{\"name\":\"Telinha\",\"@id\":\"https:\/\/portaltela.pt\/#\/schema\/person\/c4278d4a6028830caff9ee44b42d32ed\"},\"headline\":\"Apoiantes destacam vit\u00f3ria expressiva e linha democr\u00e1tica de Seguro\",\"datePublished\":\"2026-01-18T23:41:00+00:00\",\"mainEntityOfPage\":{\"@id\":\"https:\/\/portaltela.pt\/noticias\/2026\/01\/18\/apoiantes-destacam-vitoria-expressiva-e-linha-democratica-de-seguro\/\"},\"wordCount\":320,\"image\":{\"@id\":\"https:\/\/portaltela.pt\/noticias\/2026\/01\/18\/apoiantes-destacam-vitoria-expressiva-e-linha-democratica-de-seguro\/#primaryimage\"},\"thumbnailUrl\":\"https:\/\/portaltela.pt\/s.01k8rhncp4jt1\/2026\/01\/image-1109.jpg\",\"keywords\":[\"Abril\",\"Ant\u00f3nio Jos\u00e9 Seguro\",\"democracia\",\"Estado Social\",\"partidos\",\"PS\"],\"articleSection\":[\"Not\u00edcias\",\"Pol\u00edtica\"],\"inLanguage\":\"pt-PT\"},{\"@type\":\"WebPage\",\"@id\":\"https:\/\/portaltela.pt\/noticias\/2026\/01\/18\/apoiantes-destacam-vitoria-expressiva-e-linha-democratica-de-seguro\/\",\"url\":\"https:\/\/portaltela.pt\/noticias\/2026\/01\/18\/apoiantes-destacam-vitoria-expressiva-e-linha-democratica-de-seguro\/\",\"name\":\"Apoiantes destacam vit\u00f3ria expressiva e linha democr\u00e1tica de Seguro - Portal Tela Portugal\",\"isPartOf\":{\"@id\":\"https:\/\/portaltela.pt\/#website\"},\"primaryImageOfPage\":{\"@id\":\"https:\/\/portaltela.pt\/noticias\/2026\/01\/18\/apoiantes-destacam-vitoria-expressiva-e-linha-democratica-de-seguro\/#primaryimage\"},\"image\":{\"@id\":\"https:\/\/portaltela.pt\/noticias\/2026\/01\/18\/apoiantes-destacam-vitoria-expressiva-e-linha-democratica-de-seguro\/#primaryimage\"},\"thumbnailUrl\":\"https:\/\/portaltela.pt\/s.01k8rhncp4jt1\/2026\/01\/image-1109.jpg\",\"datePublished\":\"2026-01-18T23:41:00+00:00\",\"author\":{\"@id\":\"https:\/\/portaltela.pt\/#\/schema\/person\/c4278d4a6028830caff9ee44b42d32ed\"},\"breadcrumb\":{\"@id\":\"https:\/\/portaltela.pt\/noticias\/2026\/01\/18\/apoiantes-destacam-vitoria-expressiva-e-linha-democratica-de-seguro\/#breadcrumb\"},\"inLanguage\":\"pt-PT\",\"potentialAction\":[{\"@type\":\"ReadAction\",\"target\":[\"https:\/\/portaltela.pt\/noticias\/2026\/01\/18\/apoiantes-destacam-vitoria-expressiva-e-linha-democratica-de-seguro\/\"]}]},{\"@type\":\"ImageObject\",\"inLanguage\":\"pt-PT\",\"@id\":\"https:\/\/portaltela.pt\/noticias\/2026\/01\/18\/apoiantes-destacam-vitoria-expressiva-e-linha-democratica-de-seguro\/#primaryimage\",\"url\":\"https:\/\/portaltela.pt\/s.01k8rhncp4jt1\/2026\/01\/image-1109.jpg\",\"contentUrl\":\"https:\/\/portaltela.pt\/s.01k8rhncp4jt1\/2026\/01\/image-1109.jpg\",\"width\":796,\"height\":448,\"caption\":\"Apoiantes de Seguro acompanharam noite eleitoral nas Caldas da Rainha\"},{\"@type\":\"BreadcrumbList\",\"@id\":\"https:\/\/portaltela.pt\/noticias\/2026\/01\/18\/apoiantes-destacam-vitoria-expressiva-e-linha-democratica-de-seguro\/#breadcrumb\",\"itemListElement\":[{\"@type\":\"ListItem\",\"position\":1,\"name\":\"In\u00edcio\",\"item\":\"https:\/\/portaltela.pt\/\"},{\"@type\":\"ListItem\",\"position\":2,\"name\":\"Apoiantes destacam vit\u00f3ria expressiva e linha democr\u00e1tica de Seguro\"}]},{\"@type\":\"WebSite\",\"@id\":\"https:\/\/portaltela.pt\/#website\",\"url\":\"https:\/\/portaltela.pt\/\",\"name\":\"Portal Tela Portugal\",\"description\":\"\",\"potentialAction\":[{\"@type\":\"SearchAction\",\"target\":{\"@type\":\"EntryPoint\",\"urlTemplate\":\"https:\/\/portaltela.pt\/?s={search_term_string}\"},\"query-input\":{\"@type\":\"PropertyValueSpecification\",\"valueRequired\":true,\"valueName\":\"search_term_string\"}}],\"inLanguage\":\"pt-PT\"},{\"@type\":\"Person\",\"@id\":\"https:\/\/portaltela.pt\/#\/schema\/person\/c4278d4a6028830caff9ee44b42d32ed\",\"name\":\"Telinha\",\"image\":{\"@type\":\"ImageObject\",\"inLanguage\":\"pt-PT\",\"@id\":\"https:\/\/portaltela.pt\/s.01k8rhncp4jt1\/2025\/11\/talking-bot-125x125.png\",\"url\":\"https:\/\/portaltela.pt\/s.01k8rhncp4jt1\/2025\/11\/talking-bot-125x125.png\",\"contentUrl\":\"https:\/\/portaltela.pt\/s.01k8rhncp4jt1\/2025\/11\/talking-bot-125x125.png\",\"caption\":\"Telinha\"},\"sameAs\":[\"https:\/\/portaltela.pt\/\"],\"url\":\"https:\/\/portaltela.pt\/por\/367410592786\/\"}]}<\/script>\n<!-- \/ Yoast SEO plugin. -->","yoast_head_json":{"title":"Apoiantes destacam vit\u00f3ria expressiva e linha democr\u00e1tica de Seguro - Portal Tela Portugal","robots":{"index":"index","follow":"follow","max-snippet":"max-snippet:-1","max-image-preview":"max-image-preview:large","max-video-preview":"max-video-preview:-1"},"og_locale":"pt_PT","og_type":"article","og_title":"Apoiantes destacam vit\u00f3ria expressiva e linha democr\u00e1tica de Seguro - Portal Tela Portugal","og_description":"Apoiantes no Centro Cultural das Caldas da Rainha veem a vit\u00f3ria de Ant\u00f3nio Jos\u00e9 Seguro como expressiva, com margem acima do esperado. O ex-ministro Alberto Martins afirmou que o resultado ficou entre vinte e cinco e trinta por cento, classificando a presta\u00e7\u00e3o de Seguro como uma grande vit\u00f3ria e destacando-o como democrata, n\u00e3o extremista. O antigo autarca Marco Martins considerou o desfecho significativo e potencialmente surpreendente, atribuindo-o a uma campanha limpa e \u00e0 modera\u00e7\u00e3o. A ex-ministra Ana Jorge disse que os n\u00fameros superaram as expectativas, apontando mobiliza\u00e7\u00e3o e a necessidade de manter a campanha, sublinhando a escolha entre democracia e extremismo. A leitura comum \u00e9 que o resultado confirma uma campanha de modera\u00e7\u00e3o, com a linha de Abril e uma democracia reformista, criando uma expectativa para a segunda volta frente a um projeto oposto.","og_url":"https:\/\/portaltela.pt\/noticias\/2026\/01\/18\/apoiantes-destacam-vitoria-expressiva-e-linha-democratica-de-seguro\/","og_site_name":"Portal Tela Portugal","article_published_time":"2026-01-18T23:41:00+00:00","author":"Telinha","twitter_card":"summary_large_image","twitter_misc":{"Escrito por":"Telinha","Tempo estimado de leitura":"2 minutos"},"schema":{"@context":"https:\/\/schema.org","@graph":[{"@type":"Article","@id":"https:\/\/portaltela.pt\/noticias\/2026\/01\/18\/apoiantes-destacam-vitoria-expressiva-e-linha-democratica-de-seguro\/#article","isPartOf":{"@id":"https:\/\/portaltela.pt\/noticias\/2026\/01\/18\/apoiantes-destacam-vitoria-expressiva-e-linha-democratica-de-seguro\/"},"author":{"name":"Telinha","@id":"https:\/\/portaltela.pt\/#\/schema\/person\/c4278d4a6028830caff9ee44b42d32ed"},"headline":"Apoiantes destacam vit\u00f3ria expressiva e linha democr\u00e1tica de Seguro","datePublished":"2026-01-18T23:41:00+00:00","mainEntityOfPage":{"@id":"https:\/\/portaltela.pt\/noticias\/2026\/01\/18\/apoiantes-destacam-vitoria-expressiva-e-linha-democratica-de-seguro\/"},"wordCount":320,"image":{"@id":"https:\/\/portaltela.pt\/noticias\/2026\/01\/18\/apoiantes-destacam-vitoria-expressiva-e-linha-democratica-de-seguro\/#primaryimage"},"thumbnailUrl":"https:\/\/portaltela.pt\/s.01k8rhncp4jt1\/2026\/01\/image-1109.jpg","keywords":["Abril","Ant\u00f3nio Jos\u00e9 Seguro","democracia","Estado Social","partidos","PS"],"articleSection":["Not\u00edcias","Pol\u00edtica"],"inLanguage":"pt-PT"},{"@type":"WebPage","@id":"https:\/\/portaltela.pt\/noticias\/2026\/01\/18\/apoiantes-destacam-vitoria-expressiva-e-linha-democratica-de-seguro\/","url":"https:\/\/portaltela.pt\/noticias\/2026\/01\/18\/apoiantes-destacam-vitoria-expressiva-e-linha-democratica-de-seguro\/","name":"Apoiantes destacam vit\u00f3ria expressiva e linha democr\u00e1tica de Seguro - Portal Tela Portugal","isPartOf":{"@id":"https:\/\/portaltela.pt\/#website"},"primaryImageOfPage":{"@id":"https:\/\/portaltela.pt\/noticias\/2026\/01\/18\/apoiantes-destacam-vitoria-expressiva-e-linha-democratica-de-seguro\/#primaryimage"},"image":{"@id":"https:\/\/portaltela.pt\/noticias\/2026\/01\/18\/apoiantes-destacam-vitoria-expressiva-e-linha-democratica-de-seguro\/#primaryimage"},"thumbnailUrl":"https:\/\/portaltela.pt\/s.01k8rhncp4jt1\/2026\/01\/image-1109.jpg","datePublished":"2026-01-18T23:41:00+00:00","author":{"@id":"https:\/\/portaltela.pt\/#\/schema\/person\/c4278d4a6028830caff9ee44b42d32ed"},"breadcrumb":{"@id":"https:\/\/portaltela.pt\/noticias\/2026\/01\/18\/apoiantes-destacam-vitoria-expressiva-e-linha-democratica-de-seguro\/#breadcrumb"},"inLanguage":"pt-PT","potentialAction":[{"@type":"ReadAction","target":["https:\/\/portaltela.pt\/noticias\/2026\/01\/18\/apoiantes-destacam-vitoria-expressiva-e-linha-democratica-de-seguro\/"]}]},{"@type":"ImageObject","inLanguage":"pt-PT","@id":"https:\/\/portaltela.pt\/noticias\/2026\/01\/18\/apoiantes-destacam-vitoria-expressiva-e-linha-democratica-de-seguro\/#primaryimage","url":"https:\/\/portaltela.pt\/s.01k8rhncp4jt1\/2026\/01\/image-1109.jpg","contentUrl":"https:\/\/portaltela.pt\/s.01k8rhncp4jt1\/2026\/01\/image-1109.jpg","width":796,"height":448,"caption":"Apoiantes de Seguro acompanharam noite eleitoral nas Caldas da Rainha"},{"@type":"BreadcrumbList","@id":"https:\/\/portaltela.pt\/noticias\/2026\/01\/18\/apoiantes-destacam-vitoria-expressiva-e-linha-democratica-de-seguro\/#breadcrumb","itemListElement":[{"@type":"ListItem","position":1,"name":"In\u00edcio","item":"https:\/\/portaltela.pt\/"},{"@type":"ListItem","position":2,"name":"Apoiantes destacam vit\u00f3ria expressiva e linha democr\u00e1tica de Seguro"}]},{"@type":"WebSite","@id":"https:\/\/portaltela.pt\/#website","url":"https:\/\/portaltela.pt\/","name":"Portal Tela Portugal","description":"","potentialAction":[{"@type":"SearchAction","target":{"@type":"EntryPoint","urlTemplate":"https:\/\/portaltela.pt\/?s={search_term_string}"},"query-input":{"@type":"PropertyValueSpecification","valueRequired":true,"valueName":"search_term_string"}}],"inLanguage":"pt-PT"},{"@type":"Person","@id":"https:\/\/portaltela.pt\/#\/schema\/person\/c4278d4a6028830caff9ee44b42d32ed","name":"Telinha","image":{"@type":"ImageObject","inLanguage":"pt-PT","@id":"https:\/\/portaltela.pt\/s.01k8rhncp4jt1\/2025\/11\/talking-bot-125x125.png","url":"https:\/\/portaltela.pt\/s.01k8rhncp4jt1\/2025\/11\/talking-bot-125x125.png","contentUrl":"https:\/\/portaltela.pt\/s.01k8rhncp4jt1\/2025\/11\/talking-bot-125x125.png","caption":"Telinha"},"sameAs":["https:\/\/portaltela.pt\/"],"url":"https:\/\/portaltela.pt\/por\/367410592786\/"}]}},"_links":{"self":[{"href":"https:\/\/portaltela.pt\/api\/wp\/v2\/posts\/151554","targetHints":{"allow":["GET"]}}],"collection":[{"href":"https:\/\/portaltela.pt\/api\/wp\/v2\/posts"}],"about":[{"href":"https:\/\/portaltela.pt\/api\/wp\/v2\/types\/post"}],"author":[{"embeddable":true,"href":"https:\/\/portaltela.pt\/api\/wp\/v2\/users\/2"}],"replies":[{"embeddable":true,"href":"https:\/\/portaltela.pt\/api\/wp\/v2\/comments?post=151554"}],"version-history":[{"count":0,"href":"https:\/\/portaltela.pt\/api\/wp\/v2\/posts\/151554\/revisions"}],"wp:featuredmedia":[{"embeddable":true,"href":"https:\/\/portaltela.pt\/api\/wp\/v2\/media\/151559"}],"wp:attachment":[{"href":"https:\/\/portaltela.pt\/api\/wp\/v2\/media?parent=151554"}],"wp:term":[{"taxonomy":"category","embeddable":true,"href":"https:\/\/portaltela.pt\/api\/wp\/v2\/categories?post=151554"},{"taxonomy":"post_tag","embeddable":true,"href":"https:\/\/portaltela.pt\/api\/wp\/v2\/tags?post=151554"}],"curies":[{"name":"wp","href":"https:\/\/api.w.org\/{rel}","templated":true}]}}