{"id":151481,"date":"2026-01-18T20:13:56","date_gmt":"2026-01-18T23:13:56","guid":{"rendered":"https:\/\/portaltela.pt\/noticias\/2026\/01\/18\/senegal-vence-marrocos-por-1-0-na-final-apos-prolongamento\/"},"modified":"2026-01-18T20:13:56","modified_gmt":"2026-01-18T23:13:56","slug":"senegal-vence-marrocos-por-1-0-na-final-apos-prolongamento","status":"publish","type":"post","link":"https:\/\/portaltela.pt\/desporto\/futebol\/2026\/01\/18\/senegal-vence-marrocos-por-1-0-na-final-apos-prolongamento\/","title":{"rendered":"Senegal vence Marrocos por 1-0 na final ap\u00f3s prolongamento"},"content":{"rendered":"<p>O Senegal foi campe\u00e3o da CAN numa final marcada por contesta\u00e7\u00e3o e a\u00e7\u00f5es de protesto. O jogo terminou 1-0 ap\u00f3s o prolongamento, com o Senegal a abandonar o relvado em protesto \u00e0 marca\u00e7\u00e3o de um pen\u00e1lti para Marrocos aos 90\u2019+8.<\/p>\n<p>O pen\u00e1lti decisivo, aos 90\u2019+8, gerou controv\u00e9rsia e levou a que os senegaleses abandonassem o campo, interrompendo o ritmo da final disputada em Rabat. A decis\u00e3o acabou por dominar o desfecho da partida, que se manteve sem altera\u00e7\u00f5es at\u00e9 ao prolongamento.<\/p>\n<p>No per\u00edodo extra, Brahim D\u00edaz adiantou-se com um panenka aos 90\u2019+24, dando a vit\u00f3ria ao Marrocos. A partida ficou marcada pela sequ\u00eancia de eventos que geraram a conclus\u00e3o improv\u00e1vel e controversa da maior competi\u00e7\u00e3o de sele\u00e7\u00f5es do futebol africano.<\/p>\n","protected":false},"excerpt":{"rendered":"<ul>\n<li>O Senegal sagrou-se campe\u00e3o da CAN, ao vencer Marrocos por 1-0 no prolongamento.<\/li>\n<li>O Senegal abandonou o relvado em protesto contra um pen\u00e1lti assinalado a favor de Marrocos aos 90\u2019+8.<\/li>\n<li>Aos 90\u2019+24, durante o tempo extra, Brahim D\u00edaz rematou com panenka para colocar Marrocos \u00e0 frente.<\/li>\n<li>Rabat assistiu a uma final descrita como pol\u00e9mica e surreal, a mais invulgar da hist\u00f3ria da CAN.<\/li>\n<li>O desfecho manteve o t\u00edtulo em Marrocos, ap\u00f3s a vit\u00f3ria no tempo extra.<\/li>\n<\/ul>\n","protected":false},"author":2,"featured_media":151489,"comment_status":"closed","ping_status":"closed","sticky":false,"template":"","format":"standard","meta":{"footnotes":""},"categories":[21,24],"tags":[2681,32,3338,2857,2508,2057],"class_list":["post-151481","post","type-post","status-publish","format-standard","has-post-thumbnail","hentry","category-desporto","category-futebol","tag-desporto-internacional","tag-futebol","tag-futebol-internacional","tag-protestos","tag-rabat","tag-selecao-nacional"],"yoast_head":"<!-- This site is optimized with the Yoast SEO plugin v27.2 - https:\/\/yoast.com\/product\/yoast-seo-wordpress\/ -->\n<title>Senegal vence Marrocos por 1-0 na final ap\u00f3s prolongamento - Portal Tela Portugal<\/title>\n<meta name=\"robots\" content=\"index, follow, max-snippet:-1, max-image-preview:large, max-video-preview:-1\" \/>\n<meta property=\"og:locale\" content=\"pt_PT\" \/>\n<meta property=\"og:type\" content=\"article\" \/>\n<meta property=\"og:title\" content=\"Senegal vence Marrocos por 1-0 na final ap\u00f3s prolongamento - Portal Tela Portugal\" \/>\n<meta property=\"og:description\" content=\"O Senegal sagrou-se campe\u00e3o da CAN, ao vencer Marrocos por 1-0 no prolongamento. O Senegal abandonou o relvado em protesto contra um pen\u00e1lti assinalado a favor de Marrocos aos 90\u2019+8. Aos 90\u2019+24, durante o tempo extra, Brahim D\u00edaz rematou com panenka para colocar Marrocos \u00e0 frente. Rabat assistiu a uma final descrita como pol\u00e9mica e surreal, a mais invulgar da hist\u00f3ria da CAN. O desfecho manteve o t\u00edtulo em Marrocos, ap\u00f3s a vit\u00f3ria no tempo extra.\" \/>\n<meta property=\"og:url\" content=\"https:\/\/portaltela.pt\/noticias\/2026\/01\/18\/senegal-vence-marrocos-por-1-0-na-final-apos-prolongamento\/\" \/>\n<meta property=\"og:site_name\" content=\"Portal Tela Portugal\" \/>\n<meta property=\"article:published_time\" content=\"2026-01-18T23:13:56+00:00\" \/>\n<meta name=\"author\" content=\"Telinha\" \/>\n<meta name=\"twitter:card\" content=\"summary_large_image\" \/>\n<meta name=\"twitter:label1\" content=\"Escrito por\" \/>\n\t<meta name=\"twitter:data1\" content=\"Telinha\" \/>\n\t<meta name=\"twitter:label2\" content=\"Tempo estimado de leitura\" \/>\n\t<meta name=\"twitter:data2\" content=\"1 minuto\" \/>\n<script type=\"application\/ld+json\" class=\"yoast-schema-graph\">{\"@context\":\"https:\/\/schema.org\",\"@graph\":[{\"@type\":\"Article\",\"@id\":\"https:\/\/portaltela.pt\/noticias\/2026\/01\/18\/senegal-vence-marrocos-por-1-0-na-final-apos-prolongamento\/#article\",\"isPartOf\":{\"@id\":\"https:\/\/portaltela.pt\/noticias\/2026\/01\/18\/senegal-vence-marrocos-por-1-0-na-final-apos-prolongamento\/\"},\"author\":{\"name\":\"Telinha\",\"@id\":\"https:\/\/portaltela.pt\/#\/schema\/person\/c4278d4a6028830caff9ee44b42d32ed\"},\"headline\":\"Senegal vence Marrocos por 1-0 na final ap\u00f3s prolongamento\",\"datePublished\":\"2026-01-18T23:13:56+00:00\",\"mainEntityOfPage\":{\"@id\":\"https:\/\/portaltela.pt\/noticias\/2026\/01\/18\/senegal-vence-marrocos-por-1-0-na-final-apos-prolongamento\/\"},\"wordCount\":144,\"image\":{\"@id\":\"https:\/\/portaltela.pt\/noticias\/2026\/01\/18\/senegal-vence-marrocos-por-1-0-na-final-apos-prolongamento\/#primaryimage\"},\"thumbnailUrl\":\"https:\/\/portaltela.pt\/s.01k8rhncp4jt1\/2026\/01\/img_920x518uu2026-01-18-23-10-59-2415665.jpg\",\"keywords\":[\"desporto internacional\",\"futebol\",\"futebol internacional\",\"protestos\",\"Rabat\",\"Sele\u00e7\u00e3o Nacional\"],\"articleSection\":[\"Desporto\",\"Futebol\"],\"inLanguage\":\"pt-PT\"},{\"@type\":\"WebPage\",\"@id\":\"https:\/\/portaltela.pt\/noticias\/2026\/01\/18\/senegal-vence-marrocos-por-1-0-na-final-apos-prolongamento\/\",\"url\":\"https:\/\/portaltela.pt\/noticias\/2026\/01\/18\/senegal-vence-marrocos-por-1-0-na-final-apos-prolongamento\/\",\"name\":\"Senegal vence Marrocos por 1-0 na final ap\u00f3s prolongamento - Portal Tela Portugal\",\"isPartOf\":{\"@id\":\"https:\/\/portaltela.pt\/#website\"},\"primaryImageOfPage\":{\"@id\":\"https:\/\/portaltela.pt\/noticias\/2026\/01\/18\/senegal-vence-marrocos-por-1-0-na-final-apos-prolongamento\/#primaryimage\"},\"image\":{\"@id\":\"https:\/\/portaltela.pt\/noticias\/2026\/01\/18\/senegal-vence-marrocos-por-1-0-na-final-apos-prolongamento\/#primaryimage\"},\"thumbnailUrl\":\"https:\/\/portaltela.pt\/s.01k8rhncp4jt1\/2026\/01\/img_920x518uu2026-01-18-23-10-59-2415665.jpg\",\"datePublished\":\"2026-01-18T23:13:56+00:00\",\"author\":{\"@id\":\"https:\/\/portaltela.pt\/#\/schema\/person\/c4278d4a6028830caff9ee44b42d32ed\"},\"breadcrumb\":{\"@id\":\"https:\/\/portaltela.pt\/noticias\/2026\/01\/18\/senegal-vence-marrocos-por-1-0-na-final-apos-prolongamento\/#breadcrumb\"},\"inLanguage\":\"pt-PT\",\"potentialAction\":[{\"@type\":\"ReadAction\",\"target\":[\"https:\/\/portaltela.pt\/noticias\/2026\/01\/18\/senegal-vence-marrocos-por-1-0-na-final-apos-prolongamento\/\"]}]},{\"@type\":\"ImageObject\",\"inLanguage\":\"pt-PT\",\"@id\":\"https:\/\/portaltela.pt\/noticias\/2026\/01\/18\/senegal-vence-marrocos-por-1-0-na-final-apos-prolongamento\/#primaryimage\",\"url\":\"https:\/\/portaltela.pt\/s.01k8rhncp4jt1\/2026\/01\/img_920x518uu2026-01-18-23-10-59-2415665.jpg\",\"contentUrl\":\"https:\/\/portaltela.pt\/s.01k8rhncp4jt1\/2026\/01\/img_920x518uu2026-01-18-23-10-59-2415665.jpg\",\"width\":796,\"height\":448,\"caption\":\"Sadio Man\u00e9 levantou o trof\u00e9u em Rabat\"},{\"@type\":\"BreadcrumbList\",\"@id\":\"https:\/\/portaltela.pt\/noticias\/2026\/01\/18\/senegal-vence-marrocos-por-1-0-na-final-apos-prolongamento\/#breadcrumb\",\"itemListElement\":[{\"@type\":\"ListItem\",\"position\":1,\"name\":\"In\u00edcio\",\"item\":\"https:\/\/portaltela.pt\/\"},{\"@type\":\"ListItem\",\"position\":2,\"name\":\"Senegal vence Marrocos por 1-0 na final ap\u00f3s prolongamento\"}]},{\"@type\":\"WebSite\",\"@id\":\"https:\/\/portaltela.pt\/#website\",\"url\":\"https:\/\/portaltela.pt\/\",\"name\":\"Portal Tela Portugal\",\"description\":\"\",\"potentialAction\":[{\"@type\":\"SearchAction\",\"target\":{\"@type\":\"EntryPoint\",\"urlTemplate\":\"https:\/\/portaltela.pt\/?s={search_term_string}\"},\"query-input\":{\"@type\":\"PropertyValueSpecification\",\"valueRequired\":true,\"valueName\":\"search_term_string\"}}],\"inLanguage\":\"pt-PT\"},{\"@type\":\"Person\",\"@id\":\"https:\/\/portaltela.pt\/#\/schema\/person\/c4278d4a6028830caff9ee44b42d32ed\",\"name\":\"Telinha\",\"image\":{\"@type\":\"ImageObject\",\"inLanguage\":\"pt-PT\",\"@id\":\"https:\/\/portaltela.pt\/s.01k8rhncp4jt1\/2025\/11\/talking-bot-125x125.png\",\"url\":\"https:\/\/portaltela.pt\/s.01k8rhncp4jt1\/2025\/11\/talking-bot-125x125.png\",\"contentUrl\":\"https:\/\/portaltela.pt\/s.01k8rhncp4jt1\/2025\/11\/talking-bot-125x125.png\",\"caption\":\"Telinha\"},\"sameAs\":[\"https:\/\/portaltela.pt\/\"],\"url\":\"https:\/\/portaltela.pt\/por\/367410592786\/\"}]}<\/script>\n<!-- \/ Yoast SEO plugin. -->","yoast_head_json":{"title":"Senegal vence Marrocos por 1-0 na final ap\u00f3s prolongamento - Portal Tela Portugal","robots":{"index":"index","follow":"follow","max-snippet":"max-snippet:-1","max-image-preview":"max-image-preview:large","max-video-preview":"max-video-preview:-1"},"og_locale":"pt_PT","og_type":"article","og_title":"Senegal vence Marrocos por 1-0 na final ap\u00f3s prolongamento - Portal Tela Portugal","og_description":"O Senegal sagrou-se campe\u00e3o da CAN, ao vencer Marrocos por 1-0 no prolongamento. O Senegal abandonou o relvado em protesto contra um pen\u00e1lti assinalado a favor de Marrocos aos 90\u2019+8. Aos 90\u2019+24, durante o tempo extra, Brahim D\u00edaz rematou com panenka para colocar Marrocos \u00e0 frente. Rabat assistiu a uma final descrita como pol\u00e9mica e surreal, a mais invulgar da hist\u00f3ria da CAN. O desfecho manteve o t\u00edtulo em Marrocos, ap\u00f3s a vit\u00f3ria no tempo extra.","og_url":"https:\/\/portaltela.pt\/noticias\/2026\/01\/18\/senegal-vence-marrocos-por-1-0-na-final-apos-prolongamento\/","og_site_name":"Portal Tela Portugal","article_published_time":"2026-01-18T23:13:56+00:00","author":"Telinha","twitter_card":"summary_large_image","twitter_misc":{"Escrito por":"Telinha","Tempo estimado de leitura":"1 minuto"},"schema":{"@context":"https:\/\/schema.org","@graph":[{"@type":"Article","@id":"https:\/\/portaltela.pt\/noticias\/2026\/01\/18\/senegal-vence-marrocos-por-1-0-na-final-apos-prolongamento\/#article","isPartOf":{"@id":"https:\/\/portaltela.pt\/noticias\/2026\/01\/18\/senegal-vence-marrocos-por-1-0-na-final-apos-prolongamento\/"},"author":{"name":"Telinha","@id":"https:\/\/portaltela.pt\/#\/schema\/person\/c4278d4a6028830caff9ee44b42d32ed"},"headline":"Senegal vence Marrocos por 1-0 na final ap\u00f3s prolongamento","datePublished":"2026-01-18T23:13:56+00:00","mainEntityOfPage":{"@id":"https:\/\/portaltela.pt\/noticias\/2026\/01\/18\/senegal-vence-marrocos-por-1-0-na-final-apos-prolongamento\/"},"wordCount":144,"image":{"@id":"https:\/\/portaltela.pt\/noticias\/2026\/01\/18\/senegal-vence-marrocos-por-1-0-na-final-apos-prolongamento\/#primaryimage"},"thumbnailUrl":"https:\/\/portaltela.pt\/s.01k8rhncp4jt1\/2026\/01\/img_920x518uu2026-01-18-23-10-59-2415665.jpg","keywords":["desporto internacional","futebol","futebol internacional","protestos","Rabat","Sele\u00e7\u00e3o Nacional"],"articleSection":["Desporto","Futebol"],"inLanguage":"pt-PT"},{"@type":"WebPage","@id":"https:\/\/portaltela.pt\/noticias\/2026\/01\/18\/senegal-vence-marrocos-por-1-0-na-final-apos-prolongamento\/","url":"https:\/\/portaltela.pt\/noticias\/2026\/01\/18\/senegal-vence-marrocos-por-1-0-na-final-apos-prolongamento\/","name":"Senegal vence Marrocos por 1-0 na final ap\u00f3s prolongamento - Portal Tela Portugal","isPartOf":{"@id":"https:\/\/portaltela.pt\/#website"},"primaryImageOfPage":{"@id":"https:\/\/portaltela.pt\/noticias\/2026\/01\/18\/senegal-vence-marrocos-por-1-0-na-final-apos-prolongamento\/#primaryimage"},"image":{"@id":"https:\/\/portaltela.pt\/noticias\/2026\/01\/18\/senegal-vence-marrocos-por-1-0-na-final-apos-prolongamento\/#primaryimage"},"thumbnailUrl":"https:\/\/portaltela.pt\/s.01k8rhncp4jt1\/2026\/01\/img_920x518uu2026-01-18-23-10-59-2415665.jpg","datePublished":"2026-01-18T23:13:56+00:00","author":{"@id":"https:\/\/portaltela.pt\/#\/schema\/person\/c4278d4a6028830caff9ee44b42d32ed"},"breadcrumb":{"@id":"https:\/\/portaltela.pt\/noticias\/2026\/01\/18\/senegal-vence-marrocos-por-1-0-na-final-apos-prolongamento\/#breadcrumb"},"inLanguage":"pt-PT","potentialAction":[{"@type":"ReadAction","target":["https:\/\/portaltela.pt\/noticias\/2026\/01\/18\/senegal-vence-marrocos-por-1-0-na-final-apos-prolongamento\/"]}]},{"@type":"ImageObject","inLanguage":"pt-PT","@id":"https:\/\/portaltela.pt\/noticias\/2026\/01\/18\/senegal-vence-marrocos-por-1-0-na-final-apos-prolongamento\/#primaryimage","url":"https:\/\/portaltela.pt\/s.01k8rhncp4jt1\/2026\/01\/img_920x518uu2026-01-18-23-10-59-2415665.jpg","contentUrl":"https:\/\/portaltela.pt\/s.01k8rhncp4jt1\/2026\/01\/img_920x518uu2026-01-18-23-10-59-2415665.jpg","width":796,"height":448,"caption":"Sadio Man\u00e9 levantou o trof\u00e9u em Rabat"},{"@type":"BreadcrumbList","@id":"https:\/\/portaltela.pt\/noticias\/2026\/01\/18\/senegal-vence-marrocos-por-1-0-na-final-apos-prolongamento\/#breadcrumb","itemListElement":[{"@type":"ListItem","position":1,"name":"In\u00edcio","item":"https:\/\/portaltela.pt\/"},{"@type":"ListItem","position":2,"name":"Senegal vence Marrocos por 1-0 na final ap\u00f3s prolongamento"}]},{"@type":"WebSite","@id":"https:\/\/portaltela.pt\/#website","url":"https:\/\/portaltela.pt\/","name":"Portal Tela Portugal","description":"","potentialAction":[{"@type":"SearchAction","target":{"@type":"EntryPoint","urlTemplate":"https:\/\/portaltela.pt\/?s={search_term_string}"},"query-input":{"@type":"PropertyValueSpecification","valueRequired":true,"valueName":"search_term_string"}}],"inLanguage":"pt-PT"},{"@type":"Person","@id":"https:\/\/portaltela.pt\/#\/schema\/person\/c4278d4a6028830caff9ee44b42d32ed","name":"Telinha","image":{"@type":"ImageObject","inLanguage":"pt-PT","@id":"https:\/\/portaltela.pt\/s.01k8rhncp4jt1\/2025\/11\/talking-bot-125x125.png","url":"https:\/\/portaltela.pt\/s.01k8rhncp4jt1\/2025\/11\/talking-bot-125x125.png","contentUrl":"https:\/\/portaltela.pt\/s.01k8rhncp4jt1\/2025\/11\/talking-bot-125x125.png","caption":"Telinha"},"sameAs":["https:\/\/portaltela.pt\/"],"url":"https:\/\/portaltela.pt\/por\/367410592786\/"}]}},"_links":{"self":[{"href":"https:\/\/portaltela.pt\/api\/wp\/v2\/posts\/151481","targetHints":{"allow":["GET"]}}],"collection":[{"href":"https:\/\/portaltela.pt\/api\/wp\/v2\/posts"}],"about":[{"href":"https:\/\/portaltela.pt\/api\/wp\/v2\/types\/post"}],"author":[{"embeddable":true,"href":"https:\/\/portaltela.pt\/api\/wp\/v2\/users\/2"}],"replies":[{"embeddable":true,"href":"https:\/\/portaltela.pt\/api\/wp\/v2\/comments?post=151481"}],"version-history":[{"count":0,"href":"https:\/\/portaltela.pt\/api\/wp\/v2\/posts\/151481\/revisions"}],"wp:featuredmedia":[{"embeddable":true,"href":"https:\/\/portaltela.pt\/api\/wp\/v2\/media\/151489"}],"wp:attachment":[{"href":"https:\/\/portaltela.pt\/api\/wp\/v2\/media?parent=151481"}],"wp:term":[{"taxonomy":"category","embeddable":true,"href":"https:\/\/portaltela.pt\/api\/wp\/v2\/categories?post=151481"},{"taxonomy":"post_tag","embeddable":true,"href":"https:\/\/portaltela.pt\/api\/wp\/v2\/tags?post=151481"}],"curies":[{"name":"wp","href":"https:\/\/api.w.org\/{rel}","templated":true}]}}