{"id":151437,"date":"2026-01-18T19:57:45","date_gmt":"2026-01-18T22:57:45","guid":{"rendered":"https:\/\/portaltela.pt\/noticias\/2026\/01\/18\/barcelona-teme-goncalo-guedes-aponta-ameaca-no-confronto\/"},"modified":"2026-01-18T19:57:45","modified_gmt":"2026-01-18T22:57:45","slug":"barcelona-teme-goncalo-guedes-aponta-ameaca-no-confronto","status":"publish","type":"post","link":"https:\/\/portaltela.pt\/desporto\/futebol\/2026\/01\/18\/barcelona-teme-goncalo-guedes-aponta-ameaca-no-confronto\/","title":{"rendered":"Barcelona teme Gon\u00e7alo Guedes, aponta amea\u00e7a no confronto"},"content":{"rendered":"<p>Real Sociedad derrotou o Barcelona numa jornada da La Liga, com Gon\u00e7alo Guedes a destacar-se ao marcar e oferecer uma assist\u00eancia decisiva. O resultado abre espa\u00e7o para a equipa basca na luta pela posi\u00e7\u00e3o na tabela.<\/p>\n<p>A vit\u00f3ria marca a primeira derrota do Barcelona desde o Cl\u00e1ssico com o Real Madrid, disputado a 26 de outubro de 2025, segundo registos da altura. No encontro recente, a Real Sociedad aproveitou as oportunidades criadas pelo ataque lisboeta.<\/p>\n<p>Guedes voltou a revelar-se decisivo ao receb emitir de passe para golo, performando ao mais alto n\u00edvel em termos de leitura de jogo e assist\u00eancia. O avan\u00e7ado portugu\u00eas consolidou a sua import\u00e2ncia no plantel basco.<\/p>\n<p>Do lado do Barcelona, a derrota interrompeu uma sequ\u00eancia de jogos sem derrotas na La Liga, colocando press\u00e3o no grupo liderado pelo t\u00e9cnico da casa. O equil\u00edbrio da disputa mant\u00e9m-se (em termos de classifica\u00e7\u00e3o) com as pr\u00f3ximas rondas a ditarem o rumo da \u00e9poca.<\/p>\n","protected":false},"excerpt":{"rendered":"<ul>\n<li>Gon\u00e7alo Guedes marcou e fez assist\u00eancia na vit\u00f3ria da Real Sociedad sobre o Barcelona.<\/li>\n<li>O jogo aconteceu na LaLiga e interrompeu a j\u00e1 longa sequ\u00eancia de invencibilidade do Barcelona.<\/li>\n<li>Guedes iniciou a jogada com um passe de alto n\u00edvel que criou a ova\u00e7\u00e3o para o lance.<\/li>\n<li>O triunfo mant\u00e9m a Real Sociedad firme na luta por pontos na competi\u00e7\u00e3o.<\/li>\n<\/ul>\n","protected":false},"author":2,"featured_media":151464,"comment_status":"closed","ping_status":"closed","sticky":false,"template":"","format":"standard","meta":{"footnotes":""},"categories":[21,24],"tags":[2587,152,32,2192,1789,1014],"class_list":["post-151437","post","type-post","status-publish","format-standard","has-post-thumbnail","hentry","category-desporto","category-futebol","tag-barcelona","tag-desporto","tag-futebol","tag-goncalo-guedes","tag-la-liga","tag-portugal"],"yoast_head":"<!-- This site is optimized with the Yoast SEO plugin v27.2 - https:\/\/yoast.com\/product\/yoast-seo-wordpress\/ -->\n<title>Barcelona teme Gon\u00e7alo Guedes, aponta amea\u00e7a no confronto - Portal Tela Portugal<\/title>\n<meta name=\"robots\" content=\"index, follow, max-snippet:-1, max-image-preview:large, max-video-preview:-1\" \/>\n<meta property=\"og:locale\" content=\"pt_PT\" \/>\n<meta property=\"og:type\" content=\"article\" \/>\n<meta property=\"og:title\" content=\"Barcelona teme Gon\u00e7alo Guedes, aponta amea\u00e7a no confronto - Portal Tela Portugal\" \/>\n<meta property=\"og:description\" content=\"Gon\u00e7alo Guedes marcou e fez assist\u00eancia na vit\u00f3ria da Real Sociedad sobre o Barcelona. O jogo aconteceu na LaLiga e interrompeu a j\u00e1 longa sequ\u00eancia de invencibilidade do Barcelona. Guedes iniciou a jogada com um passe de alto n\u00edvel que criou a ova\u00e7\u00e3o para o lance. O triunfo mant\u00e9m a Real Sociedad firme na luta por pontos na competi\u00e7\u00e3o.\" \/>\n<meta property=\"og:url\" content=\"https:\/\/portaltela.pt\/noticias\/2026\/01\/18\/barcelona-teme-goncalo-guedes-aponta-ameaca-no-confronto\/\" \/>\n<meta property=\"og:site_name\" content=\"Portal Tela Portugal\" \/>\n<meta property=\"article:published_time\" content=\"2026-01-18T22:57:45+00:00\" \/>\n<meta name=\"author\" content=\"Telinha\" \/>\n<meta name=\"twitter:card\" content=\"summary_large_image\" \/>\n<meta name=\"twitter:label1\" content=\"Escrito por\" \/>\n\t<meta name=\"twitter:data1\" content=\"Telinha\" \/>\n\t<meta name=\"twitter:label2\" content=\"Tempo estimado de leitura\" \/>\n\t<meta name=\"twitter:data2\" content=\"1 minuto\" \/>\n<script type=\"application\/ld+json\" class=\"yoast-schema-graph\">{\"@context\":\"https:\/\/schema.org\",\"@graph\":[{\"@type\":\"Article\",\"@id\":\"https:\/\/portaltela.pt\/noticias\/2026\/01\/18\/barcelona-teme-goncalo-guedes-aponta-ameaca-no-confronto\/#article\",\"isPartOf\":{\"@id\":\"https:\/\/portaltela.pt\/noticias\/2026\/01\/18\/barcelona-teme-goncalo-guedes-aponta-ameaca-no-confronto\/\"},\"author\":{\"name\":\"Telinha\",\"@id\":\"https:\/\/portaltela.pt\/#\/schema\/person\/c4278d4a6028830caff9ee44b42d32ed\"},\"headline\":\"Barcelona teme Gon\u00e7alo Guedes, aponta amea\u00e7a no confronto\",\"datePublished\":\"2026-01-18T22:57:45+00:00\",\"mainEntityOfPage\":{\"@id\":\"https:\/\/portaltela.pt\/noticias\/2026\/01\/18\/barcelona-teme-goncalo-guedes-aponta-ameaca-no-confronto\/\"},\"wordCount\":180,\"image\":{\"@id\":\"https:\/\/portaltela.pt\/noticias\/2026\/01\/18\/barcelona-teme-goncalo-guedes-aponta-ameaca-no-confronto\/#primaryimage\"},\"thumbnailUrl\":\"https:\/\/portaltela.pt\/s.01k8rhncp4jt1\/2026\/01\/70fb376e-8ce5-4c86-a934-845991ab436a.jpg\",\"keywords\":[\"Barcelona\",\"desporto\",\"futebol\",\"Gon\u00e7alo Guedes\",\"La Liga\",\"Portugal\"],\"articleSection\":[\"Desporto\",\"Futebol\"],\"inLanguage\":\"pt-PT\"},{\"@type\":\"WebPage\",\"@id\":\"https:\/\/portaltela.pt\/noticias\/2026\/01\/18\/barcelona-teme-goncalo-guedes-aponta-ameaca-no-confronto\/\",\"url\":\"https:\/\/portaltela.pt\/noticias\/2026\/01\/18\/barcelona-teme-goncalo-guedes-aponta-ameaca-no-confronto\/\",\"name\":\"Barcelona teme Gon\u00e7alo Guedes, aponta amea\u00e7a no confronto - Portal Tela Portugal\",\"isPartOf\":{\"@id\":\"https:\/\/portaltela.pt\/#website\"},\"primaryImageOfPage\":{\"@id\":\"https:\/\/portaltela.pt\/noticias\/2026\/01\/18\/barcelona-teme-goncalo-guedes-aponta-ameaca-no-confronto\/#primaryimage\"},\"image\":{\"@id\":\"https:\/\/portaltela.pt\/noticias\/2026\/01\/18\/barcelona-teme-goncalo-guedes-aponta-ameaca-no-confronto\/#primaryimage\"},\"thumbnailUrl\":\"https:\/\/portaltela.pt\/s.01k8rhncp4jt1\/2026\/01\/70fb376e-8ce5-4c86-a934-845991ab436a.jpg\",\"datePublished\":\"2026-01-18T22:57:45+00:00\",\"author\":{\"@id\":\"https:\/\/portaltela.pt\/#\/schema\/person\/c4278d4a6028830caff9ee44b42d32ed\"},\"breadcrumb\":{\"@id\":\"https:\/\/portaltela.pt\/noticias\/2026\/01\/18\/barcelona-teme-goncalo-guedes-aponta-ameaca-no-confronto\/#breadcrumb\"},\"inLanguage\":\"pt-PT\",\"potentialAction\":[{\"@type\":\"ReadAction\",\"target\":[\"https:\/\/portaltela.pt\/noticias\/2026\/01\/18\/barcelona-teme-goncalo-guedes-aponta-ameaca-no-confronto\/\"]}]},{\"@type\":\"ImageObject\",\"inLanguage\":\"pt-PT\",\"@id\":\"https:\/\/portaltela.pt\/noticias\/2026\/01\/18\/barcelona-teme-goncalo-guedes-aponta-ameaca-no-confronto\/#primaryimage\",\"url\":\"https:\/\/portaltela.pt\/s.01k8rhncp4jt1\/2026\/01\/70fb376e-8ce5-4c86-a934-845991ab436a.jpg\",\"contentUrl\":\"https:\/\/portaltela.pt\/s.01k8rhncp4jt1\/2026\/01\/70fb376e-8ce5-4c86-a934-845991ab436a.jpg\",\"width\":796,\"height\":448,\"caption\":\"Barcelona vai ter pesadelos com Gon\u00e7alo Guedes (resumo)\"},{\"@type\":\"BreadcrumbList\",\"@id\":\"https:\/\/portaltela.pt\/noticias\/2026\/01\/18\/barcelona-teme-goncalo-guedes-aponta-ameaca-no-confronto\/#breadcrumb\",\"itemListElement\":[{\"@type\":\"ListItem\",\"position\":1,\"name\":\"In\u00edcio\",\"item\":\"https:\/\/portaltela.pt\/\"},{\"@type\":\"ListItem\",\"position\":2,\"name\":\"Barcelona teme Gon\u00e7alo Guedes, aponta amea\u00e7a no confronto\"}]},{\"@type\":\"WebSite\",\"@id\":\"https:\/\/portaltela.pt\/#website\",\"url\":\"https:\/\/portaltela.pt\/\",\"name\":\"Portal Tela Portugal\",\"description\":\"\",\"potentialAction\":[{\"@type\":\"SearchAction\",\"target\":{\"@type\":\"EntryPoint\",\"urlTemplate\":\"https:\/\/portaltela.pt\/?s={search_term_string}\"},\"query-input\":{\"@type\":\"PropertyValueSpecification\",\"valueRequired\":true,\"valueName\":\"search_term_string\"}}],\"inLanguage\":\"pt-PT\"},{\"@type\":\"Person\",\"@id\":\"https:\/\/portaltela.pt\/#\/schema\/person\/c4278d4a6028830caff9ee44b42d32ed\",\"name\":\"Telinha\",\"image\":{\"@type\":\"ImageObject\",\"inLanguage\":\"pt-PT\",\"@id\":\"https:\/\/portaltela.pt\/s.01k8rhncp4jt1\/2025\/11\/talking-bot-125x125.png\",\"url\":\"https:\/\/portaltela.pt\/s.01k8rhncp4jt1\/2025\/11\/talking-bot-125x125.png\",\"contentUrl\":\"https:\/\/portaltela.pt\/s.01k8rhncp4jt1\/2025\/11\/talking-bot-125x125.png\",\"caption\":\"Telinha\"},\"sameAs\":[\"https:\/\/portaltela.pt\/\"],\"url\":\"https:\/\/portaltela.pt\/por\/367410592786\/\"}]}<\/script>\n<!-- \/ Yoast SEO plugin. -->","yoast_head_json":{"title":"Barcelona teme Gon\u00e7alo Guedes, aponta amea\u00e7a no confronto - Portal Tela Portugal","robots":{"index":"index","follow":"follow","max-snippet":"max-snippet:-1","max-image-preview":"max-image-preview:large","max-video-preview":"max-video-preview:-1"},"og_locale":"pt_PT","og_type":"article","og_title":"Barcelona teme Gon\u00e7alo Guedes, aponta amea\u00e7a no confronto - Portal Tela Portugal","og_description":"Gon\u00e7alo Guedes marcou e fez assist\u00eancia na vit\u00f3ria da Real Sociedad sobre o Barcelona. O jogo aconteceu na LaLiga e interrompeu a j\u00e1 longa sequ\u00eancia de invencibilidade do Barcelona. Guedes iniciou a jogada com um passe de alto n\u00edvel que criou a ova\u00e7\u00e3o para o lance. O triunfo mant\u00e9m a Real Sociedad firme na luta por pontos na competi\u00e7\u00e3o.","og_url":"https:\/\/portaltela.pt\/noticias\/2026\/01\/18\/barcelona-teme-goncalo-guedes-aponta-ameaca-no-confronto\/","og_site_name":"Portal Tela Portugal","article_published_time":"2026-01-18T22:57:45+00:00","author":"Telinha","twitter_card":"summary_large_image","twitter_misc":{"Escrito por":"Telinha","Tempo estimado de leitura":"1 minuto"},"schema":{"@context":"https:\/\/schema.org","@graph":[{"@type":"Article","@id":"https:\/\/portaltela.pt\/noticias\/2026\/01\/18\/barcelona-teme-goncalo-guedes-aponta-ameaca-no-confronto\/#article","isPartOf":{"@id":"https:\/\/portaltela.pt\/noticias\/2026\/01\/18\/barcelona-teme-goncalo-guedes-aponta-ameaca-no-confronto\/"},"author":{"name":"Telinha","@id":"https:\/\/portaltela.pt\/#\/schema\/person\/c4278d4a6028830caff9ee44b42d32ed"},"headline":"Barcelona teme Gon\u00e7alo Guedes, aponta amea\u00e7a no confronto","datePublished":"2026-01-18T22:57:45+00:00","mainEntityOfPage":{"@id":"https:\/\/portaltela.pt\/noticias\/2026\/01\/18\/barcelona-teme-goncalo-guedes-aponta-ameaca-no-confronto\/"},"wordCount":180,"image":{"@id":"https:\/\/portaltela.pt\/noticias\/2026\/01\/18\/barcelona-teme-goncalo-guedes-aponta-ameaca-no-confronto\/#primaryimage"},"thumbnailUrl":"https:\/\/portaltela.pt\/s.01k8rhncp4jt1\/2026\/01\/70fb376e-8ce5-4c86-a934-845991ab436a.jpg","keywords":["Barcelona","desporto","futebol","Gon\u00e7alo Guedes","La Liga","Portugal"],"articleSection":["Desporto","Futebol"],"inLanguage":"pt-PT"},{"@type":"WebPage","@id":"https:\/\/portaltela.pt\/noticias\/2026\/01\/18\/barcelona-teme-goncalo-guedes-aponta-ameaca-no-confronto\/","url":"https:\/\/portaltela.pt\/noticias\/2026\/01\/18\/barcelona-teme-goncalo-guedes-aponta-ameaca-no-confronto\/","name":"Barcelona teme Gon\u00e7alo Guedes, aponta amea\u00e7a no confronto - Portal Tela Portugal","isPartOf":{"@id":"https:\/\/portaltela.pt\/#website"},"primaryImageOfPage":{"@id":"https:\/\/portaltela.pt\/noticias\/2026\/01\/18\/barcelona-teme-goncalo-guedes-aponta-ameaca-no-confronto\/#primaryimage"},"image":{"@id":"https:\/\/portaltela.pt\/noticias\/2026\/01\/18\/barcelona-teme-goncalo-guedes-aponta-ameaca-no-confronto\/#primaryimage"},"thumbnailUrl":"https:\/\/portaltela.pt\/s.01k8rhncp4jt1\/2026\/01\/70fb376e-8ce5-4c86-a934-845991ab436a.jpg","datePublished":"2026-01-18T22:57:45+00:00","author":{"@id":"https:\/\/portaltela.pt\/#\/schema\/person\/c4278d4a6028830caff9ee44b42d32ed"},"breadcrumb":{"@id":"https:\/\/portaltela.pt\/noticias\/2026\/01\/18\/barcelona-teme-goncalo-guedes-aponta-ameaca-no-confronto\/#breadcrumb"},"inLanguage":"pt-PT","potentialAction":[{"@type":"ReadAction","target":["https:\/\/portaltela.pt\/noticias\/2026\/01\/18\/barcelona-teme-goncalo-guedes-aponta-ameaca-no-confronto\/"]}]},{"@type":"ImageObject","inLanguage":"pt-PT","@id":"https:\/\/portaltela.pt\/noticias\/2026\/01\/18\/barcelona-teme-goncalo-guedes-aponta-ameaca-no-confronto\/#primaryimage","url":"https:\/\/portaltela.pt\/s.01k8rhncp4jt1\/2026\/01\/70fb376e-8ce5-4c86-a934-845991ab436a.jpg","contentUrl":"https:\/\/portaltela.pt\/s.01k8rhncp4jt1\/2026\/01\/70fb376e-8ce5-4c86-a934-845991ab436a.jpg","width":796,"height":448,"caption":"Barcelona vai ter pesadelos com Gon\u00e7alo Guedes (resumo)"},{"@type":"BreadcrumbList","@id":"https:\/\/portaltela.pt\/noticias\/2026\/01\/18\/barcelona-teme-goncalo-guedes-aponta-ameaca-no-confronto\/#breadcrumb","itemListElement":[{"@type":"ListItem","position":1,"name":"In\u00edcio","item":"https:\/\/portaltela.pt\/"},{"@type":"ListItem","position":2,"name":"Barcelona teme Gon\u00e7alo Guedes, aponta amea\u00e7a no confronto"}]},{"@type":"WebSite","@id":"https:\/\/portaltela.pt\/#website","url":"https:\/\/portaltela.pt\/","name":"Portal Tela Portugal","description":"","potentialAction":[{"@type":"SearchAction","target":{"@type":"EntryPoint","urlTemplate":"https:\/\/portaltela.pt\/?s={search_term_string}"},"query-input":{"@type":"PropertyValueSpecification","valueRequired":true,"valueName":"search_term_string"}}],"inLanguage":"pt-PT"},{"@type":"Person","@id":"https:\/\/portaltela.pt\/#\/schema\/person\/c4278d4a6028830caff9ee44b42d32ed","name":"Telinha","image":{"@type":"ImageObject","inLanguage":"pt-PT","@id":"https:\/\/portaltela.pt\/s.01k8rhncp4jt1\/2025\/11\/talking-bot-125x125.png","url":"https:\/\/portaltela.pt\/s.01k8rhncp4jt1\/2025\/11\/talking-bot-125x125.png","contentUrl":"https:\/\/portaltela.pt\/s.01k8rhncp4jt1\/2025\/11\/talking-bot-125x125.png","caption":"Telinha"},"sameAs":["https:\/\/portaltela.pt\/"],"url":"https:\/\/portaltela.pt\/por\/367410592786\/"}]}},"_links":{"self":[{"href":"https:\/\/portaltela.pt\/api\/wp\/v2\/posts\/151437","targetHints":{"allow":["GET"]}}],"collection":[{"href":"https:\/\/portaltela.pt\/api\/wp\/v2\/posts"}],"about":[{"href":"https:\/\/portaltela.pt\/api\/wp\/v2\/types\/post"}],"author":[{"embeddable":true,"href":"https:\/\/portaltela.pt\/api\/wp\/v2\/users\/2"}],"replies":[{"embeddable":true,"href":"https:\/\/portaltela.pt\/api\/wp\/v2\/comments?post=151437"}],"version-history":[{"count":0,"href":"https:\/\/portaltela.pt\/api\/wp\/v2\/posts\/151437\/revisions"}],"wp:featuredmedia":[{"embeddable":true,"href":"https:\/\/portaltela.pt\/api\/wp\/v2\/media\/151464"}],"wp:attachment":[{"href":"https:\/\/portaltela.pt\/api\/wp\/v2\/media?parent=151437"}],"wp:term":[{"taxonomy":"category","embeddable":true,"href":"https:\/\/portaltela.pt\/api\/wp\/v2\/categories?post=151437"},{"taxonomy":"post_tag","embeddable":true,"href":"https:\/\/portaltela.pt\/api\/wp\/v2\/tags?post=151437"}],"curies":[{"name":"wp","href":"https:\/\/api.w.org\/{rel}","templated":true}]}}