{"id":151418,"date":"2026-01-18T19:49:08","date_gmt":"2026-01-18T22:49:08","guid":{"rendered":"https:\/\/portaltela.pt\/noticias\/2026\/01\/18\/andre-pestana-fica-em-penultimo-em-coimbra-concelho-onde-nasceu\/"},"modified":"2026-01-18T19:49:08","modified_gmt":"2026-01-18T22:49:08","slug":"andre-pestana-fica-em-penultimo-em-coimbra-concelho-onde-nasceu","status":"publish","type":"post","link":"https:\/\/portaltela.pt\/noticias\/politica\/2026\/01\/18\/andre-pestana-fica-em-penultimo-em-coimbra-concelho-onde-nasceu\/","title":{"rendered":"Andr\u00e9 Pestana fica em pen\u00faltimo em Coimbra, concelho onde nasceu"},"content":{"rendered":"<p>O candidato presidencial Andr\u00e9 Pestana da Silva, natural de Coimbra, ficou em pen\u00faltimo lugar no concelho, com 184 votos, 0,24%, segundo dados provis\u00f3rios da Administra\u00e7\u00e3o Eleitoral. Coimbra teve cobertura de 18 freguesias.<\/p>\n<p>Ao todo votaram 78.678 eleitores em Coimbra, num universo de 123.592 inscritos. Pestana ficou em 10.\u00ba lugar, apenas \u00e0 frente de Humberto Correia, com 30 votos (0,04%).<\/p>\n<h3>Resultados no concelho<\/h3>\n<p>Ant\u00f3nio Jos\u00e9 Seguro foi o mais votado com 39,01% (30.151 votos). Jo\u00e3o Cotrim de Figueiredo teve 16,79% (12.979). Andr\u00e9 Ventura registou 14,09% (10.888 votos). Henrique Gouveia e Melo ficou em quarto com 13,11% (10.133). Lu\u00eds Marques Mendes somou 10,35% (8.003).<\/p>\n<h3>Remanescente da vota\u00e7\u00e3o<\/h3>\n<p>Catarina Martins obteve 2,27% (1.752), Ant\u00f3nio Filipe 2,10% (1.625) e Manuel Jo\u00e3o Vieira 1,33% (1.026). Jorge Pinto somou 0,67% (519). A absten\u00e7\u00e3o no concelho foi de 36,34%. As proje\u00e7\u00f5es apontam para uma poss\u00edvel segunda volta entre Seguro e Ventura ou Cotrim de Figueiredo.<\/p>\n","protected":false},"excerpt":{"rendered":"<ul>\n<li>Andr\u00e9 Pestana da Silva, natural de Coimbra, ficou em pen\u00faltimo no concelho, com 184 votos (0,24%).<\/li>\n<li>Em Coimbra votaram 78.678 eleitores, com absten\u00e7\u00e3o de 36,34%.<\/li>\n<li>Humberto Correia recebeu 30 votos (0,04%), ficando em \u00faltimo entre os candidatos com registo no concelho.<\/li>\n<li>O mais votado foi Ant\u00f3nio Jos\u00e9 Seguro, com 39,01% (30.151 votos); Cotrim de Figueiredo teve 16,79% (12.979) e Andr\u00e9 Ventura 14,09% (10.888); Henrique Gouveia e Melo 13,11% (10.133); Lu\u00eds Marques Mendes 10,35% (8.003).<\/li>\n<li>Proje\u00e7\u00f5es para segunda volta apontam para Seguro frente a Ventura ou Cotrim de Figueiredo.<\/li>\n<\/ul>\n","protected":false},"author":2,"featured_media":151424,"comment_status":"closed","ping_status":"closed","sticky":false,"template":"","format":"standard","meta":{"footnotes":""},"categories":[1,5],"tags":[2453,2655,1070,68,3146,3145],"class_list":["post-151418","post","type-post","status-publish","format-standard","has-post-thumbnail","hentry","category-noticias","category-politica","tag-andre-ventura","tag-antonio-jose-seguro","tag-coimbra","tag-eleicoes","tag-henrique-gouveia-e-melo","tag-joao-cotrim-de-figueiredo"],"yoast_head":"<!-- This site is optimized with the Yoast SEO plugin v27.2 - https:\/\/yoast.com\/product\/yoast-seo-wordpress\/ -->\n<title>Andr\u00e9 Pestana fica em pen\u00faltimo em Coimbra, concelho onde nasceu - Portal Tela Portugal<\/title>\n<meta name=\"robots\" content=\"index, follow, max-snippet:-1, max-image-preview:large, max-video-preview:-1\" \/>\n<meta property=\"og:locale\" content=\"pt_PT\" \/>\n<meta property=\"og:type\" content=\"article\" \/>\n<meta property=\"og:title\" content=\"Andr\u00e9 Pestana fica em pen\u00faltimo em Coimbra, concelho onde nasceu - Portal Tela Portugal\" \/>\n<meta property=\"og:description\" content=\"Andr\u00e9 Pestana da Silva, natural de Coimbra, ficou em pen\u00faltimo no concelho, com 184 votos (0,24%). Em Coimbra votaram 78.678 eleitores, com absten\u00e7\u00e3o de 36,34%. Humberto Correia recebeu 30 votos (0,04%), ficando em \u00faltimo entre os candidatos com registo no concelho. O mais votado foi Ant\u00f3nio Jos\u00e9 Seguro, com 39,01% (30.151 votos); Cotrim de Figueiredo teve 16,79% (12.979) e Andr\u00e9 Ventura 14,09% (10.888); Henrique Gouveia e Melo 13,11% (10.133); Lu\u00eds Marques Mendes 10,35% (8.003). Proje\u00e7\u00f5es para segunda volta apontam para Seguro frente a Ventura ou Cotrim de Figueiredo.\" \/>\n<meta property=\"og:url\" content=\"https:\/\/portaltela.pt\/noticias\/2026\/01\/18\/andre-pestana-fica-em-penultimo-em-coimbra-concelho-onde-nasceu\/\" \/>\n<meta property=\"og:site_name\" content=\"Portal Tela Portugal\" \/>\n<meta property=\"article:published_time\" content=\"2026-01-18T22:49:08+00:00\" \/>\n<meta name=\"author\" content=\"Telinha\" \/>\n<meta name=\"twitter:card\" content=\"summary_large_image\" \/>\n<meta name=\"twitter:label1\" content=\"Escrito por\" \/>\n\t<meta name=\"twitter:data1\" content=\"Telinha\" \/>\n\t<meta name=\"twitter:label2\" content=\"Tempo estimado de leitura\" \/>\n\t<meta name=\"twitter:data2\" content=\"1 minuto\" \/>\n<script type=\"application\/ld+json\" class=\"yoast-schema-graph\">{\"@context\":\"https:\/\/schema.org\",\"@graph\":[{\"@type\":\"Article\",\"@id\":\"https:\/\/portaltela.pt\/noticias\/2026\/01\/18\/andre-pestana-fica-em-penultimo-em-coimbra-concelho-onde-nasceu\/#article\",\"isPartOf\":{\"@id\":\"https:\/\/portaltela.pt\/noticias\/2026\/01\/18\/andre-pestana-fica-em-penultimo-em-coimbra-concelho-onde-nasceu\/\"},\"author\":{\"name\":\"Telinha\",\"@id\":\"https:\/\/portaltela.pt\/#\/schema\/person\/c4278d4a6028830caff9ee44b42d32ed\"},\"headline\":\"Andr\u00e9 Pestana fica em pen\u00faltimo em Coimbra, concelho onde nasceu\",\"datePublished\":\"2026-01-18T22:49:08+00:00\",\"mainEntityOfPage\":{\"@id\":\"https:\/\/portaltela.pt\/noticias\/2026\/01\/18\/andre-pestana-fica-em-penultimo-em-coimbra-concelho-onde-nasceu\/\"},\"wordCount\":143,\"image\":{\"@id\":\"https:\/\/portaltela.pt\/noticias\/2026\/01\/18\/andre-pestana-fica-em-penultimo-em-coimbra-concelho-onde-nasceu\/#primaryimage\"},\"thumbnailUrl\":\"https:\/\/portaltela.pt\/s.01k8rhncp4jt1\/2026\/01\/img_1500x1000uu2026-01-18-22-48-24-2261201.jpg\",\"keywords\":[\"Andr\u00e9 Ventura\",\"Ant\u00f3nio Jos\u00e9 Seguro\",\"Coimbra\",\"elei\u00e7\u00f5es\",\"Henrique Gouveia e Melo\",\"Jo\u00e3o Cotrim de Figueiredo\"],\"articleSection\":[\"Not\u00edcias\",\"Pol\u00edtica\"],\"inLanguage\":\"pt-PT\"},{\"@type\":\"WebPage\",\"@id\":\"https:\/\/portaltela.pt\/noticias\/2026\/01\/18\/andre-pestana-fica-em-penultimo-em-coimbra-concelho-onde-nasceu\/\",\"url\":\"https:\/\/portaltela.pt\/noticias\/2026\/01\/18\/andre-pestana-fica-em-penultimo-em-coimbra-concelho-onde-nasceu\/\",\"name\":\"Andr\u00e9 Pestana fica em pen\u00faltimo em Coimbra, concelho onde nasceu - Portal Tela Portugal\",\"isPartOf\":{\"@id\":\"https:\/\/portaltela.pt\/#website\"},\"primaryImageOfPage\":{\"@id\":\"https:\/\/portaltela.pt\/noticias\/2026\/01\/18\/andre-pestana-fica-em-penultimo-em-coimbra-concelho-onde-nasceu\/#primaryimage\"},\"image\":{\"@id\":\"https:\/\/portaltela.pt\/noticias\/2026\/01\/18\/andre-pestana-fica-em-penultimo-em-coimbra-concelho-onde-nasceu\/#primaryimage\"},\"thumbnailUrl\":\"https:\/\/portaltela.pt\/s.01k8rhncp4jt1\/2026\/01\/img_1500x1000uu2026-01-18-22-48-24-2261201.jpg\",\"datePublished\":\"2026-01-18T22:49:08+00:00\",\"author\":{\"@id\":\"https:\/\/portaltela.pt\/#\/schema\/person\/c4278d4a6028830caff9ee44b42d32ed\"},\"breadcrumb\":{\"@id\":\"https:\/\/portaltela.pt\/noticias\/2026\/01\/18\/andre-pestana-fica-em-penultimo-em-coimbra-concelho-onde-nasceu\/#breadcrumb\"},\"inLanguage\":\"pt-PT\",\"potentialAction\":[{\"@type\":\"ReadAction\",\"target\":[\"https:\/\/portaltela.pt\/noticias\/2026\/01\/18\/andre-pestana-fica-em-penultimo-em-coimbra-concelho-onde-nasceu\/\"]}]},{\"@type\":\"ImageObject\",\"inLanguage\":\"pt-PT\",\"@id\":\"https:\/\/portaltela.pt\/noticias\/2026\/01\/18\/andre-pestana-fica-em-penultimo-em-coimbra-concelho-onde-nasceu\/#primaryimage\",\"url\":\"https:\/\/portaltela.pt\/s.01k8rhncp4jt1\/2026\/01\/img_1500x1000uu2026-01-18-22-48-24-2261201.jpg\",\"contentUrl\":\"https:\/\/portaltela.pt\/s.01k8rhncp4jt1\/2026\/01\/img_1500x1000uu2026-01-18-22-48-24-2261201.jpg\",\"width\":796,\"height\":448,\"caption\":\"Andr\u00e9 Pestana a votar\"},{\"@type\":\"BreadcrumbList\",\"@id\":\"https:\/\/portaltela.pt\/noticias\/2026\/01\/18\/andre-pestana-fica-em-penultimo-em-coimbra-concelho-onde-nasceu\/#breadcrumb\",\"itemListElement\":[{\"@type\":\"ListItem\",\"position\":1,\"name\":\"In\u00edcio\",\"item\":\"https:\/\/portaltela.pt\/\"},{\"@type\":\"ListItem\",\"position\":2,\"name\":\"Andr\u00e9 Pestana fica em pen\u00faltimo em Coimbra, concelho onde nasceu\"}]},{\"@type\":\"WebSite\",\"@id\":\"https:\/\/portaltela.pt\/#website\",\"url\":\"https:\/\/portaltela.pt\/\",\"name\":\"Portal Tela Portugal\",\"description\":\"\",\"potentialAction\":[{\"@type\":\"SearchAction\",\"target\":{\"@type\":\"EntryPoint\",\"urlTemplate\":\"https:\/\/portaltela.pt\/?s={search_term_string}\"},\"query-input\":{\"@type\":\"PropertyValueSpecification\",\"valueRequired\":true,\"valueName\":\"search_term_string\"}}],\"inLanguage\":\"pt-PT\"},{\"@type\":\"Person\",\"@id\":\"https:\/\/portaltela.pt\/#\/schema\/person\/c4278d4a6028830caff9ee44b42d32ed\",\"name\":\"Telinha\",\"image\":{\"@type\":\"ImageObject\",\"inLanguage\":\"pt-PT\",\"@id\":\"https:\/\/portaltela.pt\/s.01k8rhncp4jt1\/2025\/11\/talking-bot-125x125.png\",\"url\":\"https:\/\/portaltela.pt\/s.01k8rhncp4jt1\/2025\/11\/talking-bot-125x125.png\",\"contentUrl\":\"https:\/\/portaltela.pt\/s.01k8rhncp4jt1\/2025\/11\/talking-bot-125x125.png\",\"caption\":\"Telinha\"},\"sameAs\":[\"https:\/\/portaltela.pt\/\"],\"url\":\"https:\/\/portaltela.pt\/por\/367410592786\/\"}]}<\/script>\n<!-- \/ Yoast SEO plugin. -->","yoast_head_json":{"title":"Andr\u00e9 Pestana fica em pen\u00faltimo em Coimbra, concelho onde nasceu - Portal Tela Portugal","robots":{"index":"index","follow":"follow","max-snippet":"max-snippet:-1","max-image-preview":"max-image-preview:large","max-video-preview":"max-video-preview:-1"},"og_locale":"pt_PT","og_type":"article","og_title":"Andr\u00e9 Pestana fica em pen\u00faltimo em Coimbra, concelho onde nasceu - Portal Tela Portugal","og_description":"Andr\u00e9 Pestana da Silva, natural de Coimbra, ficou em pen\u00faltimo no concelho, com 184 votos (0,24%). Em Coimbra votaram 78.678 eleitores, com absten\u00e7\u00e3o de 36,34%. Humberto Correia recebeu 30 votos (0,04%), ficando em \u00faltimo entre os candidatos com registo no concelho. O mais votado foi Ant\u00f3nio Jos\u00e9 Seguro, com 39,01% (30.151 votos); Cotrim de Figueiredo teve 16,79% (12.979) e Andr\u00e9 Ventura 14,09% (10.888); Henrique Gouveia e Melo 13,11% (10.133); Lu\u00eds Marques Mendes 10,35% (8.003). Proje\u00e7\u00f5es para segunda volta apontam para Seguro frente a Ventura ou Cotrim de Figueiredo.","og_url":"https:\/\/portaltela.pt\/noticias\/2026\/01\/18\/andre-pestana-fica-em-penultimo-em-coimbra-concelho-onde-nasceu\/","og_site_name":"Portal Tela Portugal","article_published_time":"2026-01-18T22:49:08+00:00","author":"Telinha","twitter_card":"summary_large_image","twitter_misc":{"Escrito por":"Telinha","Tempo estimado de leitura":"1 minuto"},"schema":{"@context":"https:\/\/schema.org","@graph":[{"@type":"Article","@id":"https:\/\/portaltela.pt\/noticias\/2026\/01\/18\/andre-pestana-fica-em-penultimo-em-coimbra-concelho-onde-nasceu\/#article","isPartOf":{"@id":"https:\/\/portaltela.pt\/noticias\/2026\/01\/18\/andre-pestana-fica-em-penultimo-em-coimbra-concelho-onde-nasceu\/"},"author":{"name":"Telinha","@id":"https:\/\/portaltela.pt\/#\/schema\/person\/c4278d4a6028830caff9ee44b42d32ed"},"headline":"Andr\u00e9 Pestana fica em pen\u00faltimo em Coimbra, concelho onde nasceu","datePublished":"2026-01-18T22:49:08+00:00","mainEntityOfPage":{"@id":"https:\/\/portaltela.pt\/noticias\/2026\/01\/18\/andre-pestana-fica-em-penultimo-em-coimbra-concelho-onde-nasceu\/"},"wordCount":143,"image":{"@id":"https:\/\/portaltela.pt\/noticias\/2026\/01\/18\/andre-pestana-fica-em-penultimo-em-coimbra-concelho-onde-nasceu\/#primaryimage"},"thumbnailUrl":"https:\/\/portaltela.pt\/s.01k8rhncp4jt1\/2026\/01\/img_1500x1000uu2026-01-18-22-48-24-2261201.jpg","keywords":["Andr\u00e9 Ventura","Ant\u00f3nio Jos\u00e9 Seguro","Coimbra","elei\u00e7\u00f5es","Henrique Gouveia e Melo","Jo\u00e3o Cotrim de Figueiredo"],"articleSection":["Not\u00edcias","Pol\u00edtica"],"inLanguage":"pt-PT"},{"@type":"WebPage","@id":"https:\/\/portaltela.pt\/noticias\/2026\/01\/18\/andre-pestana-fica-em-penultimo-em-coimbra-concelho-onde-nasceu\/","url":"https:\/\/portaltela.pt\/noticias\/2026\/01\/18\/andre-pestana-fica-em-penultimo-em-coimbra-concelho-onde-nasceu\/","name":"Andr\u00e9 Pestana fica em pen\u00faltimo em Coimbra, concelho onde nasceu - Portal Tela Portugal","isPartOf":{"@id":"https:\/\/portaltela.pt\/#website"},"primaryImageOfPage":{"@id":"https:\/\/portaltela.pt\/noticias\/2026\/01\/18\/andre-pestana-fica-em-penultimo-em-coimbra-concelho-onde-nasceu\/#primaryimage"},"image":{"@id":"https:\/\/portaltela.pt\/noticias\/2026\/01\/18\/andre-pestana-fica-em-penultimo-em-coimbra-concelho-onde-nasceu\/#primaryimage"},"thumbnailUrl":"https:\/\/portaltela.pt\/s.01k8rhncp4jt1\/2026\/01\/img_1500x1000uu2026-01-18-22-48-24-2261201.jpg","datePublished":"2026-01-18T22:49:08+00:00","author":{"@id":"https:\/\/portaltela.pt\/#\/schema\/person\/c4278d4a6028830caff9ee44b42d32ed"},"breadcrumb":{"@id":"https:\/\/portaltela.pt\/noticias\/2026\/01\/18\/andre-pestana-fica-em-penultimo-em-coimbra-concelho-onde-nasceu\/#breadcrumb"},"inLanguage":"pt-PT","potentialAction":[{"@type":"ReadAction","target":["https:\/\/portaltela.pt\/noticias\/2026\/01\/18\/andre-pestana-fica-em-penultimo-em-coimbra-concelho-onde-nasceu\/"]}]},{"@type":"ImageObject","inLanguage":"pt-PT","@id":"https:\/\/portaltela.pt\/noticias\/2026\/01\/18\/andre-pestana-fica-em-penultimo-em-coimbra-concelho-onde-nasceu\/#primaryimage","url":"https:\/\/portaltela.pt\/s.01k8rhncp4jt1\/2026\/01\/img_1500x1000uu2026-01-18-22-48-24-2261201.jpg","contentUrl":"https:\/\/portaltela.pt\/s.01k8rhncp4jt1\/2026\/01\/img_1500x1000uu2026-01-18-22-48-24-2261201.jpg","width":796,"height":448,"caption":"Andr\u00e9 Pestana a votar"},{"@type":"BreadcrumbList","@id":"https:\/\/portaltela.pt\/noticias\/2026\/01\/18\/andre-pestana-fica-em-penultimo-em-coimbra-concelho-onde-nasceu\/#breadcrumb","itemListElement":[{"@type":"ListItem","position":1,"name":"In\u00edcio","item":"https:\/\/portaltela.pt\/"},{"@type":"ListItem","position":2,"name":"Andr\u00e9 Pestana fica em pen\u00faltimo em Coimbra, concelho onde nasceu"}]},{"@type":"WebSite","@id":"https:\/\/portaltela.pt\/#website","url":"https:\/\/portaltela.pt\/","name":"Portal Tela Portugal","description":"","potentialAction":[{"@type":"SearchAction","target":{"@type":"EntryPoint","urlTemplate":"https:\/\/portaltela.pt\/?s={search_term_string}"},"query-input":{"@type":"PropertyValueSpecification","valueRequired":true,"valueName":"search_term_string"}}],"inLanguage":"pt-PT"},{"@type":"Person","@id":"https:\/\/portaltela.pt\/#\/schema\/person\/c4278d4a6028830caff9ee44b42d32ed","name":"Telinha","image":{"@type":"ImageObject","inLanguage":"pt-PT","@id":"https:\/\/portaltela.pt\/s.01k8rhncp4jt1\/2025\/11\/talking-bot-125x125.png","url":"https:\/\/portaltela.pt\/s.01k8rhncp4jt1\/2025\/11\/talking-bot-125x125.png","contentUrl":"https:\/\/portaltela.pt\/s.01k8rhncp4jt1\/2025\/11\/talking-bot-125x125.png","caption":"Telinha"},"sameAs":["https:\/\/portaltela.pt\/"],"url":"https:\/\/portaltela.pt\/por\/367410592786\/"}]}},"_links":{"self":[{"href":"https:\/\/portaltela.pt\/api\/wp\/v2\/posts\/151418","targetHints":{"allow":["GET"]}}],"collection":[{"href":"https:\/\/portaltela.pt\/api\/wp\/v2\/posts"}],"about":[{"href":"https:\/\/portaltela.pt\/api\/wp\/v2\/types\/post"}],"author":[{"embeddable":true,"href":"https:\/\/portaltela.pt\/api\/wp\/v2\/users\/2"}],"replies":[{"embeddable":true,"href":"https:\/\/portaltela.pt\/api\/wp\/v2\/comments?post=151418"}],"version-history":[{"count":0,"href":"https:\/\/portaltela.pt\/api\/wp\/v2\/posts\/151418\/revisions"}],"wp:featuredmedia":[{"embeddable":true,"href":"https:\/\/portaltela.pt\/api\/wp\/v2\/media\/151424"}],"wp:attachment":[{"href":"https:\/\/portaltela.pt\/api\/wp\/v2\/media?parent=151418"}],"wp:term":[{"taxonomy":"category","embeddable":true,"href":"https:\/\/portaltela.pt\/api\/wp\/v2\/categories?post=151418"},{"taxonomy":"post_tag","embeddable":true,"href":"https:\/\/portaltela.pt\/api\/wp\/v2\/tags?post=151418"}],"curies":[{"name":"wp","href":"https:\/\/api.w.org\/{rel}","templated":true}]}}