{"id":151412,"date":"2026-01-18T19:46:21","date_gmt":"2026-01-18T22:46:21","guid":{"rendered":"https:\/\/portaltela.pt\/noticias\/2026\/01\/18\/antonio-jose-seguro-lidera-no-distrito-de-viseu-nas-presidenciais\/"},"modified":"2026-01-18T19:46:21","modified_gmt":"2026-01-18T22:46:21","slug":"antonio-jose-seguro-lidera-no-distrito-de-viseu-nas-presidenciais","status":"publish","type":"post","link":"https:\/\/portaltela.pt\/noticias\/politica\/2026\/01\/18\/antonio-jose-seguro-lidera-no-distrito-de-viseu-nas-presidenciais\/","title":{"rendered":"Ant\u00f3nio Jos\u00e9 Seguro lidera no distrito de Viseu nas Presidenciais"},"content":{"rendered":"<p>Ant\u00f3nio Jos\u00e9 Seguro foi o candidato mais votado no distrito de Viseu na primeira volta das elei\u00e7\u00f5es presidenciais, com mais de 30% dos votos. O resultado mais expressivo aponta para 30.03% e mais de 57 mil votos para Seguro. Andr\u00e9 Ventura ficou em segundo, com 25.77%.<\/p>\n<p>Marques Mendes ocupou o terceiro lugar, com 15.32%. Seguiram-se Cotrim de Figueiredo (12.99%) e Gouveia e Melo (12.36%). Catarina Martins recebeu 1.38%, Manuel Jo\u00e3o Vieira 0.76% e Ant\u00f3nio Filipe 0.64%. Jorge Pinto teve 0.45%, Andr\u00e9 Pestana 0.20% e Humberto Correia 0.10%. Votaram em branco ou foram nulos 2.24%.<\/p>\n<p>No conjunto de concelhos, Seguro venceu em Moimenta da Beira, Lamego, Resende, Cinf\u00e3es, Penalva do Castelo, Mangualde, Viseu, S\u00e3o Pedro do Sul, Vouzela, Tondela, Nelas, Santa Comba D\u00e3o, Carregal do Sal e Mort\u00e1gua. Ventura ganhou em Tabua\u00e7o, S\u00e3o Jo\u00e3o da Pesqueira, Penedono, Armamar, Tarouca, S\u00e1t\u00e3o, Vila Nova de Paiva, Castro Daire e Oliveira de Frades. Marques Mendes venceu em Sernancelhe.<\/p>\n","protected":false},"excerpt":{"rendered":"<ul>\n<li>Ant\u00f3nio Jos\u00e9 Seguro foi o candidato mais votado no distrito de Viseu na primeira volta, com 30,03% dos votos e mais de 57 mil votos.<\/li>\n<li>Andr\u00e9 Ventura ficou em segundo com 25,77% dos votos; Marques Mendes ficou em terceiro com 15,32%.<\/li>\n<li>Entre os outros candidatos, Cotrim de Figueiredo teve 12,99% e Gouveia e Melo 12,36%.<\/li>\n<li>Votos em branco ou nulos somaram 2,24%.<\/li>\n<li>Por concelho, Seguro venceu em Moimenta da Beira, Lamego, Resende, Cinf\u00e3es, Penalva do Castelo, Mangualde, Viseu, S\u00e3o Pedro do Sul, Vouzela, Tondela, Nelas, Santa Comba D\u00e3o, Carregal do Sal e Mort\u00e1gua; Ventura ganhou em Tabua\u00e7o, S\u00e3o Jo\u00e3o da Pesqueira, Penedono, Armamar, Tarouca, S\u00e1t\u00e3o, Vila Nova de Paiva, Castro Daire e Oliveira de Frades; Marques Mendes venceu em Sernancelhe.<\/li>\n<\/ul>\n","protected":false},"author":2,"featured_media":151420,"comment_status":"closed","ping_status":"closed","sticky":false,"template":"","format":"standard","meta":{"footnotes":""},"categories":[1,5],"tags":[68,3419,2157,2832,1372,1171],"class_list":["post-151412","post","type-post","status-publish","format-standard","has-post-thumbnail","hentry","category-noticias","category-politica","tag-eleicoes","tag-lamego","tag-moimenta-da-beira","tag-politica","tag-resende","tag-viseu"],"yoast_head":"<!-- This site is optimized with the Yoast SEO plugin v27.2 - https:\/\/yoast.com\/product\/yoast-seo-wordpress\/ -->\n<title>Ant\u00f3nio Jos\u00e9 Seguro lidera no distrito de Viseu nas Presidenciais - Portal Tela Portugal<\/title>\n<meta name=\"robots\" content=\"index, follow, max-snippet:-1, max-image-preview:large, max-video-preview:-1\" \/>\n<meta property=\"og:locale\" content=\"pt_PT\" \/>\n<meta property=\"og:type\" content=\"article\" \/>\n<meta property=\"og:title\" content=\"Ant\u00f3nio Jos\u00e9 Seguro lidera no distrito de Viseu nas Presidenciais - Portal Tela Portugal\" \/>\n<meta property=\"og:description\" content=\"Ant\u00f3nio Jos\u00e9 Seguro foi o candidato mais votado no distrito de Viseu na primeira volta, com 30,03% dos votos e mais de 57 mil votos. Andr\u00e9 Ventura ficou em segundo com 25,77% dos votos; Marques Mendes ficou em terceiro com 15,32%. Entre os outros candidatos, Cotrim de Figueiredo teve 12,99% e Gouveia e Melo 12,36%. Votos em branco ou nulos somaram 2,24%. Por concelho, Seguro venceu em Moimenta da Beira, Lamego, Resende, Cinf\u00e3es, Penalva do Castelo, Mangualde, Viseu, S\u00e3o Pedro do Sul, Vouzela, Tondela, Nelas, Santa Comba D\u00e3o, Carregal do Sal e Mort\u00e1gua; Ventura ganhou em Tabua\u00e7o, S\u00e3o Jo\u00e3o da Pesqueira, Penedono, Armamar, Tarouca, S\u00e1t\u00e3o, Vila Nova de Paiva, Castro Daire e Oliveira de Frades; Marques Mendes venceu em Sernancelhe.\" \/>\n<meta property=\"og:url\" content=\"https:\/\/portaltela.pt\/noticias\/2026\/01\/18\/antonio-jose-seguro-lidera-no-distrito-de-viseu-nas-presidenciais\/\" \/>\n<meta property=\"og:site_name\" content=\"Portal Tela Portugal\" \/>\n<meta property=\"article:published_time\" content=\"2026-01-18T22:46:21+00:00\" \/>\n<meta name=\"author\" content=\"Telinha\" \/>\n<meta name=\"twitter:card\" content=\"summary_large_image\" \/>\n<meta name=\"twitter:label1\" content=\"Escrito por\" \/>\n\t<meta name=\"twitter:data1\" content=\"Telinha\" \/>\n\t<meta name=\"twitter:label2\" content=\"Tempo estimado de leitura\" \/>\n\t<meta name=\"twitter:data2\" content=\"1 minuto\" \/>\n<script type=\"application\/ld+json\" class=\"yoast-schema-graph\">{\"@context\":\"https:\/\/schema.org\",\"@graph\":[{\"@type\":\"Article\",\"@id\":\"https:\/\/portaltela.pt\/noticias\/2026\/01\/18\/antonio-jose-seguro-lidera-no-distrito-de-viseu-nas-presidenciais\/#article\",\"isPartOf\":{\"@id\":\"https:\/\/portaltela.pt\/noticias\/2026\/01\/18\/antonio-jose-seguro-lidera-no-distrito-de-viseu-nas-presidenciais\/\"},\"author\":{\"name\":\"Telinha\",\"@id\":\"https:\/\/portaltela.pt\/#\/schema\/person\/c4278d4a6028830caff9ee44b42d32ed\"},\"headline\":\"Ant\u00f3nio Jos\u00e9 Seguro lidera no distrito de Viseu nas Presidenciais\",\"datePublished\":\"2026-01-18T22:46:21+00:00\",\"mainEntityOfPage\":{\"@id\":\"https:\/\/portaltela.pt\/noticias\/2026\/01\/18\/antonio-jose-seguro-lidera-no-distrito-de-viseu-nas-presidenciais\/\"},\"wordCount\":164,\"image\":{\"@id\":\"https:\/\/portaltela.pt\/noticias\/2026\/01\/18\/antonio-jose-seguro-lidera-no-distrito-de-viseu-nas-presidenciais\/#primaryimage\"},\"thumbnailUrl\":\"https:\/\/portaltela.pt\/s.01k8rhncp4jt1\/2026\/01\/Antonio-Jose-Seguro-Presidenciais-2026-rh7ad51xwvd2ovcrf196tqyodb2dsos0k7zy2m5dcw.jpg\",\"keywords\":[\"elei\u00e7\u00f5es\",\"Lamego\",\"Moimenta da Beira\",\"pol\u00edtica\",\"Resende\",\"Viseu\"],\"articleSection\":[\"Not\u00edcias\",\"Pol\u00edtica\"],\"inLanguage\":\"pt-PT\"},{\"@type\":\"WebPage\",\"@id\":\"https:\/\/portaltela.pt\/noticias\/2026\/01\/18\/antonio-jose-seguro-lidera-no-distrito-de-viseu-nas-presidenciais\/\",\"url\":\"https:\/\/portaltela.pt\/noticias\/2026\/01\/18\/antonio-jose-seguro-lidera-no-distrito-de-viseu-nas-presidenciais\/\",\"name\":\"Ant\u00f3nio Jos\u00e9 Seguro lidera no distrito de Viseu nas Presidenciais - Portal Tela Portugal\",\"isPartOf\":{\"@id\":\"https:\/\/portaltela.pt\/#website\"},\"primaryImageOfPage\":{\"@id\":\"https:\/\/portaltela.pt\/noticias\/2026\/01\/18\/antonio-jose-seguro-lidera-no-distrito-de-viseu-nas-presidenciais\/#primaryimage\"},\"image\":{\"@id\":\"https:\/\/portaltela.pt\/noticias\/2026\/01\/18\/antonio-jose-seguro-lidera-no-distrito-de-viseu-nas-presidenciais\/#primaryimage\"},\"thumbnailUrl\":\"https:\/\/portaltela.pt\/s.01k8rhncp4jt1\/2026\/01\/Antonio-Jose-Seguro-Presidenciais-2026-rh7ad51xwvd2ovcrf196tqyodb2dsos0k7zy2m5dcw.jpg\",\"datePublished\":\"2026-01-18T22:46:21+00:00\",\"author\":{\"@id\":\"https:\/\/portaltela.pt\/#\/schema\/person\/c4278d4a6028830caff9ee44b42d32ed\"},\"breadcrumb\":{\"@id\":\"https:\/\/portaltela.pt\/noticias\/2026\/01\/18\/antonio-jose-seguro-lidera-no-distrito-de-viseu-nas-presidenciais\/#breadcrumb\"},\"inLanguage\":\"pt-PT\",\"potentialAction\":[{\"@type\":\"ReadAction\",\"target\":[\"https:\/\/portaltela.pt\/noticias\/2026\/01\/18\/antonio-jose-seguro-lidera-no-distrito-de-viseu-nas-presidenciais\/\"]}]},{\"@type\":\"ImageObject\",\"inLanguage\":\"pt-PT\",\"@id\":\"https:\/\/portaltela.pt\/noticias\/2026\/01\/18\/antonio-jose-seguro-lidera-no-distrito-de-viseu-nas-presidenciais\/#primaryimage\",\"url\":\"https:\/\/portaltela.pt\/s.01k8rhncp4jt1\/2026\/01\/Antonio-Jose-Seguro-Presidenciais-2026-rh7ad51xwvd2ovcrf196tqyodb2dsos0k7zy2m5dcw.jpg\",\"contentUrl\":\"https:\/\/portaltela.pt\/s.01k8rhncp4jt1\/2026\/01\/Antonio-Jose-Seguro-Presidenciais-2026-rh7ad51xwvd2ovcrf196tqyodb2dsos0k7zy2m5dcw.jpg\",\"width\":796,\"height\":448,\"caption\":\"Presidenciais: Seguro foi o mais votado no distrito da Guarda\"},{\"@type\":\"BreadcrumbList\",\"@id\":\"https:\/\/portaltela.pt\/noticias\/2026\/01\/18\/antonio-jose-seguro-lidera-no-distrito-de-viseu-nas-presidenciais\/#breadcrumb\",\"itemListElement\":[{\"@type\":\"ListItem\",\"position\":1,\"name\":\"In\u00edcio\",\"item\":\"https:\/\/portaltela.pt\/\"},{\"@type\":\"ListItem\",\"position\":2,\"name\":\"Ant\u00f3nio Jos\u00e9 Seguro lidera no distrito de Viseu nas Presidenciais\"}]},{\"@type\":\"WebSite\",\"@id\":\"https:\/\/portaltela.pt\/#website\",\"url\":\"https:\/\/portaltela.pt\/\",\"name\":\"Portal Tela Portugal\",\"description\":\"\",\"potentialAction\":[{\"@type\":\"SearchAction\",\"target\":{\"@type\":\"EntryPoint\",\"urlTemplate\":\"https:\/\/portaltela.pt\/?s={search_term_string}\"},\"query-input\":{\"@type\":\"PropertyValueSpecification\",\"valueRequired\":true,\"valueName\":\"search_term_string\"}}],\"inLanguage\":\"pt-PT\"},{\"@type\":\"Person\",\"@id\":\"https:\/\/portaltela.pt\/#\/schema\/person\/c4278d4a6028830caff9ee44b42d32ed\",\"name\":\"Telinha\",\"image\":{\"@type\":\"ImageObject\",\"inLanguage\":\"pt-PT\",\"@id\":\"https:\/\/portaltela.pt\/s.01k8rhncp4jt1\/2025\/11\/talking-bot-125x125.png\",\"url\":\"https:\/\/portaltela.pt\/s.01k8rhncp4jt1\/2025\/11\/talking-bot-125x125.png\",\"contentUrl\":\"https:\/\/portaltela.pt\/s.01k8rhncp4jt1\/2025\/11\/talking-bot-125x125.png\",\"caption\":\"Telinha\"},\"sameAs\":[\"https:\/\/portaltela.pt\/\"],\"url\":\"https:\/\/portaltela.pt\/por\/367410592786\/\"}]}<\/script>\n<!-- \/ Yoast SEO plugin. -->","yoast_head_json":{"title":"Ant\u00f3nio Jos\u00e9 Seguro lidera no distrito de Viseu nas Presidenciais - Portal Tela Portugal","robots":{"index":"index","follow":"follow","max-snippet":"max-snippet:-1","max-image-preview":"max-image-preview:large","max-video-preview":"max-video-preview:-1"},"og_locale":"pt_PT","og_type":"article","og_title":"Ant\u00f3nio Jos\u00e9 Seguro lidera no distrito de Viseu nas Presidenciais - Portal Tela Portugal","og_description":"Ant\u00f3nio Jos\u00e9 Seguro foi o candidato mais votado no distrito de Viseu na primeira volta, com 30,03% dos votos e mais de 57 mil votos. Andr\u00e9 Ventura ficou em segundo com 25,77% dos votos; Marques Mendes ficou em terceiro com 15,32%. Entre os outros candidatos, Cotrim de Figueiredo teve 12,99% e Gouveia e Melo 12,36%. Votos em branco ou nulos somaram 2,24%. Por concelho, Seguro venceu em Moimenta da Beira, Lamego, Resende, Cinf\u00e3es, Penalva do Castelo, Mangualde, Viseu, S\u00e3o Pedro do Sul, Vouzela, Tondela, Nelas, Santa Comba D\u00e3o, Carregal do Sal e Mort\u00e1gua; Ventura ganhou em Tabua\u00e7o, S\u00e3o Jo\u00e3o da Pesqueira, Penedono, Armamar, Tarouca, S\u00e1t\u00e3o, Vila Nova de Paiva, Castro Daire e Oliveira de Frades; Marques Mendes venceu em Sernancelhe.","og_url":"https:\/\/portaltela.pt\/noticias\/2026\/01\/18\/antonio-jose-seguro-lidera-no-distrito-de-viseu-nas-presidenciais\/","og_site_name":"Portal Tela Portugal","article_published_time":"2026-01-18T22:46:21+00:00","author":"Telinha","twitter_card":"summary_large_image","twitter_misc":{"Escrito por":"Telinha","Tempo estimado de leitura":"1 minuto"},"schema":{"@context":"https:\/\/schema.org","@graph":[{"@type":"Article","@id":"https:\/\/portaltela.pt\/noticias\/2026\/01\/18\/antonio-jose-seguro-lidera-no-distrito-de-viseu-nas-presidenciais\/#article","isPartOf":{"@id":"https:\/\/portaltela.pt\/noticias\/2026\/01\/18\/antonio-jose-seguro-lidera-no-distrito-de-viseu-nas-presidenciais\/"},"author":{"name":"Telinha","@id":"https:\/\/portaltela.pt\/#\/schema\/person\/c4278d4a6028830caff9ee44b42d32ed"},"headline":"Ant\u00f3nio Jos\u00e9 Seguro lidera no distrito de Viseu nas Presidenciais","datePublished":"2026-01-18T22:46:21+00:00","mainEntityOfPage":{"@id":"https:\/\/portaltela.pt\/noticias\/2026\/01\/18\/antonio-jose-seguro-lidera-no-distrito-de-viseu-nas-presidenciais\/"},"wordCount":164,"image":{"@id":"https:\/\/portaltela.pt\/noticias\/2026\/01\/18\/antonio-jose-seguro-lidera-no-distrito-de-viseu-nas-presidenciais\/#primaryimage"},"thumbnailUrl":"https:\/\/portaltela.pt\/s.01k8rhncp4jt1\/2026\/01\/Antonio-Jose-Seguro-Presidenciais-2026-rh7ad51xwvd2ovcrf196tqyodb2dsos0k7zy2m5dcw.jpg","keywords":["elei\u00e7\u00f5es","Lamego","Moimenta da Beira","pol\u00edtica","Resende","Viseu"],"articleSection":["Not\u00edcias","Pol\u00edtica"],"inLanguage":"pt-PT"},{"@type":"WebPage","@id":"https:\/\/portaltela.pt\/noticias\/2026\/01\/18\/antonio-jose-seguro-lidera-no-distrito-de-viseu-nas-presidenciais\/","url":"https:\/\/portaltela.pt\/noticias\/2026\/01\/18\/antonio-jose-seguro-lidera-no-distrito-de-viseu-nas-presidenciais\/","name":"Ant\u00f3nio Jos\u00e9 Seguro lidera no distrito de Viseu nas Presidenciais - Portal Tela Portugal","isPartOf":{"@id":"https:\/\/portaltela.pt\/#website"},"primaryImageOfPage":{"@id":"https:\/\/portaltela.pt\/noticias\/2026\/01\/18\/antonio-jose-seguro-lidera-no-distrito-de-viseu-nas-presidenciais\/#primaryimage"},"image":{"@id":"https:\/\/portaltela.pt\/noticias\/2026\/01\/18\/antonio-jose-seguro-lidera-no-distrito-de-viseu-nas-presidenciais\/#primaryimage"},"thumbnailUrl":"https:\/\/portaltela.pt\/s.01k8rhncp4jt1\/2026\/01\/Antonio-Jose-Seguro-Presidenciais-2026-rh7ad51xwvd2ovcrf196tqyodb2dsos0k7zy2m5dcw.jpg","datePublished":"2026-01-18T22:46:21+00:00","author":{"@id":"https:\/\/portaltela.pt\/#\/schema\/person\/c4278d4a6028830caff9ee44b42d32ed"},"breadcrumb":{"@id":"https:\/\/portaltela.pt\/noticias\/2026\/01\/18\/antonio-jose-seguro-lidera-no-distrito-de-viseu-nas-presidenciais\/#breadcrumb"},"inLanguage":"pt-PT","potentialAction":[{"@type":"ReadAction","target":["https:\/\/portaltela.pt\/noticias\/2026\/01\/18\/antonio-jose-seguro-lidera-no-distrito-de-viseu-nas-presidenciais\/"]}]},{"@type":"ImageObject","inLanguage":"pt-PT","@id":"https:\/\/portaltela.pt\/noticias\/2026\/01\/18\/antonio-jose-seguro-lidera-no-distrito-de-viseu-nas-presidenciais\/#primaryimage","url":"https:\/\/portaltela.pt\/s.01k8rhncp4jt1\/2026\/01\/Antonio-Jose-Seguro-Presidenciais-2026-rh7ad51xwvd2ovcrf196tqyodb2dsos0k7zy2m5dcw.jpg","contentUrl":"https:\/\/portaltela.pt\/s.01k8rhncp4jt1\/2026\/01\/Antonio-Jose-Seguro-Presidenciais-2026-rh7ad51xwvd2ovcrf196tqyodb2dsos0k7zy2m5dcw.jpg","width":796,"height":448,"caption":"Presidenciais: Seguro foi o mais votado no distrito da Guarda"},{"@type":"BreadcrumbList","@id":"https:\/\/portaltela.pt\/noticias\/2026\/01\/18\/antonio-jose-seguro-lidera-no-distrito-de-viseu-nas-presidenciais\/#breadcrumb","itemListElement":[{"@type":"ListItem","position":1,"name":"In\u00edcio","item":"https:\/\/portaltela.pt\/"},{"@type":"ListItem","position":2,"name":"Ant\u00f3nio Jos\u00e9 Seguro lidera no distrito de Viseu nas Presidenciais"}]},{"@type":"WebSite","@id":"https:\/\/portaltela.pt\/#website","url":"https:\/\/portaltela.pt\/","name":"Portal Tela Portugal","description":"","potentialAction":[{"@type":"SearchAction","target":{"@type":"EntryPoint","urlTemplate":"https:\/\/portaltela.pt\/?s={search_term_string}"},"query-input":{"@type":"PropertyValueSpecification","valueRequired":true,"valueName":"search_term_string"}}],"inLanguage":"pt-PT"},{"@type":"Person","@id":"https:\/\/portaltela.pt\/#\/schema\/person\/c4278d4a6028830caff9ee44b42d32ed","name":"Telinha","image":{"@type":"ImageObject","inLanguage":"pt-PT","@id":"https:\/\/portaltela.pt\/s.01k8rhncp4jt1\/2025\/11\/talking-bot-125x125.png","url":"https:\/\/portaltela.pt\/s.01k8rhncp4jt1\/2025\/11\/talking-bot-125x125.png","contentUrl":"https:\/\/portaltela.pt\/s.01k8rhncp4jt1\/2025\/11\/talking-bot-125x125.png","caption":"Telinha"},"sameAs":["https:\/\/portaltela.pt\/"],"url":"https:\/\/portaltela.pt\/por\/367410592786\/"}]}},"_links":{"self":[{"href":"https:\/\/portaltela.pt\/api\/wp\/v2\/posts\/151412","targetHints":{"allow":["GET"]}}],"collection":[{"href":"https:\/\/portaltela.pt\/api\/wp\/v2\/posts"}],"about":[{"href":"https:\/\/portaltela.pt\/api\/wp\/v2\/types\/post"}],"author":[{"embeddable":true,"href":"https:\/\/portaltela.pt\/api\/wp\/v2\/users\/2"}],"replies":[{"embeddable":true,"href":"https:\/\/portaltela.pt\/api\/wp\/v2\/comments?post=151412"}],"version-history":[{"count":0,"href":"https:\/\/portaltela.pt\/api\/wp\/v2\/posts\/151412\/revisions"}],"wp:featuredmedia":[{"embeddable":true,"href":"https:\/\/portaltela.pt\/api\/wp\/v2\/media\/151420"}],"wp:attachment":[{"href":"https:\/\/portaltela.pt\/api\/wp\/v2\/media?parent=151412"}],"wp:term":[{"taxonomy":"category","embeddable":true,"href":"https:\/\/portaltela.pt\/api\/wp\/v2\/categories?post=151412"},{"taxonomy":"post_tag","embeddable":true,"href":"https:\/\/portaltela.pt\/api\/wp\/v2\/tags?post=151412"}],"curies":[{"name":"wp","href":"https:\/\/api.w.org\/{rel}","templated":true}]}}