{"id":151407,"date":"2026-01-18T19:49:00","date_gmt":"2026-01-18T22:49:00","guid":{"rendered":"https:\/\/portaltela.pt\/noticias\/2026\/01\/18\/almirante-afirma-que-resultado-da-eleicao-nao-corresponde-ao-objetivo\/"},"modified":"2026-01-18T19:49:00","modified_gmt":"2026-01-18T22:49:00","slug":"almirante-afirma-que-resultado-da-eleicao-nao-corresponde-ao-objetivo","status":"publish","type":"post","link":"https:\/\/portaltela.pt\/noticias\/politica\/2026\/01\/18\/almirante-afirma-que-resultado-da-eleicao-nao-corresponde-ao-objetivo\/","title":{"rendered":"Almirante afirma que resultado da elei\u00e7\u00e3o n\u00e3o corresponde ao objetivo"},"content":{"rendered":"<p>Henrique Gouveia e Melo, almirante e ex-chefe do Estado-Maior da For\u00e7a A\u00e9rea Portuguesa, afirmou que os resultados da elei\u00e7\u00e3o presidencial em Portugal n\u00e3o correspondem \u00e0s suas expectativas. Em declara\u00e7\u00f5es \u00e0 imprensa, o oficial destacou que o resultado n\u00e3o foi o objetivo desejado e que n\u00e3o previa uma vit\u00f3ria t\u00e3o expressiva de um dos candidatos.<\/p>\n<p>Apesar de n\u00e3o anunciar apoio a qualquer concorrente que avancou para a segunda volta, o general felicitou os dois candidatos que passaram \u00e0 fase seguinte. Refor\u00e7ou a import\u00e2ncia de o voto serem uma escolha consciente e respons\u00e1vel por parte dos cidad\u00e3os.<\/p>\n<p>O general n\u00e3o revelou em quem pretende votar na segunda volta, deixando claro que n\u00e3o pretende influenciar os eleitores. Enfatizou a necessidade de os portugueses escolherem com liberdade, responsabilidade e sem press\u00f5es.<\/p>\n<p>A elei\u00e7\u00e3o, disputada entre Marcelo Rebelo de Sousa e Ant\u00f3nio Costa, registou uma participa\u00e7\u00e3o hist\u00f3rica. A segunda volta est\u00e1 marcada para o dia 29 de janeiro, e as expectativas apontam para uma vota\u00e7\u00e3o muito disputada e uma margem de vit\u00f3ria potencialmente estreita.<\/p>\n<p>O resultado poder\u00e1 influenciar o quadro pol\u00edtico nacional, nomeadamente no que respeita \u00e0s pr\u00f3ximas elei\u00e7\u00f5es legislativas e municipais. Os portugueses s\u00e3o convidados a votar com responsabilidade, avaliando as propostas e valores de cada candidato.<\/p>\n","protected":false},"excerpt":{"rendered":"<ul>\n<li>O almirante Henrique Gouveia e Melo afirmou que os resultados das elei\u00e7\u00f5es presidenciais em Portugal n\u00e3o correspondem aos seus objetivos.<\/li>\n<li>Agradeceu aos candidatos que passaram \u00e0 segunda volta, sem declarar apoio a nenhum deles.<\/li>\n<li>Reiterou que n\u00e3o vai revelar o seu voto e que quer que os portugueses escolham com liberdade e responsabilidade.<\/li>\n<li>A segunda volta est\u00e1 marcada para 29 de janeiro, entre Marcelo Rebelo de Sousa e Ant\u00f3nio Costa.<\/li>\n<li>A elei\u00e7\u00e3o teve participa\u00e7\u00e3o hist\u00f3rica, com debates intensos e expectativa de vit\u00f3ria por margem estreita.<\/li>\n<\/ul>\n","protected":false},"author":2,"featured_media":151408,"comment_status":"closed","ping_status":"closed","sticky":false,"template":"","format":"standard","meta":{"footnotes":""},"categories":[1,5],"tags":[370,68,3146,2832,1014,30],"class_list":["post-151407","post","type-post","status-publish","format-standard","has-post-thumbnail","hentry","category-noticias","category-politica","tag-cidadania","tag-eleicoes","tag-henrique-gouveia-e-melo","tag-politica","tag-portugal","tag-presidente"],"yoast_head":"<!-- This site is optimized with the Yoast SEO plugin v27.2 - https:\/\/yoast.com\/product\/yoast-seo-wordpress\/ -->\n<title>Almirante afirma que resultado da elei\u00e7\u00e3o n\u00e3o corresponde ao objetivo - Portal Tela Portugal<\/title>\n<meta name=\"robots\" content=\"index, follow, max-snippet:-1, max-image-preview:large, max-video-preview:-1\" \/>\n<meta property=\"og:locale\" content=\"pt_PT\" \/>\n<meta property=\"og:type\" content=\"article\" \/>\n<meta property=\"og:title\" content=\"Almirante afirma que resultado da elei\u00e7\u00e3o n\u00e3o corresponde ao objetivo - Portal Tela Portugal\" \/>\n<meta property=\"og:description\" content=\"O almirante Henrique Gouveia e Melo afirmou que os resultados das elei\u00e7\u00f5es presidenciais em Portugal n\u00e3o correspondem aos seus objetivos. Agradeceu aos candidatos que passaram \u00e0 segunda volta, sem declarar apoio a nenhum deles. Reiterou que n\u00e3o vai revelar o seu voto e que quer que os portugueses escolham com liberdade e responsabilidade. A segunda volta est\u00e1 marcada para 29 de janeiro, entre Marcelo Rebelo de Sousa e Ant\u00f3nio Costa. A elei\u00e7\u00e3o teve participa\u00e7\u00e3o hist\u00f3rica, com debates intensos e expectativa de vit\u00f3ria por margem estreita.\" \/>\n<meta property=\"og:url\" content=\"https:\/\/portaltela.pt\/noticias\/2026\/01\/18\/almirante-afirma-que-resultado-da-eleicao-nao-corresponde-ao-objetivo\/\" \/>\n<meta property=\"og:site_name\" content=\"Portal Tela Portugal\" \/>\n<meta property=\"article:published_time\" content=\"2026-01-18T22:49:00+00:00\" \/>\n<meta name=\"author\" content=\"Telinha\" \/>\n<meta name=\"twitter:card\" content=\"summary_large_image\" \/>\n<meta name=\"twitter:label1\" content=\"Escrito por\" \/>\n\t<meta name=\"twitter:data1\" content=\"Telinha\" \/>\n\t<meta name=\"twitter:label2\" content=\"Tempo estimado de leitura\" \/>\n\t<meta name=\"twitter:data2\" content=\"1 minuto\" \/>\n<script type=\"application\/ld+json\" class=\"yoast-schema-graph\">{\"@context\":\"https:\/\/schema.org\",\"@graph\":[{\"@type\":\"Article\",\"@id\":\"https:\/\/portaltela.pt\/noticias\/2026\/01\/18\/almirante-afirma-que-resultado-da-eleicao-nao-corresponde-ao-objetivo\/#article\",\"isPartOf\":{\"@id\":\"https:\/\/portaltela.pt\/noticias\/2026\/01\/18\/almirante-afirma-que-resultado-da-eleicao-nao-corresponde-ao-objetivo\/\"},\"author\":{\"name\":\"Telinha\",\"@id\":\"https:\/\/portaltela.pt\/#\/schema\/person\/c4278d4a6028830caff9ee44b42d32ed\"},\"headline\":\"Almirante afirma que resultado da elei\u00e7\u00e3o n\u00e3o corresponde ao objetivo\",\"datePublished\":\"2026-01-18T22:49:00+00:00\",\"mainEntityOfPage\":{\"@id\":\"https:\/\/portaltela.pt\/noticias\/2026\/01\/18\/almirante-afirma-que-resultado-da-eleicao-nao-corresponde-ao-objetivo\/\"},\"wordCount\":239,\"image\":{\"@id\":\"https:\/\/portaltela.pt\/noticias\/2026\/01\/18\/almirante-afirma-que-resultado-da-eleicao-nao-corresponde-ao-objetivo\/#primaryimage\"},\"thumbnailUrl\":\"https:\/\/portaltela.pt\/s.01k8rhncp4jt1\/2026\/01\/770-podcast-especiais-radio-observador-7.jpg\",\"keywords\":[\"cidadania\",\"elei\u00e7\u00f5es\",\"Henrique Gouveia e Melo\",\"pol\u00edtica\",\"Portugal\",\"presidente\"],\"articleSection\":[\"Not\u00edcias\",\"Pol\u00edtica\"],\"inLanguage\":\"pt-PT\"},{\"@type\":\"WebPage\",\"@id\":\"https:\/\/portaltela.pt\/noticias\/2026\/01\/18\/almirante-afirma-que-resultado-da-eleicao-nao-corresponde-ao-objetivo\/\",\"url\":\"https:\/\/portaltela.pt\/noticias\/2026\/01\/18\/almirante-afirma-que-resultado-da-eleicao-nao-corresponde-ao-objetivo\/\",\"name\":\"Almirante afirma que resultado da elei\u00e7\u00e3o n\u00e3o corresponde ao objetivo - Portal Tela Portugal\",\"isPartOf\":{\"@id\":\"https:\/\/portaltela.pt\/#website\"},\"primaryImageOfPage\":{\"@id\":\"https:\/\/portaltela.pt\/noticias\/2026\/01\/18\/almirante-afirma-que-resultado-da-eleicao-nao-corresponde-ao-objetivo\/#primaryimage\"},\"image\":{\"@id\":\"https:\/\/portaltela.pt\/noticias\/2026\/01\/18\/almirante-afirma-que-resultado-da-eleicao-nao-corresponde-ao-objetivo\/#primaryimage\"},\"thumbnailUrl\":\"https:\/\/portaltela.pt\/s.01k8rhncp4jt1\/2026\/01\/770-podcast-especiais-radio-observador-7.jpg\",\"datePublished\":\"2026-01-18T22:49:00+00:00\",\"author\":{\"@id\":\"https:\/\/portaltela.pt\/#\/schema\/person\/c4278d4a6028830caff9ee44b42d32ed\"},\"breadcrumb\":{\"@id\":\"https:\/\/portaltela.pt\/noticias\/2026\/01\/18\/almirante-afirma-que-resultado-da-eleicao-nao-corresponde-ao-objetivo\/#breadcrumb\"},\"inLanguage\":\"pt-PT\",\"potentialAction\":[{\"@type\":\"ReadAction\",\"target\":[\"https:\/\/portaltela.pt\/noticias\/2026\/01\/18\/almirante-afirma-que-resultado-da-eleicao-nao-corresponde-ao-objetivo\/\"]}]},{\"@type\":\"ImageObject\",\"inLanguage\":\"pt-PT\",\"@id\":\"https:\/\/portaltela.pt\/noticias\/2026\/01\/18\/almirante-afirma-que-resultado-da-eleicao-nao-corresponde-ao-objetivo\/#primaryimage\",\"url\":\"https:\/\/portaltela.pt\/s.01k8rhncp4jt1\/2026\/01\/770-podcast-especiais-radio-observador-7.jpg\",\"contentUrl\":\"https:\/\/portaltela.pt\/s.01k8rhncp4jt1\/2026\/01\/770-podcast-especiais-radio-observador-7.jpg\",\"width\":796,\"height\":448,\"caption\":\"Photo\"},{\"@type\":\"BreadcrumbList\",\"@id\":\"https:\/\/portaltela.pt\/noticias\/2026\/01\/18\/almirante-afirma-que-resultado-da-eleicao-nao-corresponde-ao-objetivo\/#breadcrumb\",\"itemListElement\":[{\"@type\":\"ListItem\",\"position\":1,\"name\":\"In\u00edcio\",\"item\":\"https:\/\/portaltela.pt\/\"},{\"@type\":\"ListItem\",\"position\":2,\"name\":\"Almirante afirma que resultado da elei\u00e7\u00e3o n\u00e3o corresponde ao objetivo\"}]},{\"@type\":\"WebSite\",\"@id\":\"https:\/\/portaltela.pt\/#website\",\"url\":\"https:\/\/portaltela.pt\/\",\"name\":\"Portal Tela Portugal\",\"description\":\"\",\"potentialAction\":[{\"@type\":\"SearchAction\",\"target\":{\"@type\":\"EntryPoint\",\"urlTemplate\":\"https:\/\/portaltela.pt\/?s={search_term_string}\"},\"query-input\":{\"@type\":\"PropertyValueSpecification\",\"valueRequired\":true,\"valueName\":\"search_term_string\"}}],\"inLanguage\":\"pt-PT\"},{\"@type\":\"Person\",\"@id\":\"https:\/\/portaltela.pt\/#\/schema\/person\/c4278d4a6028830caff9ee44b42d32ed\",\"name\":\"Telinha\",\"image\":{\"@type\":\"ImageObject\",\"inLanguage\":\"pt-PT\",\"@id\":\"https:\/\/portaltela.pt\/s.01k8rhncp4jt1\/2025\/11\/talking-bot-125x125.png\",\"url\":\"https:\/\/portaltela.pt\/s.01k8rhncp4jt1\/2025\/11\/talking-bot-125x125.png\",\"contentUrl\":\"https:\/\/portaltela.pt\/s.01k8rhncp4jt1\/2025\/11\/talking-bot-125x125.png\",\"caption\":\"Telinha\"},\"sameAs\":[\"https:\/\/portaltela.pt\/\"],\"url\":\"https:\/\/portaltela.pt\/por\/367410592786\/\"}]}<\/script>\n<!-- \/ Yoast SEO plugin. -->","yoast_head_json":{"title":"Almirante afirma que resultado da elei\u00e7\u00e3o n\u00e3o corresponde ao objetivo - Portal Tela Portugal","robots":{"index":"index","follow":"follow","max-snippet":"max-snippet:-1","max-image-preview":"max-image-preview:large","max-video-preview":"max-video-preview:-1"},"og_locale":"pt_PT","og_type":"article","og_title":"Almirante afirma que resultado da elei\u00e7\u00e3o n\u00e3o corresponde ao objetivo - Portal Tela Portugal","og_description":"O almirante Henrique Gouveia e Melo afirmou que os resultados das elei\u00e7\u00f5es presidenciais em Portugal n\u00e3o correspondem aos seus objetivos. Agradeceu aos candidatos que passaram \u00e0 segunda volta, sem declarar apoio a nenhum deles. Reiterou que n\u00e3o vai revelar o seu voto e que quer que os portugueses escolham com liberdade e responsabilidade. A segunda volta est\u00e1 marcada para 29 de janeiro, entre Marcelo Rebelo de Sousa e Ant\u00f3nio Costa. A elei\u00e7\u00e3o teve participa\u00e7\u00e3o hist\u00f3rica, com debates intensos e expectativa de vit\u00f3ria por margem estreita.","og_url":"https:\/\/portaltela.pt\/noticias\/2026\/01\/18\/almirante-afirma-que-resultado-da-eleicao-nao-corresponde-ao-objetivo\/","og_site_name":"Portal Tela Portugal","article_published_time":"2026-01-18T22:49:00+00:00","author":"Telinha","twitter_card":"summary_large_image","twitter_misc":{"Escrito por":"Telinha","Tempo estimado de leitura":"1 minuto"},"schema":{"@context":"https:\/\/schema.org","@graph":[{"@type":"Article","@id":"https:\/\/portaltela.pt\/noticias\/2026\/01\/18\/almirante-afirma-que-resultado-da-eleicao-nao-corresponde-ao-objetivo\/#article","isPartOf":{"@id":"https:\/\/portaltela.pt\/noticias\/2026\/01\/18\/almirante-afirma-que-resultado-da-eleicao-nao-corresponde-ao-objetivo\/"},"author":{"name":"Telinha","@id":"https:\/\/portaltela.pt\/#\/schema\/person\/c4278d4a6028830caff9ee44b42d32ed"},"headline":"Almirante afirma que resultado da elei\u00e7\u00e3o n\u00e3o corresponde ao objetivo","datePublished":"2026-01-18T22:49:00+00:00","mainEntityOfPage":{"@id":"https:\/\/portaltela.pt\/noticias\/2026\/01\/18\/almirante-afirma-que-resultado-da-eleicao-nao-corresponde-ao-objetivo\/"},"wordCount":239,"image":{"@id":"https:\/\/portaltela.pt\/noticias\/2026\/01\/18\/almirante-afirma-que-resultado-da-eleicao-nao-corresponde-ao-objetivo\/#primaryimage"},"thumbnailUrl":"https:\/\/portaltela.pt\/s.01k8rhncp4jt1\/2026\/01\/770-podcast-especiais-radio-observador-7.jpg","keywords":["cidadania","elei\u00e7\u00f5es","Henrique Gouveia e Melo","pol\u00edtica","Portugal","presidente"],"articleSection":["Not\u00edcias","Pol\u00edtica"],"inLanguage":"pt-PT"},{"@type":"WebPage","@id":"https:\/\/portaltela.pt\/noticias\/2026\/01\/18\/almirante-afirma-que-resultado-da-eleicao-nao-corresponde-ao-objetivo\/","url":"https:\/\/portaltela.pt\/noticias\/2026\/01\/18\/almirante-afirma-que-resultado-da-eleicao-nao-corresponde-ao-objetivo\/","name":"Almirante afirma que resultado da elei\u00e7\u00e3o n\u00e3o corresponde ao objetivo - Portal Tela Portugal","isPartOf":{"@id":"https:\/\/portaltela.pt\/#website"},"primaryImageOfPage":{"@id":"https:\/\/portaltela.pt\/noticias\/2026\/01\/18\/almirante-afirma-que-resultado-da-eleicao-nao-corresponde-ao-objetivo\/#primaryimage"},"image":{"@id":"https:\/\/portaltela.pt\/noticias\/2026\/01\/18\/almirante-afirma-que-resultado-da-eleicao-nao-corresponde-ao-objetivo\/#primaryimage"},"thumbnailUrl":"https:\/\/portaltela.pt\/s.01k8rhncp4jt1\/2026\/01\/770-podcast-especiais-radio-observador-7.jpg","datePublished":"2026-01-18T22:49:00+00:00","author":{"@id":"https:\/\/portaltela.pt\/#\/schema\/person\/c4278d4a6028830caff9ee44b42d32ed"},"breadcrumb":{"@id":"https:\/\/portaltela.pt\/noticias\/2026\/01\/18\/almirante-afirma-que-resultado-da-eleicao-nao-corresponde-ao-objetivo\/#breadcrumb"},"inLanguage":"pt-PT","potentialAction":[{"@type":"ReadAction","target":["https:\/\/portaltela.pt\/noticias\/2026\/01\/18\/almirante-afirma-que-resultado-da-eleicao-nao-corresponde-ao-objetivo\/"]}]},{"@type":"ImageObject","inLanguage":"pt-PT","@id":"https:\/\/portaltela.pt\/noticias\/2026\/01\/18\/almirante-afirma-que-resultado-da-eleicao-nao-corresponde-ao-objetivo\/#primaryimage","url":"https:\/\/portaltela.pt\/s.01k8rhncp4jt1\/2026\/01\/770-podcast-especiais-radio-observador-7.jpg","contentUrl":"https:\/\/portaltela.pt\/s.01k8rhncp4jt1\/2026\/01\/770-podcast-especiais-radio-observador-7.jpg","width":796,"height":448,"caption":"Photo"},{"@type":"BreadcrumbList","@id":"https:\/\/portaltela.pt\/noticias\/2026\/01\/18\/almirante-afirma-que-resultado-da-eleicao-nao-corresponde-ao-objetivo\/#breadcrumb","itemListElement":[{"@type":"ListItem","position":1,"name":"In\u00edcio","item":"https:\/\/portaltela.pt\/"},{"@type":"ListItem","position":2,"name":"Almirante afirma que resultado da elei\u00e7\u00e3o n\u00e3o corresponde ao objetivo"}]},{"@type":"WebSite","@id":"https:\/\/portaltela.pt\/#website","url":"https:\/\/portaltela.pt\/","name":"Portal Tela Portugal","description":"","potentialAction":[{"@type":"SearchAction","target":{"@type":"EntryPoint","urlTemplate":"https:\/\/portaltela.pt\/?s={search_term_string}"},"query-input":{"@type":"PropertyValueSpecification","valueRequired":true,"valueName":"search_term_string"}}],"inLanguage":"pt-PT"},{"@type":"Person","@id":"https:\/\/portaltela.pt\/#\/schema\/person\/c4278d4a6028830caff9ee44b42d32ed","name":"Telinha","image":{"@type":"ImageObject","inLanguage":"pt-PT","@id":"https:\/\/portaltela.pt\/s.01k8rhncp4jt1\/2025\/11\/talking-bot-125x125.png","url":"https:\/\/portaltela.pt\/s.01k8rhncp4jt1\/2025\/11\/talking-bot-125x125.png","contentUrl":"https:\/\/portaltela.pt\/s.01k8rhncp4jt1\/2025\/11\/talking-bot-125x125.png","caption":"Telinha"},"sameAs":["https:\/\/portaltela.pt\/"],"url":"https:\/\/portaltela.pt\/por\/367410592786\/"}]}},"_links":{"self":[{"href":"https:\/\/portaltela.pt\/api\/wp\/v2\/posts\/151407","targetHints":{"allow":["GET"]}}],"collection":[{"href":"https:\/\/portaltela.pt\/api\/wp\/v2\/posts"}],"about":[{"href":"https:\/\/portaltela.pt\/api\/wp\/v2\/types\/post"}],"author":[{"embeddable":true,"href":"https:\/\/portaltela.pt\/api\/wp\/v2\/users\/2"}],"replies":[{"embeddable":true,"href":"https:\/\/portaltela.pt\/api\/wp\/v2\/comments?post=151407"}],"version-history":[{"count":0,"href":"https:\/\/portaltela.pt\/api\/wp\/v2\/posts\/151407\/revisions"}],"wp:featuredmedia":[{"embeddable":true,"href":"https:\/\/portaltela.pt\/api\/wp\/v2\/media\/151408"}],"wp:attachment":[{"href":"https:\/\/portaltela.pt\/api\/wp\/v2\/media?parent=151407"}],"wp:term":[{"taxonomy":"category","embeddable":true,"href":"https:\/\/portaltela.pt\/api\/wp\/v2\/categories?post=151407"},{"taxonomy":"post_tag","embeddable":true,"href":"https:\/\/portaltela.pt\/api\/wp\/v2\/tags?post=151407"}],"curies":[{"name":"wp","href":"https:\/\/api.w.org\/{rel}","templated":true}]}}