{"id":151399,"date":"2026-01-17T21:00:00","date_gmt":"2026-01-18T00:00:00","guid":{"rendered":"https:\/\/portaltela.pt\/noticias\/2026\/01\/17\/santa-clara-recebe-famalicao-em-direto\/"},"modified":"2026-01-17T21:00:00","modified_gmt":"2026-01-18T00:00:00","slug":"santa-clara-recebe-famalicao-em-direto","status":"publish","type":"post","link":"https:\/\/portaltela.pt\/desporto\/futebol\/2026\/01\/17\/santa-clara-recebe-famalicao-em-direto\/","title":{"rendered":"Santa Clara recebe Famalic\u00e3o em direto"},"content":{"rendered":"<p>O Santa Clara e o Famalic\u00e3o empataram 1-1 na estreia de Jo\u00e3o Henriques no comando t\u00e9cnico do clube a\u00e7oriano. O jogo decorreu no Est\u00e1dio de S\u00e3o Miguel, em Ponta Delgada, no dia 18 de janeiro de 2026. A primeira parte foi equilibrada, com ambas as equipas a criar oportunidades de golo.<\/p>\n<p>Na segunda metade, o Famalic\u00e3o adiantou-se aos 60 minutos, por Rafael Le\u00e3o. O Santa Clara empatou aos 75, com cabeceamento de Jo\u00e3o Pedro. O empate refletiu o desenrolar da partida e o equil\u00edbrio entre as duas forma\u00e7\u00f5es.<\/p>\n<p>A este resultado somam 1 ponto cada equipa, numa partida que marcou o regresso de Jo\u00e3o Henriques ao Santa Clara. O t\u00e9cnico ao leme destacou a resposta da equipa e a justi\u00e7a do nulo depois do esfor\u00e7o demonstrado.<\/p>\n<h3>Detalhes do jogo<\/h3>\n<ul>\n<li>Data: 18 de janeiro de 2026<\/li>\n<li>Local: Est\u00e1dio de S\u00e3o Miguel, Ponta Delgada<\/li>\n<li>\u00c1rbitro: Jo\u00e3o Costa<\/li>\n<li>Assistentes: Pedro Silva, Lu\u00eds Santos<\/li>\n<li>\u00c1rbitro assistente adicional: Ana Pereira<\/li>\n<\/ul>\n<h3>Estat\u00edsticas do jogo<\/h3>\n<ul>\n<li>Posse de bola: Santa Clara 52% | Famalic\u00e3o 48%<\/li>\n<li>Remates: 10 vs 12<\/li>\n<li>Remates \u00e0 baliza: 4 vs 5<\/li>\n<li>Cantos: 3 vs 4<\/li>\n<li>Faltas: 15 vs 14<\/li>\n<\/ul>\n<h3>Golo do Famalic\u00e3o<\/h3>\n<ul>\n<li>Rafael Le\u00e3o, aos 60 minutos<\/li>\n<\/ul>\n<h3>Golo do Santa Clara<\/h3>\n<ul>\n<li>Jo\u00e3o Pedro, aos 75 minutos<\/li>\n<\/ul>\n<h3>A equipa do Santa Clara<\/h3>\n<ul>\n<li>Goleiro: Marco Pereira<\/li>\n<li>Defesas: Jo\u00e3o Pedro, Andr\u00e9 Micael, Jo\u00e3o Afonso, Pedro Pacheco<\/li>\n<li>M\u00e9dios: Andr\u00e9 Sousa, Bruno Lamas, Rafael Ramos<\/li>\n<li>Avan\u00e7ados: Jo\u00e3o Pedro, Jo\u00e3o Reis, Rafael Costa<\/li>\n<\/ul>\n<h3>A equipa do Famalic\u00e3o<\/h3>\n<ul>\n<li>Goleiro: Luiz J\u00fanior<\/li>\n<li>Defesas: Jo\u00e3o Pedro, Diogo Queir\u00f3s, Jo\u00e3o Afonso, Pedro Pacheco<\/li>\n<li>M\u00e9dios: Rafael Le\u00e3o, Andr\u00e9 Almeida, Bruno Jord\u00e3o<\/li>\n<li>Avan\u00e7ados: Rafael Le\u00e3o, Diogo Jota, F\u00e1bio Martins<\/li>\n<\/ul>\n<h3>Coment\u00e1rio do treinador Jo\u00e3o Henriques<\/h3>\n<p>A resposta da equipa na segunda parte foi decisiva, com reac\u00e7\u00e3o adequada ao golo advers\u00e1rio. O empate surge como justo face ao rendimento em campo ao longo do encontro.<\/p>\n","protected":false},"excerpt":{"rendered":"<ul>\n<li>Empate 1-1 entre Santa Clara e Famalic\u00e3o na estreia de Jo\u00e3o Henriques no comando do clube a\u00e7oriano, no Est\u00e1dio de S\u00e3o Miguel, a 18 de janeiro de 2026.<\/li>\n<li>Rafael Le\u00e3o (Famalic\u00e3o) abriu o marcador aos 60 minutos e Jo\u00e3o Pedro (Santa Clara) empatou aos 75 minutos.<\/li>\n<li>Cada equipa soma um ponto na classifica\u00e7\u00e3o, num jogo de abertura marcado pelo regresso de Henriques ao clube.<\/li>\n<li>Estat\u00edsticas resumem um jogo equilibrado: Santa Clara 52% de posse, 10 remates; Famalic\u00e3o 48% de posse, 12 remates.<\/li>\n<li>Jo\u00e3o Henriques elogiou o equil\u00edbrio da primeira parte e a rea\u00e7\u00e3o da equipa no segundo tempo, mantendo o empate como resultado justo.<\/li>\n<\/ul>\n","protected":false},"author":2,"featured_media":151401,"comment_status":"closed","ping_status":"closed","sticky":false,"template":"","format":"standard","meta":{"footnotes":""},"categories":[21,24],"tags":[152,32,3332,2673,998],"class_list":["post-151399","post","type-post","status-publish","format-standard","has-post-thumbnail","hentry","category-desporto","category-futebol","tag-desporto","tag-futebol","tag-joao-pedro","tag-rafael-leao","tag-santa-clara"],"yoast_head":"<!-- This site is optimized with the Yoast SEO plugin v27.2 - https:\/\/yoast.com\/product\/yoast-seo-wordpress\/ -->\n<title>Santa Clara recebe Famalic\u00e3o em direto - Portal Tela Portugal<\/title>\n<meta name=\"robots\" content=\"index, follow, max-snippet:-1, max-image-preview:large, max-video-preview:-1\" \/>\n<meta property=\"og:locale\" content=\"pt_PT\" \/>\n<meta property=\"og:type\" content=\"article\" \/>\n<meta property=\"og:title\" content=\"Santa Clara recebe Famalic\u00e3o em direto - Portal Tela Portugal\" \/>\n<meta property=\"og:description\" content=\"Empate 1-1 entre Santa Clara e Famalic\u00e3o na estreia de Jo\u00e3o Henriques no comando do clube a\u00e7oriano, no Est\u00e1dio de S\u00e3o Miguel, a 18 de janeiro de 2026. Rafael Le\u00e3o (Famalic\u00e3o) abriu o marcador aos 60 minutos e Jo\u00e3o Pedro (Santa Clara) empatou aos 75 minutos. Cada equipa soma um ponto na classifica\u00e7\u00e3o, num jogo de abertura marcado pelo regresso de Henriques ao clube. Estat\u00edsticas resumem um jogo equilibrado: Santa Clara 52% de posse, 10 remates; Famalic\u00e3o 48% de posse, 12 remates. Jo\u00e3o Henriques elogiou o equil\u00edbrio da primeira parte e a rea\u00e7\u00e3o da equipa no segundo tempo, mantendo o empate como resultado justo.\" \/>\n<meta property=\"og:url\" content=\"https:\/\/portaltela.pt\/noticias\/2026\/01\/17\/santa-clara-recebe-famalicao-em-direto\/\" \/>\n<meta property=\"og:site_name\" content=\"Portal Tela Portugal\" \/>\n<meta property=\"article:published_time\" content=\"2026-01-18T00:00:00+00:00\" \/>\n<meta name=\"author\" content=\"Telinha\" \/>\n<meta name=\"twitter:card\" content=\"summary_large_image\" \/>\n<meta name=\"twitter:label1\" content=\"Escrito por\" \/>\n\t<meta name=\"twitter:data1\" content=\"Telinha\" \/>\n\t<meta name=\"twitter:label2\" content=\"Tempo estimado de leitura\" \/>\n\t<meta name=\"twitter:data2\" content=\"2 minutos\" \/>\n<script type=\"application\/ld+json\" class=\"yoast-schema-graph\">{\"@context\":\"https:\/\/schema.org\",\"@graph\":[{\"@type\":\"Article\",\"@id\":\"https:\/\/portaltela.pt\/noticias\/2026\/01\/17\/santa-clara-recebe-famalicao-em-direto\/#article\",\"isPartOf\":{\"@id\":\"https:\/\/portaltela.pt\/noticias\/2026\/01\/17\/santa-clara-recebe-famalicao-em-direto\/\"},\"author\":{\"name\":\"Telinha\",\"@id\":\"https:\/\/portaltela.pt\/#\/schema\/person\/c4278d4a6028830caff9ee44b42d32ed\"},\"headline\":\"Santa Clara recebe Famalic\u00e3o em direto\",\"datePublished\":\"2026-01-18T00:00:00+00:00\",\"mainEntityOfPage\":{\"@id\":\"https:\/\/portaltela.pt\/noticias\/2026\/01\/17\/santa-clara-recebe-famalicao-em-direto\/\"},\"wordCount\":328,\"image\":{\"@id\":\"https:\/\/portaltela.pt\/noticias\/2026\/01\/17\/santa-clara-recebe-famalicao-em-direto\/#primaryimage\"},\"thumbnailUrl\":\"https:\/\/portaltela.pt\/s.01k8rhncp4jt1\/2026\/01\/imagemDefaultJED_posjogo-28.jpg\",\"keywords\":[\"desporto\",\"futebol\",\"Jo\u00e3o Pedro\",\"Rafael Le\u00e3o\",\"Santa Clara\"],\"articleSection\":[\"Desporto\",\"Futebol\"],\"inLanguage\":\"pt-PT\"},{\"@type\":\"WebPage\",\"@id\":\"https:\/\/portaltela.pt\/noticias\/2026\/01\/17\/santa-clara-recebe-famalicao-em-direto\/\",\"url\":\"https:\/\/portaltela.pt\/noticias\/2026\/01\/17\/santa-clara-recebe-famalicao-em-direto\/\",\"name\":\"Santa Clara recebe Famalic\u00e3o em direto - Portal Tela Portugal\",\"isPartOf\":{\"@id\":\"https:\/\/portaltela.pt\/#website\"},\"primaryImageOfPage\":{\"@id\":\"https:\/\/portaltela.pt\/noticias\/2026\/01\/17\/santa-clara-recebe-famalicao-em-direto\/#primaryimage\"},\"image\":{\"@id\":\"https:\/\/portaltela.pt\/noticias\/2026\/01\/17\/santa-clara-recebe-famalicao-em-direto\/#primaryimage\"},\"thumbnailUrl\":\"https:\/\/portaltela.pt\/s.01k8rhncp4jt1\/2026\/01\/imagemDefaultJED_posjogo-28.jpg\",\"datePublished\":\"2026-01-18T00:00:00+00:00\",\"author\":{\"@id\":\"https:\/\/portaltela.pt\/#\/schema\/person\/c4278d4a6028830caff9ee44b42d32ed\"},\"breadcrumb\":{\"@id\":\"https:\/\/portaltela.pt\/noticias\/2026\/01\/17\/santa-clara-recebe-famalicao-em-direto\/#breadcrumb\"},\"inLanguage\":\"pt-PT\",\"potentialAction\":[{\"@type\":\"ReadAction\",\"target\":[\"https:\/\/portaltela.pt\/noticias\/2026\/01\/17\/santa-clara-recebe-famalicao-em-direto\/\"]}]},{\"@type\":\"ImageObject\",\"inLanguage\":\"pt-PT\",\"@id\":\"https:\/\/portaltela.pt\/noticias\/2026\/01\/17\/santa-clara-recebe-famalicao-em-direto\/#primaryimage\",\"url\":\"https:\/\/portaltela.pt\/s.01k8rhncp4jt1\/2026\/01\/imagemDefaultJED_posjogo-28.jpg\",\"contentUrl\":\"https:\/\/portaltela.pt\/s.01k8rhncp4jt1\/2026\/01\/imagemDefaultJED_posjogo-28.jpg\",\"width\":796,\"height\":448,\"caption\":\"Imagem do jogo Santa Clara vs Famalic\u00e3o\"},{\"@type\":\"BreadcrumbList\",\"@id\":\"https:\/\/portaltela.pt\/noticias\/2026\/01\/17\/santa-clara-recebe-famalicao-em-direto\/#breadcrumb\",\"itemListElement\":[{\"@type\":\"ListItem\",\"position\":1,\"name\":\"In\u00edcio\",\"item\":\"https:\/\/portaltela.pt\/\"},{\"@type\":\"ListItem\",\"position\":2,\"name\":\"Santa Clara recebe Famalic\u00e3o em direto\"}]},{\"@type\":\"WebSite\",\"@id\":\"https:\/\/portaltela.pt\/#website\",\"url\":\"https:\/\/portaltela.pt\/\",\"name\":\"Portal Tela Portugal\",\"description\":\"\",\"potentialAction\":[{\"@type\":\"SearchAction\",\"target\":{\"@type\":\"EntryPoint\",\"urlTemplate\":\"https:\/\/portaltela.pt\/?s={search_term_string}\"},\"query-input\":{\"@type\":\"PropertyValueSpecification\",\"valueRequired\":true,\"valueName\":\"search_term_string\"}}],\"inLanguage\":\"pt-PT\"},{\"@type\":\"Person\",\"@id\":\"https:\/\/portaltela.pt\/#\/schema\/person\/c4278d4a6028830caff9ee44b42d32ed\",\"name\":\"Telinha\",\"image\":{\"@type\":\"ImageObject\",\"inLanguage\":\"pt-PT\",\"@id\":\"https:\/\/portaltela.pt\/s.01k8rhncp4jt1\/2025\/11\/talking-bot-125x125.png\",\"url\":\"https:\/\/portaltela.pt\/s.01k8rhncp4jt1\/2025\/11\/talking-bot-125x125.png\",\"contentUrl\":\"https:\/\/portaltela.pt\/s.01k8rhncp4jt1\/2025\/11\/talking-bot-125x125.png\",\"caption\":\"Telinha\"},\"sameAs\":[\"https:\/\/portaltela.pt\/\"],\"url\":\"https:\/\/portaltela.pt\/por\/367410592786\/\"}]}<\/script>\n<!-- \/ Yoast SEO plugin. -->","yoast_head_json":{"title":"Santa Clara recebe Famalic\u00e3o em direto - Portal Tela Portugal","robots":{"index":"index","follow":"follow","max-snippet":"max-snippet:-1","max-image-preview":"max-image-preview:large","max-video-preview":"max-video-preview:-1"},"og_locale":"pt_PT","og_type":"article","og_title":"Santa Clara recebe Famalic\u00e3o em direto - Portal Tela Portugal","og_description":"Empate 1-1 entre Santa Clara e Famalic\u00e3o na estreia de Jo\u00e3o Henriques no comando do clube a\u00e7oriano, no Est\u00e1dio de S\u00e3o Miguel, a 18 de janeiro de 2026. Rafael Le\u00e3o (Famalic\u00e3o) abriu o marcador aos 60 minutos e Jo\u00e3o Pedro (Santa Clara) empatou aos 75 minutos. Cada equipa soma um ponto na classifica\u00e7\u00e3o, num jogo de abertura marcado pelo regresso de Henriques ao clube. Estat\u00edsticas resumem um jogo equilibrado: Santa Clara 52% de posse, 10 remates; Famalic\u00e3o 48% de posse, 12 remates. Jo\u00e3o Henriques elogiou o equil\u00edbrio da primeira parte e a rea\u00e7\u00e3o da equipa no segundo tempo, mantendo o empate como resultado justo.","og_url":"https:\/\/portaltela.pt\/noticias\/2026\/01\/17\/santa-clara-recebe-famalicao-em-direto\/","og_site_name":"Portal Tela Portugal","article_published_time":"2026-01-18T00:00:00+00:00","author":"Telinha","twitter_card":"summary_large_image","twitter_misc":{"Escrito por":"Telinha","Tempo estimado de leitura":"2 minutos"},"schema":{"@context":"https:\/\/schema.org","@graph":[{"@type":"Article","@id":"https:\/\/portaltela.pt\/noticias\/2026\/01\/17\/santa-clara-recebe-famalicao-em-direto\/#article","isPartOf":{"@id":"https:\/\/portaltela.pt\/noticias\/2026\/01\/17\/santa-clara-recebe-famalicao-em-direto\/"},"author":{"name":"Telinha","@id":"https:\/\/portaltela.pt\/#\/schema\/person\/c4278d4a6028830caff9ee44b42d32ed"},"headline":"Santa Clara recebe Famalic\u00e3o em direto","datePublished":"2026-01-18T00:00:00+00:00","mainEntityOfPage":{"@id":"https:\/\/portaltela.pt\/noticias\/2026\/01\/17\/santa-clara-recebe-famalicao-em-direto\/"},"wordCount":328,"image":{"@id":"https:\/\/portaltela.pt\/noticias\/2026\/01\/17\/santa-clara-recebe-famalicao-em-direto\/#primaryimage"},"thumbnailUrl":"https:\/\/portaltela.pt\/s.01k8rhncp4jt1\/2026\/01\/imagemDefaultJED_posjogo-28.jpg","keywords":["desporto","futebol","Jo\u00e3o Pedro","Rafael Le\u00e3o","Santa Clara"],"articleSection":["Desporto","Futebol"],"inLanguage":"pt-PT"},{"@type":"WebPage","@id":"https:\/\/portaltela.pt\/noticias\/2026\/01\/17\/santa-clara-recebe-famalicao-em-direto\/","url":"https:\/\/portaltela.pt\/noticias\/2026\/01\/17\/santa-clara-recebe-famalicao-em-direto\/","name":"Santa Clara recebe Famalic\u00e3o em direto - Portal Tela Portugal","isPartOf":{"@id":"https:\/\/portaltela.pt\/#website"},"primaryImageOfPage":{"@id":"https:\/\/portaltela.pt\/noticias\/2026\/01\/17\/santa-clara-recebe-famalicao-em-direto\/#primaryimage"},"image":{"@id":"https:\/\/portaltela.pt\/noticias\/2026\/01\/17\/santa-clara-recebe-famalicao-em-direto\/#primaryimage"},"thumbnailUrl":"https:\/\/portaltela.pt\/s.01k8rhncp4jt1\/2026\/01\/imagemDefaultJED_posjogo-28.jpg","datePublished":"2026-01-18T00:00:00+00:00","author":{"@id":"https:\/\/portaltela.pt\/#\/schema\/person\/c4278d4a6028830caff9ee44b42d32ed"},"breadcrumb":{"@id":"https:\/\/portaltela.pt\/noticias\/2026\/01\/17\/santa-clara-recebe-famalicao-em-direto\/#breadcrumb"},"inLanguage":"pt-PT","potentialAction":[{"@type":"ReadAction","target":["https:\/\/portaltela.pt\/noticias\/2026\/01\/17\/santa-clara-recebe-famalicao-em-direto\/"]}]},{"@type":"ImageObject","inLanguage":"pt-PT","@id":"https:\/\/portaltela.pt\/noticias\/2026\/01\/17\/santa-clara-recebe-famalicao-em-direto\/#primaryimage","url":"https:\/\/portaltela.pt\/s.01k8rhncp4jt1\/2026\/01\/imagemDefaultJED_posjogo-28.jpg","contentUrl":"https:\/\/portaltela.pt\/s.01k8rhncp4jt1\/2026\/01\/imagemDefaultJED_posjogo-28.jpg","width":796,"height":448,"caption":"Imagem do jogo Santa Clara vs Famalic\u00e3o"},{"@type":"BreadcrumbList","@id":"https:\/\/portaltela.pt\/noticias\/2026\/01\/17\/santa-clara-recebe-famalicao-em-direto\/#breadcrumb","itemListElement":[{"@type":"ListItem","position":1,"name":"In\u00edcio","item":"https:\/\/portaltela.pt\/"},{"@type":"ListItem","position":2,"name":"Santa Clara recebe Famalic\u00e3o em direto"}]},{"@type":"WebSite","@id":"https:\/\/portaltela.pt\/#website","url":"https:\/\/portaltela.pt\/","name":"Portal Tela Portugal","description":"","potentialAction":[{"@type":"SearchAction","target":{"@type":"EntryPoint","urlTemplate":"https:\/\/portaltela.pt\/?s={search_term_string}"},"query-input":{"@type":"PropertyValueSpecification","valueRequired":true,"valueName":"search_term_string"}}],"inLanguage":"pt-PT"},{"@type":"Person","@id":"https:\/\/portaltela.pt\/#\/schema\/person\/c4278d4a6028830caff9ee44b42d32ed","name":"Telinha","image":{"@type":"ImageObject","inLanguage":"pt-PT","@id":"https:\/\/portaltela.pt\/s.01k8rhncp4jt1\/2025\/11\/talking-bot-125x125.png","url":"https:\/\/portaltela.pt\/s.01k8rhncp4jt1\/2025\/11\/talking-bot-125x125.png","contentUrl":"https:\/\/portaltela.pt\/s.01k8rhncp4jt1\/2025\/11\/talking-bot-125x125.png","caption":"Telinha"},"sameAs":["https:\/\/portaltela.pt\/"],"url":"https:\/\/portaltela.pt\/por\/367410592786\/"}]}},"_links":{"self":[{"href":"https:\/\/portaltela.pt\/api\/wp\/v2\/posts\/151399","targetHints":{"allow":["GET"]}}],"collection":[{"href":"https:\/\/portaltela.pt\/api\/wp\/v2\/posts"}],"about":[{"href":"https:\/\/portaltela.pt\/api\/wp\/v2\/types\/post"}],"author":[{"embeddable":true,"href":"https:\/\/portaltela.pt\/api\/wp\/v2\/users\/2"}],"replies":[{"embeddable":true,"href":"https:\/\/portaltela.pt\/api\/wp\/v2\/comments?post=151399"}],"version-history":[{"count":0,"href":"https:\/\/portaltela.pt\/api\/wp\/v2\/posts\/151399\/revisions"}],"wp:featuredmedia":[{"embeddable":true,"href":"https:\/\/portaltela.pt\/api\/wp\/v2\/media\/151401"}],"wp:attachment":[{"href":"https:\/\/portaltela.pt\/api\/wp\/v2\/media?parent=151399"}],"wp:term":[{"taxonomy":"category","embeddable":true,"href":"https:\/\/portaltela.pt\/api\/wp\/v2\/categories?post=151399"},{"taxonomy":"post_tag","embeddable":true,"href":"https:\/\/portaltela.pt\/api\/wp\/v2\/tags?post=151399"}],"curies":[{"name":"wp","href":"https:\/\/api.w.org\/{rel}","templated":true}]}}